{"id":8858,"date":"2026-03-16T17:10:35","date_gmt":"2026-03-16T16:10:35","guid":{"rendered":"https:\/\/www.vocaeditorial.com\/blog\/?p=8858"},"modified":"2026-03-24T10:25:40","modified_gmt":"2026-03-24T09:25:40","slug":"el-plan-de-lectura-de-tu-centro-deberia-caber-en-una-pagina","status":"publish","type":"post","link":"https:\/\/www.vocaeditorial.com\/blog\/el-plan-de-lectura-de-tu-centro-deberia-caber-en-una-pagina\/","title":{"rendered":"El plan de lectura de tu centro deber\u00eda caber en una p\u00e1gina"},"content":{"rendered":"<p><span style=\"font-weight: 400;\">Un plan de lectura de centro tiene, de media, <\/span><b>entre 10 y 20 p\u00e1ginas.<\/b><span style=\"font-weight: 400;\"> Incluye marco normativo, justificaci\u00f3n pedag\u00f3gica, objetivos generales, objetivos espec\u00edficos, competencias clave relacionadas, metodolog\u00eda, temporalizaci\u00f3n, recursos, evaluaci\u00f3n, bibliograf\u00eda y anexos. Se redacta en septiembre, se entrega a la inspecci\u00f3n en octubre y <\/span><b>no se vuelve a abrir hasta junio,<\/b><span style=\"font-weight: 400;\"> cuando hay que rellenar la memoria.<\/span><\/p>\n<p><span style=\"font-weight: 400;\">Mientras tanto, en el aula, <\/span><b>el profesor de 4.\u00ba hace lo que puede con lo que tiene.<\/b><span style=\"font-weight: 400;\"> No ha le\u00eddo el plan. No sabe que existe un apartado de objetivos espec\u00edficos para su curso. Y si lo leyera, no sabr\u00eda qu\u00e9 hacer con \u00e9l el lunes a las 9:00.<\/span><\/p>\n\n<p>&nbsp;<\/p>\n<p><span style=\"font-weight: 400;\">Esto no es una exageraci\u00f3n. <\/span><b>Es el patr\u00f3n que se repite en la mayor\u00eda de centros espa\u00f1oles.<\/b><span style=\"font-weight: 400;\"> El plan de lectura cumple una funci\u00f3n administrativa (documentar ante la inspecci\u00f3n que el centro \u00abtrabaja la lectura\u00bb), pero no cumple la funci\u00f3n pedag\u00f3gica (que los alumnos lean mejor).<\/span><\/p>\n<p><b>La pregunta no es si tu centro tiene plan de lectura. La pregunta es: <\/b><\/p>\n<blockquote><p>\u00bfHa cambiado algo desde que lo tiene?<\/p>\n<p>&nbsp;<\/p><\/blockquote>\n<h2><span style=\"color: #ffa341;\"><b>El problema no es tener plan. Es tener el plan equivocado.<\/b><\/span><\/h2>\n<p><span style=\"font-weight: 400;\">Hay comunidades aut\u00f3nomas que obligan a todos los centros a tener un plan de lectura con estructura m\u00ednima. Castilla y Le\u00f3n lo hace desde 2014 (Orden EDU\/747\/2014). Andaluc\u00eda desde 2023 (Instrucciones de 21 de junio). En ambos casos, la norma exige diagn\u00f3stico, objetivos, actuaciones, responsables y evaluaci\u00f3n.<\/span><\/p>\n<p><span style=\"font-weight: 400;\">La diferencia entre un centro donde el plan funciona y otro donde no <\/span><b>rara vez es la norma. Es lo que pasa despu\u00e9s de escribirlo.<\/b><span style=\"font-weight: 400;\"> En Castilla y Le\u00f3n, el acceso a la financiaci\u00f3n de bibliotecas escolares est\u00e1 condicionado a la ejecuci\u00f3n real del plan. Si no lo ejecutas, no recibes fondos. <\/span><b>Eso convierte el documento en herramienta.<\/b><span style=\"font-weight: 400;\"> En Andaluc\u00eda, con una normativa igual de completa, no hay financiaci\u00f3n condicionada documentada. El plan se entrega, se archiva y la vida sigue. <\/span><\/p>\n<p><span style=\"font-weight: 400;\">Marzano (2001) sit\u00faa el efecto de establecer objetivos claros y dar retroalimentaci\u00f3n sobre ellos en una mejora media del 23 %. Pero solo si los objetivos se usan para tomar decisiones, no para rellenar formularios.<\/span><\/p>\n<p><b>La diferencia entre un plan que funciona y uno que no es una sola cosa: si alguien lo usa para decidir qu\u00e9 hacer la semana que viene.<\/b><\/p>\n<p>&nbsp;<\/p>\n<h2><span style=\"color: #ffa341;\"><b>Qu\u00e9 deber\u00eda tener un plan de lectura que funcione<\/b><\/span><\/h2>\n<p><span style=\"font-weight: 400;\">Si tuvieras que reducir tu plan de lectura a lo esencial, <\/span><b>necesitas responder cinco preguntas. Solo cinco.<\/b><\/p>\n<h3><\/h3>\n<h3><span style=\"color: #ffa341;\"><b>1. \u00bfCu\u00e1nto se lee?<\/b><\/span><\/h3>\n<p><span style=\"font-weight: 400;\">Tiempo semanal dedicado a lectura real (no fichas, no preguntas de localizaci\u00f3n: lectura). En minutos. Por curso. <\/span><b>Si no sabes cu\u00e1nto tiempo leen tus alumnos a la semana, no tienes plan; tienes intenci\u00f3n.<\/b><span style=\"font-weight: 400;\"> PIRLS 2021 muestra que los alumnos espa\u00f1oles que leen por placer a diario punt\u00faan significativamente por encima de los que nunca o casi nunca lo hacen. La diferencia equivale a <\/span><b>m\u00e1s de un curso escolar de ventaja.<\/b><\/p>\n<p>&nbsp;<\/p>\n<h3><span style=\"color: #ffa341;\"><b>2. \u00bfQu\u00e9 se lee?<\/b><\/span><\/h3>\n<p><span style=\"font-weight: 400;\">Tipos de texto por trimestre. No hace falta una lista de 40 libros. Hace falta decidir: \u00bfeste trimestre leemos narrativa o informativo? \u00bfTextos continuos o discontinuos? \u00bfEn papel o en pantalla? PISA eval\u00faa todos esos formatos. <\/span><b>Si tus alumnos solo leen narrativa, est\u00e1s entrenando para la mitad del examen.<\/b><\/p>\n<p>&nbsp;<\/p>\n<h3><span style=\"color: #ffa341;\"><b>3. \u00bfQui\u00e9n se asegura de que se hace?<\/b><\/span><\/h3>\n<p><span style=\"font-weight: 400;\">Nombre y apellidos. No \u00abel departamento de Lengua\u00bb ni \u00abel equipo de coordinaci\u00f3n pedag\u00f3gica\u00bb. Una persona que cada semana comprueba si se est\u00e1 leyendo lo acordado. <\/span><b>Sin responsable con nombre, el plan es de todos y no es de nadie.<\/b><\/p>\n<p>&nbsp;<\/p>\n<h3><span style=\"color: #ffa341;\"><b>4. \u00bfC\u00f3mo sabemos si funciona?<\/b><\/span><\/h3>\n<p><span style=\"font-weight: 400;\">Un indicador medible por trimestre. Puede ser el porcentaje de alumnos que alcanza el nivel intermedio en una prueba interna de comprensi\u00f3n, el n\u00famero de libros completados, la nota media en las preguntas de inferencia del examen de Lengua. <\/span><b>Lo que no puede ser es \u00abvaloraci\u00f3n cualitativa del equipo docente\u00bb,<\/b><span style=\"font-weight: 400;\"> que es la forma elegante de decir \u00abno medimos nada\u00bb. <\/span><\/p>\n<p><span style=\"font-weight: 400;\">Seg\u00fan el EEF (2025), las intervenciones que incluyen un ciclo de planificar, monitorizar y evaluar pueden a\u00f1adir hasta ocho meses de progreso. La clave no es el plan, sino el circuito: <\/span><b><span style=\"text-decoration: underline; color: #ffa341;\"><a style=\"color: #ffa341; text-decoration: underline;\" href=\"https:\/\/www.vocaeditorial.com\/blog\/una-pregunta-para-saber-si-tu-plan-de-lectura-funciona-que-ha-cambiado\/\">dato, acci\u00f3n, medici\u00f3n, ajuste<\/a><\/span>.<\/b><\/p>\n<p>&nbsp;<\/p>\n<h3><span style=\"color: #ffa341;\"><b>5. \u00bfQu\u00e9 papel juegan las familias?<\/b><\/span><\/h3>\n<p><span style=\"font-weight: 400;\">Una acci\u00f3n concreta por trimestre. No un p\u00e1rrafo sobre \u00abla importancia de la lectura en el hogar\u00bb. Una acci\u00f3n: \u00abEste trimestre, cada alumno lleva un libro a casa los viernes y lo devuelve el lunes con una frase escrita sobre lo que ha le\u00eddo\u00bb. Concreta, ejecutable, verificable. <\/span><\/p>\n<p><span style=\"font-weight: 400;\">Seg\u00fan PIRLS 2021, <\/span><b>los alumnos con m\u00e1s de 100 libros en el hogar punt\u00faan 40 puntos por encima de los que tienen menos de 10.<\/b><span style=\"font-weight: 400;\"> No es cuesti\u00f3n de dinero: es cuesti\u00f3n de presencia.<\/span><\/p>\n<p>&nbsp;<\/p>\n<h2><span style=\"color: #ffa341;\"><b>Por qu\u00e9 una p\u00e1gina<\/b><\/span><\/h2>\n<p><span style=\"font-weight: 400;\">Porque <\/span><b>lo que no cabe en una p\u00e1gina no llega al claustro.<\/b><span style=\"font-weight: 400;\"> Un plan de 15 p\u00e1ginas lo lee el coordinador y quiz\u00e1 el director. Un plan de una p\u00e1gina se imprime, se pega en la sala de profesores y se consulta. La extensi\u00f3n no es se\u00f1al de rigor. <\/span><b>Es se\u00f1al de que se ha escrito para la administraci\u00f3n, no para el aula.<\/b><\/p>\n<p><span style=\"font-weight: 400;\">Todo lo que sobre (marco normativo, justificaci\u00f3n legislativa, competencias clave vinculadas, bibliograf\u00eda) va en un anexo. <\/span><b>El anexo es para la inspecci\u00f3n. La p\u00e1gina es para el equipo.<\/b><\/p>\n<p>&nbsp;<\/p>\n<h2><span style=\"color: #ffa341;\"><b>Lo que no deber\u00eda tener<\/b><\/span><\/h2>\n<ul>\n<li style=\"font-weight: 400;\" aria-level=\"1\"><b>Justificaci\u00f3n de por qu\u00e9 la lectura es importante.<\/b><span style=\"font-weight: 400;\"> Si en 2026 hay que convencer a alguien de que leer importa, el problema no se resuelve con un p\u00e1rrafo.<\/span><\/li>\n<li style=\"font-weight: 400;\" aria-level=\"1\"><b>Listado de competencias clave vinculadas.<\/b><span style=\"font-weight: 400;\"> Eso es para el PEC, no para el plan operativo.<\/span><\/li>\n<li style=\"font-weight: 400;\" aria-level=\"1\"><b>Objetivos gen\u00e9ricos tipo \u00abfomentar el h\u00e1bito lector\u00bb.<\/b><span style=\"font-weight: 400;\"> Fomentar no es un verbo medible. \u00bfCu\u00e1ntos alumnos leen ahora? \u00bfCu\u00e1ntos quieres que lean en junio? <a href=\"https:\/\/www.vocaeditorial.com\/blog\/tu-centro-trabaja-mucho-en-lectura-los-alumnos-leen-mejor\/\"><span style=\"text-decoration: underline;\"><span style=\"color: #ffa341; text-decoration: underline;\">Si no hay n\u00famero, no hay objetivo<\/span><\/span><\/a>.<\/span><\/li>\n<li style=\"font-weight: 400;\" aria-level=\"1\"><b>Apartado de recursos sin presupuesto.<\/b><span style=\"font-weight: 400;\"> Si el plan incluye \u00abadquisici\u00f3n de fondos bibliogr\u00e1ficos\u00bb, pero no dice cu\u00e1nto dinero hay ni qui\u00e9n lo gestiona, es una lista de deseos.<\/span><\/li>\n<\/ul>\n<p>&nbsp;<\/p>\n<h2><span style=\"color: #ffa341;\"><b>C\u00f3mo queda en una p\u00e1gina<\/b><\/span><\/h2>\n<p><span style=\"font-weight: 400;\">Para que no quede en abstracto, aqu\u00ed est\u00e1 la estructura con datos reales:<\/span><\/p>\n<p>&nbsp;<\/p>\n<table>\n<tbody>\n<tr>\n<td><b>Pregunta<\/b><\/td>\n<td><b>Respuesta (ejemplo)<\/b><\/td>\n<\/tr>\n<tr>\n<td><span style=\"font-weight: 400;\">\u00bfCu\u00e1nto se lee?<\/span><\/td>\n<td><span style=\"font-weight: 400;\">20 min diarios en todos los cursos. Lectura silenciosa, sin ficha.<\/span><\/td>\n<\/tr>\n<tr>\n<td><span style=\"font-weight: 400;\">\u00bfQu\u00e9 se lee?<\/span><\/td>\n<td><span style=\"font-weight: 400;\">1.er<\/span><span style=\"font-weight: 400;\"> trim.: narrativa. 2.\u00ba trim.: textos informativos. <\/span><span style=\"font-weight: 400;\">3.er<\/span><span style=\"font-weight: 400;\"> trim.: mixto.<\/span><\/td>\n<\/tr>\n<tr>\n<td><span style=\"font-weight: 400;\">\u00bfQui\u00e9n se asegura?<\/span><\/td>\n<td><span style=\"font-weight: 400;\">Ana Garc\u00eda, jefa de estudios. Revisi\u00f3n semanal los lunes.<\/span><\/td>\n<\/tr>\n<tr>\n<td><span style=\"font-weight: 400;\">\u00bfC\u00f3mo se mide?<\/span><\/td>\n<td><span style=\"font-weight: 400;\">% de alumnos en nivel intermedio en prueba interna de comprensi\u00f3n (por trimestre).<\/span><\/td>\n<\/tr>\n<tr>\n<td><span style=\"font-weight: 400;\">\u00bfQu\u00e9 hacen las familias?<\/span><\/td>\n<td><span style=\"font-weight: 400;\">Libro a casa los viernes. Devuelven el lunes con una frase escrita.<\/span><\/td>\n<\/tr>\n<\/tbody>\n<\/table>\n<p>&nbsp;<\/p>\n<p><b>Eso es todo. Cinco filas. Una p\u00e1gina. Lo que no cabe aqu\u00ed va al anexo.<\/b><\/p>\n<p>&nbsp;<\/p>\n<h2><span style=\"color: #ffa341;\"><b>La plantilla<\/b><\/span><\/h2>\n<p><span style=\"font-weight: 400;\">Hemos creado una plantilla de plan de lectura de centro que cabe en una p\u00e1gina. Tiene las cinco preguntas, espacio para rellenar y un ejemplo ya completado con datos ficticios para que veas c\u00f3mo queda.<\/span><\/p>\n<p><span style=\"font-weight: 400;\">No es un modelo para copiar. <\/span><b>Es una estructura para pensar.<\/b><span style=\"font-weight: 400;\"> Si tu centro ya tiene un plan de 15 p\u00e1ginas, esta plantilla es el resumen ejecutivo que le falta: el documento que el coordinador lleva a la reuni\u00f3n y usa para tomar decisiones.<\/span><\/p>\n<p><b>Si tu plan de lectura no sirve para decidir qu\u00e9 haces el lunes a las 9:00, no es un plan. Es un archivo.<\/b><\/p>\n<p>&nbsp;<\/p>\n[CtaModule cta_item=\u00bb8866&#8243;]\n<p>&nbsp;<\/p>\n<h3><span style=\"color: #ffa341;\"><b>Bibliograf\u00eda<\/b><\/span><\/h3>\n<p><span style=\"font-weight: 400;\">Education Endowment Foundation (2025). <\/span><i><span style=\"font-weight: 400;\">Metacognition and Self-Regulated Learning: Guidance Report<\/span><\/i><span style=\"font-weight: 400;\">. Londres: EEF.<\/span><\/p>\n<p><span style=\"font-weight: 400;\">Marzano, R. J., Pickering, D. J. y Pollock, J. E. (2001). <\/span><i><span style=\"font-weight: 400;\">Classroom Instruction That Works<\/span><\/i><span style=\"font-weight: 400;\">. ASCD.<\/span><\/p>\n<p><span style=\"font-weight: 400;\">Mullis, I. V. S. <\/span><i><span style=\"font-weight: 400;\">et al.<\/span><\/i><span style=\"font-weight: 400;\"> (2023). <\/span><i><span style=\"font-weight: 400;\">PIRLS 2021 International Results in Reading<\/span><\/i><span style=\"font-weight: 400;\">. Boston College, IEA.<\/span><\/p>\n<p><span style=\"font-weight: 400;\">OECD (2019). <\/span><i><span style=\"font-weight: 400;\">PISA 2018 Assessment and Analytical Framework<\/span><\/i><span style=\"font-weight: 400;\">. Par\u00eds: OECD Publishing.<\/span><\/p>\n<p><span style=\"font-weight: 400;\">Orden EDU\/747\/2014, de 22 de agosto. <\/span><i><span style=\"font-weight: 400;\">Plan de Lectura de los centros de Castilla y Le\u00f3n<\/span><\/i><span style=\"font-weight: 400;\">.<\/span><\/p>\n<p><span style=\"font-weight: 400;\">Instrucciones de 21 de junio de 2023, Viceconsejer\u00eda de Desarrollo Educativo y Formaci\u00f3n Profesional, Andaluc\u00eda.<\/span><\/p>\n","protected":false},"excerpt":{"rendered":"<p>La mayor\u00eda de los planes de lectura son documentos de 15 p\u00e1ginas que se entregan a la inspecci\u00f3n y no se vuelven a abrir. Si tu plan no cabe en una p\u00e1gina, es para la administraci\u00f3n, no para el aula.<\/p>\n","protected":false},"author":49,"featured_media":8859,"comment_status":"closed","ping_status":"closed","sticky":false,"template":"","format":"standard","meta":{"content-type":"","inline_featured_image":false,"_jetpack_memberships_contains_paid_content":false,"footnotes":""},"tags":[603,656,702],"class_list":["post-8858","post","type-post","status-publish","format-standard","has-post-thumbnail","hentry","category-educacion","tag-competencia-lectora","tag-comprension","tag-plan-de-lectura"],"yoast_head":"<!-- This site is optimized with the Yoast SEO plugin v26.6 - https:\/\/yoast.com\/wordpress\/plugins\/seo\/ -->\n<title>El plan de lectura de tu centro deber\u00eda caber en una p\u00e1gina &#8211; Voca Editorial<\/title>\n<meta name=\"description\" content=\"C\u00f3mo hacer un plan de lectura que funcione. Con plantilla descargable de una p\u00e1gina: qu\u00e9 se lee, cu\u00e1ndo, qui\u00e9n se asegura y c\u00f3mo se mide.\" \/>\n<meta name=\"robots\" content=\"index, follow, max-snippet:-1, max-image-preview:large, max-video-preview:-1\" \/>\n<link rel=\"canonical\" href=\"https:\/\/www.vocaeditorial.com\/blog\/el-plan-de-lectura-de-tu-centro-deberia-caber-en-una-pagina\/\" \/>\n<meta property=\"og:locale\" content=\"es_ES\" \/>\n<meta property=\"og:type\" content=\"article\" \/>\n<meta property=\"og:title\" content=\"El plan de lectura de tu centro deber\u00eda caber en una p\u00e1gina &#8211; Voca Editorial\" \/>\n<meta property=\"og:description\" content=\"C\u00f3mo hacer un plan de lectura que funcione. Con plantilla descargable de una p\u00e1gina: qu\u00e9 se lee, cu\u00e1ndo, qui\u00e9n se asegura y c\u00f3mo se mide.\" \/>\n<meta property=\"og:url\" content=\"https:\/\/www.vocaeditorial.com\/blog\/el-plan-de-lectura-de-tu-centro-deberia-caber-en-una-pagina\/\" \/>\n<meta property=\"og:site_name\" content=\"Voca Editorial\" \/>\n<meta property=\"article:published_time\" content=\"2026-03-16T16:10:35+00:00\" \/>\n<meta property=\"article:modified_time\" content=\"2026-03-24T09:25:40+00:00\" \/>\n<meta property=\"og:image\" content=\"https:\/\/www.vocaeditorial.com\/blog\/media\/el-plan-de-lectura--e1773311437960.jpg\" \/>\n\t<meta property=\"og:image:width\" content=\"2560\" \/>\n\t<meta property=\"og:image:height\" content=\"1438\" \/>\n\t<meta property=\"og:image:type\" content=\"image\/jpeg\" \/>\n<meta name=\"author\" content=\"VOCA Editorial\" \/>\n<meta name=\"twitter:card\" content=\"summary_large_image\" \/>\n<meta name=\"twitter:label1\" content=\"Escrito por\" \/>\n\t<meta name=\"twitter:data1\" content=\"VOCA Editorial\" \/>\n\t<meta name=\"twitter:label2\" content=\"Tiempo de lectura\" \/>\n\t<meta name=\"twitter:data2\" content=\"6 minutos\" \/>\n<script type=\"application\/ld+json\" class=\"yoast-schema-graph\">{\"@context\":\"https:\/\/schema.org\",\"@graph\":[{\"@type\":\"WebPage\",\"@id\":\"https:\/\/www.vocaeditorial.com\/blog\/el-plan-de-lectura-de-tu-centro-deberia-caber-en-una-pagina\/\",\"url\":\"https:\/\/www.vocaeditorial.com\/blog\/el-plan-de-lectura-de-tu-centro-deberia-caber-en-una-pagina\/\",\"name\":\"El plan de lectura de tu centro deber\u00eda caber en una p\u00e1gina &#8211; Voca Editorial\",\"isPartOf\":{\"@id\":\"https:\/\/www.vocaeditorial.com\/blog\/#website\"},\"primaryImageOfPage\":{\"@id\":\"https:\/\/www.vocaeditorial.com\/blog\/el-plan-de-lectura-de-tu-centro-deberia-caber-en-una-pagina\/#primaryimage\"},\"image\":{\"@id\":\"https:\/\/www.vocaeditorial.com\/blog\/el-plan-de-lectura-de-tu-centro-deberia-caber-en-una-pagina\/#primaryimage\"},\"thumbnailUrl\":\"https:\/\/www.vocaeditorial.com\/blog\/media\/el-plan-de-lectura--e1773311437960.jpg\",\"datePublished\":\"2026-03-16T16:10:35+00:00\",\"dateModified\":\"2026-03-24T09:25:40+00:00\",\"author\":{\"@id\":\"https:\/\/www.vocaeditorial.com\/blog\/#\/schema\/person\/72fba3d6c8a26fba0fee3107fda03438\"},\"description\":\"C\u00f3mo hacer un plan de lectura que funcione. Con plantilla descargable de una p\u00e1gina: qu\u00e9 se lee, cu\u00e1ndo, qui\u00e9n se asegura y c\u00f3mo se mide.\",\"breadcrumb\":{\"@id\":\"https:\/\/www.vocaeditorial.com\/blog\/el-plan-de-lectura-de-tu-centro-deberia-caber-en-una-pagina\/#breadcrumb\"},\"inLanguage\":\"es\",\"potentialAction\":[{\"@type\":\"ReadAction\",\"target\":[\"https:\/\/www.vocaeditorial.com\/blog\/el-plan-de-lectura-de-tu-centro-deberia-caber-en-una-pagina\/\"]}]},{\"@type\":\"ImageObject\",\"inLanguage\":\"es\",\"@id\":\"https:\/\/www.vocaeditorial.com\/blog\/el-plan-de-lectura-de-tu-centro-deberia-caber-en-una-pagina\/#primaryimage\",\"url\":\"https:\/\/www.vocaeditorial.com\/blog\/media\/el-plan-de-lectura--e1773311437960.jpg\",\"contentUrl\":\"https:\/\/www.vocaeditorial.com\/blog\/media\/el-plan-de-lectura--e1773311437960.jpg\",\"width\":2560,\"height\":1438,\"caption\":\"el plan de lectura\"},{\"@type\":\"BreadcrumbList\",\"@id\":\"https:\/\/www.vocaeditorial.com\/blog\/el-plan-de-lectura-de-tu-centro-deberia-caber-en-una-pagina\/#breadcrumb\",\"itemListElement\":[{\"@type\":\"ListItem\",\"position\":1,\"name\":\"Portada\",\"item\":\"https:\/\/www.vocaeditorial.com\/blog\/\"},{\"@type\":\"ListItem\",\"position\":2,\"name\":\"El plan de lectura de tu centro deber\u00eda caber en una p\u00e1gina\"}]},{\"@type\":\"WebSite\",\"@id\":\"https:\/\/www.vocaeditorial.com\/blog\/#website\",\"url\":\"https:\/\/www.vocaeditorial.com\/blog\/\",\"name\":\"Voca Editorial\",\"description\":\"\",\"potentialAction\":[{\"@type\":\"SearchAction\",\"target\":{\"@type\":\"EntryPoint\",\"urlTemplate\":\"https:\/\/www.vocaeditorial.com\/blog\/?s={search_term_string}\"},\"query-input\":{\"@type\":\"PropertyValueSpecification\",\"valueRequired\":true,\"valueName\":\"search_term_string\"}}],\"inLanguage\":\"es\"},{\"@type\":\"Person\",\"@id\":\"https:\/\/www.vocaeditorial.com\/blog\/#\/schema\/person\/72fba3d6c8a26fba0fee3107fda03438\",\"name\":\"VOCA Editorial\",\"image\":{\"@type\":\"ImageObject\",\"inLanguage\":\"es\",\"@id\":\"https:\/\/www.vocaeditorial.com\/blog\/#\/schema\/person\/image\/\",\"url\":\"https:\/\/secure.gravatar.com\/avatar\/137e7a09ea636684fcf1595563ff145c113f07116d7a29acedf3e545ab378ca3?s=96&d=mm&r=g\",\"contentUrl\":\"https:\/\/secure.gravatar.com\/avatar\/137e7a09ea636684fcf1595563ff145c113f07116d7a29acedf3e545ab378ca3?s=96&d=mm&r=g\",\"caption\":\"VOCA Editorial\"},\"url\":\"https:\/\/www.vocaeditorial.com\/blog\/author\/voca-editorial\/\"}]}<\/script>\n<!-- \/ Yoast SEO plugin. -->","yoast_head_json":{"title":"El plan de lectura de tu centro deber\u00eda caber en una p\u00e1gina &#8211; Voca Editorial","description":"C\u00f3mo hacer un plan de lectura que funcione. Con plantilla descargable de una p\u00e1gina: qu\u00e9 se lee, cu\u00e1ndo, qui\u00e9n se asegura y c\u00f3mo se mide.","robots":{"index":"index","follow":"follow","max-snippet":"max-snippet:-1","max-image-preview":"max-image-preview:large","max-video-preview":"max-video-preview:-1"},"canonical":"https:\/\/www.vocaeditorial.com\/blog\/el-plan-de-lectura-de-tu-centro-deberia-caber-en-una-pagina\/","og_locale":"es_ES","og_type":"article","og_title":"El plan de lectura de tu centro deber\u00eda caber en una p\u00e1gina &#8211; Voca Editorial","og_description":"C\u00f3mo hacer un plan de lectura que funcione. Con plantilla descargable de una p\u00e1gina: qu\u00e9 se lee, cu\u00e1ndo, qui\u00e9n se asegura y c\u00f3mo se mide.","og_url":"https:\/\/www.vocaeditorial.com\/blog\/el-plan-de-lectura-de-tu-centro-deberia-caber-en-una-pagina\/","og_site_name":"Voca Editorial","article_published_time":"2026-03-16T16:10:35+00:00","article_modified_time":"2026-03-24T09:25:40+00:00","og_image":[{"width":2560,"height":1438,"url":"https:\/\/www.vocaeditorial.com\/blog\/media\/el-plan-de-lectura--e1773311437960.jpg","type":"image\/jpeg"}],"author":"VOCA Editorial","twitter_card":"summary_large_image","twitter_misc":{"Escrito por":"VOCA Editorial","Tiempo de lectura":"6 minutos"},"schema":{"@context":"https:\/\/schema.org","@graph":[{"@type":"WebPage","@id":"https:\/\/www.vocaeditorial.com\/blog\/el-plan-de-lectura-de-tu-centro-deberia-caber-en-una-pagina\/","url":"https:\/\/www.vocaeditorial.com\/blog\/el-plan-de-lectura-de-tu-centro-deberia-caber-en-una-pagina\/","name":"El plan de lectura de tu centro deber\u00eda caber en una p\u00e1gina &#8211; Voca Editorial","isPartOf":{"@id":"https:\/\/www.vocaeditorial.com\/blog\/#website"},"primaryImageOfPage":{"@id":"https:\/\/www.vocaeditorial.com\/blog\/el-plan-de-lectura-de-tu-centro-deberia-caber-en-una-pagina\/#primaryimage"},"image":{"@id":"https:\/\/www.vocaeditorial.com\/blog\/el-plan-de-lectura-de-tu-centro-deberia-caber-en-una-pagina\/#primaryimage"},"thumbnailUrl":"https:\/\/www.vocaeditorial.com\/blog\/media\/el-plan-de-lectura--e1773311437960.jpg","datePublished":"2026-03-16T16:10:35+00:00","dateModified":"2026-03-24T09:25:40+00:00","author":{"@id":"https:\/\/www.vocaeditorial.com\/blog\/#\/schema\/person\/72fba3d6c8a26fba0fee3107fda03438"},"description":"C\u00f3mo hacer un plan de lectura que funcione. Con plantilla descargable de una p\u00e1gina: qu\u00e9 se lee, cu\u00e1ndo, qui\u00e9n se asegura y c\u00f3mo se mide.","breadcrumb":{"@id":"https:\/\/www.vocaeditorial.com\/blog\/el-plan-de-lectura-de-tu-centro-deberia-caber-en-una-pagina\/#breadcrumb"},"inLanguage":"es","potentialAction":[{"@type":"ReadAction","target":["https:\/\/www.vocaeditorial.com\/blog\/el-plan-de-lectura-de-tu-centro-deberia-caber-en-una-pagina\/"]}]},{"@type":"ImageObject","inLanguage":"es","@id":"https:\/\/www.vocaeditorial.com\/blog\/el-plan-de-lectura-de-tu-centro-deberia-caber-en-una-pagina\/#primaryimage","url":"https:\/\/www.vocaeditorial.com\/blog\/media\/el-plan-de-lectura--e1773311437960.jpg","contentUrl":"https:\/\/www.vocaeditorial.com\/blog\/media\/el-plan-de-lectura--e1773311437960.jpg","width":2560,"height":1438,"caption":"el plan de lectura"},{"@type":"BreadcrumbList","@id":"https:\/\/www.vocaeditorial.com\/blog\/el-plan-de-lectura-de-tu-centro-deberia-caber-en-una-pagina\/#breadcrumb","itemListElement":[{"@type":"ListItem","position":1,"name":"Portada","item":"https:\/\/www.vocaeditorial.com\/blog\/"},{"@type":"ListItem","position":2,"name":"El plan de lectura de tu centro deber\u00eda caber en una p\u00e1gina"}]},{"@type":"WebSite","@id":"https:\/\/www.vocaeditorial.com\/blog\/#website","url":"https:\/\/www.vocaeditorial.com\/blog\/","name":"Voca Editorial","description":"","potentialAction":[{"@type":"SearchAction","target":{"@type":"EntryPoint","urlTemplate":"https:\/\/www.vocaeditorial.com\/blog\/?s={search_term_string}"},"query-input":{"@type":"PropertyValueSpecification","valueRequired":true,"valueName":"search_term_string"}}],"inLanguage":"es"},{"@type":"Person","@id":"https:\/\/www.vocaeditorial.com\/blog\/#\/schema\/person\/72fba3d6c8a26fba0fee3107fda03438","name":"VOCA Editorial","image":{"@type":"ImageObject","inLanguage":"es","@id":"https:\/\/www.vocaeditorial.com\/blog\/#\/schema\/person\/image\/","url":"https:\/\/secure.gravatar.com\/avatar\/137e7a09ea636684fcf1595563ff145c113f07116d7a29acedf3e545ab378ca3?s=96&d=mm&r=g","contentUrl":"https:\/\/secure.gravatar.com\/avatar\/137e7a09ea636684fcf1595563ff145c113f07116d7a29acedf3e545ab378ca3?s=96&d=mm&r=g","caption":"VOCA Editorial"},"url":"https:\/\/www.vocaeditorial.com\/blog\/author\/voca-editorial\/"}]}},"jetpack_featured_media_url":"https:\/\/www.vocaeditorial.com\/blog\/media\/el-plan-de-lectura--e1773311437960.jpg","jetpack_sharing_enabled":true,"_links":{"self":[{"href":"https:\/\/www.vocaeditorial.com\/blog\/wp-json\/wp\/v2\/posts\/8858","targetHints":{"allow":["GET"]}}],"collection":[{"href":"https:\/\/www.vocaeditorial.com\/blog\/wp-json\/wp\/v2\/posts"}],"about":[{"href":"https:\/\/www.vocaeditorial.com\/blog\/wp-json\/wp\/v2\/types\/post"}],"author":[{"embeddable":true,"href":"https:\/\/www.vocaeditorial.com\/blog\/wp-json\/wp\/v2\/users\/49"}],"replies":[{"embeddable":true,"href":"https:\/\/www.vocaeditorial.com\/blog\/wp-json\/wp\/v2\/comments?post=8858"}],"version-history":[{"count":0,"href":"https:\/\/www.vocaeditorial.com\/blog\/wp-json\/wp\/v2\/posts\/8858\/revisions"}],"wp:featuredmedia":[{"embeddable":true,"href":"https:\/\/www.vocaeditorial.com\/blog\/wp-json\/wp\/v2\/media\/8859"}],"wp:attachment":[{"href":"https:\/\/www.vocaeditorial.com\/blog\/wp-json\/wp\/v2\/media?parent=8858"}],"wp:term":[{"taxonomy":"post_tag","embeddable":true,"href":"https:\/\/www.vocaeditorial.com\/blog\/wp-json\/wp\/v2\/tags?post=8858"}],"curies":[{"name":"wp","href":"https:\/\/api.w.org\/{rel}","templated":true}]}}