{"id":8806,"date":"2026-04-25T15:00:53","date_gmt":"2026-04-25T13:00:53","guid":{"rendered":"https:\/\/www.vocaeditorial.com\/blog\/?p=8806"},"modified":"2026-03-11T14:57:38","modified_gmt":"2026-03-11T13:57:38","slug":"plan-de-convivencia-y-paz-escolar","status":"publish","type":"post","link":"https:\/\/www.vocaeditorial.com\/blog\/plan-de-convivencia-y-paz-escolar\/","title":{"rendered":"C\u00f3mo crear un plan de convivencia y paz escolar"},"content":{"rendered":"<p><span style=\"font-weight: 400;\">En un mundo donde los estudiantes conviven en contextos cada vez m\u00e1s diversos, con retos emocionales, culturales y sociales que van en aumento, la escuela puede (y debe) ser algo m\u00e1s que un lugar de transmisi\u00f3n de contenidos. En este art\u00edculo, te guiamos paso a paso para revitalizar tu plan de convivencia y paz escolar, como hoja de ruta para construir relaciones de respeto, solidaridad y di\u00e1logo.<\/span><\/p>\n\n<p><span data-sheets-root=\"1\">[CtaModule cta_item=\u00bb6751&#8243;]<\/span><\/p>\n<p>&nbsp;<\/p>\n<h2><span style=\"color: #ffa341;\"><b>\u00bfQu\u00e9 es un plan de convivencia y paz escolar, y por qu\u00e9 lo necesita tu comunidad educativa?<\/b><\/span><\/h2>\n<p><span style=\"font-weight: 400;\">Para empezar, un plan de convivencia y paz escolar va <\/span><b>mucho m\u00e1s all\u00e1 de establecer lo que est\u00e1 permitido<\/b><span style=\"font-weight: 400;\"> y lo que no. Se trata de\u00a0<\/span><\/p>\n<blockquote><p><span style=\"font-weight: 400;\">construir un ambiente donde cada miembro de la comunidad educativa se sienta valorado, escuchado y parte de algo m\u00e1s grande.<\/span><\/p><\/blockquote>\n<p>&nbsp;<\/p>\n<p><span style=\"font-weight: 400;\">As\u00ed, la convivencia escolar se refiere a esas relaciones armoniosas que se tejen d\u00eda a d\u00eda entre todos los miembros de la comunidad: estudiantes, docentes, familias y personal no docente. Hablamos de <\/span><b>respeto mutuo, solidaridad y valoraci\u00f3n de la diversidad <\/b><span style=\"font-weight: 400;\">y vamos m\u00e1s all\u00e1 de la simple ausencia de conflicto.<\/span><\/p>\n<p><span style=\"font-weight: 400;\">Una cultura de paz escolar es:<\/span><\/p>\n<ul>\n<li style=\"font-weight: 400;\" aria-level=\"1\"><span style=\"font-weight: 400;\">Ambiente seguro donde todos se sienten protegidos f\u00edsica y emocionalmente.<\/span><\/li>\n<li style=\"font-weight: 400;\" aria-level=\"1\"><span style=\"font-weight: 400;\">Espacio acogedor que celebra las diferencias y promueve la inclusi\u00f3n.<\/span><\/li>\n<li style=\"font-weight: 400;\" aria-level=\"1\"><span style=\"font-weight: 400;\">Comunidad donde cada voz cuenta y es escuchada con atenci\u00f3n.<\/span><\/li>\n<li style=\"font-weight: 400;\" aria-level=\"1\"><span style=\"font-weight: 400;\">Lugar donde los conflictos se ven como oportunidades de aprendizaje, no como amenazas.<\/span><\/li>\n<\/ul>\n<p>&nbsp;<\/p>\n<h3><span style=\"color: #ffa341;\"><b>Qu\u00e9 objetivos persigue un plan de convivencia<\/b><\/span><\/h3>\n<p><span style=\"font-weight: 400;\">Por eso mismo, los objetivos de tu plan de convivencia deben ser <strong>claros y transformadores<\/strong>:<\/span><\/p>\n<ul>\n<li style=\"font-weight: 400;\" aria-level=\"1\"><b>Diagnosticar la realidad<\/b><span style=\"font-weight: 400;\">: es decir, conocer a fondo c\u00f3mo es la convivencia actual en tu centro, con sus luces y sus sombras.<\/span><\/li>\n<li style=\"font-weight: 400;\" aria-level=\"1\"><b>Promover relaciones positivas<\/b><span style=\"font-weight: 400;\">: para construir v\u00ednculos basados en el respeto, la solidaridad y la inclusi\u00f3n genuina.<\/span><\/li>\n<li style=\"font-weight: 400;\" aria-level=\"1\"><b>Prevenir antes que curar<\/b><span style=\"font-weight: 400;\">: as\u00ed, poder anticiparse a la violencia, el acoso, la discriminaci\u00f3n o a conflictos m\u00e1s graves.<\/span><\/li>\n<li style=\"font-weight: 400;\" aria-level=\"1\"><span style=\"text-decoration: underline;\"><a href=\"https:\/\/www.vocaeditorial.com\/blog\/que-es-la-educacion-en-valores\/\" target=\"_blank\" rel=\"noopener\"><b>Educar en valores<\/b><\/a><\/span><span style=\"font-weight: 400;\">: adem\u00e1s, formando ciudadanos responsables y comprometidos con su comunidad.<\/span><\/li>\n<li style=\"font-weight: 400;\" aria-level=\"1\"><b>Fomentar la participaci\u00f3n real<\/b><span style=\"font-weight: 400;\">: finalmente, involucrar a toda la comunidad educativa en la construcci\u00f3n conjunta de un ambiente mejor.<\/span><\/li>\n<\/ul>\n<p>&nbsp;<\/p>\n<p><span style=\"font-weight: 400;\">Como ves, se trata de una <\/span><b>apuesta formativa, \u00e9tica y comunitaria <\/b><span style=\"font-weight: 400;\">que transforma la esencia misma de tu centro educativo.<\/span><\/p>\n<p><span data-sheets-root=\"1\">[CtaModule cta_item=\u00bb5415&#8243;]<\/span><\/p>\n<h2><span style=\"color: #ffa341;\"><b>Claves para implementar un plan de convivencia transformador<\/b><\/span><\/h2>\n<p><span style=\"font-weight: 400;\">As\u00ed que, con estas bases, estamos listos para pensar en todos los<\/span><b> elementos que conformar\u00e1n tu plan<\/b><span style=\"font-weight: 400;\"> de convivencia y paz escolar.<\/span><\/p>\n<h3><span style=\"color: #ffa341;\"><b>Participantes<\/b><\/span><\/h3>\n<p><span style=\"font-weight: 400;\">En primer lugar, hay que<\/span><b> involucrar a toda la comunidad educativa<\/b><span style=\"font-weight: 400;\">: direcci\u00f3n, docentes, estudiantes, familias y personal de apoyo; ya que cada voz aporta una perspectiva \u00fanica y valiosa.<\/span><\/p>\n<p><span style=\"font-weight: 400;\">Asimismo,<\/span><b> necesitar\u00e1s un <span style=\"text-decoration: underline;\"><a href=\"https:\/\/formacion.intef.es\/aulaenabierto\/mod\/book\/tool\/print\/index.php?id=4273\" target=\"_blank\" rel=\"noopener\">equipo responsable<\/a><\/span><\/b><span style=\"font-weight: 400;\">, como un comit\u00e9 de convivencia o un encargado de convivencia escolar, por ejemplo.<\/span><\/p>\n<h3><span style=\"color: #ffa341;\"><b>Diagn\u00f3stico y an\u00e1lisis de la realidad del centro<\/b><\/span><\/h3>\n<p><span style=\"font-weight: 400;\">As\u00ed, podr\u00e9is iniciar la <strong>fase de investigaci\u00f3n y an\u00e1lisis<\/strong>, de manera que obteng\u00e1is un diagn\u00f3stico honesto de la realidad actual. Esto implica:<\/span><\/p>\n<ul>\n<li style=\"font-weight: 400;\" aria-level=\"1\"><span style=\"font-weight: 400;\">Recoger datos cuantitativos y cualitativos sobre el clima escolar.<\/span><\/li>\n<li style=\"font-weight: 400;\" aria-level=\"1\"><span style=\"font-weight: 400;\">Identificar las incidencias m\u00e1s frecuentes y los patrones de conflicto.<\/span><\/li>\n<li style=\"font-weight: 400;\" aria-level=\"1\"><span style=\"font-weight: 400;\">Conocer la diversidad cultural, social y emocional de tu comunidad.<\/span><\/li>\n<li style=\"font-weight: 400;\" aria-level=\"1\"><span style=\"font-weight: 400;\">Escuchar las opiniones y percepciones de todos: estudiantes, familias, docentes y personal.<\/span><\/li>\n<li style=\"font-weight: 400;\" aria-level=\"1\"><span style=\"font-weight: 400;\">Detectar factores de riesgo y necesidades de acompa\u00f1amiento socioemocional.<\/span><\/li>\n<\/ul>\n<p>&nbsp;<\/p>\n<h3><span style=\"color: #ffa341;\"><b>Estructura del plan<\/b><\/span><\/h3>\n<p><span style=\"font-weight: 400;\">Ahora s\u00ed, puedes pensar en los componentes del plan.\u00a0<\/span><\/p>\n<table>\n<tbody>\n<tr>\n<td><b>Valores y principios \u00e9ticos<\/b><\/td>\n<td><span style=\"font-weight: 400;\">Define los valores fundamentales (respeto, inclusi\u00f3n, solidaridad, equidad, empat\u00eda) que sustentan la convivencia escolar.<\/span><\/td>\n<\/tr>\n<tr>\n<td><b>Derechos y deberes<\/b><\/td>\n<td><span style=\"font-weight: 400;\">Especifica los derechos que deben ser protegidos y las responsabilidades que deben cumplir todos los miembros de la comunidad educativa.<\/span><\/td>\n<\/tr>\n<tr>\n<td><b>Normas formuladas en positivo<\/b><\/td>\n<td><span style=\"font-weight: 400;\">Enuncia las expectativas de comportamiento enfoc\u00e1ndose en acciones positivas (ej: \u00abTrata a los dem\u00e1s con respeto\u00bb) en lugar de prohibiciones.<\/span><\/td>\n<\/tr>\n<tr>\n<td><b>Protocolos de actuaci\u00f3n<\/b><\/td>\n<td><span style=\"font-weight: 400;\">Establece el procedimiento paso a paso para abordar situaciones de conflicto, acoso, discriminaci\u00f3n o violencia.<\/span><\/td>\n<\/tr>\n<tr>\n<td><b>Responsabilidades claras<\/b><\/td>\n<td><span style=\"font-weight: 400;\">Asigna roles, comit\u00e9s o responsables espec\u00edficos para la implementaci\u00f3n, supervisi\u00f3n y liderazgo de las acciones del plan.<\/span><\/td>\n<\/tr>\n<\/tbody>\n<\/table>\n<h3><span style=\"color: #ffa341;\"><b>Acciones y metodolog\u00edas\u00a0<\/b><\/span><\/h3>\n<p><span style=\"font-weight: 400;\">En efecto, es el momento de <strong>pasar a la acci\u00f3n<\/strong>. Tu plan debe incluir:<\/span><\/p>\n<p><b>1. Estrategias preventivas y promocionales<\/b><\/p>\n<ul>\n<li style=\"font-weight: 400;\" aria-level=\"1\"><span style=\"font-weight: 400;\">Actividades socioemocionales<\/span><\/li>\n<li style=\"font-weight: 400;\" aria-level=\"1\"><span style=\"font-weight: 400;\">Espacios de di\u00e1logo regulares<\/span><\/li>\n<li style=\"font-weight: 400;\" aria-level=\"1\"><span style=\"font-weight: 400;\">Talleres de valores<\/span><\/li>\n<li style=\"font-weight: 400;\" aria-level=\"1\"><span style=\"font-weight: 400;\">Din\u00e1micas de grupo que fortalezcan los v\u00ednculos<\/span><\/li>\n<li style=\"font-weight: 400;\" aria-level=\"1\"><span style=\"font-weight: 400;\">Programas de participaci\u00f3n estudiantil activa<\/span><\/li>\n<\/ul>\n<p>&nbsp;<\/p>\n<p><b>2. Acciones de mediaci\u00f3n<\/b><\/p>\n<p><span style=\"font-weight: 400;\">Es decir, sistemas de resoluci\u00f3n pac\u00edfica de conflictos donde los propios estudiantes y la comunidad participen activamente. De esta manera, podr\u00e1s aprovechar la <\/span><b>mediaci\u00f3n entre pares<\/b><span style=\"font-weight: 400;\">.<\/span><\/p>\n<h3><span style=\"color: #ffa341;\"><b>Evaluaci\u00f3n del plan de convivencia y paz escolar<\/b><\/span><\/h3>\n<p><span style=\"font-weight: 400;\">Finalmente, un plan sin evaluaci\u00f3n es un plan que se va diluyendo con el tiempo. As\u00ed que no olvides:<\/span><\/p>\n<ul>\n<li style=\"font-weight: 400;\" aria-level=\"1\"><b>Indicadores claros<\/b><span style=\"font-weight: 400;\">: utiliza datos cuantitativos y cualitativos para medir lo que te interesa:\u00a0<\/span>\n<ul>\n<li style=\"font-weight: 400;\" aria-level=\"2\"><span style=\"font-weight: 400;\">Clima escolar<\/span><\/li>\n<li style=\"font-weight: 400;\" aria-level=\"2\"><span style=\"font-weight: 400;\">Bienestar<\/span><\/li>\n<li style=\"font-weight: 400;\" aria-level=\"2\"><span style=\"font-weight: 400;\">Participaci\u00f3n<\/span><\/li>\n<li style=\"font-weight: 400;\" aria-level=\"2\"><span style=\"font-weight: 400;\">Frecuencia de conflictos<\/span><\/li>\n<li style=\"font-weight: 400;\" aria-level=\"2\"><span style=\"font-weight: 400;\">Nivel de inclusi\u00f3n<\/span><\/li>\n<li style=\"font-weight: 400;\" aria-level=\"2\"><span style=\"text-decoration: underline;\"><a href=\"https:\/\/www.vocaeditorial.com\/blog\/educacion-socioemocional\/\" target=\"_blank\" rel=\"noopener\"><strong>Bienestar socioemocional<\/strong><\/a><\/span><\/li>\n<\/ul>\n<\/li>\n<li style=\"font-weight: 400;\" aria-level=\"1\"><b>Evaluaci\u00f3n peri\u00f3dica<\/b><span style=\"font-weight: 400;\">: y no esperes al final del curso; mejor, recoge opiniones de la comunidad educativa de forma regular, haz revisiones trimestrales, y, de esta forma, ajusta el plan seg\u00fan lo que vayas descubriendo.<\/span><\/li>\n<li style=\"font-weight: 400;\" aria-level=\"1\"><b>Memoria anual de convivencia<\/b><span style=\"font-weight: 400;\">: al finalizar cada curso, elabora un informe con los logros, las \u00e1reas de mejora y las propuestas para el siguiente a\u00f1o. Esto crea continuidad y permite ver la evoluci\u00f3n.<\/span><\/li>\n<\/ul>\n<p>&nbsp;<\/p>\n<p>&nbsp;<\/p>\n<p><span style=\"font-weight: 400;\">En definitiva, podr\u00e1s apoyarte en el plan de convivencia y paz escolar para educar en valores, fomentar el respeto y la inclusi\u00f3n y formar ciudadanos comprometidos. As\u00ed, la convivencia les ayudar\u00e1 a crecer juntos y transformar vidas.<\/span><\/p>\n","protected":false},"excerpt":{"rendered":"<p>Plan de convivencia y paz escolar: pasar de normas a comunidad real para construir respeto, empat\u00eda y ciudadan\u00eda en tu colegio.<\/p>\n","protected":false},"author":49,"featured_media":8766,"comment_status":"closed","ping_status":"closed","sticky":false,"template":"","format":"standard","meta":{"content-type":"","inline_featured_image":false,"_jetpack_memberships_contains_paid_content":false,"footnotes":""},"tags":[607,638,639],"class_list":["post-8806","post","type-post","status-publish","format-standard","has-post-thumbnail","hentry","category-educacion-en-valores","tag-trabajo-en-equipo","tag-virtudes","tag-tutorias"],"yoast_head":"<!-- This site is optimized with the Yoast SEO plugin v26.6 - https:\/\/yoast.com\/wordpress\/plugins\/seo\/ -->\n<title>C\u00f3mo crear un plan de convivencia y paz escolar &#8211; Voca Editorial<\/title>\n<meta name=\"description\" content=\"Plan de convivencia y paz escolar: pasar de normas a comunidad real para construir respeto, empat\u00eda y ciudadan\u00eda en tu colegio.\" \/>\n<meta name=\"robots\" content=\"index, follow, max-snippet:-1, max-image-preview:large, max-video-preview:-1\" \/>\n<link rel=\"canonical\" href=\"https:\/\/www.vocaeditorial.com\/blog\/plan-de-convivencia-y-paz-escolar\/\" \/>\n<meta property=\"og:locale\" content=\"es_ES\" \/>\n<meta property=\"og:type\" content=\"article\" \/>\n<meta property=\"og:title\" content=\"C\u00f3mo crear un plan de convivencia y paz escolar &#8211; Voca Editorial\" \/>\n<meta property=\"og:description\" content=\"Plan de convivencia y paz escolar: pasar de normas a comunidad real para construir respeto, empat\u00eda y ciudadan\u00eda en tu colegio.\" \/>\n<meta property=\"og:url\" content=\"https:\/\/www.vocaeditorial.com\/blog\/plan-de-convivencia-y-paz-escolar\/\" \/>\n<meta property=\"og:site_name\" content=\"Voca Editorial\" \/>\n<meta property=\"article:published_time\" content=\"2026-04-25T13:00:53+00:00\" \/>\n<meta property=\"og:image\" content=\"https:\/\/www.vocaeditorial.com\/blog\/media\/plan-de-convivencia-y-paz-escolar.jpeg\" \/>\n\t<meta property=\"og:image:width\" content=\"2560\" \/>\n\t<meta property=\"og:image:height\" content=\"1707\" \/>\n\t<meta property=\"og:image:type\" content=\"image\/jpeg\" \/>\n<meta name=\"author\" content=\"VOCA Editorial\" \/>\n<meta name=\"twitter:card\" content=\"summary_large_image\" \/>\n<meta name=\"twitter:label1\" content=\"Escrito por\" \/>\n\t<meta name=\"twitter:data1\" content=\"VOCA Editorial\" \/>\n\t<meta name=\"twitter:label2\" content=\"Tiempo de lectura\" \/>\n\t<meta name=\"twitter:data2\" content=\"5 minutos\" \/>\n<script type=\"application\/ld+json\" class=\"yoast-schema-graph\">{\"@context\":\"https:\/\/schema.org\",\"@graph\":[{\"@type\":\"WebPage\",\"@id\":\"https:\/\/www.vocaeditorial.com\/blog\/plan-de-convivencia-y-paz-escolar\/\",\"url\":\"https:\/\/www.vocaeditorial.com\/blog\/plan-de-convivencia-y-paz-escolar\/\",\"name\":\"C\u00f3mo crear un plan de convivencia y paz escolar &#8211; Voca Editorial\",\"isPartOf\":{\"@id\":\"https:\/\/www.vocaeditorial.com\/blog\/#website\"},\"primaryImageOfPage\":{\"@id\":\"https:\/\/www.vocaeditorial.com\/blog\/plan-de-convivencia-y-paz-escolar\/#primaryimage\"},\"image\":{\"@id\":\"https:\/\/www.vocaeditorial.com\/blog\/plan-de-convivencia-y-paz-escolar\/#primaryimage\"},\"thumbnailUrl\":\"https:\/\/www.vocaeditorial.com\/blog\/media\/plan-de-convivencia-y-paz-escolar.jpeg\",\"datePublished\":\"2026-04-25T13:00:53+00:00\",\"author\":{\"@id\":\"https:\/\/www.vocaeditorial.com\/blog\/#\/schema\/person\/72fba3d6c8a26fba0fee3107fda03438\"},\"description\":\"Plan de convivencia y paz escolar: pasar de normas a comunidad real para construir respeto, empat\u00eda y ciudadan\u00eda en tu colegio.\",\"breadcrumb\":{\"@id\":\"https:\/\/www.vocaeditorial.com\/blog\/plan-de-convivencia-y-paz-escolar\/#breadcrumb\"},\"inLanguage\":\"es\",\"potentialAction\":[{\"@type\":\"ReadAction\",\"target\":[\"https:\/\/www.vocaeditorial.com\/blog\/plan-de-convivencia-y-paz-escolar\/\"]}]},{\"@type\":\"ImageObject\",\"inLanguage\":\"es\",\"@id\":\"https:\/\/www.vocaeditorial.com\/blog\/plan-de-convivencia-y-paz-escolar\/#primaryimage\",\"url\":\"https:\/\/www.vocaeditorial.com\/blog\/media\/plan-de-convivencia-y-paz-escolar.jpeg\",\"contentUrl\":\"https:\/\/www.vocaeditorial.com\/blog\/media\/plan-de-convivencia-y-paz-escolar.jpeg\",\"width\":2560,\"height\":1707,\"caption\":\"plan de convivencia y paz escolar\"},{\"@type\":\"BreadcrumbList\",\"@id\":\"https:\/\/www.vocaeditorial.com\/blog\/plan-de-convivencia-y-paz-escolar\/#breadcrumb\",\"itemListElement\":[{\"@type\":\"ListItem\",\"position\":1,\"name\":\"Portada\",\"item\":\"https:\/\/www.vocaeditorial.com\/blog\/\"},{\"@type\":\"ListItem\",\"position\":2,\"name\":\"C\u00f3mo crear un plan de convivencia y paz escolar\"}]},{\"@type\":\"WebSite\",\"@id\":\"https:\/\/www.vocaeditorial.com\/blog\/#website\",\"url\":\"https:\/\/www.vocaeditorial.com\/blog\/\",\"name\":\"Voca Editorial\",\"description\":\"\",\"potentialAction\":[{\"@type\":\"SearchAction\",\"target\":{\"@type\":\"EntryPoint\",\"urlTemplate\":\"https:\/\/www.vocaeditorial.com\/blog\/?s={search_term_string}\"},\"query-input\":{\"@type\":\"PropertyValueSpecification\",\"valueRequired\":true,\"valueName\":\"search_term_string\"}}],\"inLanguage\":\"es\"},{\"@type\":\"Person\",\"@id\":\"https:\/\/www.vocaeditorial.com\/blog\/#\/schema\/person\/72fba3d6c8a26fba0fee3107fda03438\",\"name\":\"VOCA Editorial\",\"image\":{\"@type\":\"ImageObject\",\"inLanguage\":\"es\",\"@id\":\"https:\/\/www.vocaeditorial.com\/blog\/#\/schema\/person\/image\/\",\"url\":\"https:\/\/secure.gravatar.com\/avatar\/137e7a09ea636684fcf1595563ff145c113f07116d7a29acedf3e545ab378ca3?s=96&d=mm&r=g\",\"contentUrl\":\"https:\/\/secure.gravatar.com\/avatar\/137e7a09ea636684fcf1595563ff145c113f07116d7a29acedf3e545ab378ca3?s=96&d=mm&r=g\",\"caption\":\"VOCA Editorial\"},\"url\":\"https:\/\/www.vocaeditorial.com\/blog\/author\/voca-editorial\/\"}]}<\/script>\n<!-- \/ Yoast SEO plugin. -->","yoast_head_json":{"title":"C\u00f3mo crear un plan de convivencia y paz escolar &#8211; Voca Editorial","description":"Plan de convivencia y paz escolar: pasar de normas a comunidad real para construir respeto, empat\u00eda y ciudadan\u00eda en tu colegio.","robots":{"index":"index","follow":"follow","max-snippet":"max-snippet:-1","max-image-preview":"max-image-preview:large","max-video-preview":"max-video-preview:-1"},"canonical":"https:\/\/www.vocaeditorial.com\/blog\/plan-de-convivencia-y-paz-escolar\/","og_locale":"es_ES","og_type":"article","og_title":"C\u00f3mo crear un plan de convivencia y paz escolar &#8211; Voca Editorial","og_description":"Plan de convivencia y paz escolar: pasar de normas a comunidad real para construir respeto, empat\u00eda y ciudadan\u00eda en tu colegio.","og_url":"https:\/\/www.vocaeditorial.com\/blog\/plan-de-convivencia-y-paz-escolar\/","og_site_name":"Voca Editorial","article_published_time":"2026-04-25T13:00:53+00:00","og_image":[{"width":2560,"height":1707,"url":"https:\/\/www.vocaeditorial.com\/blog\/media\/plan-de-convivencia-y-paz-escolar.jpeg","type":"image\/jpeg"}],"author":"VOCA Editorial","twitter_card":"summary_large_image","twitter_misc":{"Escrito por":"VOCA Editorial","Tiempo de lectura":"5 minutos"},"schema":{"@context":"https:\/\/schema.org","@graph":[{"@type":"WebPage","@id":"https:\/\/www.vocaeditorial.com\/blog\/plan-de-convivencia-y-paz-escolar\/","url":"https:\/\/www.vocaeditorial.com\/blog\/plan-de-convivencia-y-paz-escolar\/","name":"C\u00f3mo crear un plan de convivencia y paz escolar &#8211; Voca Editorial","isPartOf":{"@id":"https:\/\/www.vocaeditorial.com\/blog\/#website"},"primaryImageOfPage":{"@id":"https:\/\/www.vocaeditorial.com\/blog\/plan-de-convivencia-y-paz-escolar\/#primaryimage"},"image":{"@id":"https:\/\/www.vocaeditorial.com\/blog\/plan-de-convivencia-y-paz-escolar\/#primaryimage"},"thumbnailUrl":"https:\/\/www.vocaeditorial.com\/blog\/media\/plan-de-convivencia-y-paz-escolar.jpeg","datePublished":"2026-04-25T13:00:53+00:00","author":{"@id":"https:\/\/www.vocaeditorial.com\/blog\/#\/schema\/person\/72fba3d6c8a26fba0fee3107fda03438"},"description":"Plan de convivencia y paz escolar: pasar de normas a comunidad real para construir respeto, empat\u00eda y ciudadan\u00eda en tu colegio.","breadcrumb":{"@id":"https:\/\/www.vocaeditorial.com\/blog\/plan-de-convivencia-y-paz-escolar\/#breadcrumb"},"inLanguage":"es","potentialAction":[{"@type":"ReadAction","target":["https:\/\/www.vocaeditorial.com\/blog\/plan-de-convivencia-y-paz-escolar\/"]}]},{"@type":"ImageObject","inLanguage":"es","@id":"https:\/\/www.vocaeditorial.com\/blog\/plan-de-convivencia-y-paz-escolar\/#primaryimage","url":"https:\/\/www.vocaeditorial.com\/blog\/media\/plan-de-convivencia-y-paz-escolar.jpeg","contentUrl":"https:\/\/www.vocaeditorial.com\/blog\/media\/plan-de-convivencia-y-paz-escolar.jpeg","width":2560,"height":1707,"caption":"plan de convivencia y paz escolar"},{"@type":"BreadcrumbList","@id":"https:\/\/www.vocaeditorial.com\/blog\/plan-de-convivencia-y-paz-escolar\/#breadcrumb","itemListElement":[{"@type":"ListItem","position":1,"name":"Portada","item":"https:\/\/www.vocaeditorial.com\/blog\/"},{"@type":"ListItem","position":2,"name":"C\u00f3mo crear un plan de convivencia y paz escolar"}]},{"@type":"WebSite","@id":"https:\/\/www.vocaeditorial.com\/blog\/#website","url":"https:\/\/www.vocaeditorial.com\/blog\/","name":"Voca Editorial","description":"","potentialAction":[{"@type":"SearchAction","target":{"@type":"EntryPoint","urlTemplate":"https:\/\/www.vocaeditorial.com\/blog\/?s={search_term_string}"},"query-input":{"@type":"PropertyValueSpecification","valueRequired":true,"valueName":"search_term_string"}}],"inLanguage":"es"},{"@type":"Person","@id":"https:\/\/www.vocaeditorial.com\/blog\/#\/schema\/person\/72fba3d6c8a26fba0fee3107fda03438","name":"VOCA Editorial","image":{"@type":"ImageObject","inLanguage":"es","@id":"https:\/\/www.vocaeditorial.com\/blog\/#\/schema\/person\/image\/","url":"https:\/\/secure.gravatar.com\/avatar\/137e7a09ea636684fcf1595563ff145c113f07116d7a29acedf3e545ab378ca3?s=96&d=mm&r=g","contentUrl":"https:\/\/secure.gravatar.com\/avatar\/137e7a09ea636684fcf1595563ff145c113f07116d7a29acedf3e545ab378ca3?s=96&d=mm&r=g","caption":"VOCA Editorial"},"url":"https:\/\/www.vocaeditorial.com\/blog\/author\/voca-editorial\/"}]}},"jetpack_featured_media_url":"https:\/\/www.vocaeditorial.com\/blog\/media\/plan-de-convivencia-y-paz-escolar.jpeg","jetpack_sharing_enabled":true,"_links":{"self":[{"href":"https:\/\/www.vocaeditorial.com\/blog\/wp-json\/wp\/v2\/posts\/8806","targetHints":{"allow":["GET"]}}],"collection":[{"href":"https:\/\/www.vocaeditorial.com\/blog\/wp-json\/wp\/v2\/posts"}],"about":[{"href":"https:\/\/www.vocaeditorial.com\/blog\/wp-json\/wp\/v2\/types\/post"}],"author":[{"embeddable":true,"href":"https:\/\/www.vocaeditorial.com\/blog\/wp-json\/wp\/v2\/users\/49"}],"replies":[{"embeddable":true,"href":"https:\/\/www.vocaeditorial.com\/blog\/wp-json\/wp\/v2\/comments?post=8806"}],"version-history":[{"count":0,"href":"https:\/\/www.vocaeditorial.com\/blog\/wp-json\/wp\/v2\/posts\/8806\/revisions"}],"wp:featuredmedia":[{"embeddable":true,"href":"https:\/\/www.vocaeditorial.com\/blog\/wp-json\/wp\/v2\/media\/8766"}],"wp:attachment":[{"href":"https:\/\/www.vocaeditorial.com\/blog\/wp-json\/wp\/v2\/media?parent=8806"}],"wp:term":[{"taxonomy":"post_tag","embeddable":true,"href":"https:\/\/www.vocaeditorial.com\/blog\/wp-json\/wp\/v2\/tags?post=8806"}],"curies":[{"name":"wp","href":"https:\/\/api.w.org\/{rel}","templated":true}]}}