{"id":8793,"date":"2026-01-15T15:00:43","date_gmt":"2026-01-15T14:00:43","guid":{"rendered":"https:\/\/www.vocaeditorial.com\/blog\/?p=8793"},"modified":"2025-12-11T12:01:38","modified_gmt":"2025-12-11T11:01:38","slug":"etica-y-valores-en-el-aula","status":"publish","type":"post","link":"https:\/\/www.vocaeditorial.com\/blog\/etica-y-valores-en-el-aula\/","title":{"rendered":"\u00c9tica y valores en el aula: del discurso a la pr\u00e1ctica diaria"},"content":{"rendered":"<p><span style=\"font-weight: 400;\">Son las 9:15 de la ma\u00f1ana. Dos alumnas discuten porque una ha copiado del trabajo de la otra. Mientras tanto, un grupo se r\u00ede de un compa\u00f1ero por su ropa. Y t\u00fa tienes que decidir en segundos c\u00f3mo actuar. Este es el verdadero laboratorio de \u00e9tica y valores en el aula. Veamos c\u00f3mo actuar en estos mil peque\u00f1os momentos donde la moralidad se juega cada d\u00eda.<\/span><\/p>\n\n<p><span data-sheets-root=\"1\">[CtaModule cta_item=\u00bb6828&#8243;]<\/span><\/p>\n<p>&nbsp;<\/p>\n<h2><span style=\"color: #ffa341;\"><b>Qu\u00e9 consideramos \u00e9tica y valores en el aula<\/b><\/span><\/h2>\n<p><span style=\"font-weight: 400;\">Para empezar, tenemos que plantearnos <strong>de qu\u00e9 hablamos y qu\u00e9 buscamos<\/strong> al trabajar \u00e9tica y valores en el aula. Porque nos referimos a:<\/span><\/p>\n<ul>\n<li style=\"font-weight: 400;\" aria-level=\"1\"><span style=\"font-weight: 400;\">Una forma de estar en el aula constantemente.<\/span><\/li>\n<li style=\"font-weight: 400;\" aria-level=\"1\"><span style=\"font-weight: 400;\">Decisiones coherentes del docente minuto a minuto.<\/span><\/li>\n<li style=\"font-weight: 400;\" aria-level=\"1\"><span style=\"font-weight: 400;\">Experiencias que los alumnos viven, no escuchan.<\/span><\/li>\n<li style=\"font-weight: 400;\" aria-level=\"1\"><span style=\"font-weight: 400;\">La cultura invisible pero omnipresente del grupo.<\/span><\/li>\n<\/ul>\n<p>&nbsp;<\/p>\n<p><span style=\"font-weight: 400;\">Es decir, los valores se contagian,<\/span><b> no basta simplemente con ense\u00f1arlos te\u00f3ricamente<\/b><span style=\"font-weight: 400;\">. Por eso, el aula \u00e9tica forma personas \u00e9ticas por osmosis, no por charlas de formaci\u00f3n. Por eso mismo, podemos decir que si no los traducimos en expresiones concretas, se quedan en poco:<\/span><\/p>\n<ul>\n<li style=\"font-weight: 400;\" aria-level=\"1\"><span style=\"font-weight: 400;\">Una asignatura de 45 minutos semanales.<\/span><\/li>\n<li style=\"font-weight: 400;\" aria-level=\"1\"><span style=\"font-weight: 400;\">Un listado de palabras nobles para memorizar.<\/span><\/li>\n<li style=\"font-weight: 400;\" aria-level=\"1\"><span style=\"font-weight: 400;\">Charlas ocasionales cuando algo sale mal.<\/span><\/li>\n<li style=\"font-weight: 400;\" aria-level=\"1\"><span style=\"font-weight: 400;\">Decoraci\u00f3n en las paredes.<\/span><\/li>\n<\/ul>\n<p>&nbsp;<\/p>\n<p><span style=\"font-weight: 400;\">Y es que mucho del aprendizaje es tambi\u00e9n no planificado. Porque la misma forma de organizar la clase ya da pistas \u00e9ticas:<\/span><\/p>\n<table>\n<tbody>\n<tr>\n<td><b>Decisi\u00f3n organizativa<\/b><\/td>\n<td><b>Mensaje \u00e9tico que transmite<\/b><\/td>\n<\/tr>\n<tr>\n<td><span style=\"font-weight: 400;\">Cambias alumnos de sitio sin consultarles<\/span><\/td>\n<td><span style=\"font-weight: 400;\">Las decisiones sobre tu vida las toman otros<\/span><\/td>\n<\/tr>\n<tr>\n<td><span style=\"font-weight: 400;\">Solo valoras respuestas correctas<\/span><\/td>\n<td><span style=\"font-weight: 400;\">El error es vergonzoso, no una oportunidad<\/span><\/td>\n<\/tr>\n<tr>\n<td><span style=\"font-weight: 400;\">Premias solo a los mejores<\/span><\/td>\n<td><span style=\"font-weight: 400;\">Tu valor depende de ser mejor que otros<\/span><\/td>\n<\/tr>\n<tr>\n<td><span style=\"font-weight: 400;\">No dejas hablar de emociones<\/span><\/td>\n<td><span style=\"font-weight: 400;\">Los sentimientos no importan en lo importante<\/span><\/td>\n<\/tr>\n<tr>\n<td><span style=\"font-weight: 400;\">Castigas sin escuchar versiones<\/span><\/td>\n<td><span style=\"font-weight: 400;\">La justicia no requiere escucha<\/span><\/td>\n<\/tr>\n<\/tbody>\n<\/table>\n<p><span style=\"font-weight: 400;\">En definitiva, la <\/span><b>pregunta que deber\u00edas plantearte<\/b><span style=\"font-weight: 400;\"> constantemente es<\/span><\/p>\n<blockquote><p><span style=\"font-weight: 400;\">\u00bfQu\u00e9 aprenden sobre valores por c\u00f3mo organizo mi aula, independientemente de lo que les diga?<\/span><\/p><\/blockquote>\n<p>&nbsp;<\/p>\n<h2><span style=\"color: #ffa341;\"><b>Los cinco valores esenciales (y c\u00f3mo trabajarlos)<\/b><\/span><\/h2>\n<p><span style=\"font-weight: 400;\">En consecuencia, la siguiente pregunta que necesitas es: \u00bfQu\u00e9 valores me interesan m\u00e1s? \u00bfQu\u00e9 quiero que entiendan y pongan en pr\u00e1ctica? Aqu\u00ed vamos a hablar de los<\/span><b> cinco valores que podemos considerar vertebrales<\/b><span style=\"font-weight: 400;\">: respeto, responsabilidad, empat\u00eda, honestidad y solidaridad.<\/span><\/p>\n<p><span data-sheets-root=\"1\">[CtaModule cta_item=\u00bb6208&#8243;]<\/span><\/p>\n<h3><span style=\"color: #ffa341;\"><b>1. Respeto &#8211; La base de todo<\/b><\/span><\/h3>\n<p><span style=\"font-weight: 400;\">En primer lugar, el respeto hace referencia a <\/span><b>reconocer la dignidad de cada persona <\/b><span style=\"font-weight: 400;\">aunque piense, sea o act\u00fae diferente. Y en el aula, se transforma en:<\/span><\/p>\n<table>\n<tbody>\n<tr>\n<td><span style=\"font-weight: 400;\">Escuchar sin interrumpir<\/span><\/td>\n<td><span style=\"font-weight: 400;\">No ridiculizar ideas ajenas<\/span><\/td>\n<td><span style=\"font-weight: 400;\">Cuidar el material com\u00fan<\/span><\/td>\n<td><span style=\"font-weight: 400;\">Usar lenguaje no violento<\/span><\/td>\n<td><span style=\"font-weight: 400;\">Respetar turnos y espacios<\/span><\/td>\n<\/tr>\n<\/tbody>\n<\/table>\n<p><span style=\"font-weight: 400;\">Por eso, algunas <\/span><b>actividades relacionadas<\/b><span style=\"font-weight: 400;\"> pueden ser:<\/span><\/p>\n<ol>\n<li style=\"font-weight: 400;\" aria-level=\"1\"><b>C\u00edrculos de palabra:<\/b><span style=\"font-weight: 400;\"> donde solo habla quien tiene el objeto que da la palabra.<\/span><\/li>\n<li style=\"font-weight: 400;\" aria-level=\"1\"><b>Acuerdos de comunicaci\u00f3n:<\/b><span style=\"font-weight: 400;\"> para co-crear normas de c\u00f3mo hablamos en clase.<\/span><\/li>\n<li style=\"font-weight: 400;\" aria-level=\"1\"><b><i><span style=\"text-decoration: underline;\"><a href=\"https:\/\/dialnet.unirioja.es\/descarga\/articulo\/4817169.pdf\" target=\"_blank\" rel=\"noopener\">Role-playing<\/a><\/span>:<\/i><\/b><span style=\"font-weight: 400;\"> es decir, situaciones de conflicto donde practican respeto bajo presi\u00f3n.<\/span><\/li>\n<\/ol>\n<p>&nbsp;<\/p>\n<h3><span style=\"color: #ffa341;\"><b>2. Responsabilidad &#8211; Hacerse cargo<\/b><\/span><\/h3>\n<p><span style=\"font-weight: 400;\">En segundo lugar, hablemos de responsabilidad, fundamental en los estudios (y en la vida). As\u00ed, consiste en <\/span><b>asumir las consecuencias de tus decisiones y cumplir compromisos<\/b><span style=\"font-weight: 400;\">.<\/span><\/p>\n<ul>\n<li style=\"font-weight: 400;\" aria-level=\"1\"><span style=\"font-weight: 400;\">Hacer deberes sin que te persigan.<\/span><\/li>\n<li style=\"font-weight: 400;\" aria-level=\"1\"><span style=\"font-weight: 400;\">Reconocer errores sin echar culpas.<\/span><\/li>\n<li style=\"font-weight: 400;\" aria-level=\"1\"><span style=\"font-weight: 400;\">Cuidar material propio y com\u00fan.<\/span><\/li>\n<li style=\"font-weight: 400;\" aria-level=\"1\"><span style=\"font-weight: 400;\">Cumplir con los roles asignados en los trabajos grupales.<\/span><\/li>\n<\/ul>\n<p>&nbsp;<\/p>\n<p><span style=\"font-weight: 400;\">Para ello, te pueden ayudar algunas <\/span><b>actividades <\/b><span style=\"font-weight: 400;\">como estas<\/span><b>:<\/b><\/p>\n<table>\n<tbody>\n<tr>\n<td><b>Herramienta<\/b><\/td>\n<td><b>Descripci\u00f3n<\/b><\/td>\n<\/tr>\n<tr>\n<td><b>Responsabilidades rotativas<\/b><\/td>\n<td><span style=\"font-weight: 400;\">Cada semana alguien es responsable de algo (biblioteca, plantas, material). Si falla, analiza qu\u00e9 pas\u00f3.<\/span><\/td>\n<\/tr>\n<tr>\n<td><b>Contratos de aprendizaje<\/b><\/td>\n<td><span style=\"font-weight: 400;\">Los alumnos se comprometen con objetivos y autoeval\u00faan si los cumplieron.<\/span><\/td>\n<\/tr>\n<tr>\n<td><b>Reparaci\u00f3n activa<\/b><\/td>\n<td><span style=\"font-weight: 400;\">Cuando algo se rompe o falla, el responsable propone c\u00f3mo repararlo.<\/span><\/td>\n<\/tr>\n<\/tbody>\n<\/table>\n<h3><span style=\"color: #ffa341;\"><b>3. Empat\u00eda &#8211; Sentir con el otro<\/b><\/span><\/h3>\n<p><span style=\"font-weight: 400;\">Por otro lado, hablamos de comprender y conectar emocionalmente con la experiencia ajena. Y es que esto es fundamental para crear buen ambiente en clase. Si entienden cu\u00e1ndo est\u00e1 triste un compa\u00f1ero o cu\u00e1ndo alguien ha molestado a alguien, podr\u00e1n estar disponibles para apoyarles.<\/span><\/p>\n<p><span style=\"font-weight: 400;\">Para ello, sugerimos algunas posibles actividades:<\/span><\/p>\n<ol>\n<li style=\"font-weight: 400;\" aria-level=\"1\"><b>Historias en primera persona. <\/b><span style=\"font-weight: 400;\">En este caso, leer\u00e1n testimonios de situaciones dif\u00edciles (refugiados, enfermedad, exclusi\u00f3n) que les ayuden a entender c\u00f3mo se sienten sus protagonistas.<\/span><\/li>\n<li style=\"font-weight: 400;\" aria-level=\"1\"><b><i>Role-reversal<\/i><\/b><b>:<\/b><span style=\"font-weight: 400;\"> despu\u00e9s, pueden actuar algunas situaciones desde el punto de vista del otro.<\/span><\/li>\n<li style=\"font-weight: 400;\" aria-level=\"1\"><b>Diario emocional compartido:<\/b><span style=\"font-weight: 400;\"> es decir, que entre todos vayan escribiendo un diario de las emociones del d\u00eda. Tendr\u00e1n que anotar c\u00f3mo se sintieron y por qu\u00e9.<\/span><\/li>\n<li style=\"font-weight: 400;\" aria-level=\"1\"><b>Resoluci\u00f3n emp\u00e1tica de conflictos:<\/b><span style=\"font-weight: 400;\"> as\u00ed, cuando surja un conflicto, puedes preguntarles c\u00f3mo creen que se sinti\u00f3 la persona afectada, para verlo desde su perspectiva tambi\u00e9n.\u00a0<\/span><\/li>\n<\/ol>\n<p>&nbsp;<\/p>\n<h3><span style=\"color: #ffa341;\"><b>4. Honestidad &#8211; Vivir en la verdad<\/b><\/span><\/h3>\n<p><span style=\"font-weight: 400;\">Por otra parte, la honestidad corresponde a la<\/span><\/p>\n<blockquote><p><span style=\"font-weight: 400;\">Coherencia entre lo que piensas, dices y haces.<\/span><\/p><\/blockquote>\n<p>&nbsp;<\/p>\n<p><span style=\"font-weight: 400;\">Por eso, podr\u00edamos decir que est\u00e1 en la <\/span><b>base de todas las actitudes en el aula<\/b><span style=\"font-weight: 400;\">.<\/span><b>\u00a0<\/b><\/p>\n<ul>\n<li style=\"font-weight: 400;\" aria-level=\"1\"><span style=\"font-weight: 400;\">No mentir para salir de problemas.<\/span><\/li>\n<li style=\"font-weight: 400;\" aria-level=\"1\"><span style=\"font-weight: 400;\">Admitir cuando no sabes algo.<\/span><\/li>\n<li style=\"font-weight: 400;\" aria-level=\"1\"><span style=\"font-weight: 400;\">No prometer lo que no vas a cumplir.<\/span><\/li>\n<li style=\"font-weight: 400;\" aria-level=\"1\"><span style=\"font-weight: 400;\">Dar <\/span><i><span style=\"font-weight: 400;\">feedback <\/span><\/i><span style=\"font-weight: 400;\">sincero pero constructivo, etc.<\/span><\/li>\n<\/ul>\n<p>&nbsp;<\/p>\n<p><span style=\"font-weight: 400;\">Y para que aprendan a ser honestos a la vez que amables y no exageradamente sinceros, puedes llevar a cabo algunas actividades pr\u00e1cticas:<\/span><\/p>\n<table>\n<tbody>\n<tr>\n<td><span style=\"font-weight: 400;\" data-rich-links=\"{&quot;dde_di&quot;:&quot;kix.dm6n65m5uwoy&quot;,&quot;dde-fdv&quot;:&quot;Dilemas de honestidad&quot;,&quot;dde-sii&quot;:&quot;dropdownItem.dda2ysr133t8&quot;,&quot;ddefe-ddi&quot;:{&quot;cv&quot;:{&quot;op&quot;:&quot;set&quot;,&quot;opValue&quot;:[{&quot;di-id&quot;:&quot;dropdownItem.988gjj32py7w&quot;,&quot;di-v&quot;:&quot;Autoevaluaci\u00f3n honesta&quot;,&quot;di-dv&quot;:&quot;Autoevaluaci\u00f3n honesta&quot;,&quot;di-ts&quot;:{&quot;ts_bd&quot;:false,&quot;ts_fs&quot;:11,&quot;ts_ff&quot;:&quot;Arial&quot;,&quot;ts_it&quot;:false,&quot;ts_sc&quot;:false,&quot;ts_st&quot;:false,&quot;ts_tw&quot;:400,&quot;ts_un&quot;:false,&quot;ts_va&quot;:&quot;nor&quot;,&quot;ts_bgc2&quot;:{&quot;clr_type&quot;:0,&quot;hclr_color&quot;:null},&quot;ts_fgc2&quot;:{&quot;clr_type&quot;:0,&quot;hclr_color&quot;:null},&quot;ts_bd_i&quot;:false,&quot;ts_fs_i&quot;:false,&quot;ts_ff_i&quot;:false,&quot;ts_it_i&quot;:false,&quot;ts_sc_i&quot;:false,&quot;ts_st_i&quot;:false,&quot;ts_un_i&quot;:false,&quot;ts_va_i&quot;:false,&quot;ts_bgc2_i&quot;:false,&quot;ts_fgc2_i&quot;:false},&quot;di-cv&quot;:{&quot;dicv_v&quot;:0,&quot;dicv_ft&quot;:0}},{&quot;di-id&quot;:&quot;dropdownItem.dda2ysr133t8&quot;,&quot;di-v&quot;:&quot;Dilemas de honestidad&quot;,&quot;di-dv&quot;:&quot;Dilemas de honestidad&quot;,&quot;di-ts&quot;:{&quot;ts_bd&quot;:false,&quot;ts_fs&quot;:11,&quot;ts_ff&quot;:&quot;Arial&quot;,&quot;ts_it&quot;:false,&quot;ts_sc&quot;:false,&quot;ts_st&quot;:false,&quot;ts_tw&quot;:400,&quot;ts_un&quot;:false,&quot;ts_va&quot;:&quot;nor&quot;,&quot;ts_bgc2&quot;:{&quot;clr_type&quot;:0,&quot;hclr_color&quot;:null},&quot;ts_fgc2&quot;:{&quot;clr_type&quot;:0,&quot;hclr_color&quot;:null},&quot;ts_bd_i&quot;:false,&quot;ts_fs_i&quot;:false,&quot;ts_ff_i&quot;:false,&quot;ts_it_i&quot;:false,&quot;ts_sc_i&quot;:false,&quot;ts_st_i&quot;:false,&quot;ts_un_i&quot;:false,&quot;ts_va_i&quot;:false,&quot;ts_bgc2_i&quot;:false,&quot;ts_fgc2_i&quot;:false},&quot;di-cv&quot;:{&quot;dicv_v&quot;:0,&quot;dicv_ft&quot;:0}},{&quot;di-id&quot;:&quot;dropdownItem.d8ldlvmdxzb2&quot;,&quot;di-v&quot;:&quot;Modelado docente&quot;,&quot;di-dv&quot;:&quot;Modelado docente&quot;,&quot;di-ts&quot;:{&quot;ts_bd&quot;:false,&quot;ts_fs&quot;:11,&quot;ts_ff&quot;:&quot;Arial&quot;,&quot;ts_it&quot;:false,&quot;ts_sc&quot;:false,&quot;ts_st&quot;:false,&quot;ts_tw&quot;:400,&quot;ts_un&quot;:false,&quot;ts_va&quot;:&quot;nor&quot;,&quot;ts_bgc2&quot;:{&quot;clr_type&quot;:0,&quot;hclr_color&quot;:null},&quot;ts_fgc2&quot;:{&quot;clr_type&quot;:0,&quot;hclr_color&quot;:null},&quot;ts_bd_i&quot;:false,&quot;ts_fs_i&quot;:false,&quot;ts_ff_i&quot;:false,&quot;ts_it_i&quot;:false,&quot;ts_sc_i&quot;:false,&quot;ts_st_i&quot;:false,&quot;ts_un_i&quot;:false,&quot;ts_va_i&quot;:false,&quot;ts_bgc2_i&quot;:false,&quot;ts_fgc2_i&quot;:false},&quot;di-cv&quot;:{&quot;dicv_v&quot;:0,&quot;dicv_ft&quot;:0}}]}},&quot;ddefe-t&quot;:&quot;Categor\u00eda&quot;,&quot;type&quot;:&quot;dropdown&quot;}\">Dilemas de honestidad<\/span><\/td>\n<td><span style=\"font-weight: 400;\">Plantearles preguntas \u00e9ticas\/morales sobre el tema:\u00a0<\/span><br \/>\n<span style=\"font-weight: 400;\">-\u00bfEst\u00e1 bien mentir para proteger a un amigo?<\/span><br \/>\n<span style=\"font-weight: 400;\">-\u00bfHay que decir tu opini\u00f3n aunque ofenda?<\/span><\/td>\n<\/tr>\n<tr>\n<td><span style=\"font-weight: 400;\" data-rich-links=\"{&quot;dde_di&quot;:&quot;kix.dm6n65m5uwoy&quot;,&quot;dde-fdv&quot;:&quot;Autoevaluaci\u00f3n honesta&quot;,&quot;dde-sii&quot;:&quot;dropdownItem.988gjj32py7w&quot;,&quot;ddefe-ddi&quot;:{&quot;cv&quot;:{&quot;op&quot;:&quot;set&quot;,&quot;opValue&quot;:[{&quot;di-id&quot;:&quot;dropdownItem.988gjj32py7w&quot;,&quot;di-v&quot;:&quot;Autoevaluaci\u00f3n honesta&quot;,&quot;di-dv&quot;:&quot;Autoevaluaci\u00f3n honesta&quot;,&quot;di-ts&quot;:{&quot;ts_bd&quot;:false,&quot;ts_fs&quot;:11,&quot;ts_ff&quot;:&quot;Arial&quot;,&quot;ts_it&quot;:false,&quot;ts_sc&quot;:false,&quot;ts_st&quot;:false,&quot;ts_tw&quot;:400,&quot;ts_un&quot;:false,&quot;ts_va&quot;:&quot;nor&quot;,&quot;ts_bgc2&quot;:{&quot;clr_type&quot;:0,&quot;hclr_color&quot;:null},&quot;ts_fgc2&quot;:{&quot;clr_type&quot;:0,&quot;hclr_color&quot;:null},&quot;ts_bd_i&quot;:false,&quot;ts_fs_i&quot;:false,&quot;ts_ff_i&quot;:false,&quot;ts_it_i&quot;:false,&quot;ts_sc_i&quot;:false,&quot;ts_st_i&quot;:false,&quot;ts_un_i&quot;:false,&quot;ts_va_i&quot;:false,&quot;ts_bgc2_i&quot;:false,&quot;ts_fgc2_i&quot;:false},&quot;di-cv&quot;:{&quot;dicv_v&quot;:0,&quot;dicv_ft&quot;:0}},{&quot;di-id&quot;:&quot;dropdownItem.dda2ysr133t8&quot;,&quot;di-v&quot;:&quot;Dilemas de honestidad&quot;,&quot;di-dv&quot;:&quot;Dilemas de honestidad&quot;,&quot;di-ts&quot;:{&quot;ts_bd&quot;:false,&quot;ts_fs&quot;:11,&quot;ts_ff&quot;:&quot;Arial&quot;,&quot;ts_it&quot;:false,&quot;ts_sc&quot;:false,&quot;ts_st&quot;:false,&quot;ts_tw&quot;:400,&quot;ts_un&quot;:false,&quot;ts_va&quot;:&quot;nor&quot;,&quot;ts_bgc2&quot;:{&quot;clr_type&quot;:0,&quot;hclr_color&quot;:null},&quot;ts_fgc2&quot;:{&quot;clr_type&quot;:0,&quot;hclr_color&quot;:null},&quot;ts_bd_i&quot;:false,&quot;ts_fs_i&quot;:false,&quot;ts_ff_i&quot;:false,&quot;ts_it_i&quot;:false,&quot;ts_sc_i&quot;:false,&quot;ts_st_i&quot;:false,&quot;ts_un_i&quot;:false,&quot;ts_va_i&quot;:false,&quot;ts_bgc2_i&quot;:false,&quot;ts_fgc2_i&quot;:false},&quot;di-cv&quot;:{&quot;dicv_v&quot;:0,&quot;dicv_ft&quot;:0}},{&quot;di-id&quot;:&quot;dropdownItem.d8ldlvmdxzb2&quot;,&quot;di-v&quot;:&quot;Modelado docente&quot;,&quot;di-dv&quot;:&quot;Modelado docente&quot;,&quot;di-ts&quot;:{&quot;ts_bd&quot;:false,&quot;ts_fs&quot;:11,&quot;ts_ff&quot;:&quot;Arial&quot;,&quot;ts_it&quot;:false,&quot;ts_sc&quot;:false,&quot;ts_st&quot;:false,&quot;ts_tw&quot;:400,&quot;ts_un&quot;:false,&quot;ts_va&quot;:&quot;nor&quot;,&quot;ts_bgc2&quot;:{&quot;clr_type&quot;:0,&quot;hclr_color&quot;:null},&quot;ts_fgc2&quot;:{&quot;clr_type&quot;:0,&quot;hclr_color&quot;:null},&quot;ts_bd_i&quot;:false,&quot;ts_fs_i&quot;:false,&quot;ts_ff_i&quot;:false,&quot;ts_it_i&quot;:false,&quot;ts_sc_i&quot;:false,&quot;ts_st_i&quot;:false,&quot;ts_un_i&quot;:false,&quot;ts_va_i&quot;:false,&quot;ts_bgc2_i&quot;:false,&quot;ts_fgc2_i&quot;:false},&quot;di-cv&quot;:{&quot;dicv_v&quot;:0,&quot;dicv_ft&quot;:0}}]}},&quot;ddefe-t&quot;:&quot;Categor\u00eda&quot;,&quot;type&quot;:&quot;dropdown&quot;}\">Autoevaluaci\u00f3n honesta<\/span><\/td>\n<td><span style=\"font-weight: 400;\">Que valoren su propio trabajo sin inflarlo ni minusvalorarlo.<\/span><\/td>\n<\/tr>\n<tr>\n<td><span style=\"font-weight: 400;\" data-rich-links=\"{&quot;dde_di&quot;:&quot;kix.dm6n65m5uwoy&quot;,&quot;dde-fdv&quot;:&quot;Modelado docente&quot;,&quot;dde-sii&quot;:&quot;dropdownItem.d8ldlvmdxzb2&quot;,&quot;ddefe-ddi&quot;:{&quot;cv&quot;:{&quot;op&quot;:&quot;set&quot;,&quot;opValue&quot;:[{&quot;di-id&quot;:&quot;dropdownItem.988gjj32py7w&quot;,&quot;di-v&quot;:&quot;Autoevaluaci\u00f3n honesta&quot;,&quot;di-dv&quot;:&quot;Autoevaluaci\u00f3n honesta&quot;,&quot;di-ts&quot;:{&quot;ts_bd&quot;:false,&quot;ts_fs&quot;:11,&quot;ts_ff&quot;:&quot;Arial&quot;,&quot;ts_it&quot;:false,&quot;ts_sc&quot;:false,&quot;ts_st&quot;:false,&quot;ts_tw&quot;:400,&quot;ts_un&quot;:false,&quot;ts_va&quot;:&quot;nor&quot;,&quot;ts_bgc2&quot;:{&quot;clr_type&quot;:0,&quot;hclr_color&quot;:null},&quot;ts_fgc2&quot;:{&quot;clr_type&quot;:0,&quot;hclr_color&quot;:null},&quot;ts_bd_i&quot;:false,&quot;ts_fs_i&quot;:false,&quot;ts_ff_i&quot;:false,&quot;ts_it_i&quot;:false,&quot;ts_sc_i&quot;:false,&quot;ts_st_i&quot;:false,&quot;ts_un_i&quot;:false,&quot;ts_va_i&quot;:false,&quot;ts_bgc2_i&quot;:false,&quot;ts_fgc2_i&quot;:false},&quot;di-cv&quot;:{&quot;dicv_v&quot;:0,&quot;dicv_ft&quot;:0}},{&quot;di-id&quot;:&quot;dropdownItem.dda2ysr133t8&quot;,&quot;di-v&quot;:&quot;Dilemas de honestidad&quot;,&quot;di-dv&quot;:&quot;Dilemas de honestidad&quot;,&quot;di-ts&quot;:{&quot;ts_bd&quot;:false,&quot;ts_fs&quot;:11,&quot;ts_ff&quot;:&quot;Arial&quot;,&quot;ts_it&quot;:false,&quot;ts_sc&quot;:false,&quot;ts_st&quot;:false,&quot;ts_tw&quot;:400,&quot;ts_un&quot;:false,&quot;ts_va&quot;:&quot;nor&quot;,&quot;ts_bgc2&quot;:{&quot;clr_type&quot;:0,&quot;hclr_color&quot;:null},&quot;ts_fgc2&quot;:{&quot;clr_type&quot;:0,&quot;hclr_color&quot;:null},&quot;ts_bd_i&quot;:false,&quot;ts_fs_i&quot;:false,&quot;ts_ff_i&quot;:false,&quot;ts_it_i&quot;:false,&quot;ts_sc_i&quot;:false,&quot;ts_st_i&quot;:false,&quot;ts_un_i&quot;:false,&quot;ts_va_i&quot;:false,&quot;ts_bgc2_i&quot;:false,&quot;ts_fgc2_i&quot;:false},&quot;di-cv&quot;:{&quot;dicv_v&quot;:0,&quot;dicv_ft&quot;:0}},{&quot;di-id&quot;:&quot;dropdownItem.d8ldlvmdxzb2&quot;,&quot;di-v&quot;:&quot;Modelado docente&quot;,&quot;di-dv&quot;:&quot;Modelado docente&quot;,&quot;di-ts&quot;:{&quot;ts_bd&quot;:false,&quot;ts_fs&quot;:11,&quot;ts_ff&quot;:&quot;Arial&quot;,&quot;ts_it&quot;:false,&quot;ts_sc&quot;:false,&quot;ts_st&quot;:false,&quot;ts_tw&quot;:400,&quot;ts_un&quot;:false,&quot;ts_va&quot;:&quot;nor&quot;,&quot;ts_bgc2&quot;:{&quot;clr_type&quot;:0,&quot;hclr_color&quot;:null},&quot;ts_fgc2&quot;:{&quot;clr_type&quot;:0,&quot;hclr_color&quot;:null},&quot;ts_bd_i&quot;:false,&quot;ts_fs_i&quot;:false,&quot;ts_ff_i&quot;:false,&quot;ts_it_i&quot;:false,&quot;ts_sc_i&quot;:false,&quot;ts_st_i&quot;:false,&quot;ts_un_i&quot;:false,&quot;ts_va_i&quot;:false,&quot;ts_bgc2_i&quot;:false,&quot;ts_fgc2_i&quot;:false},&quot;di-cv&quot;:{&quot;dicv_v&quot;:0,&quot;dicv_ft&quot;:0}}]}},&quot;ddefe-t&quot;:&quot;Categor\u00eda&quot;,&quot;type&quot;:&quot;dropdown&quot;}\">Modelado docente<\/span><\/td>\n<td><span style=\"font-weight: 400;\">El profesor tambi\u00e9n admite sus errores p\u00fablicamente: \u00abMe equivoqu\u00e9 en la explicaci\u00f3n de ayer\u00bb.<\/span><\/td>\n<\/tr>\n<\/tbody>\n<\/table>\n<h3><span style=\"color: #ffa341;\"><b>5. Solidaridad &#8211; Juntos somos m\u00e1s<\/b><\/span><\/h3>\n<p><span style=\"font-weight: 400;\">Finalmente, el apoyo activo y el <\/span><b>compromiso con el bienestar de otros<\/b><span style=\"font-weight: 400;\">, sin duda, repercutir\u00e1 en una \u00e9tica y valores en el aula visibles.<\/span><\/p>\n<ul>\n<li style=\"font-weight: 400;\" aria-level=\"1\"><span style=\"font-weight: 400;\">Ayudar a quien tiene dificultades sin que te lo pidan.<\/span><\/li>\n<li style=\"font-weight: 400;\" aria-level=\"1\"><span style=\"font-weight: 400;\">Compartir material cuando alguien lo necesita.<\/span><\/li>\n<li style=\"font-weight: 400;\" aria-level=\"1\"><span style=\"font-weight: 400;\">Defender causas justas aunque no te afecten personalmente.<\/span><\/li>\n<li style=\"font-weight: 400;\" aria-level=\"1\"><span style=\"font-weight: 400;\">Celebrar \u00e9xitos ajenos sin envidia.<\/span><\/li>\n<\/ul>\n<p>&nbsp;<\/p>\n<p><span style=\"font-weight: 400;\">Porque la clave es reconocer la dignidad de todos y tratar de salvaguardarla. Para ello,\u00a0<\/span><\/p>\n<ol>\n<li style=\"font-weight: 400;\" aria-level=\"1\"><span style=\"font-weight: 400;\">Te puede ayudar crear un <\/span><b>banco de tiempo o actividades tipo \u00abapadrinamiento\u00bb<\/b><span style=\"font-weight: 400;\">, para que entre ellos intercambien sus habilidades o se ayuden en lo que se les da mejor.\u00a0<\/span><\/li>\n<li style=\"font-weight: 400;\" aria-level=\"1\"><span style=\"font-weight: 400;\">Asimismo, <\/span><b>proyectos de <span style=\"text-decoration: underline;\"><a href=\"https:\/\/www.vocaeditorial.com\/blog\/aprendizaje-servicio\/\" target=\"_blank\" rel=\"noopener\">aprendizaje-servicio<\/a><\/span><\/b><span style=\"font-weight: 400;\"> tambi\u00e9n van creando una comunidad real de ayuda.<\/span><\/li>\n<\/ol>\n<p>&nbsp;<\/p>\n<p><span style=\"font-weight: 400;\">En definitiva, se trata de buscar ideas que puedas llevar al aula para ir implementando en la pr\u00e1ctica los valores. Nosotros te recomendamos nuestros programa de valores y educaci\u00f3n emocional:<\/span><\/p>\n<table>\n<tbody>\n<tr>\n<td><span style=\"text-decoration: underline;\"><a href=\"http:\/\/www.vocaeditorial.com\/talentum-primaria\" target=\"_blank\" rel=\"noopener\"><b>Talentum primaria<\/b><\/a><\/span><\/td>\n<td><span style=\"text-decoration: underline;\"><a href=\"http:\/\/www.vocaeditorial.com\/talentum\" target=\"_blank\" rel=\"noopener\"><b>Talentum secundaria<\/b><\/a><\/span><\/td>\n<\/tr>\n<tr>\n<td><img loading=\"lazy\" decoding=\"async\" width=\"226\" height=\"320\" class=\"size-full wp-image-8322 aligncenter\" src=\"https:\/\/www.vocaeditorial.com\/blog\/media\/ALU-TP1-Portada.jpg\" alt=\"\" srcset=\"https:\/\/www.vocaeditorial.com\/blog\/media\/ALU-TP1-Portada.jpg 226w, https:\/\/www.vocaeditorial.com\/blog\/media\/ALU-TP1-Portada-224x317.jpg 224w\" sizes=\"auto, (max-width: 226px) 100vw, 226px\" \/><\/td>\n<td><img loading=\"lazy\" decoding=\"async\" class=\"aligncenter wp-image-7915 size-min_large\" src=\"https:\/\/www.vocaeditorial.com\/blog\/media\/TALENTUM-L1-224x317.jpg\" alt=\"\" width=\"224\" height=\"317\" srcset=\"https:\/\/www.vocaeditorial.com\/blog\/media\/TALENTUM-L1-224x317.jpg 224w, https:\/\/www.vocaeditorial.com\/blog\/media\/TALENTUM-L1-465x658.jpg 465w, https:\/\/www.vocaeditorial.com\/blog\/media\/TALENTUM-L1-559x791.jpg 559w, https:\/\/www.vocaeditorial.com\/blog\/media\/TALENTUM-L1-272x385.jpg 272w, https:\/\/www.vocaeditorial.com\/blog\/media\/TALENTUM-L1.jpg 1024w\" sizes=\"auto, (max-width: 224px) 100vw, 224px\" \/><\/td>\n<\/tr>\n<\/tbody>\n<\/table>\n<p>&nbsp;<\/p>\n<p><span style=\"font-weight: 400;\">Al final, \u00e9tica y valores en el aula no es simplemente escribir los valores en la pared. Sino que se trata de<\/span><b> sentir el respeto al entrar, respirar la solidaridad en cada interacci\u00f3n y vivir la honestidad en cada decisi\u00f3n<\/b><span style=\"font-weight: 400;\">. Y esa atm\u00f3sfera se construye d\u00eda a d\u00eda, decisi\u00f3n a decisi\u00f3n, conflicto a conflicto.<\/span><\/p>\n","protected":false},"excerpt":{"rendered":"<p>Estrategia, coherencia y pr\u00e1ctica para vivir la \u00e9tica y valores en el aula en cada decisi\u00f3n, en cada interacci\u00f3n, en cada conflicto.<\/p>\n","protected":false},"author":49,"featured_media":8730,"comment_status":"closed","ping_status":"closed","sticky":false,"template":"","format":"standard","meta":{"content-type":"","inline_featured_image":false,"_jetpack_memberships_contains_paid_content":false,"footnotes":""},"tags":[601,644,645],"class_list":["post-8793","post","type-post","status-publish","format-standard","has-post-thumbnail","hentry","category-educacion-en-valores","tag-valores","tag-educacion-en-valores","tag-educacion-etica"],"yoast_head":"<!-- This site is optimized with the Yoast SEO plugin v26.6 - https:\/\/yoast.com\/wordpress\/plugins\/seo\/ -->\n<title>\u00c9tica y valores en el aula: del discurso a la pr\u00e1ctica diaria &#8211; Voca Editorial<\/title>\n<meta name=\"description\" content=\"Estrategia, coherencia y pr\u00e1ctica para vivir la \u00e9tica y valores en el aula en cada decisi\u00f3n, en cada interacci\u00f3n, en cada conflicto.\" \/>\n<meta name=\"robots\" content=\"index, follow, max-snippet:-1, max-image-preview:large, max-video-preview:-1\" \/>\n<link rel=\"canonical\" href=\"https:\/\/www.vocaeditorial.com\/blog\/etica-y-valores-en-el-aula\/\" \/>\n<meta property=\"og:locale\" content=\"es_ES\" \/>\n<meta property=\"og:type\" content=\"article\" \/>\n<meta property=\"og:title\" content=\"\u00c9tica y valores en el aula: del discurso a la pr\u00e1ctica diaria &#8211; Voca Editorial\" \/>\n<meta property=\"og:description\" content=\"Estrategia, coherencia y pr\u00e1ctica para vivir la \u00e9tica y valores en el aula en cada decisi\u00f3n, en cada interacci\u00f3n, en cada conflicto.\" \/>\n<meta property=\"og:url\" content=\"https:\/\/www.vocaeditorial.com\/blog\/etica-y-valores-en-el-aula\/\" \/>\n<meta property=\"og:site_name\" content=\"Voca Editorial\" \/>\n<meta property=\"article:published_time\" content=\"2026-01-15T14:00:43+00:00\" \/>\n<meta property=\"og:image\" content=\"https:\/\/www.vocaeditorial.com\/blog\/media\/etica-y-valores-en-el-aula.jpg\" \/>\n\t<meta property=\"og:image:width\" content=\"2560\" \/>\n\t<meta property=\"og:image:height\" content=\"1707\" \/>\n\t<meta property=\"og:image:type\" content=\"image\/jpeg\" \/>\n<meta name=\"author\" content=\"VOCA Editorial\" \/>\n<meta name=\"twitter:card\" content=\"summary_large_image\" \/>\n<meta name=\"twitter:label1\" content=\"Escrito por\" \/>\n\t<meta name=\"twitter:data1\" content=\"VOCA Editorial\" \/>\n\t<meta name=\"twitter:label2\" content=\"Tiempo de lectura\" \/>\n\t<meta name=\"twitter:data2\" content=\"6 minutos\" \/>\n<script type=\"application\/ld+json\" class=\"yoast-schema-graph\">{\"@context\":\"https:\/\/schema.org\",\"@graph\":[{\"@type\":\"WebPage\",\"@id\":\"https:\/\/www.vocaeditorial.com\/blog\/etica-y-valores-en-el-aula\/\",\"url\":\"https:\/\/www.vocaeditorial.com\/blog\/etica-y-valores-en-el-aula\/\",\"name\":\"\u00c9tica y valores en el aula: del discurso a la pr\u00e1ctica diaria &#8211; Voca Editorial\",\"isPartOf\":{\"@id\":\"https:\/\/www.vocaeditorial.com\/blog\/#website\"},\"primaryImageOfPage\":{\"@id\":\"https:\/\/www.vocaeditorial.com\/blog\/etica-y-valores-en-el-aula\/#primaryimage\"},\"image\":{\"@id\":\"https:\/\/www.vocaeditorial.com\/blog\/etica-y-valores-en-el-aula\/#primaryimage\"},\"thumbnailUrl\":\"https:\/\/www.vocaeditorial.com\/blog\/media\/etica-y-valores-en-el-aula.jpg\",\"datePublished\":\"2026-01-15T14:00:43+00:00\",\"author\":{\"@id\":\"https:\/\/www.vocaeditorial.com\/blog\/#\/schema\/person\/72fba3d6c8a26fba0fee3107fda03438\"},\"description\":\"Estrategia, coherencia y pr\u00e1ctica para vivir la \u00e9tica y valores en el aula en cada decisi\u00f3n, en cada interacci\u00f3n, en cada conflicto.\",\"breadcrumb\":{\"@id\":\"https:\/\/www.vocaeditorial.com\/blog\/etica-y-valores-en-el-aula\/#breadcrumb\"},\"inLanguage\":\"es\",\"potentialAction\":[{\"@type\":\"ReadAction\",\"target\":[\"https:\/\/www.vocaeditorial.com\/blog\/etica-y-valores-en-el-aula\/\"]}]},{\"@type\":\"ImageObject\",\"inLanguage\":\"es\",\"@id\":\"https:\/\/www.vocaeditorial.com\/blog\/etica-y-valores-en-el-aula\/#primaryimage\",\"url\":\"https:\/\/www.vocaeditorial.com\/blog\/media\/etica-y-valores-en-el-aula.jpg\",\"contentUrl\":\"https:\/\/www.vocaeditorial.com\/blog\/media\/etica-y-valores-en-el-aula.jpg\",\"width\":2560,\"height\":1707,\"caption\":\"\u00e9tica y valores en el aula\"},{\"@type\":\"BreadcrumbList\",\"@id\":\"https:\/\/www.vocaeditorial.com\/blog\/etica-y-valores-en-el-aula\/#breadcrumb\",\"itemListElement\":[{\"@type\":\"ListItem\",\"position\":1,\"name\":\"Portada\",\"item\":\"https:\/\/www.vocaeditorial.com\/blog\/\"},{\"@type\":\"ListItem\",\"position\":2,\"name\":\"\u00c9tica y valores en el aula: del discurso a la pr\u00e1ctica diaria\"}]},{\"@type\":\"WebSite\",\"@id\":\"https:\/\/www.vocaeditorial.com\/blog\/#website\",\"url\":\"https:\/\/www.vocaeditorial.com\/blog\/\",\"name\":\"Voca Editorial\",\"description\":\"\",\"potentialAction\":[{\"@type\":\"SearchAction\",\"target\":{\"@type\":\"EntryPoint\",\"urlTemplate\":\"https:\/\/www.vocaeditorial.com\/blog\/?s={search_term_string}\"},\"query-input\":{\"@type\":\"PropertyValueSpecification\",\"valueRequired\":true,\"valueName\":\"search_term_string\"}}],\"inLanguage\":\"es\"},{\"@type\":\"Person\",\"@id\":\"https:\/\/www.vocaeditorial.com\/blog\/#\/schema\/person\/72fba3d6c8a26fba0fee3107fda03438\",\"name\":\"VOCA Editorial\",\"image\":{\"@type\":\"ImageObject\",\"inLanguage\":\"es\",\"@id\":\"https:\/\/www.vocaeditorial.com\/blog\/#\/schema\/person\/image\/\",\"url\":\"https:\/\/secure.gravatar.com\/avatar\/137e7a09ea636684fcf1595563ff145c113f07116d7a29acedf3e545ab378ca3?s=96&d=mm&r=g\",\"contentUrl\":\"https:\/\/secure.gravatar.com\/avatar\/137e7a09ea636684fcf1595563ff145c113f07116d7a29acedf3e545ab378ca3?s=96&d=mm&r=g\",\"caption\":\"VOCA Editorial\"},\"url\":\"https:\/\/www.vocaeditorial.com\/blog\/author\/voca-editorial\/\"}]}<\/script>\n<!-- \/ Yoast SEO plugin. -->","yoast_head_json":{"title":"\u00c9tica y valores en el aula: del discurso a la pr\u00e1ctica diaria &#8211; Voca Editorial","description":"Estrategia, coherencia y pr\u00e1ctica para vivir la \u00e9tica y valores en el aula en cada decisi\u00f3n, en cada interacci\u00f3n, en cada conflicto.","robots":{"index":"index","follow":"follow","max-snippet":"max-snippet:-1","max-image-preview":"max-image-preview:large","max-video-preview":"max-video-preview:-1"},"canonical":"https:\/\/www.vocaeditorial.com\/blog\/etica-y-valores-en-el-aula\/","og_locale":"es_ES","og_type":"article","og_title":"\u00c9tica y valores en el aula: del discurso a la pr\u00e1ctica diaria &#8211; Voca Editorial","og_description":"Estrategia, coherencia y pr\u00e1ctica para vivir la \u00e9tica y valores en el aula en cada decisi\u00f3n, en cada interacci\u00f3n, en cada conflicto.","og_url":"https:\/\/www.vocaeditorial.com\/blog\/etica-y-valores-en-el-aula\/","og_site_name":"Voca Editorial","article_published_time":"2026-01-15T14:00:43+00:00","og_image":[{"width":2560,"height":1707,"url":"https:\/\/www.vocaeditorial.com\/blog\/media\/etica-y-valores-en-el-aula.jpg","type":"image\/jpeg"}],"author":"VOCA Editorial","twitter_card":"summary_large_image","twitter_misc":{"Escrito por":"VOCA Editorial","Tiempo de lectura":"6 minutos"},"schema":{"@context":"https:\/\/schema.org","@graph":[{"@type":"WebPage","@id":"https:\/\/www.vocaeditorial.com\/blog\/etica-y-valores-en-el-aula\/","url":"https:\/\/www.vocaeditorial.com\/blog\/etica-y-valores-en-el-aula\/","name":"\u00c9tica y valores en el aula: del discurso a la pr\u00e1ctica diaria &#8211; Voca Editorial","isPartOf":{"@id":"https:\/\/www.vocaeditorial.com\/blog\/#website"},"primaryImageOfPage":{"@id":"https:\/\/www.vocaeditorial.com\/blog\/etica-y-valores-en-el-aula\/#primaryimage"},"image":{"@id":"https:\/\/www.vocaeditorial.com\/blog\/etica-y-valores-en-el-aula\/#primaryimage"},"thumbnailUrl":"https:\/\/www.vocaeditorial.com\/blog\/media\/etica-y-valores-en-el-aula.jpg","datePublished":"2026-01-15T14:00:43+00:00","author":{"@id":"https:\/\/www.vocaeditorial.com\/blog\/#\/schema\/person\/72fba3d6c8a26fba0fee3107fda03438"},"description":"Estrategia, coherencia y pr\u00e1ctica para vivir la \u00e9tica y valores en el aula en cada decisi\u00f3n, en cada interacci\u00f3n, en cada conflicto.","breadcrumb":{"@id":"https:\/\/www.vocaeditorial.com\/blog\/etica-y-valores-en-el-aula\/#breadcrumb"},"inLanguage":"es","potentialAction":[{"@type":"ReadAction","target":["https:\/\/www.vocaeditorial.com\/blog\/etica-y-valores-en-el-aula\/"]}]},{"@type":"ImageObject","inLanguage":"es","@id":"https:\/\/www.vocaeditorial.com\/blog\/etica-y-valores-en-el-aula\/#primaryimage","url":"https:\/\/www.vocaeditorial.com\/blog\/media\/etica-y-valores-en-el-aula.jpg","contentUrl":"https:\/\/www.vocaeditorial.com\/blog\/media\/etica-y-valores-en-el-aula.jpg","width":2560,"height":1707,"caption":"\u00e9tica y valores en el aula"},{"@type":"BreadcrumbList","@id":"https:\/\/www.vocaeditorial.com\/blog\/etica-y-valores-en-el-aula\/#breadcrumb","itemListElement":[{"@type":"ListItem","position":1,"name":"Portada","item":"https:\/\/www.vocaeditorial.com\/blog\/"},{"@type":"ListItem","position":2,"name":"\u00c9tica y valores en el aula: del discurso a la pr\u00e1ctica diaria"}]},{"@type":"WebSite","@id":"https:\/\/www.vocaeditorial.com\/blog\/#website","url":"https:\/\/www.vocaeditorial.com\/blog\/","name":"Voca Editorial","description":"","potentialAction":[{"@type":"SearchAction","target":{"@type":"EntryPoint","urlTemplate":"https:\/\/www.vocaeditorial.com\/blog\/?s={search_term_string}"},"query-input":{"@type":"PropertyValueSpecification","valueRequired":true,"valueName":"search_term_string"}}],"inLanguage":"es"},{"@type":"Person","@id":"https:\/\/www.vocaeditorial.com\/blog\/#\/schema\/person\/72fba3d6c8a26fba0fee3107fda03438","name":"VOCA Editorial","image":{"@type":"ImageObject","inLanguage":"es","@id":"https:\/\/www.vocaeditorial.com\/blog\/#\/schema\/person\/image\/","url":"https:\/\/secure.gravatar.com\/avatar\/137e7a09ea636684fcf1595563ff145c113f07116d7a29acedf3e545ab378ca3?s=96&d=mm&r=g","contentUrl":"https:\/\/secure.gravatar.com\/avatar\/137e7a09ea636684fcf1595563ff145c113f07116d7a29acedf3e545ab378ca3?s=96&d=mm&r=g","caption":"VOCA Editorial"},"url":"https:\/\/www.vocaeditorial.com\/blog\/author\/voca-editorial\/"}]}},"jetpack_featured_media_url":"https:\/\/www.vocaeditorial.com\/blog\/media\/etica-y-valores-en-el-aula.jpg","jetpack_sharing_enabled":true,"_links":{"self":[{"href":"https:\/\/www.vocaeditorial.com\/blog\/wp-json\/wp\/v2\/posts\/8793","targetHints":{"allow":["GET"]}}],"collection":[{"href":"https:\/\/www.vocaeditorial.com\/blog\/wp-json\/wp\/v2\/posts"}],"about":[{"href":"https:\/\/www.vocaeditorial.com\/blog\/wp-json\/wp\/v2\/types\/post"}],"author":[{"embeddable":true,"href":"https:\/\/www.vocaeditorial.com\/blog\/wp-json\/wp\/v2\/users\/49"}],"replies":[{"embeddable":true,"href":"https:\/\/www.vocaeditorial.com\/blog\/wp-json\/wp\/v2\/comments?post=8793"}],"version-history":[{"count":0,"href":"https:\/\/www.vocaeditorial.com\/blog\/wp-json\/wp\/v2\/posts\/8793\/revisions"}],"wp:featuredmedia":[{"embeddable":true,"href":"https:\/\/www.vocaeditorial.com\/blog\/wp-json\/wp\/v2\/media\/8730"}],"wp:attachment":[{"href":"https:\/\/www.vocaeditorial.com\/blog\/wp-json\/wp\/v2\/media?parent=8793"}],"wp:term":[{"taxonomy":"post_tag","embeddable":true,"href":"https:\/\/www.vocaeditorial.com\/blog\/wp-json\/wp\/v2\/tags?post=8793"}],"curies":[{"name":"wp","href":"https:\/\/api.w.org\/{rel}","templated":true}]}}