{"id":8760,"date":"2026-03-15T15:00:17","date_gmt":"2026-03-15T14:00:17","guid":{"rendered":"https:\/\/www.vocaeditorial.com\/blog\/?p=8760"},"modified":"2026-03-11T14:52:05","modified_gmt":"2026-03-11T13:52:05","slug":"desarrollo-moral-infantil","status":"publish","type":"post","link":"https:\/\/www.vocaeditorial.com\/blog\/desarrollo-moral-infantil\/","title":{"rendered":"Desarrollo moral infantil: c\u00f3mo crece la br\u00fajula \u00e9tica de los ni\u00f1os"},"content":{"rendered":"<p>Un ni\u00f1o de 3 a\u00f1os comparte su juguete porque mam\u00e1 se lo ha pedido. Uno de 7 lo hace porque \u00abes lo correcto\u00bb. Y uno de 12 reflexiona sobre la justicia de compartir cuando otros no lo hacen. Tres edades, tres formas completamente distintas de entender lo bueno y lo malo. Bienvenido al fascinante mundo del desarrollo moral infantil.<\/p>\n\n<p><span data-sheets-root=\"1\">[CtaModule cta_item=\u00bb6820&#8243;]<\/span><\/p>\n<p>&nbsp;<\/p>\n<h2><span style=\"color: #ffa341;\"><b>El viaje moral: de \u00ab\u00bfMe castigar\u00e1n?\u00bb a \u00ab\u00bfEs justo?\u00bb<\/b><\/span><\/h2>\n<p><span style=\"font-weight: 400;\">Y es que el desarrollo moral infantil es el proceso por el cual los ni\u00f1os <\/span><b>van construyendo su sentido de lo correcto e incorrecto, de lo justo e injusto, de lo bueno y lo malo<\/b><span style=\"font-weight: 400;\">. Y esto no ocurre de golpe: es un camino gradual con etapas bien definidas.<\/span><\/p>\n<p><span style=\"font-weight: 400;\">Para ello, los dos grandes investigadores que nos iluminan este camino son:<\/span><\/p>\n<ul>\n<li style=\"font-weight: 400;\" aria-level=\"1\"><span style=\"text-decoration: underline;\"><a href=\"https:\/\/journals.copmadrid.org\/psed\/archivos\/1996\/vol2\/arti5.htm\" target=\"_blank\" rel=\"noopener\"><b>Jean Piaget<\/b><\/a><\/span><span style=\"font-weight: 400;\">: quien estudi\u00f3 c\u00f3mo razonan moralmente los ni\u00f1os.<\/span><\/li>\n<li style=\"font-weight: 400;\" aria-level=\"1\"><span style=\"text-decoration: underline;\"><a href=\"https:\/\/psicologiaymente.com\/desarrollo\/teoria-desarrollo-moral-lawrence-kohlberg\" target=\"_blank\" rel=\"noopener\"><b>Lawrence Kohlberg<\/b><\/a><\/span><span style=\"font-weight: 400;\">: que ampli\u00f3 la teor\u00eda hasta la adolescencia y la edad adulta.<\/span><\/li>\n<\/ul>\n<p>&nbsp;<\/p>\n<p><span style=\"font-weight: 400;\">Aunque sus teor\u00edas tienen limitaciones (critican que se centran demasiado en el razonamiento y poco en la emoci\u00f3n), nos dan <\/span><b>una hoja de ruta valiosa<\/b><span style=\"font-weight: 400;\"> para entender qu\u00e9 podemos esperar en cada edad.<\/span><\/p>\n<blockquote><p><span style=\"font-weight: 400;\">Porque la moralidad no se ense\u00f1a: se desarrolla. El docente no impone valores, sino que acompa\u00f1a y estimula ese desarrollo natural.<\/span><\/p><\/blockquote>\n<p>&nbsp;<\/p>\n<p><span style=\"font-weight: 400;\">Por todo ello, vamos a ver c\u00f3mo es este<\/span><b> desarrollo moral infantil en cada etapa<\/b><span style=\"font-weight: 400;\"> desde los cero hasta los doce a\u00f1os.\u00a0<\/span><\/p>\n<h2><span style=\"color: #ffa341;\"><b>Etapa 0: Moralidad premoral (0-2 a\u00f1os)<\/b><\/span><\/h2>\n<p><span style=\"font-weight: 400;\">Empecemos por el principio: <\/span><b>los beb\u00e9s no nacen con sentido moral<\/b><span style=\"font-weight: 400;\">. Durante los dos primeros a\u00f1os, no distinguen entre bien y mal de forma consciente. Por el contrario,<\/span><\/p>\n<ul>\n<li style=\"font-weight: 400;\" aria-level=\"1\"><span style=\"font-weight: 400;\">Act\u00faan por impulso inmediato.<\/span><\/li>\n<li style=\"font-weight: 400;\" aria-level=\"1\"><span style=\"font-weight: 400;\">Buscan placer y evitan dolor.<\/span><\/li>\n<li style=\"font-weight: 400;\" aria-level=\"1\"><span style=\"font-weight: 400;\">No entienden conceptos como \u00abcompartir\u00bb o \u00abesperar su turno\u00bb.<\/span><\/li>\n<li style=\"font-weight: 400;\" aria-level=\"1\"><span style=\"font-weight: 400;\">Responden al tono de voz y a las expresiones faciales, no al contenido moral.<\/span><\/li>\n<\/ul>\n<p>&nbsp;<\/p>\n<p><span style=\"font-weight: 400;\">Por ello, no tiene sentido enfadarse porque un beb\u00e9 de 18 meses \u00abes ego\u00edsta\u00bb o \u00abno comparte\u00bb. Literalmente, <\/span><b>su cerebro a\u00fan no tiene esa capacidad desarrollada<\/b><span style=\"font-weight: 400;\">. De esta manera, la moral empezar\u00e1 a germinar con el apego seguro y la confianza:<\/span><\/p>\n<table>\n<tbody>\n<tr>\n<td><span style=\"font-weight: 400;\">Modelar comportamientos positivos (no explicarlos a\u00fan)<\/span><\/td>\n<td><span style=\"font-weight: 400;\">Ofrecer un entorno seguro y afectivo<\/span><\/td>\n<td><span style=\"font-weight: 400;\">Responder a necesidades de forma consistente<\/span><\/td>\n<td><span style=\"font-weight: 400;\">Usar un tono calmado aunque haya conflictos<\/span><\/td>\n<\/tr>\n<\/tbody>\n<\/table>\n<h2><span style=\"color: #ffa341;\"><b>Etapa 1: Moral heter\u00f3noma (2-7 a\u00f1os)<\/b><\/span><\/h2>\n<p><span style=\"font-weight: 400;\">En segundo lugar, podemos hablar de la etapa de \u00abObedezco porque me lo mandan\u00bb. Y, por eso, aqu\u00ed empieza lo interesante. En efecto, los ni\u00f1os de estas edades tienen una <\/span><b>moralidad basada en la autoridad externa<\/b><span style=\"font-weight: 400;\">.<\/span><\/p>\n<ol>\n<li style=\"font-weight: 400;\" aria-level=\"1\"><b>Realismo moral:<\/b><span style=\"font-weight: 400;\"> para ellos, las normas son absolutas e inmutables, casi f\u00edsicas. \u00abNo se puede mentir\u00bb es como una ley de la naturaleza.<\/span><\/li>\n<li style=\"font-weight: 400;\" aria-level=\"1\"><b>Orientaci\u00f3n al castigo:<\/b><span style=\"font-weight: 400;\"> es decir, algo es malo si te castigan por ello. Por contra, algo es bueno si te premian o evitas el castigo.<\/span><\/li>\n<li style=\"font-weight: 400;\" aria-level=\"1\"><b>Responsabilidad objetiva:<\/b><span style=\"font-weight: 400;\"> en definitiva, juzgan por las consecuencias, no por las intenciones.<\/span><\/li>\n<li style=\"font-weight: 400;\" aria-level=\"1\"><b>Justicia inmanente:<\/b><span style=\"font-weight: 400;\"> adem\u00e1s, creen que el mundo es justo autom\u00e1ticamente. Si haces algo malo, tendr\u00e1s un castigo: \u00abSe cay\u00f3 porque hab\u00eda mentido antes\u00bb.<\/span><\/li>\n<\/ol>\n<p>&nbsp;<\/p>\n<p><span style=\"font-weight: 400;\">En consecuencia, \u00bfqu\u00e9 podemos esperar de estos a\u00f1os?<\/span><\/p>\n<ul>\n<li style=\"font-weight: 400;\" aria-level=\"1\"><span style=\"font-weight: 400;\">Cumplir normas para evitar castigos.<\/span><\/li>\n<li style=\"font-weight: 400;\" aria-level=\"1\"><span style=\"font-weight: 400;\">Dificultad para ponerse en el lugar del otro.<\/span><\/li>\n<li style=\"font-weight: 400;\" aria-level=\"1\"><span style=\"font-weight: 400;\">Razonamiento egoc\u00e9ntrico (aunque ya no sea egoc\u00e9ntrico en otros aspectos).<\/span><\/li>\n<li style=\"font-weight: 400;\" aria-level=\"1\"><span style=\"font-weight: 400;\">Dificultad para entender excepciones: \u00abDijiste que no se puede mentir NUNCA\u00bb.<\/span><\/li>\n<\/ul>\n<p>&nbsp;<\/p>\n<h3><span style=\"color: #ffa341;\"><b>Estrategias educativas adecuadas<\/b><\/span><\/h3>\n<table>\n<tbody>\n<tr>\n<td><b>S\u00ed funciona<\/b><\/td>\n<td><b>No funciona (a\u00fan)<\/b><\/td>\n<\/tr>\n<tr>\n<td><span style=\"font-weight: 400;\">Normas claras y consistentes<\/span><\/td>\n<td rowspan=\"2\"><span style=\"font-weight: 400;\">Debates sobre dilemas morales complejos<\/span><\/td>\n<\/tr>\n<tr>\n<td><span style=\"font-weight: 400;\">Consecuencias predecibles<\/span><\/td>\n<\/tr>\n<tr>\n<td><span style=\"font-weight: 400;\">Refuerzo positivo del buen comportamiento<\/span><\/td>\n<td rowspan=\"2\"><span style=\"font-weight: 400;\">\u00abPonte en su lugar\u00bb (capacidad limitada de perspectiva)<\/span><\/td>\n<\/tr>\n<tr>\n<td><span style=\"font-weight: 400;\">Cuentos con moralejas simples<\/span><\/td>\n<\/tr>\n<tr>\n<td><span style=\"font-weight: 400;\">Modelar el comportamiento deseado constantemente<\/span><\/td>\n<td><span style=\"font-weight: 400;\">Normas con muchas excepciones<\/span><\/td>\n<\/tr>\n<\/tbody>\n<\/table>\n<p><span data-sheets-root=\"1\">[CtaModule cta_item=\u00bb5415&#8243;]<\/span><\/p>\n<h2><span style=\"color: #ffa341;\"><b>Etapa 2: Moral aut\u00f3noma inicial (7-11 a\u00f1os)<\/b><\/span><\/h2>\n<p><span style=\"font-weight: 400;\">Porque ya llegamos al \u00abEmpiezo a entender las reglas\u00bb. Y es que un salto cualitativo ocurre alrededor de los 7 a\u00f1os. As\u00ed, los ni\u00f1os empiezan a <\/span><b>comprender que las normas son acuerdos sociales<\/b><span style=\"font-weight: 400;\">, no leyes inmutables.<\/span><\/p>\n<p><span style=\"font-weight: 400;\">As\u00ed, en esta etapa se aprecian cambios en el<span style=\"text-decoration: underline;\"><a href=\"https:\/\/www.vocaeditorial.com\/blog\/valores-civicos-en-primaria\/\" target=\"_blank\" rel=\"noopener\"><strong> razonamiento moral:<\/strong><\/a><\/span><\/span><\/p>\n<ol>\n<li style=\"font-weight: 400;\" aria-level=\"1\"><b>Aparece la intencionalidad:<\/b><span style=\"font-weight: 400;\"> primero, ya pueden valorar el \u00abpor qu\u00e9\u00bb alguien hizo algo, no solo el \u00abqu\u00e9\u00bb<\/span><b>.<\/b><\/li>\n<li style=\"font-weight: 400;\" aria-level=\"1\"><b>Justicia distributiva:<\/b><span style=\"font-weight: 400;\"> es decir, entienden conceptos como \u00abequidad\u00bb y \u00abjusticia\u00bb. Se vuelven muy sensibles a la injusticia: \u00ab\u00a1Eso no es justo!\u00bb.<\/span><\/li>\n<li style=\"font-weight: 400;\" aria-level=\"1\"><b>Reciprocidad:<\/b><span style=\"font-weight: 400;\"> \u00abOjo por ojo\u00bb: el \u00absi me ayudas, te ayudo\u00bb, o \u00absi me pegas, te pego\u00bb. Es reciprocidad b\u00e1sica, a\u00fan no hay altruismo puro.<\/span><\/li>\n<li style=\"font-weight: 400;\" aria-level=\"1\"><b>Cooperaci\u00f3n:<\/b><span style=\"font-weight: 400;\"> finalmente, pueden participar en juegos con reglas m\u00e1s complejas y crear normas en grupo.<\/span><\/li>\n<\/ol>\n<p>&nbsp;<\/p>\n<p><span style=\"font-weight: 400;\">En resumen, se pueden esperar algunas actividades de desarrollo moral infantil, como estas:<\/span><\/p>\n<table>\n<tbody>\n<tr>\n<td><span style=\"font-weight: 400;\">Sensibilidad extrema a la injusticia (especialmente si les afecta)<\/span><\/td>\n<td><span style=\"font-weight: 400;\">Comprensi\u00f3n de que las normas pueden cambiar por acuerdo<\/span><\/td>\n<td><span style=\"font-weight: 400;\">Primeros atisbos de empat\u00eda real<\/span><\/td>\n<td><span style=\"font-weight: 400;\">Moralidad m\u00e1s flexible que en la etapa anterior<\/span><\/td>\n<\/tr>\n<\/tbody>\n<\/table>\n<h2><span style=\"color: #ffa341;\"><b>Etapa 3: Moral aut\u00f3noma consolidada (12+ a\u00f1os)<\/b><\/span><\/h2>\n<p><span style=\"font-weight: 400;\">Por \u00faltimo, en la adolescencia, algunos (no todos) alcanzan niveles m\u00e1s sofisticados de razonamiento moral hacia el <\/span><b>\u00abYo decido qu\u00e9 es correcto\u00bb<\/b><span style=\"font-weight: 400;\">. En la nomenclatura de Kohlberg, se trata del nivel postconvencional en los estadios 5 y 6:<\/span><\/p>\n<ul>\n<li style=\"font-weight: 400;\" aria-level=\"1\"><span style=\"font-weight: 400;\">Las normas son \u00fatiles, pero pueden cambiar si no sirven al bien com\u00fan.<\/span><\/li>\n<li style=\"font-weight: 400;\" aria-level=\"1\"><span style=\"font-weight: 400;\">Hay derechos universales por encima de leyes espec\u00edficas.<\/span><\/li>\n<li style=\"font-weight: 400;\" aria-level=\"1\"><span style=\"font-weight: 400;\">Pensamiento m\u00e1s abstracto sobre justicia.<\/span><\/li>\n<li style=\"font-weight: 400;\" aria-level=\"1\"><span style=\"font-weight: 400;\">Actuar seg\u00fan principios \u00e9ticos internos aunque contradigan normas.<\/span><\/li>\n<li style=\"font-weight: 400;\" aria-level=\"1\"><span style=\"font-weight: 400;\">La justicia y dignidad humana por encima de todo.<\/span><\/li>\n<\/ul>\n<p>&nbsp;<\/p>\n<p><span style=\"font-weight: 400;\">En consecuencia, los adolescentes se cuestionan las normas y van<\/span><b> desarrollando una \u00e9tica personal coherente <\/b><span style=\"font-weight: 400;\">con cierta capacidad para actuar moralmente incluso sin supervisi\u00f3n. Adem\u00e1s, son capaces de reflexionar sobre dilemas complejos.\u00a0<\/span><\/p>\n<p><span style=\"font-weight: 400;\">As\u00ed que terminamos con algunas posibles estrategias educativas para estas edades:<\/span><\/p>\n<table>\n<tbody>\n<tr>\n<td><span style=\"font-weight: 400;\">Debates sobre dilemas \u00e9ticos complejos<\/span><\/td>\n<td><span style=\"font-weight: 400;\">An\u00e1lisis de conflictos morales hist\u00f3ricos<\/span><\/td>\n<td><span style=\"font-weight: 400;\">Reflexi\u00f3n sobre valores personales VS. valores sociales<\/span><\/td>\n<td><span style=\"font-weight: 400;\">Proyectos de compromiso social<\/span><\/td>\n<td><span style=\"font-weight: 400;\">Filosof\u00eda pr\u00e1ctica aplicada a la vida real<\/span><\/td>\n<\/tr>\n<\/tbody>\n<\/table>\n<p>&nbsp;<\/p>\n<p><span style=\"font-weight: 400;\">Al final, todos queremos formar personas buenas. Pero la bondad de un ni\u00f1o de 5 a\u00f1os (obediente, que sigue normas) es diferente de la bondad de un adolescente (que act\u00faa moralmente por convicci\u00f3n propia). Ambas son valiosas en su momento y son parte del desarrollo moral infantil. As\u00ed que nuestro trabajo es acompa\u00f1ar ese viaje.<\/span><\/p>\n","protected":false},"excerpt":{"rendered":"<p>Entender c\u00f3mo evoluciona la moralidad es la clave para educar en valores de forma efectiva y lograr el desarrollo moral infantil.<\/p>\n","protected":false},"author":49,"featured_media":8723,"comment_status":"closed","ping_status":"closed","sticky":false,"template":"","format":"standard","meta":{"content-type":"","inline_featured_image":false,"_jetpack_memberships_contains_paid_content":false,"footnotes":""},"tags":[612,645,646],"class_list":["post-8760","post","type-post","status-publish","format-standard","has-post-thumbnail","hentry","category-educacion-en-valores","tag-educacion-infantil","tag-educacion-etica","tag-educacion-civica"],"yoast_head":"<!-- This site is optimized with the Yoast SEO plugin v26.6 - https:\/\/yoast.com\/wordpress\/plugins\/seo\/ -->\n<title>Desarrollo moral infantil: c\u00f3mo crece la br\u00fajula \u00e9tica de los ni\u00f1os &#8211; Voca Editorial<\/title>\n<meta name=\"description\" content=\"Entender c\u00f3mo evoluciona la moralidad es la clave para educar en valores de forma efectiva y lograr el desarrollo moral infantil.\" \/>\n<meta name=\"robots\" content=\"index, follow, max-snippet:-1, max-image-preview:large, max-video-preview:-1\" \/>\n<link rel=\"canonical\" href=\"https:\/\/www.vocaeditorial.com\/blog\/desarrollo-moral-infantil\/\" \/>\n<meta property=\"og:locale\" content=\"es_ES\" \/>\n<meta property=\"og:type\" content=\"article\" \/>\n<meta property=\"og:title\" content=\"Desarrollo moral infantil: c\u00f3mo crece la br\u00fajula \u00e9tica de los ni\u00f1os &#8211; Voca Editorial\" \/>\n<meta property=\"og:description\" content=\"Entender c\u00f3mo evoluciona la moralidad es la clave para educar en valores de forma efectiva y lograr el desarrollo moral infantil.\" \/>\n<meta property=\"og:url\" content=\"https:\/\/www.vocaeditorial.com\/blog\/desarrollo-moral-infantil\/\" \/>\n<meta property=\"og:site_name\" content=\"Voca Editorial\" \/>\n<meta property=\"article:published_time\" content=\"2026-03-15T14:00:17+00:00\" \/>\n<meta property=\"og:image\" content=\"https:\/\/www.vocaeditorial.com\/blog\/media\/Desarrollo-moral-infantil.jpg\" \/>\n\t<meta property=\"og:image:width\" content=\"2560\" \/>\n\t<meta property=\"og:image:height\" content=\"1506\" \/>\n\t<meta property=\"og:image:type\" content=\"image\/jpeg\" \/>\n<meta name=\"author\" content=\"VOCA Editorial\" \/>\n<meta name=\"twitter:card\" content=\"summary_large_image\" \/>\n<meta name=\"twitter:label1\" content=\"Escrito por\" \/>\n\t<meta name=\"twitter:data1\" content=\"VOCA Editorial\" \/>\n\t<meta name=\"twitter:label2\" content=\"Tiempo de lectura\" \/>\n\t<meta name=\"twitter:data2\" content=\"5 minutos\" \/>\n<script type=\"application\/ld+json\" class=\"yoast-schema-graph\">{\"@context\":\"https:\/\/schema.org\",\"@graph\":[{\"@type\":\"WebPage\",\"@id\":\"https:\/\/www.vocaeditorial.com\/blog\/desarrollo-moral-infantil\/\",\"url\":\"https:\/\/www.vocaeditorial.com\/blog\/desarrollo-moral-infantil\/\",\"name\":\"Desarrollo moral infantil: c\u00f3mo crece la br\u00fajula \u00e9tica de los ni\u00f1os &#8211; Voca Editorial\",\"isPartOf\":{\"@id\":\"https:\/\/www.vocaeditorial.com\/blog\/#website\"},\"primaryImageOfPage\":{\"@id\":\"https:\/\/www.vocaeditorial.com\/blog\/desarrollo-moral-infantil\/#primaryimage\"},\"image\":{\"@id\":\"https:\/\/www.vocaeditorial.com\/blog\/desarrollo-moral-infantil\/#primaryimage\"},\"thumbnailUrl\":\"https:\/\/www.vocaeditorial.com\/blog\/media\/Desarrollo-moral-infantil.jpg\",\"datePublished\":\"2026-03-15T14:00:17+00:00\",\"author\":{\"@id\":\"https:\/\/www.vocaeditorial.com\/blog\/#\/schema\/person\/72fba3d6c8a26fba0fee3107fda03438\"},\"description\":\"Entender c\u00f3mo evoluciona la moralidad es la clave para educar en valores de forma efectiva y lograr el desarrollo moral infantil.\",\"breadcrumb\":{\"@id\":\"https:\/\/www.vocaeditorial.com\/blog\/desarrollo-moral-infantil\/#breadcrumb\"},\"inLanguage\":\"es\",\"potentialAction\":[{\"@type\":\"ReadAction\",\"target\":[\"https:\/\/www.vocaeditorial.com\/blog\/desarrollo-moral-infantil\/\"]}]},{\"@type\":\"ImageObject\",\"inLanguage\":\"es\",\"@id\":\"https:\/\/www.vocaeditorial.com\/blog\/desarrollo-moral-infantil\/#primaryimage\",\"url\":\"https:\/\/www.vocaeditorial.com\/blog\/media\/Desarrollo-moral-infantil.jpg\",\"contentUrl\":\"https:\/\/www.vocaeditorial.com\/blog\/media\/Desarrollo-moral-infantil.jpg\",\"width\":2560,\"height\":1506,\"caption\":\"Desarrollo moral infantil\"},{\"@type\":\"BreadcrumbList\",\"@id\":\"https:\/\/www.vocaeditorial.com\/blog\/desarrollo-moral-infantil\/#breadcrumb\",\"itemListElement\":[{\"@type\":\"ListItem\",\"position\":1,\"name\":\"Portada\",\"item\":\"https:\/\/www.vocaeditorial.com\/blog\/\"},{\"@type\":\"ListItem\",\"position\":2,\"name\":\"Desarrollo moral infantil: c\u00f3mo crece la br\u00fajula \u00e9tica de los ni\u00f1os\"}]},{\"@type\":\"WebSite\",\"@id\":\"https:\/\/www.vocaeditorial.com\/blog\/#website\",\"url\":\"https:\/\/www.vocaeditorial.com\/blog\/\",\"name\":\"Voca Editorial\",\"description\":\"\",\"potentialAction\":[{\"@type\":\"SearchAction\",\"target\":{\"@type\":\"EntryPoint\",\"urlTemplate\":\"https:\/\/www.vocaeditorial.com\/blog\/?s={search_term_string}\"},\"query-input\":{\"@type\":\"PropertyValueSpecification\",\"valueRequired\":true,\"valueName\":\"search_term_string\"}}],\"inLanguage\":\"es\"},{\"@type\":\"Person\",\"@id\":\"https:\/\/www.vocaeditorial.com\/blog\/#\/schema\/person\/72fba3d6c8a26fba0fee3107fda03438\",\"name\":\"VOCA Editorial\",\"image\":{\"@type\":\"ImageObject\",\"inLanguage\":\"es\",\"@id\":\"https:\/\/www.vocaeditorial.com\/blog\/#\/schema\/person\/image\/\",\"url\":\"https:\/\/secure.gravatar.com\/avatar\/137e7a09ea636684fcf1595563ff145c113f07116d7a29acedf3e545ab378ca3?s=96&d=mm&r=g\",\"contentUrl\":\"https:\/\/secure.gravatar.com\/avatar\/137e7a09ea636684fcf1595563ff145c113f07116d7a29acedf3e545ab378ca3?s=96&d=mm&r=g\",\"caption\":\"VOCA Editorial\"},\"url\":\"https:\/\/www.vocaeditorial.com\/blog\/author\/voca-editorial\/\"}]}<\/script>\n<!-- \/ Yoast SEO plugin. -->","yoast_head_json":{"title":"Desarrollo moral infantil: c\u00f3mo crece la br\u00fajula \u00e9tica de los ni\u00f1os &#8211; Voca Editorial","description":"Entender c\u00f3mo evoluciona la moralidad es la clave para educar en valores de forma efectiva y lograr el desarrollo moral infantil.","robots":{"index":"index","follow":"follow","max-snippet":"max-snippet:-1","max-image-preview":"max-image-preview:large","max-video-preview":"max-video-preview:-1"},"canonical":"https:\/\/www.vocaeditorial.com\/blog\/desarrollo-moral-infantil\/","og_locale":"es_ES","og_type":"article","og_title":"Desarrollo moral infantil: c\u00f3mo crece la br\u00fajula \u00e9tica de los ni\u00f1os &#8211; Voca Editorial","og_description":"Entender c\u00f3mo evoluciona la moralidad es la clave para educar en valores de forma efectiva y lograr el desarrollo moral infantil.","og_url":"https:\/\/www.vocaeditorial.com\/blog\/desarrollo-moral-infantil\/","og_site_name":"Voca Editorial","article_published_time":"2026-03-15T14:00:17+00:00","og_image":[{"width":2560,"height":1506,"url":"https:\/\/www.vocaeditorial.com\/blog\/media\/Desarrollo-moral-infantil.jpg","type":"image\/jpeg"}],"author":"VOCA Editorial","twitter_card":"summary_large_image","twitter_misc":{"Escrito por":"VOCA Editorial","Tiempo de lectura":"5 minutos"},"schema":{"@context":"https:\/\/schema.org","@graph":[{"@type":"WebPage","@id":"https:\/\/www.vocaeditorial.com\/blog\/desarrollo-moral-infantil\/","url":"https:\/\/www.vocaeditorial.com\/blog\/desarrollo-moral-infantil\/","name":"Desarrollo moral infantil: c\u00f3mo crece la br\u00fajula \u00e9tica de los ni\u00f1os &#8211; Voca Editorial","isPartOf":{"@id":"https:\/\/www.vocaeditorial.com\/blog\/#website"},"primaryImageOfPage":{"@id":"https:\/\/www.vocaeditorial.com\/blog\/desarrollo-moral-infantil\/#primaryimage"},"image":{"@id":"https:\/\/www.vocaeditorial.com\/blog\/desarrollo-moral-infantil\/#primaryimage"},"thumbnailUrl":"https:\/\/www.vocaeditorial.com\/blog\/media\/Desarrollo-moral-infantil.jpg","datePublished":"2026-03-15T14:00:17+00:00","author":{"@id":"https:\/\/www.vocaeditorial.com\/blog\/#\/schema\/person\/72fba3d6c8a26fba0fee3107fda03438"},"description":"Entender c\u00f3mo evoluciona la moralidad es la clave para educar en valores de forma efectiva y lograr el desarrollo moral infantil.","breadcrumb":{"@id":"https:\/\/www.vocaeditorial.com\/blog\/desarrollo-moral-infantil\/#breadcrumb"},"inLanguage":"es","potentialAction":[{"@type":"ReadAction","target":["https:\/\/www.vocaeditorial.com\/blog\/desarrollo-moral-infantil\/"]}]},{"@type":"ImageObject","inLanguage":"es","@id":"https:\/\/www.vocaeditorial.com\/blog\/desarrollo-moral-infantil\/#primaryimage","url":"https:\/\/www.vocaeditorial.com\/blog\/media\/Desarrollo-moral-infantil.jpg","contentUrl":"https:\/\/www.vocaeditorial.com\/blog\/media\/Desarrollo-moral-infantil.jpg","width":2560,"height":1506,"caption":"Desarrollo moral infantil"},{"@type":"BreadcrumbList","@id":"https:\/\/www.vocaeditorial.com\/blog\/desarrollo-moral-infantil\/#breadcrumb","itemListElement":[{"@type":"ListItem","position":1,"name":"Portada","item":"https:\/\/www.vocaeditorial.com\/blog\/"},{"@type":"ListItem","position":2,"name":"Desarrollo moral infantil: c\u00f3mo crece la br\u00fajula \u00e9tica de los ni\u00f1os"}]},{"@type":"WebSite","@id":"https:\/\/www.vocaeditorial.com\/blog\/#website","url":"https:\/\/www.vocaeditorial.com\/blog\/","name":"Voca Editorial","description":"","potentialAction":[{"@type":"SearchAction","target":{"@type":"EntryPoint","urlTemplate":"https:\/\/www.vocaeditorial.com\/blog\/?s={search_term_string}"},"query-input":{"@type":"PropertyValueSpecification","valueRequired":true,"valueName":"search_term_string"}}],"inLanguage":"es"},{"@type":"Person","@id":"https:\/\/www.vocaeditorial.com\/blog\/#\/schema\/person\/72fba3d6c8a26fba0fee3107fda03438","name":"VOCA Editorial","image":{"@type":"ImageObject","inLanguage":"es","@id":"https:\/\/www.vocaeditorial.com\/blog\/#\/schema\/person\/image\/","url":"https:\/\/secure.gravatar.com\/avatar\/137e7a09ea636684fcf1595563ff145c113f07116d7a29acedf3e545ab378ca3?s=96&d=mm&r=g","contentUrl":"https:\/\/secure.gravatar.com\/avatar\/137e7a09ea636684fcf1595563ff145c113f07116d7a29acedf3e545ab378ca3?s=96&d=mm&r=g","caption":"VOCA Editorial"},"url":"https:\/\/www.vocaeditorial.com\/blog\/author\/voca-editorial\/"}]}},"jetpack_featured_media_url":"https:\/\/www.vocaeditorial.com\/blog\/media\/Desarrollo-moral-infantil.jpg","jetpack_sharing_enabled":true,"_links":{"self":[{"href":"https:\/\/www.vocaeditorial.com\/blog\/wp-json\/wp\/v2\/posts\/8760","targetHints":{"allow":["GET"]}}],"collection":[{"href":"https:\/\/www.vocaeditorial.com\/blog\/wp-json\/wp\/v2\/posts"}],"about":[{"href":"https:\/\/www.vocaeditorial.com\/blog\/wp-json\/wp\/v2\/types\/post"}],"author":[{"embeddable":true,"href":"https:\/\/www.vocaeditorial.com\/blog\/wp-json\/wp\/v2\/users\/49"}],"replies":[{"embeddable":true,"href":"https:\/\/www.vocaeditorial.com\/blog\/wp-json\/wp\/v2\/comments?post=8760"}],"version-history":[{"count":0,"href":"https:\/\/www.vocaeditorial.com\/blog\/wp-json\/wp\/v2\/posts\/8760\/revisions"}],"wp:featuredmedia":[{"embeddable":true,"href":"https:\/\/www.vocaeditorial.com\/blog\/wp-json\/wp\/v2\/media\/8723"}],"wp:attachment":[{"href":"https:\/\/www.vocaeditorial.com\/blog\/wp-json\/wp\/v2\/media?parent=8760"}],"wp:term":[{"taxonomy":"post_tag","embeddable":true,"href":"https:\/\/www.vocaeditorial.com\/blog\/wp-json\/wp\/v2\/tags?post=8760"}],"curies":[{"name":"wp","href":"https:\/\/api.w.org\/{rel}","templated":true}]}}