{"id":8712,"date":"2025-11-25T15:00:16","date_gmt":"2025-11-25T14:00:16","guid":{"rendered":"https:\/\/www.vocaeditorial.com\/blog\/?p=8712"},"modified":"2025-11-10T11:19:43","modified_gmt":"2025-11-10T10:19:43","slug":"escuelas-particulares","status":"publish","type":"post","link":"https:\/\/www.vocaeditorial.com\/blog\/escuelas-particulares\/","title":{"rendered":"Escuelas particulares: mitos, realidades y oportunidades"},"content":{"rendered":"<p><span style=\"font-weight: 400;\">Las escuelas particulares han sido tradicionalmente vistas como una alternativa de calidad frente a la educaci\u00f3n p\u00fablica, pero \u00bfqu\u00e9 las diferencia realmente? Muchos padres y docentes se preguntan si el costo justifica los beneficios, si ofrecen una verdadera ventaja acad\u00e9mica o si simplemente son una cuesti\u00f3n de estatus. En este art\u00edculo, abordaremos las dudas m\u00e1s frecuentes.<\/span><\/p>\n\n<p><span data-sheets-root=\"1\">[CtaModule cta_item=\u00bb6750&#8243;]<\/span><\/p>\n<p>&nbsp;<\/p>\n<h2><span style=\"color: #ffa341;\"><b>\u00bfQu\u00e9 hace diferentes a las escuelas particulares?<\/b><\/span><\/h2>\n<p><span style=\"font-weight: 400;\">Para empezar, las escuelas particulares tienen varios <\/span><b>aspectos que las hacen diferentes a otros tipos de colegio<\/b><span style=\"font-weight: 400;\">. As\u00ed que empezaremos hablando de sus metodolog\u00edas, formaci\u00f3n, la atenci\u00f3n a las habilidades y el coste.<\/span><\/p>\n<h3><span style=\"color: #ffa341;\"><b>Metodolog\u00edas innovadoras y enfoque personalizado<\/b><\/span><\/h3>\n<p><span style=\"font-weight: 400;\">Por un lado, una de las principales ventajas de las escuelas particulares es su<\/span><b> capacidad para implementar metodolog\u00edas educativas innovadoras<\/b><span style=\"font-weight: 400;\">.<\/span><\/p>\n<p><span style=\"font-weight: 400;\">A diferencia de muchas instituciones p\u00fablicas, que suelen estar sujetas a programas r\u00edgidos, las escuelas particulares tienen <\/span><b>mayor flexibilidad para adaptar sus curr\u00edculos<\/b><span style=\"font-weight: 400;\"> y enfoques pedag\u00f3gicos.<\/span><\/p>\n<p><span style=\"font-weight: 400;\">As\u00ed, tienden a <\/span><b>implementar <\/b><span style=\"text-decoration: underline;\"><a href=\"https:\/\/www.vocaeditorial.com\/blog\/novedades-educacion\/\" target=\"_blank\" rel=\"noopener\"><b>novedades educativas<\/b><\/a><\/span><span style=\"font-weight: 400;\"> en las aulas. Por ejemplo, muchas escuelas particulares incorporan:\u00a0\u00a0<\/span><\/p>\n<table>\n<tbody>\n<tr>\n<td><b>Metodolog\u00eda \/ Tendencia<\/b><\/td>\n<td><b>Descripci\u00f3n<\/b><\/td>\n<\/tr>\n<tr>\n<td><span style=\"text-decoration: underline;\"><a href=\"https:\/\/www.vocaeditorial.com\/blog\/aprendizaje-basado-en-proyectos\/\" target=\"_blank\" rel=\"noopener\"><b>Aprendizaje basado en proyectos<\/b><\/a><\/span><\/td>\n<td><span style=\"font-weight: 400;\">Los estudiantes aplican conocimientos a situaciones reales.<\/span><\/td>\n<\/tr>\n<tr>\n<td><span style=\"text-decoration: underline;\"><a href=\"https:\/\/www.vocaeditorial.com\/blog\/ejemplos-de-gamificacion-en-el-aula-de-primaria\/\" target=\"_blank\" rel=\"noopener\"><b>Gamificaci\u00f3n<\/b><\/a><\/span><b> y tecnolog\u00eda educativa<\/b><\/td>\n<td><span style=\"font-weight: 400;\">Utilizan herramientas digitales para hacer el aprendizaje m\u00e1s interactivo.<\/span><\/td>\n<\/tr>\n<tr>\n<td><b>Ense\u00f1anza h\u00edbrida<\/b><\/td>\n<td><span style=\"font-weight: 400;\">Combinan clases presenciales con recursos en l\u00ednea, una tendencia que se consolid\u00f3 tras la pandemia.<\/span><\/td>\n<\/tr>\n<\/tbody>\n<\/table>\n<p><span style=\"font-weight: 400;\">Adem\u00e1s, el <\/span><b>bajo ratio de alumnos por profesor<\/b><span style=\"font-weight: 400;\"> permite una atenci\u00f3n m\u00e1s personalizada, algo que en las escuelas p\u00fablicas es m\u00e1s dif\u00edcil de lograr debido a la masificaci\u00f3n.<\/span><\/p>\n<h3><span style=\"color: #ffa341;\"><b>Formaci\u00f3n en habilidades blandas y valores<\/b><\/span><\/h3>\n<p><span style=\"font-weight: 400;\">Por otro lado, otra caracter\u00edstica distintiva es el \u00e9nfasis en el <\/span><b>desarrollo de habilidades blandas<\/b><span style=\"font-weight: 400;\">, o <\/span><i><span style=\"font-weight: 400;\">soft skills<\/span><\/i><span style=\"font-weight: 400;\">, que son <\/span><span style=\"text-decoration: underline;\"><a href=\"https:\/\/www.vocaeditorial.com\/blog\/educacion-socioemocional\/\" target=\"_blank\" rel=\"noopener\"><b>habilidades socioemocionales<\/b><\/a><\/span><span style=\"font-weight: 400;\">, y <\/span><span style=\"text-decoration: underline;\"><a href=\"https:\/\/www.vocaeditorial.com\/blog\/educacion-etica\/\" target=\"_blank\" rel=\"noopener\"><b>valores \u00e9ticos<\/b><\/a><\/span><span style=\"font-weight: 400;\">.\u00a0<\/span><\/p>\n<p><span style=\"font-weight: 400;\">Por ejemplo, instituciones como <\/span><span style=\"text-decoration: underline;\"><a href=\"https:\/\/www.innovaschools.edu.pe\" target=\"_blank\" rel=\"noopener\"><b>Innova Schools<\/b><\/a><\/span><span style=\"font-weight: 400;\"> integran programas de <\/span><b>educaci\u00f3n emocional, pensamiento cr\u00edtico y responsabilidad social<\/b><span style=\"font-weight: 400;\"> en su modelo educativo.<\/span><\/p>\n<p><span style=\"font-weight: 400;\">Esto es crucial en un mundo donde, m\u00e1s all\u00e1 de los conocimientos acad\u00e9micos, se valora la capacidad de<\/span><b> trabajar en equipo, de resolver problemas y de adaptarse a los cambios<\/b><span style=\"font-weight: 400;\">.<\/span><\/p>\n<h2><span style=\"color: #ffa341;\"><b>Preocupaciones comunes: \u00bfvale la pena la inversi\u00f3n?<\/b><\/span><\/h2>\n<p><span style=\"font-weight: 400;\">Sin embargo, existen <\/span><b>varias preocupaciones<\/b><span style=\"font-weight: 400;\"> que hacen que valoremos la elecci\u00f3n de las escuelas particulares. Vamos a verlas por bloques.<\/span><\/p>\n<h3><span style=\"color: #ffa341;\"><b>El coste y la accesibilidad de las escuelas particulares<\/b><\/span><\/h3>\n<p><span style=\"font-weight: 400;\">En primer lugar, uno de los mayores obst\u00e1culos para muchas familias es el <\/span><b>precio de las escuelas particulares<\/b><span style=\"font-weight: 400;\">, que puede oscilar entre $4,840 al a\u00f1o en instituciones religiosas hasta m\u00e1s de $60,000 en colegios de \u00e9lite.<\/span><\/p>\n<p><span style=\"font-weight: 400;\">Sin embargo, este obst\u00e1culo se reduce porque <\/span><b>existen opciones de financiamiento<\/b><span style=\"font-weight: 400;\">:\u00a0\u00a0<\/span><\/p>\n<ul>\n<li style=\"font-weight: 400;\" aria-level=\"1\"><b>Becas acad\u00e9micas y por necesidad econ\u00f3mica<\/b><span style=\"font-weight: 400;\"> (muchas escuelas ofrecen ayudas).\u00a0\u00a0<\/span><\/li>\n<li style=\"font-weight: 400;\" aria-level=\"1\"><b>Programas de vouchers educativos<\/b><span style=\"font-weight: 400;\"> en algunos pa\u00edses, que permiten usar fondos p\u00fablicos para pagar colegios privados.<\/span><\/li>\n<\/ul>\n<p>&nbsp;<\/p>\n<p><span style=\"font-weight: 400;\">Aun as\u00ed, persiste el debate sobre si estas instituciones refuerzan la <\/span><b>desigualdad social<\/b><span style=\"font-weight: 400;\">, ya que no todas las familias tienen la oportunidad de acceder a ellas.<\/span><\/p>\n<h3><span style=\"color: #ffa341;\"><b>La calidad docente y la presi\u00f3n acad\u00e9mica<\/b><\/span><\/h3>\n<p><span style=\"font-weight: 400;\">En segundo lugar, algunos cr\u00edticos argumentan que, aunque las escuelas particulares suelen tener mejores recursos, <\/span><b>no siempre garantizan una mayor calidad docente<\/b><span style=\"font-weight: 400;\">.<\/span><\/p>\n<p><span style=\"font-weight: 400;\">En algunos casos, los profesores en escuelas privadas tienen <\/span><b>cargas laborales m\u00e1s altas y menos estabilidad laboral<\/b><span style=\"font-weight: 400;\"> que en el sistema p\u00fablico. Esto podr\u00eda empeorar la calidad de los profesores de este tipo de escuelas.<\/span><\/p>\n<p><span style=\"font-weight: 400;\">Adem\u00e1s, existe la preocupaci\u00f3n de que algunos colegios particulares prioricen <\/span><b>resultados acad\u00e9micos sobre el bienestar emocional<\/b><span style=\"font-weight: 400;\"> de los alumnos, generando estr\u00e9s y ansiedad en los estudiantes.<\/span><\/p>\n<p><span data-sheets-root=\"1\">[CtaModule cta_item=\u00bb5415&#8243;]<\/span><\/p>\n<h2><span style=\"color: #ffa341;\"><b>El futuro de las escuelas particulares: \u00bfhacia d\u00f3nde van?\u00a0<\/b><\/span><\/h2>\n<p><span style=\"font-weight: 400;\">Por \u00faltimo, ante estos desaf\u00edos de las escuelas particulares, es normal preguntarse por <\/span><b>su futuro y su evoluci\u00f3n<\/b><span style=\"font-weight: 400;\">.\u00a0<\/span><\/p>\n<h3><span style=\"font-weight: 400; color: #ffa341;\">Integraci\u00f3n de tecnolog\u00eda y educaci\u00f3n global<\/span><\/h3>\n<p><span style=\"font-weight: 400;\">Las escuelas particulares est\u00e1n a la<\/span><b> vanguardia en la adopci\u00f3n de <\/b><span style=\"text-decoration: underline;\"><a href=\"https:\/\/www.vocaeditorial.com\/blog\/nuevas-tecnologias-en-la-educacion\/\" target=\"_blank\" rel=\"noopener\"><b>nuevas tecnolog\u00edas<\/b><\/a><\/span><span style=\"font-weight: 400;\"> y su aplicaci\u00f3n en la ense\u00f1anza,<\/span> <span style=\"font-weight: 400;\">que ayudan a mejorarla.<\/span><\/p>\n<ul>\n<li style=\"font-weight: 400;\" aria-level=\"1\"><span style=\"font-weight: 400;\">Por ejemplo, el uso de <\/span><b>inteligencia artificial, realidad virtual y <\/b><b><i>microlearning<\/i><\/b><span style=\"font-weight: 400;\">, herramientas que est\u00e1n transformando la educaci\u00f3n.<\/span><\/li>\n<li style=\"font-weight: 400;\" aria-level=\"1\"><span style=\"font-weight: 400;\">Asimismo, este acogimiento de la tecnolog\u00eda permite desarrollar una <\/span><b>educaci\u00f3n global<\/b><span style=\"font-weight: 400;\">.\u00a0<\/span><\/li>\n<li style=\"font-weight: 400;\" aria-level=\"1\"><span style=\"font-weight: 400;\">Es decir, hacer ciudadanos <\/span><b>comprometidos con el mundo, abiertos a otras culturas<\/b><span style=\"font-weight: 400;\"> y que comprendan la<\/span><b> interconexi\u00f3n <\/b><span style=\"font-weight: 400;\">de los problemas y oportunidades mundiales.<\/span><\/li>\n<\/ul>\n<p>&nbsp;<\/p>\n<h3><span style=\"font-weight: 400; color: #ffa341;\">Mayor enfoque en la inclusi\u00f3n y la diversidad<\/span><\/h3>\n<p><span style=\"font-weight: 400;\">Por otro lado, aunque hist\u00f3ricamente se las ha asociado con la \u00e9lite, muchas escuelas particulares <\/span><b>est\u00e1n trabajando en ser m\u00e1s inclusivas<\/b><span style=\"font-weight: 400;\">.<\/span><\/p>\n<p><span style=\"font-weight: 400;\">Para ello, incluyen<\/span><b> programas para estudiantes con necesidades especiales <\/b><span style=\"font-weight: 400;\">y becas para familias de bajos ingresos. De esta manera, mejoran la accesibilidad de m\u00e1s personas a este tipo de escuelas.<\/span><\/p>\n<p>&nbsp;<\/p>\n<p>&nbsp;<\/p>\n<p><span style=\"font-weight: 400;\">En definitiva, las escuelas particulares ofrecen ventajas significativas en t\u00e9rminos de <\/span><b>innovaci\u00f3n pedag\u00f3gica, atenci\u00f3n personalizada y desarrollo integral<\/b><span style=\"font-weight: 400;\">, pero tambi\u00e9n presentan desaf\u00edos, especialmente en cuanto a accesibilidad y equidad. Por eso, la decisi\u00f3n de elegir una debe basarse en las necesidades espec\u00edficas del alumno y la capacidad econ\u00f3mica de la familia.<\/span><\/p>\n<p>&nbsp;<\/p>\n<p><span style=\"color: #ffa341;\"><b>Bibliograf\u00eda<\/b><\/span><\/p>\n<p><span style=\"font-weight: 400;\">Innova Schools. (2024). <\/span><span style=\"text-decoration: underline;\"><a href=\"https:\/\/innovaschools.edu.mx\/blog\/educacion-integral-escuelas-privadas\/\" target=\"_blank\" rel=\"noopener\"><span style=\"font-weight: 400;\">L<\/span><i><span style=\"font-weight: 400;\">a educaci\u00f3n integral en escuelas privadas<\/span><\/i><\/a><\/span><span style=\"font-weight: 400;\">.<\/span><\/p>\n<p><span style=\"font-weight: 400;\">Lascroux, F. (2022). <\/span><span style=\"text-decoration: underline;\"><a href=\"https:\/\/www.ei-ie.org\/es\/item\/27172:el-veneno-de-la-escuela-privada\" target=\"_blank\" rel=\"noopener\"><i><span style=\"font-weight: 400;\">El veneno de la escuela privada<\/span><\/i><\/a><\/span><span style=\"font-weight: 400;\">. Internacional de la Educaci\u00f3n.<\/span><\/p>\n<p><span style=\"font-weight: 400;\">Opciones Escolares. (s.f.). <\/span><span style=\"text-decoration: underline;\"><a href=\"https:\/\/opcionesescolares.com\/escuelasprivadas\/\" target=\"_blank\" rel=\"noopener\"><i><span style=\"font-weight: 400;\">Escuelas Privadas<\/span><\/i><\/a><\/span><span style=\"font-weight: 400;\">.<\/span><\/p>\n","protected":false},"excerpt":{"rendered":"<p>\u00bfPor qu\u00e9 elegir escuelas particulares? Exploramos sus ventajas, desaf\u00edos y mitos, con datos recientes para una decisi\u00f3n informada.<\/p>\n","protected":false},"author":49,"featured_media":8686,"comment_status":"closed","ping_status":"closed","sticky":false,"template":"","format":"standard","meta":{"content-type":"","inline_featured_image":false,"_jetpack_memberships_contains_paid_content":false,"footnotes":""},"tags":[631],"class_list":["post-8712","post","type-post","status-publish","format-standard","has-post-thumbnail","hentry","category-educacion-emocional","tag-colegios-espana"],"yoast_head":"<!-- This site is optimized with the Yoast SEO plugin v26.6 - https:\/\/yoast.com\/wordpress\/plugins\/seo\/ -->\n<title>Escuelas particulares: mitos, realidades y oportunidades &#8211; Voca Editorial<\/title>\n<meta name=\"description\" content=\"\u00bfPor qu\u00e9 elegir escuelas particulares? Exploramos sus ventajas, desaf\u00edos y mitos, con datos recientes para una decisi\u00f3n informada.\" \/>\n<meta name=\"robots\" content=\"index, follow, max-snippet:-1, max-image-preview:large, max-video-preview:-1\" \/>\n<link rel=\"canonical\" href=\"https:\/\/www.vocaeditorial.com\/blog\/escuelas-particulares\/\" \/>\n<meta property=\"og:locale\" content=\"es_ES\" \/>\n<meta property=\"og:type\" content=\"article\" \/>\n<meta property=\"og:title\" content=\"Escuelas particulares: mitos, realidades y oportunidades &#8211; Voca Editorial\" \/>\n<meta property=\"og:description\" content=\"\u00bfPor qu\u00e9 elegir escuelas particulares? Exploramos sus ventajas, desaf\u00edos y mitos, con datos recientes para una decisi\u00f3n informada.\" \/>\n<meta property=\"og:url\" content=\"https:\/\/www.vocaeditorial.com\/blog\/escuelas-particulares\/\" \/>\n<meta property=\"og:site_name\" content=\"Voca Editorial\" \/>\n<meta property=\"article:published_time\" content=\"2025-11-25T14:00:16+00:00\" \/>\n<meta property=\"og:image\" content=\"https:\/\/www.vocaeditorial.com\/blog\/media\/escuelas-particulares-scaled.jpeg\" \/>\n\t<meta property=\"og:image:width\" content=\"2560\" \/>\n\t<meta property=\"og:image:height\" content=\"1706\" \/>\n\t<meta property=\"og:image:type\" content=\"image\/jpeg\" \/>\n<meta name=\"author\" content=\"VOCA Editorial\" \/>\n<meta name=\"twitter:card\" content=\"summary_large_image\" \/>\n<meta name=\"twitter:label1\" content=\"Escrito por\" \/>\n\t<meta name=\"twitter:data1\" content=\"VOCA Editorial\" \/>\n\t<meta name=\"twitter:label2\" content=\"Tiempo de lectura\" \/>\n\t<meta name=\"twitter:data2\" content=\"4 minutos\" \/>\n<script type=\"application\/ld+json\" class=\"yoast-schema-graph\">{\"@context\":\"https:\/\/schema.org\",\"@graph\":[{\"@type\":\"WebPage\",\"@id\":\"https:\/\/www.vocaeditorial.com\/blog\/escuelas-particulares\/\",\"url\":\"https:\/\/www.vocaeditorial.com\/blog\/escuelas-particulares\/\",\"name\":\"Escuelas particulares: mitos, realidades y oportunidades &#8211; Voca Editorial\",\"isPartOf\":{\"@id\":\"https:\/\/www.vocaeditorial.com\/blog\/#website\"},\"primaryImageOfPage\":{\"@id\":\"https:\/\/www.vocaeditorial.com\/blog\/escuelas-particulares\/#primaryimage\"},\"image\":{\"@id\":\"https:\/\/www.vocaeditorial.com\/blog\/escuelas-particulares\/#primaryimage\"},\"thumbnailUrl\":\"https:\/\/www.vocaeditorial.com\/blog\/media\/escuelas-particulares-scaled.jpeg\",\"datePublished\":\"2025-11-25T14:00:16+00:00\",\"author\":{\"@id\":\"https:\/\/www.vocaeditorial.com\/blog\/#\/schema\/person\/72fba3d6c8a26fba0fee3107fda03438\"},\"description\":\"\u00bfPor qu\u00e9 elegir escuelas particulares? Exploramos sus ventajas, desaf\u00edos y mitos, con datos recientes para una decisi\u00f3n informada.\",\"breadcrumb\":{\"@id\":\"https:\/\/www.vocaeditorial.com\/blog\/escuelas-particulares\/#breadcrumb\"},\"inLanguage\":\"es\",\"potentialAction\":[{\"@type\":\"ReadAction\",\"target\":[\"https:\/\/www.vocaeditorial.com\/blog\/escuelas-particulares\/\"]}]},{\"@type\":\"ImageObject\",\"inLanguage\":\"es\",\"@id\":\"https:\/\/www.vocaeditorial.com\/blog\/escuelas-particulares\/#primaryimage\",\"url\":\"https:\/\/www.vocaeditorial.com\/blog\/media\/escuelas-particulares-scaled.jpeg\",\"contentUrl\":\"https:\/\/www.vocaeditorial.com\/blog\/media\/escuelas-particulares-scaled.jpeg\",\"width\":2560,\"height\":1706,\"caption\":\"escuelas particulares\"},{\"@type\":\"BreadcrumbList\",\"@id\":\"https:\/\/www.vocaeditorial.com\/blog\/escuelas-particulares\/#breadcrumb\",\"itemListElement\":[{\"@type\":\"ListItem\",\"position\":1,\"name\":\"Portada\",\"item\":\"https:\/\/www.vocaeditorial.com\/blog\/\"},{\"@type\":\"ListItem\",\"position\":2,\"name\":\"Escuelas particulares: mitos, realidades y oportunidades\"}]},{\"@type\":\"WebSite\",\"@id\":\"https:\/\/www.vocaeditorial.com\/blog\/#website\",\"url\":\"https:\/\/www.vocaeditorial.com\/blog\/\",\"name\":\"Voca Editorial\",\"description\":\"\",\"potentialAction\":[{\"@type\":\"SearchAction\",\"target\":{\"@type\":\"EntryPoint\",\"urlTemplate\":\"https:\/\/www.vocaeditorial.com\/blog\/?s={search_term_string}\"},\"query-input\":{\"@type\":\"PropertyValueSpecification\",\"valueRequired\":true,\"valueName\":\"search_term_string\"}}],\"inLanguage\":\"es\"},{\"@type\":\"Person\",\"@id\":\"https:\/\/www.vocaeditorial.com\/blog\/#\/schema\/person\/72fba3d6c8a26fba0fee3107fda03438\",\"name\":\"VOCA Editorial\",\"image\":{\"@type\":\"ImageObject\",\"inLanguage\":\"es\",\"@id\":\"https:\/\/www.vocaeditorial.com\/blog\/#\/schema\/person\/image\/\",\"url\":\"https:\/\/secure.gravatar.com\/avatar\/137e7a09ea636684fcf1595563ff145c113f07116d7a29acedf3e545ab378ca3?s=96&d=mm&r=g\",\"contentUrl\":\"https:\/\/secure.gravatar.com\/avatar\/137e7a09ea636684fcf1595563ff145c113f07116d7a29acedf3e545ab378ca3?s=96&d=mm&r=g\",\"caption\":\"VOCA Editorial\"},\"url\":\"https:\/\/www.vocaeditorial.com\/blog\/author\/voca-editorial\/\"}]}<\/script>\n<!-- \/ Yoast SEO plugin. -->","yoast_head_json":{"title":"Escuelas particulares: mitos, realidades y oportunidades &#8211; Voca Editorial","description":"\u00bfPor qu\u00e9 elegir escuelas particulares? Exploramos sus ventajas, desaf\u00edos y mitos, con datos recientes para una decisi\u00f3n informada.","robots":{"index":"index","follow":"follow","max-snippet":"max-snippet:-1","max-image-preview":"max-image-preview:large","max-video-preview":"max-video-preview:-1"},"canonical":"https:\/\/www.vocaeditorial.com\/blog\/escuelas-particulares\/","og_locale":"es_ES","og_type":"article","og_title":"Escuelas particulares: mitos, realidades y oportunidades &#8211; Voca Editorial","og_description":"\u00bfPor qu\u00e9 elegir escuelas particulares? Exploramos sus ventajas, desaf\u00edos y mitos, con datos recientes para una decisi\u00f3n informada.","og_url":"https:\/\/www.vocaeditorial.com\/blog\/escuelas-particulares\/","og_site_name":"Voca Editorial","article_published_time":"2025-11-25T14:00:16+00:00","og_image":[{"width":2560,"height":1706,"url":"https:\/\/www.vocaeditorial.com\/blog\/media\/escuelas-particulares-scaled.jpeg","type":"image\/jpeg"}],"author":"VOCA Editorial","twitter_card":"summary_large_image","twitter_misc":{"Escrito por":"VOCA Editorial","Tiempo de lectura":"4 minutos"},"schema":{"@context":"https:\/\/schema.org","@graph":[{"@type":"WebPage","@id":"https:\/\/www.vocaeditorial.com\/blog\/escuelas-particulares\/","url":"https:\/\/www.vocaeditorial.com\/blog\/escuelas-particulares\/","name":"Escuelas particulares: mitos, realidades y oportunidades &#8211; Voca Editorial","isPartOf":{"@id":"https:\/\/www.vocaeditorial.com\/blog\/#website"},"primaryImageOfPage":{"@id":"https:\/\/www.vocaeditorial.com\/blog\/escuelas-particulares\/#primaryimage"},"image":{"@id":"https:\/\/www.vocaeditorial.com\/blog\/escuelas-particulares\/#primaryimage"},"thumbnailUrl":"https:\/\/www.vocaeditorial.com\/blog\/media\/escuelas-particulares-scaled.jpeg","datePublished":"2025-11-25T14:00:16+00:00","author":{"@id":"https:\/\/www.vocaeditorial.com\/blog\/#\/schema\/person\/72fba3d6c8a26fba0fee3107fda03438"},"description":"\u00bfPor qu\u00e9 elegir escuelas particulares? Exploramos sus ventajas, desaf\u00edos y mitos, con datos recientes para una decisi\u00f3n informada.","breadcrumb":{"@id":"https:\/\/www.vocaeditorial.com\/blog\/escuelas-particulares\/#breadcrumb"},"inLanguage":"es","potentialAction":[{"@type":"ReadAction","target":["https:\/\/www.vocaeditorial.com\/blog\/escuelas-particulares\/"]}]},{"@type":"ImageObject","inLanguage":"es","@id":"https:\/\/www.vocaeditorial.com\/blog\/escuelas-particulares\/#primaryimage","url":"https:\/\/www.vocaeditorial.com\/blog\/media\/escuelas-particulares-scaled.jpeg","contentUrl":"https:\/\/www.vocaeditorial.com\/blog\/media\/escuelas-particulares-scaled.jpeg","width":2560,"height":1706,"caption":"escuelas particulares"},{"@type":"BreadcrumbList","@id":"https:\/\/www.vocaeditorial.com\/blog\/escuelas-particulares\/#breadcrumb","itemListElement":[{"@type":"ListItem","position":1,"name":"Portada","item":"https:\/\/www.vocaeditorial.com\/blog\/"},{"@type":"ListItem","position":2,"name":"Escuelas particulares: mitos, realidades y oportunidades"}]},{"@type":"WebSite","@id":"https:\/\/www.vocaeditorial.com\/blog\/#website","url":"https:\/\/www.vocaeditorial.com\/blog\/","name":"Voca Editorial","description":"","potentialAction":[{"@type":"SearchAction","target":{"@type":"EntryPoint","urlTemplate":"https:\/\/www.vocaeditorial.com\/blog\/?s={search_term_string}"},"query-input":{"@type":"PropertyValueSpecification","valueRequired":true,"valueName":"search_term_string"}}],"inLanguage":"es"},{"@type":"Person","@id":"https:\/\/www.vocaeditorial.com\/blog\/#\/schema\/person\/72fba3d6c8a26fba0fee3107fda03438","name":"VOCA Editorial","image":{"@type":"ImageObject","inLanguage":"es","@id":"https:\/\/www.vocaeditorial.com\/blog\/#\/schema\/person\/image\/","url":"https:\/\/secure.gravatar.com\/avatar\/137e7a09ea636684fcf1595563ff145c113f07116d7a29acedf3e545ab378ca3?s=96&d=mm&r=g","contentUrl":"https:\/\/secure.gravatar.com\/avatar\/137e7a09ea636684fcf1595563ff145c113f07116d7a29acedf3e545ab378ca3?s=96&d=mm&r=g","caption":"VOCA Editorial"},"url":"https:\/\/www.vocaeditorial.com\/blog\/author\/voca-editorial\/"}]}},"jetpack_featured_media_url":"https:\/\/www.vocaeditorial.com\/blog\/media\/escuelas-particulares-scaled.jpeg","jetpack_sharing_enabled":true,"_links":{"self":[{"href":"https:\/\/www.vocaeditorial.com\/blog\/wp-json\/wp\/v2\/posts\/8712","targetHints":{"allow":["GET"]}}],"collection":[{"href":"https:\/\/www.vocaeditorial.com\/blog\/wp-json\/wp\/v2\/posts"}],"about":[{"href":"https:\/\/www.vocaeditorial.com\/blog\/wp-json\/wp\/v2\/types\/post"}],"author":[{"embeddable":true,"href":"https:\/\/www.vocaeditorial.com\/blog\/wp-json\/wp\/v2\/users\/49"}],"replies":[{"embeddable":true,"href":"https:\/\/www.vocaeditorial.com\/blog\/wp-json\/wp\/v2\/comments?post=8712"}],"version-history":[{"count":0,"href":"https:\/\/www.vocaeditorial.com\/blog\/wp-json\/wp\/v2\/posts\/8712\/revisions"}],"wp:featuredmedia":[{"embeddable":true,"href":"https:\/\/www.vocaeditorial.com\/blog\/wp-json\/wp\/v2\/media\/8686"}],"wp:attachment":[{"href":"https:\/\/www.vocaeditorial.com\/blog\/wp-json\/wp\/v2\/media?parent=8712"}],"wp:term":[{"taxonomy":"post_tag","embeddable":true,"href":"https:\/\/www.vocaeditorial.com\/blog\/wp-json\/wp\/v2\/tags?post=8712"}],"curies":[{"name":"wp","href":"https:\/\/api.w.org\/{rel}","templated":true}]}}