{"id":8702,"date":"2025-11-18T15:00:39","date_gmt":"2025-11-18T14:00:39","guid":{"rendered":"https:\/\/www.vocaeditorial.com\/blog\/?p=8702"},"modified":"2025-10-29T11:42:41","modified_gmt":"2025-10-29T10:42:41","slug":"lengua-2-eso","status":"publish","type":"post","link":"https:\/\/www.vocaeditorial.com\/blog\/lengua-2-eso\/","title":{"rendered":"Lengua 2 ESO: claves, dudas y recursos esenciales para docentes"},"content":{"rendered":"<p><span style=\"font-weight: 400;\">La asignatura de Lengua 2 ESO exige un impulso comunicativo y cr\u00edtico en el alumnado. En este art\u00edculo, responderemos a las dudas m\u00e1s comunes de los docentes: \u00bfqu\u00e9 contenidos dominar?, \u00bfc\u00f3mo innovar en el aula?, \u00bfc\u00f3mo atender a la diversidad? Adem\u00e1s, ofrecemos estudios, herramientas y experiencias did\u00e1cticas para fortalecer tu pr\u00e1ctica profesional.<\/span><\/p>\n\n<p><span data-sheets-root=\"1\">[CtaModule cta_item=\u00bb6733&#8243;]<\/span><\/p>\n<p>&nbsp;<\/p>\n<h2><span style=\"color: #ffa341;\"><b>Contenidos y objetivos de Lengua 2 ESO<\/b><\/span><\/h2>\n<p><span style=\"font-weight: 400;\">En primer lugar, seg\u00fan el <\/span><b>curr\u00edculo LOMLOE<\/b><span style=\"font-weight: 400;\"> (Ministerio de Educaci\u00f3n), esta asignatura promueve competencias comunicativas, cr\u00edticas, literarias y de tratamiento de informaci\u00f3n.<\/span><\/p>\n<p><span style=\"font-weight: 400;\">En concreto, en la nueva legislaci\u00f3n espa\u00f1ola, la asignatura se divide en <\/span><span style=\"text-decoration: underline;\"><a href=\"https:\/\/educagob.educacionfpydeportes.gob.es\/curriculo\/curriculo-lomloe\/menu-curriculos-basicos\/ed-secundaria-obligatoria\/materias\/lengua-castellana\/criterios-eval-primer-segundo-curso.html\" target=\"_blank\" rel=\"noopener\"><b>competencias espec\u00edficas, criterios de evaluaci\u00f3n y saberes b\u00e1sicos<\/b><\/a><\/span><span style=\"font-weight: 400;\">.\u00a0<\/span><\/p>\n<table>\n<tbody>\n<tr>\n<td><b>Competencias espec\u00edficas<\/b><\/td>\n<td><b>Saberes b\u00e1sicos<\/b><\/td>\n<td><b>Criterios de evaluaci\u00f3n<\/b><\/td>\n<\/tr>\n<tr>\n<td><span style=\"font-weight: 400;\">Conocimientos, destrezas y actitudes para lograr el nivel esperado.<\/span><\/td>\n<td><span style=\"font-weight: 400;\">Contenidos propios de un \u00e1rea que son necesarios para desarrollar las competencias espec\u00edficas.<\/span><\/td>\n<td><span style=\"font-weight: 400;\">Muestran el nivel de desempe\u00f1o de los alumnos en las actividades.<\/span><\/td>\n<\/tr>\n<\/tbody>\n<\/table>\n<p><span style=\"font-weight: 400;\">Por ejemplo, entre las <\/span><b>competencias espec\u00edficas<\/b><span style=\"font-weight: 400;\"> que debemos trabajar, encontramos:<\/span><\/p>\n<ul>\n<li style=\"font-weight: 400;\" aria-level=\"1\"><b>Planificar, redactar y revisar textos<\/b><span style=\"font-weight: 400;\"> escritos y multimodales atendiendo a su contexto comunicativo.<\/span><\/li>\n<li style=\"font-weight: 400;\" aria-level=\"1\"><b>Buscar, evaluar y sintetizar informaci\u00f3n<\/b><span style=\"font-weight: 400;\"> de m\u00faltiples fuentes, evitando la desinformaci\u00f3n.<\/span><\/li>\n<li style=\"font-weight: 400;\" aria-level=\"1\"><b>Leer y compartir <\/b><span style=\"font-weight: 400;\">experiencias lectoras, enlazando lo literario con lo personal y cultural.<\/span><\/li>\n<li style=\"font-weight: 400;\" aria-level=\"1\"><b>Analizar la Lengua<\/b><span style=\"font-weight: 400;\"> para comprender su funcionamiento y aplicarlo en la expresi\u00f3n escrita y oral.<\/span><\/li>\n<\/ul>\n<p>&nbsp;<\/p>\n<p><span style=\"font-weight: 400;\">Asimismo, todo esto se trabaja en el aula a trav\u00e9s de<\/span> <span style=\"font-weight: 400;\">situaciones de aprendizaje. Es decir, <\/span><b>actividades aplicadas a contextos reales y significativos<\/b><span style=\"font-weight: 400;\">.<\/span><\/p>\n<h3><span style=\"color: #ffa341;\"><b>\u00bfQu\u00e9 contenidos se trabajan en el curso?<\/b><\/span><\/h3>\n<p><span style=\"font-weight: 400;\">Por otro lado, los contenidos que se van a trabajar a lo largo del <\/span><b>curso de Lengua 2 ESO <\/b><span style=\"font-weight: 400;\">no son tan importantes como desarrollar las <\/span><b>competencias espec\u00edficas<\/b><span style=\"font-weight: 400;\">.\u00a0<\/span><\/p>\n<p><span style=\"font-weight: 400;\">A\u00fan as\u00ed, es importante tener en cuenta que los<\/span><b> principales bloques de contenidos<\/b><span style=\"font-weight: 400;\"> son:<\/span><\/p>\n<ul>\n<li style=\"font-weight: 400;\" aria-level=\"1\"><b>Comunicaci\u00f3n<\/b><span style=\"font-weight: 400;\">: funciones del lenguaje, tipos de texto, ortograf\u00eda y cohesi\u00f3n textual.<\/span><\/li>\n<li style=\"font-weight: 400;\" aria-level=\"1\"><b>Morfolog\u00eda y sintaxis<\/b><span style=\"font-weight: 400;\">: an\u00e1lisis de unidades gramaticales, oraciones y sintagmas.<\/span><\/li>\n<li style=\"font-weight: 400;\" aria-level=\"1\"><b>Literatura<\/b><span style=\"font-weight: 400;\">: poes\u00eda, narraci\u00f3n, figuras ret\u00f3ricas y g\u00e9neros literarios.<\/span><\/li>\n<\/ul>\n<p>&nbsp;<\/p>\n<p><span style=\"font-weight: 400;\">Por supuesto, no debemos olvidarnos de seguir trabajando la <\/span><span style=\"text-decoration: underline;\"><a href=\"https:\/\/www.vocaeditorial.com\/blog\/comprension-lectora-2-eso\/\" target=\"_blank\" rel=\"noopener\"><b>comprensi\u00f3n lectora<\/b><\/a><\/span><span style=\"font-weight: 400;\"> y el <\/span><b>h\u00e1bito de leer<\/b><span style=\"font-weight: 400;\">.<\/span><\/p>\n<p><span style=\"font-weight: 400;\">Y es que estos contenidos <\/span><b>mejoran la competencia ling\u00fc\u00edstica<\/b><span style=\"font-weight: 400;\">, preparan para textos m\u00e1s complejos y desarrollan el pensamiento cr\u00edtico; pero recordemos que el objetivo de la asignatura es que se logren las competencias espec\u00edficas.<\/span><\/p>\n<h2><span style=\"color: #ffa341;\"><b>Metodolog\u00eda, innovaci\u00f3n y recursos en Lengua 2 ESO<\/b><\/span><\/h2>\n<p><span style=\"font-weight: 400;\">En segundo lugar, podemos aplicar en nuestras aulas algunas <\/span><b>metodolog\u00edas innovadoras<\/b><span style=\"font-weight: 400;\"> para hacer de la asignatura de Lengua una <\/span><b>experiencia significativa<\/b><span style=\"font-weight: 400;\"> y emocionante.<\/span><\/p>\n<h3><span style=\"color: #ffa341;\"><b>Metodolog\u00eda activa<\/b><\/span><\/h3>\n<p><span style=\"font-weight: 400;\">Por ejemplo, tenemos la <\/span><span style=\"text-decoration: underline;\"><a href=\"https:\/\/www.vocaeditorial.com\/blog\/metodologias-activas-en-el-aula\/\" target=\"_blank\" rel=\"noopener\"><b>metodolog\u00eda activa<\/b><\/a><\/span><span style=\"font-weight: 400;\">, centrada en el alumno y en la <\/span><b>superaci\u00f3n de retos<\/b><span style=\"font-weight: 400;\"> aplicados a la vida real. As\u00ed, se adec\u00faa perfectamente al desarrollo de las competencias espec\u00edficas que buscamos.<\/span><\/p>\n<p><span style=\"font-weight: 400;\">Para poder aplicarla en el aula, se recomienda <\/span><b>combinar exposiciones, proyectos, debates y talleres<\/b><span style=\"font-weight: 400;\">: di\u00e1logo, investigaci\u00f3n, redacci\u00f3n, comentario de textos, dramatizaci\u00f3n&#8230;\u00a0<\/span><\/p>\n<p><span style=\"font-weight: 400;\">Adem\u00e1s, es conveniente utilizar <\/span><b>autoevaluaci\u00f3n y coevaluaci\u00f3n<\/b><span style=\"font-weight: 400;\">, para fomentar la reflexi\u00f3n ling\u00fc\u00edstica en proyectos cooperativos.<\/span><\/p>\n<h3><span style=\"color: #ffa341;\"><b>Integraci\u00f3n de TIC<\/b><\/span><\/h3>\n<p><span style=\"font-weight: 400;\">Tambi\u00e9n, debemos tener en cuenta las <\/span><b>tecnolog\u00edas digitales<\/b><span style=\"font-weight: 400;\">, que pueden ser herramientas que<\/span> <span style=\"font-weight: 400;\">potencien el aprendizaje de la asignatura. Por ejemplo, podemos:<\/span><\/p>\n<ul>\n<li style=\"font-weight: 400;\" aria-level=\"1\"><span style=\"font-weight: 400;\">Crear <\/span><b>blogs educativos<\/b><span style=\"font-weight: 400;\"> que motiven al alumnado y ampl\u00eden el aula tradicional.<\/span><\/li>\n<li style=\"font-weight: 400;\" aria-level=\"1\"><span style=\"font-weight: 400;\">Usar <\/span><b>pizarras interactivas <\/b><span style=\"font-weight: 400;\">para dinamizar la ense\u00f1anza, fomentar la creatividad y optimizar recursos.<\/span><\/li>\n<\/ul>\n<p>&nbsp;<\/p>\n<p><span style=\"font-weight: 400;\">Sin embargo, debemos reflexionar sobre la utilidad y el<\/span> <span style=\"text-decoration: underline;\"><a href=\"https:\/\/www.vocaeditorial.com\/blog\/tic-nuevas-tecnologias-en-el-aula\/\" target=\"_blank\" rel=\"noopener\"><b>impacto de las nuevas tecnolog\u00edas<\/b><\/a><\/span><span style=\"font-weight: 400;\"> en el aula y nuestros alumnos.<\/span><\/p>\n<h3><span style=\"color: #ffa341;\"><b>Formaci\u00f3n docente para Lengua 2 ESO<\/b><\/span><\/h3>\n<p><span style=\"font-weight: 400;\">Asimismo, la<\/span><b> integraci\u00f3n efectiva de TIC o de metodolog\u00edas innovadoras<\/b><span style=\"font-weight: 400;\"> requiere docentes bien formados en competencias digitales pedag\u00f3gicas y t\u00e9cnicas.<\/span><\/p>\n<p><span style=\"font-weight: 400;\">Por eso, la <\/span><span style=\"text-decoration: underline;\"><a href=\"https:\/\/www.vocaeditorial.com\/blog\/educacion-continua\/\" target=\"_blank\" rel=\"noopener\"><b>formaci\u00f3n continua<\/b><\/a><\/span><b> es clave para dise\u00f1ar actividades significativas<\/b><span style=\"font-weight: 400;\"> y evitar el uso superficial de la tecnolog\u00eda.<\/span><\/p>\n<p><span data-sheets-root=\"1\">[CtaModule cta_item=\u00bb5415&#8243;]<\/span><\/p>\n<h2><span style=\"color: #ffa341;\"><b>Retos frecuentes y estrategias efectivas<\/b><\/span><\/h2>\n<p><span style=\"font-weight: 400;\">Por \u00faltimo, veremos algunos de los<\/span><b> retos m\u00e1s frecuentes <\/b><span style=\"font-weight: 400;\">que podemos encontrar en Lengua 2 ESO, junto con algunas posibles estrategias para afrontarlos.<\/span><\/p>\n<h3><span style=\"color: #ffa341;\"><b>Diversidad y heterogeneidad<\/b><\/span><\/h3>\n<p><span style=\"font-weight: 400;\">Primero, en Lengua 2 ESO <\/span><b>conviven distintos niveles de competencia<\/b><span style=\"font-weight: 400;\">. Por eso,\u00a0<\/span><\/p>\n<blockquote><p><span style=\"font-weight: 400;\">la programaci\u00f3n debe incluir tareas graduadas, con niveles b\u00e1sico, medio y de excelencia.\u00a0<\/span><\/p><\/blockquote>\n<p>&nbsp;<\/p>\n<p><span style=\"font-weight: 400;\">Y usar autoevaluaci\u00f3n, coevaluaci\u00f3n y r\u00fabricas favorece una <\/span><span style=\"text-decoration: underline;\"><a href=\"https:\/\/profuturo.education\/observatorio\/tendencias\/evaluacion-formativa-la-evaluacion-que-ayuda-a-los-alumnos-a-aprender\/\" target=\"_blank\" rel=\"noopener\"><b>evaluaci\u00f3n formativa<\/b><\/a><\/span><span style=\"font-weight: 400;\">. Es decir, la mejor forma de tener en cuenta la diversidad de nuestro alumnado es <\/span><b>observar y evaluar todo su proceso de aprendizaje<\/b><span style=\"font-weight: 400;\"> y su evoluci\u00f3n, no tanto los resultados finales.<\/span><\/p>\n<h3><span style=\"color: #ffa341;\"><b>Motivaci\u00f3n y relevancia<\/b><\/span><\/h3>\n<p><span style=\"font-weight: 400;\">Para mantener el inter\u00e9s, es \u00fatil plantear <\/span><b>proyectos reales<\/b><span style=\"font-weight: 400;\"> (folletos, blogs, debates) que conecten la Lengua con la <\/span><b>vida cotidiana del alumnado<\/b><span style=\"font-weight: 400;\">.\u00a0<\/span><\/p>\n<p><span style=\"font-weight: 400;\">As\u00ed, proyectos como <\/span><b>los blogs cooperativos incrementan la motivaci\u00f3n <\/b><span style=\"font-weight: 400;\">y muestran aplicaciones reales de la Lengua, haciendo que la asignatura adquiera relevancia para el alumnado.<\/span><\/p>\n<h3><span style=\"color: #ffa341;\"><b>Evaluaci\u00f3n y digitalizaci\u00f3n<\/b><\/span><\/h3>\n<p><span style=\"font-weight: 400;\">Tambi\u00e9n, para favorecer un <\/span><b>aprendizaje integral y significativo<\/b><span style=\"font-weight: 400;\">, la evaluaci\u00f3n debe ser variada:\u00a0<\/span><\/p>\n<ul>\n<li style=\"font-weight: 400;\" aria-level=\"1\"><span style=\"font-weight: 400;\">Ex\u00e1menes<\/span><\/li>\n<li style=\"font-weight: 400;\" aria-level=\"1\"><span style=\"font-weight: 400;\">Trabajos<\/span><\/li>\n<li style=\"font-weight: 400;\" aria-level=\"1\"><span style=\"font-weight: 400;\">Portafolios<\/span><\/li>\n<li style=\"font-weight: 400;\" aria-level=\"1\"><span style=\"font-weight: 400;\">Pr\u00e1cticas guiadas<\/span><\/li>\n<li style=\"font-weight: 400;\" aria-level=\"1\"><span style=\"font-weight: 400;\">Presentaciones<\/span><\/li>\n<li style=\"font-weight: 400;\" aria-level=\"1\"><span style=\"font-weight: 400;\">Diario de aprendizaje<\/span><\/li>\n<\/ul>\n<p>&nbsp;<\/p>\n<p><span style=\"font-weight: 400;\">Por ejemplo, se pueden <\/span><b>integrar portafolios y r\u00fabricas dentro de <\/b><span style=\"text-decoration: underline;\"><a href=\"https:\/\/www.vocaeditorial.com\/blog\/trabajo-cooperativo\/\" target=\"_blank\" rel=\"noopener\"><b>proyectos cooperativos<\/b><\/a><\/span><span style=\"font-weight: 400;\"> con coevaluaci\u00f3n.<\/span><\/p>\n<p>&nbsp;<\/p>\n<p><span style=\"font-weight: 400;\">En conclusi\u00f3n, ahora tenemos una <\/span><b>visi\u00f3n s\u00f3lida y pr\u00e1ctica<\/b><span style=\"font-weight: 400;\"> sobre los contenidos, metodolog\u00eda y retos de <\/span><b>Lengua 2 ESO<\/b><span style=\"font-weight: 400;\">, apoyada en estudios y recursos validados. \u00a1Te animamos a implementar estas herramientas y compartir tus experiencias docentes!<\/span><\/p>\n","protected":false},"excerpt":{"rendered":"<p>Profundiza en Lengua 2 ESO: contenidos clave y recursos fiables respaldados por investigaciones y referencias docentes.<\/p>\n","protected":false},"author":49,"featured_media":8681,"comment_status":"closed","ping_status":"closed","sticky":false,"template":"","format":"standard","meta":{"content-type":"","inline_featured_image":false,"_jetpack_memberships_contains_paid_content":false,"footnotes":""},"tags":[625,694],"class_list":["post-8702","post","type-post","status-publish","format-standard","has-post-thumbnail","hentry","category-comprension-lectora","tag-secundaria","tag-lengua-castellana-y-literatura"],"yoast_head":"<!-- This site is optimized with the Yoast SEO plugin v26.6 - https:\/\/yoast.com\/wordpress\/plugins\/seo\/ -->\n<title>Lengua 2 ESO: claves, dudas y recursos esenciales para docentes &#8211; Voca Editorial<\/title>\n<meta name=\"description\" content=\"Profundiza en Lengua 2 ESO: contenidos clave y recursos fiables respaldados por investigaciones y referencias docentes.\" \/>\n<meta name=\"robots\" content=\"index, follow, max-snippet:-1, max-image-preview:large, max-video-preview:-1\" \/>\n<link rel=\"canonical\" href=\"https:\/\/www.vocaeditorial.com\/blog\/lengua-2-eso\/\" \/>\n<meta property=\"og:locale\" content=\"es_ES\" \/>\n<meta property=\"og:type\" content=\"article\" \/>\n<meta property=\"og:title\" content=\"Lengua 2 ESO: claves, dudas y recursos esenciales para docentes &#8211; Voca Editorial\" \/>\n<meta property=\"og:description\" content=\"Profundiza en Lengua 2 ESO: contenidos clave y recursos fiables respaldados por investigaciones y referencias docentes.\" \/>\n<meta property=\"og:url\" content=\"https:\/\/www.vocaeditorial.com\/blog\/lengua-2-eso\/\" \/>\n<meta property=\"og:site_name\" content=\"Voca Editorial\" \/>\n<meta property=\"article:published_time\" content=\"2025-11-18T14:00:39+00:00\" \/>\n<meta property=\"og:image\" content=\"https:\/\/www.vocaeditorial.com\/blog\/media\/lengua-2-eso-scaled.jpeg\" \/>\n\t<meta property=\"og:image:width\" content=\"2560\" \/>\n\t<meta property=\"og:image:height\" content=\"1707\" \/>\n\t<meta property=\"og:image:type\" content=\"image\/jpeg\" \/>\n<meta name=\"author\" content=\"VOCA Editorial\" \/>\n<meta name=\"twitter:card\" content=\"summary_large_image\" \/>\n<meta name=\"twitter:label1\" content=\"Escrito por\" \/>\n\t<meta name=\"twitter:data1\" content=\"VOCA Editorial\" \/>\n\t<meta name=\"twitter:label2\" content=\"Tiempo de lectura\" \/>\n\t<meta name=\"twitter:data2\" content=\"4 minutos\" \/>\n<script type=\"application\/ld+json\" class=\"yoast-schema-graph\">{\"@context\":\"https:\/\/schema.org\",\"@graph\":[{\"@type\":\"WebPage\",\"@id\":\"https:\/\/www.vocaeditorial.com\/blog\/lengua-2-eso\/\",\"url\":\"https:\/\/www.vocaeditorial.com\/blog\/lengua-2-eso\/\",\"name\":\"Lengua 2 ESO: claves, dudas y recursos esenciales para docentes &#8211; Voca Editorial\",\"isPartOf\":{\"@id\":\"https:\/\/www.vocaeditorial.com\/blog\/#website\"},\"primaryImageOfPage\":{\"@id\":\"https:\/\/www.vocaeditorial.com\/blog\/lengua-2-eso\/#primaryimage\"},\"image\":{\"@id\":\"https:\/\/www.vocaeditorial.com\/blog\/lengua-2-eso\/#primaryimage\"},\"thumbnailUrl\":\"https:\/\/www.vocaeditorial.com\/blog\/media\/lengua-2-eso-scaled.jpeg\",\"datePublished\":\"2025-11-18T14:00:39+00:00\",\"author\":{\"@id\":\"https:\/\/www.vocaeditorial.com\/blog\/#\/schema\/person\/72fba3d6c8a26fba0fee3107fda03438\"},\"description\":\"Profundiza en Lengua 2 ESO: contenidos clave y recursos fiables respaldados por investigaciones y referencias docentes.\",\"breadcrumb\":{\"@id\":\"https:\/\/www.vocaeditorial.com\/blog\/lengua-2-eso\/#breadcrumb\"},\"inLanguage\":\"es\",\"potentialAction\":[{\"@type\":\"ReadAction\",\"target\":[\"https:\/\/www.vocaeditorial.com\/blog\/lengua-2-eso\/\"]}]},{\"@type\":\"ImageObject\",\"inLanguage\":\"es\",\"@id\":\"https:\/\/www.vocaeditorial.com\/blog\/lengua-2-eso\/#primaryimage\",\"url\":\"https:\/\/www.vocaeditorial.com\/blog\/media\/lengua-2-eso-scaled.jpeg\",\"contentUrl\":\"https:\/\/www.vocaeditorial.com\/blog\/media\/lengua-2-eso-scaled.jpeg\",\"width\":2560,\"height\":1707,\"caption\":\"lengua-2-eso\"},{\"@type\":\"BreadcrumbList\",\"@id\":\"https:\/\/www.vocaeditorial.com\/blog\/lengua-2-eso\/#breadcrumb\",\"itemListElement\":[{\"@type\":\"ListItem\",\"position\":1,\"name\":\"Portada\",\"item\":\"https:\/\/www.vocaeditorial.com\/blog\/\"},{\"@type\":\"ListItem\",\"position\":2,\"name\":\"Lengua 2 ESO: claves, dudas y recursos esenciales para docentes\"}]},{\"@type\":\"WebSite\",\"@id\":\"https:\/\/www.vocaeditorial.com\/blog\/#website\",\"url\":\"https:\/\/www.vocaeditorial.com\/blog\/\",\"name\":\"Voca Editorial\",\"description\":\"\",\"potentialAction\":[{\"@type\":\"SearchAction\",\"target\":{\"@type\":\"EntryPoint\",\"urlTemplate\":\"https:\/\/www.vocaeditorial.com\/blog\/?s={search_term_string}\"},\"query-input\":{\"@type\":\"PropertyValueSpecification\",\"valueRequired\":true,\"valueName\":\"search_term_string\"}}],\"inLanguage\":\"es\"},{\"@type\":\"Person\",\"@id\":\"https:\/\/www.vocaeditorial.com\/blog\/#\/schema\/person\/72fba3d6c8a26fba0fee3107fda03438\",\"name\":\"VOCA Editorial\",\"image\":{\"@type\":\"ImageObject\",\"inLanguage\":\"es\",\"@id\":\"https:\/\/www.vocaeditorial.com\/blog\/#\/schema\/person\/image\/\",\"url\":\"https:\/\/secure.gravatar.com\/avatar\/137e7a09ea636684fcf1595563ff145c113f07116d7a29acedf3e545ab378ca3?s=96&d=mm&r=g\",\"contentUrl\":\"https:\/\/secure.gravatar.com\/avatar\/137e7a09ea636684fcf1595563ff145c113f07116d7a29acedf3e545ab378ca3?s=96&d=mm&r=g\",\"caption\":\"VOCA Editorial\"},\"url\":\"https:\/\/www.vocaeditorial.com\/blog\/author\/voca-editorial\/\"}]}<\/script>\n<!-- \/ Yoast SEO plugin. -->","yoast_head_json":{"title":"Lengua 2 ESO: claves, dudas y recursos esenciales para docentes &#8211; Voca Editorial","description":"Profundiza en Lengua 2 ESO: contenidos clave y recursos fiables respaldados por investigaciones y referencias docentes.","robots":{"index":"index","follow":"follow","max-snippet":"max-snippet:-1","max-image-preview":"max-image-preview:large","max-video-preview":"max-video-preview:-1"},"canonical":"https:\/\/www.vocaeditorial.com\/blog\/lengua-2-eso\/","og_locale":"es_ES","og_type":"article","og_title":"Lengua 2 ESO: claves, dudas y recursos esenciales para docentes &#8211; Voca Editorial","og_description":"Profundiza en Lengua 2 ESO: contenidos clave y recursos fiables respaldados por investigaciones y referencias docentes.","og_url":"https:\/\/www.vocaeditorial.com\/blog\/lengua-2-eso\/","og_site_name":"Voca Editorial","article_published_time":"2025-11-18T14:00:39+00:00","og_image":[{"width":2560,"height":1707,"url":"https:\/\/www.vocaeditorial.com\/blog\/media\/lengua-2-eso-scaled.jpeg","type":"image\/jpeg"}],"author":"VOCA Editorial","twitter_card":"summary_large_image","twitter_misc":{"Escrito por":"VOCA Editorial","Tiempo de lectura":"4 minutos"},"schema":{"@context":"https:\/\/schema.org","@graph":[{"@type":"WebPage","@id":"https:\/\/www.vocaeditorial.com\/blog\/lengua-2-eso\/","url":"https:\/\/www.vocaeditorial.com\/blog\/lengua-2-eso\/","name":"Lengua 2 ESO: claves, dudas y recursos esenciales para docentes &#8211; Voca Editorial","isPartOf":{"@id":"https:\/\/www.vocaeditorial.com\/blog\/#website"},"primaryImageOfPage":{"@id":"https:\/\/www.vocaeditorial.com\/blog\/lengua-2-eso\/#primaryimage"},"image":{"@id":"https:\/\/www.vocaeditorial.com\/blog\/lengua-2-eso\/#primaryimage"},"thumbnailUrl":"https:\/\/www.vocaeditorial.com\/blog\/media\/lengua-2-eso-scaled.jpeg","datePublished":"2025-11-18T14:00:39+00:00","author":{"@id":"https:\/\/www.vocaeditorial.com\/blog\/#\/schema\/person\/72fba3d6c8a26fba0fee3107fda03438"},"description":"Profundiza en Lengua 2 ESO: contenidos clave y recursos fiables respaldados por investigaciones y referencias docentes.","breadcrumb":{"@id":"https:\/\/www.vocaeditorial.com\/blog\/lengua-2-eso\/#breadcrumb"},"inLanguage":"es","potentialAction":[{"@type":"ReadAction","target":["https:\/\/www.vocaeditorial.com\/blog\/lengua-2-eso\/"]}]},{"@type":"ImageObject","inLanguage":"es","@id":"https:\/\/www.vocaeditorial.com\/blog\/lengua-2-eso\/#primaryimage","url":"https:\/\/www.vocaeditorial.com\/blog\/media\/lengua-2-eso-scaled.jpeg","contentUrl":"https:\/\/www.vocaeditorial.com\/blog\/media\/lengua-2-eso-scaled.jpeg","width":2560,"height":1707,"caption":"lengua-2-eso"},{"@type":"BreadcrumbList","@id":"https:\/\/www.vocaeditorial.com\/blog\/lengua-2-eso\/#breadcrumb","itemListElement":[{"@type":"ListItem","position":1,"name":"Portada","item":"https:\/\/www.vocaeditorial.com\/blog\/"},{"@type":"ListItem","position":2,"name":"Lengua 2 ESO: claves, dudas y recursos esenciales para docentes"}]},{"@type":"WebSite","@id":"https:\/\/www.vocaeditorial.com\/blog\/#website","url":"https:\/\/www.vocaeditorial.com\/blog\/","name":"Voca Editorial","description":"","potentialAction":[{"@type":"SearchAction","target":{"@type":"EntryPoint","urlTemplate":"https:\/\/www.vocaeditorial.com\/blog\/?s={search_term_string}"},"query-input":{"@type":"PropertyValueSpecification","valueRequired":true,"valueName":"search_term_string"}}],"inLanguage":"es"},{"@type":"Person","@id":"https:\/\/www.vocaeditorial.com\/blog\/#\/schema\/person\/72fba3d6c8a26fba0fee3107fda03438","name":"VOCA Editorial","image":{"@type":"ImageObject","inLanguage":"es","@id":"https:\/\/www.vocaeditorial.com\/blog\/#\/schema\/person\/image\/","url":"https:\/\/secure.gravatar.com\/avatar\/137e7a09ea636684fcf1595563ff145c113f07116d7a29acedf3e545ab378ca3?s=96&d=mm&r=g","contentUrl":"https:\/\/secure.gravatar.com\/avatar\/137e7a09ea636684fcf1595563ff145c113f07116d7a29acedf3e545ab378ca3?s=96&d=mm&r=g","caption":"VOCA Editorial"},"url":"https:\/\/www.vocaeditorial.com\/blog\/author\/voca-editorial\/"}]}},"jetpack_featured_media_url":"https:\/\/www.vocaeditorial.com\/blog\/media\/lengua-2-eso-scaled.jpeg","jetpack_sharing_enabled":true,"_links":{"self":[{"href":"https:\/\/www.vocaeditorial.com\/blog\/wp-json\/wp\/v2\/posts\/8702","targetHints":{"allow":["GET"]}}],"collection":[{"href":"https:\/\/www.vocaeditorial.com\/blog\/wp-json\/wp\/v2\/posts"}],"about":[{"href":"https:\/\/www.vocaeditorial.com\/blog\/wp-json\/wp\/v2\/types\/post"}],"author":[{"embeddable":true,"href":"https:\/\/www.vocaeditorial.com\/blog\/wp-json\/wp\/v2\/users\/49"}],"replies":[{"embeddable":true,"href":"https:\/\/www.vocaeditorial.com\/blog\/wp-json\/wp\/v2\/comments?post=8702"}],"version-history":[{"count":0,"href":"https:\/\/www.vocaeditorial.com\/blog\/wp-json\/wp\/v2\/posts\/8702\/revisions"}],"wp:featuredmedia":[{"embeddable":true,"href":"https:\/\/www.vocaeditorial.com\/blog\/wp-json\/wp\/v2\/media\/8681"}],"wp:attachment":[{"href":"https:\/\/www.vocaeditorial.com\/blog\/wp-json\/wp\/v2\/media?parent=8702"}],"wp:term":[{"taxonomy":"post_tag","embeddable":true,"href":"https:\/\/www.vocaeditorial.com\/blog\/wp-json\/wp\/v2\/tags?post=8702"}],"curies":[{"name":"wp","href":"https:\/\/api.w.org\/{rel}","templated":true}]}}