{"id":8667,"date":"2025-09-04T15:00:25","date_gmt":"2025-09-04T13:00:25","guid":{"rendered":"https:\/\/www.vocaeditorial.com\/blog\/?p=8667"},"modified":"2025-11-18T11:41:55","modified_gmt":"2025-11-18T10:41:55","slug":"lengua-6-primaria","status":"publish","type":"post","link":"https:\/\/www.vocaeditorial.com\/blog\/lengua-6-primaria\/","title":{"rendered":"Lengua 6 Primaria: fundamentos esenciales"},"content":{"rendered":"<p><span style=\"font-weight: 400;\">ua 6 Primaria respondemos a las preguntas que m\u00e1s nos hacemos: \u00bfQu\u00e9 deben aprender tus alumnos en sexto? \u00bfC\u00f3mo orientas tu rol como docente? \u00bfQu\u00e9 criterios y evidencias sostienen la evaluaci\u00f3n? En estas tres preguntas encontrar\u00e1s respuestas basadas en el curr\u00edculo oficial y en recursos \u00fatiles.<\/span><\/p>\n\n<p><span data-sheets-root=\"1\">[CtaModule cta_item=\u00bb6829&#8243;]<\/span><\/p>\n<p>&nbsp;<\/p>\n<h2><span style=\"color: #ffa341;\"><b>\u00bfQu\u00e9 contenidos incluye la Lengua 6 Primaria?<\/b><\/span><\/h2>\n<p><span style=\"font-weight: 400;\">En primer lugar, el <\/span><b>curr\u00edculo <\/b><span style=\"text-decoration: underline;\"><a href=\"https:\/\/educagob.educacionfpydeportes.gob.es\/va\/curriculo\/curriculo-lomloe\/menu-curriculos-basicos\/ed-primaria\/areas\/lengua-castellana\/criterios-evaluacion-tercer-ciclo.html\" target=\"_blank\" rel=\"noopener\"><b>LOMLOE del tercer ciclo<\/b><\/a><\/span><span style=\"font-weight: 400;\"> establece objetivos claros para esta etapa educativa. Concretamente, nos dice que para trabajar los<\/span> <span style=\"text-decoration: underline;\"><a href=\"https:\/\/www.vocaeditorial.com\/blog\/lengua-en-primaria-objetivos-y-contenidos\/\" target=\"_blank\" rel=\"noopener\"><b>objetivos y contenidos<\/b><\/a><\/span><b> de Lengua<\/b><span style=\"font-weight: 400;\">, debemos desarrollar 10 competencias espec\u00edficas en nuestro alumnado.<\/span><\/p>\n<p><span style=\"font-weight: 400;\">En resumen, las <\/span><span style=\"text-decoration: underline;\"><a href=\"https:\/\/www.vocaeditorial.com\/blog\/lengua-castellana-y-literatura-lomloe\/\" target=\"_blank\" rel=\"noopener\"><b>competencias<\/b><\/a><\/span> <b>que se deben desarrollar <\/b><span style=\"font-weight: 400;\">trabajan los siguientes aspectos del lenguaje:<\/span><\/p>\n<ul>\n<li style=\"font-weight: 400;\" aria-level=\"1\"><b>Primera competencia:<\/b><span style=\"font-weight: 400;\"> Se trabaja el reconocimiento y apreciaci\u00f3n de la diversidad ling\u00fc\u00edstica, \u00e9tnica y cultural.<\/span><\/li>\n<li style=\"font-weight: 400;\" aria-level=\"1\"><b>Segunda a quinta competencias:<\/b><span style=\"font-weight: 400;\"> Interacci\u00f3n oral y escrita (incluyendo comunicaci\u00f3n tecnol\u00f3gica); desarrollo de la capacidad de navegar, buscar y seleccionar informaci\u00f3n fiable en la red.<\/span><\/li>\n<li style=\"font-weight: 400;\" aria-level=\"1\"><b>Sexta competencia espec\u00edfica:<\/b><span style=\"font-weight: 400;\"> Alfabetizaci\u00f3n medi\u00e1tica e informacional.<\/span><\/li>\n<li style=\"font-weight: 400;\" aria-level=\"1\"><b>S\u00e9ptima y octava competencias:<\/b><span style=\"font-weight: 400;\"> Lectura literaria (aut\u00f3noma, guiada y compartida); adquisici\u00f3n del h\u00e1bito lector aut\u00f3nomo y desarrollo de habilidades de interpretaci\u00f3n de textos literarios.<\/span><\/li>\n<li style=\"font-weight: 400;\" aria-level=\"1\"><b>Novena competencia espec\u00edfica:<\/b><span style=\"font-weight: 400;\"> Reflexi\u00f3n sobre la lengua y sus usos.<\/span><\/li>\n<li style=\"font-weight: 400;\" aria-level=\"1\"><b>D\u00e9cima competencia (transversal):<\/b><span style=\"font-weight: 400;\"> \u00c9tica de la comunicaci\u00f3n.<\/span><\/li>\n<\/ul>\n<p>&nbsp;<\/p>\n<p><span style=\"font-weight: 400;\">Gracias a esto, se pretende <\/span><b>que el alumno llegue a Secundaria<\/b><span style=\"font-weight: 400;\"> con dominio comunicativo, capacidad cr\u00edtica, conciencia ling\u00fc\u00edstica y competencia digital.<\/span><\/p>\n<p><span style=\"font-weight: 400;\">Adem\u00e1s, se indica que\u00a0<\/span><\/p>\n<blockquote><p><span style=\"font-weight: 400;\">\u00abel progreso en los aprendizajes del \u00e1rea debe <\/span><b>permitir al alumnado responder a situaciones comunicativas reales<\/b><span style=\"font-weight: 400;\">.\u00a0<\/span><\/p><\/blockquote>\n<p>&nbsp;<\/p>\n<p><span style=\"font-weight: 400;\">De ah\u00ed la importancia de vertebrar la programaci\u00f3n de aula en torno a un conjunto de <\/span><b>situaciones de aprendizaje<\/b><span style=\"font-weight: 400;\"> contextualizadas, significativas y relevantes\u00bb.<\/span><\/p>\n<h2><span style=\"color: #ffa341;\"><b>\u00bfQu\u00e9 rol debe asumir el docente de Lengua 6 Primaria?<\/b><\/span><\/h2>\n<p><span style=\"font-weight: 400;\">En segundo lugar, en este curso, que finaliza una etapa educativa,<\/span><b> el docente act\u00faa como facilitador, mediador y evaluador experto<\/b><span style=\"font-weight: 400;\">.<\/span><\/p>\n<p><span style=\"font-weight: 400;\">Como tal, debemos encargarnos de ser:<\/span><\/p>\n<ol>\n<li style=\"font-weight: 400;\" aria-level=\"1\"><b>Dise\u00f1ador de escenarios comunicativos aut\u00e9nticos: <\/b><span style=\"font-weight: 400;\">crear debates, exposiciones, entrevistas o presentaciones multimedia donde el alumnado produce<\/span><b> lenguaje real y significativo<\/b><span style=\"font-weight: 400;\">.<\/span><\/li>\n<li style=\"font-weight: 400;\" aria-level=\"1\"><b>Tutor de procesos de escritura y revisi\u00f3n: <\/b><span style=\"font-weight: 400;\">apoyar al alumnado en las distintas fases del texto: planificaci\u00f3n, textualizaci\u00f3n, revisi\u00f3n y edici\u00f3n. Facilita herramientas como mapas mentales, listas de revisi\u00f3n y coevaluaci\u00f3n .<\/span><\/li>\n<li style=\"font-weight: 400;\" aria-level=\"1\"><b>Mediador de fuentes informativas: <\/b><span style=\"font-weight: 400;\">orientar en la selecci\u00f3n, evaluaci\u00f3n y contraste de informaci\u00f3n (capacidad digital y alfabetizaci\u00f3n medi\u00e1tica), esencial para preparar lectores cr\u00edticos en la era de la <\/span><span style=\"text-decoration: underline;\"><a href=\"https:\/\/www.hp.com\/pe-es\/shop\/tech-takes\/infoxicacion-digital-herramientas-de-prevencion\" target=\"_blank\" rel=\"noopener\"><b>infoxicaci\u00f3n<\/b><\/a><\/span><span style=\"font-weight: 400;\"> o sobrecarga informativa.<\/span><\/li>\n<li style=\"font-weight: 400;\" aria-level=\"1\"><b>Orientador de conciencia sobre la lengua: <\/b><span style=\"font-weight: 400;\">mediante comparaciones de registros, exploraci\u00f3n de variantes dialectales y reflexi\u00f3n sobre el uso correcto y no discriminatorio, se fomenta una mirada pluriling\u00fce y \u00e9tica.<\/span><\/li>\n<li style=\"font-weight: 400;\" aria-level=\"1\"><b>Evaluador formativo: <\/b><span style=\"font-weight: 400;\">proporcionar retroalimentaci\u00f3n continua, usando r\u00fabricas transparentes, criterios dialogados y auto\/coevaluaci\u00f3n. Esto ayuda a que los estudiantes se reconozcan como autores de su propio aprendizaje.<\/span><\/li>\n<\/ol>\n<p>&nbsp;<\/p>\n<p><span style=\"font-weight: 400;\">En definitiva, el docente <\/span><b>acompa\u00f1a a los alumnos<\/b><span style=\"font-weight: 400;\"> en su evoluci\u00f3n hacia una competencia ling\u00fc\u00edstica aut\u00f3noma, cr\u00edtica y \u00e9tica.<\/span><\/p>\n<p><span data-sheets-root=\"1\">[CtaModule cta_item=\u00bb5415&#8243;]<\/span><\/p>\n<h2><span style=\"color: #ffa341;\"><b>\u00bfC\u00f3mo evaluar?<\/b><\/span><\/h2>\n<p><span style=\"font-weight: 400;\">Por \u00faltimo, otro punto realmente importante es la<\/span> <span style=\"text-decoration: underline;\"><a href=\"https:\/\/www.vocaeditorial.com\/blog\/evaluacion-lengua-primaria\/\" target=\"_blank\" rel=\"noopener\"><b>evaluaci\u00f3n<\/b><\/a><\/span><span style=\"font-weight: 400;\">.<\/span><\/p>\n<p><span style=\"font-weight: 400;\">Concretamente, en Lengua 6 Primaria la evaluaci\u00f3n ha de ser coherente con los objetivos del curr\u00edculo, reflejar la diversidad de habilidades y apoyar el aprendizaje:<\/span><\/p>\n<table>\n<tbody>\n<tr>\n<td><b>Evaluaci\u00f3n de la comunicaci\u00f3n oral<\/b><\/td>\n<td><span style=\"font-weight: 400;\">Mediante <\/span><b>listas de control y r\u00fabricas<\/b><span style=\"font-weight: 400;\"> que valoran claridad, coherencia, turnos de palabra, disposici\u00f3n emocional y uso de apoyos (gestos, entonaci\u00f3n, recursos visuales).<\/span><\/td>\n<\/tr>\n<tr>\n<td><b>De comprensi\u00f3n lectora<\/b><\/td>\n<td><b>Cuestionarios<\/b><span style=\"font-weight: 400;\"> mixtos (respuesta literal, inferencial y cr\u00edtica), <\/span><b>an\u00e1lisis<\/b><span style=\"font-weight: 400;\"> dirigidos de textos literarios, exposiciones o debates sobre contenido le\u00eddo.<\/span><\/td>\n<\/tr>\n<tr>\n<td><b>Escritura<\/b><\/td>\n<td><span style=\"font-weight: 400;\"> Se utiliza una<\/span><b> r\u00fabrica compartida <\/b><span style=\"font-weight: 400;\">que mide:<\/span><br \/>\n<span style=\"font-weight: 400;\">&#8211; Planificaci\u00f3n estructurada<\/span><br \/>\n<span style=\"font-weight: 400;\">&#8211; Coherencia y cohesi\u00f3n<\/span><br \/>\n<span style=\"font-weight: 400;\">&#8211; Correcci\u00f3n gramatical y ortogr\u00e1fica<\/span><br \/>\n<span style=\"font-weight: 400;\">&#8211; Adecuaci\u00f3n de registro y destinatario<\/span><br \/>\n<span style=\"font-weight: 400;\">&#8211; Uso de fuentes cuando sea necesario<\/span><\/td>\n<\/tr>\n<tr>\n<td><b>Evaluaci\u00f3n de reflexi\u00f3n ling\u00fc\u00edstica<\/b><\/td>\n<td><span style=\"font-weight: 400;\">Se <\/span><b>recogen registros<\/b><span style=\"font-weight: 400;\"> de diario ling\u00fc\u00edstico, an\u00e1lisis de variantes, investigaci\u00f3n sobre t\u00e9rminos, y meta-observaci\u00f3n del propio lenguaje.<\/span><\/td>\n<\/tr>\n<tr>\n<td><b>Evaluaci\u00f3n digital y de fuentes<\/b><\/td>\n<td><span style=\"font-weight: 400;\">Se puede incluir un <\/span><b>portafolio digital<\/b><span style=\"font-weight: 400;\"> (blogs, <em>padlet<\/em>, presentaciones, videos) donde el alumno demuestre capacidad para <\/span><b>seleccionar, organizar y presentar informaci\u00f3n<\/b><span style=\"font-weight: 400;\"> de manera \u00e9tica y rigurosa.<\/span><\/td>\n<\/tr>\n<\/tbody>\n<\/table>\n<p><span style=\"font-weight: 400;\">Adem\u00e1s, integrar la <\/span><b>evaluaci\u00f3n formativa<\/b><span style=\"font-weight: 400;\"> garantiza que el alumnado reciba <\/span><b>retroalimentaci\u00f3n \u00fatil y autorregule su proceso<\/b><span style=\"font-weight: 400;\">, en lugar de depender tanto de ex\u00e1menes tradicionales que solo eval\u00faan el resultado final.<\/span><\/p>\n<p>&nbsp;<\/p>\n<p><span style=\"font-weight: 400;\">En definitiva, l<\/span><span style=\"font-weight: 400;\">a <\/span><b>Lengua 6 Primaria<\/b><span style=\"font-weight: 400;\"> representa el cierre de una etapa crucial en la <\/span><b>formaci\u00f3n comunicativa y cr\u00edtica<\/b><span style=\"font-weight: 400;\"> del alumnado. Como docentes, nuestro papel es dise\u00f1ar <\/span><b>experiencias aut\u00e9nticas<\/b><span style=\"font-weight: 400;\">, tutorizar procesos, mediar sobre la informaci\u00f3n y orientar la evaluaci\u00f3n hacia <\/span><b>metas claras y formativas<\/b><span style=\"font-weight: 400;\">.<\/span><\/p>\n<p>&nbsp;<\/p>\n<p><span style=\"color: #ffa341;\"><b>Bibliograf\u00eda<\/b><\/span><\/p>\n<p><span style=\"font-weight: 400;\">Ministerio de Educaci\u00f3n. (s.\u202ff.). <\/span><span style=\"text-decoration: underline;\"><a href=\"https:\/\/educagob.educacionfpydeportes.gob.es\/va\/curriculo\/curriculo-lomloe\/menu-curriculos-basicos\/ed-primaria\/areas\/lengua-castellana.html\" target=\"_blank\" rel=\"noopener\">Lengua Castellana y Literatura<\/a><\/span><span style=\"font-weight: 400;\">. [7 julio 2025].<\/span><\/p>\n","protected":false},"excerpt":{"rendered":"<p>Exploramos las competencias de Lengua 6 Primaria, el rol docente y las estrategias de evaluaci\u00f3n para un aprendizaje significativo.<\/p>\n","protected":false},"author":49,"featured_media":8668,"comment_status":"closed","ping_status":"closed","sticky":false,"template":"","format":"standard","meta":{"content-type":"","inline_featured_image":false,"_jetpack_memberships_contains_paid_content":false,"footnotes":""},"tags":[633,653,694],"class_list":["post-8667","post","type-post","status-publish","format-standard","has-post-thumbnail","hentry","category-comprension-lectora","tag-actividades","tag-primaria","tag-lengua-castellana-y-literatura"],"yoast_head":"<!-- This site is optimized with the Yoast SEO plugin v26.6 - https:\/\/yoast.com\/wordpress\/plugins\/seo\/ -->\n<title>Lengua 6 Primaria: fundamentos esenciales &#8211; Voca Editorial<\/title>\n<meta name=\"description\" content=\"Exploramos las competencias de Lengua 6 Primaria, el rol docente y las estrategias de evaluaci\u00f3n para un aprendizaje significativo.,\" \/>\n<meta name=\"robots\" content=\"index, follow, max-snippet:-1, max-image-preview:large, max-video-preview:-1\" \/>\n<link rel=\"canonical\" href=\"https:\/\/www.vocaeditorial.com\/blog\/lengua-6-primaria\/\" \/>\n<meta property=\"og:locale\" content=\"es_ES\" \/>\n<meta property=\"og:type\" content=\"article\" \/>\n<meta property=\"og:title\" content=\"Lengua 6 Primaria: fundamentos esenciales &#8211; Voca Editorial\" \/>\n<meta property=\"og:description\" content=\"Exploramos las competencias de Lengua 6 Primaria, el rol docente y las estrategias de evaluaci\u00f3n para un aprendizaje significativo.,\" \/>\n<meta property=\"og:url\" content=\"https:\/\/www.vocaeditorial.com\/blog\/lengua-6-primaria\/\" \/>\n<meta property=\"og:site_name\" content=\"Voca Editorial\" \/>\n<meta property=\"article:published_time\" content=\"2025-09-04T13:00:25+00:00\" \/>\n<meta property=\"article:modified_time\" content=\"2025-11-18T10:41:55+00:00\" \/>\n<meta property=\"og:image\" content=\"https:\/\/www.vocaeditorial.com\/blog\/media\/lengua-6-primaria-scaled.jpg\" \/>\n\t<meta property=\"og:image:width\" content=\"2560\" \/>\n\t<meta property=\"og:image:height\" content=\"1955\" \/>\n\t<meta property=\"og:image:type\" content=\"image\/jpeg\" \/>\n<meta name=\"author\" content=\"VOCA Editorial\" \/>\n<meta name=\"twitter:card\" content=\"summary_large_image\" \/>\n<meta name=\"twitter:label1\" content=\"Escrito por\" \/>\n\t<meta name=\"twitter:data1\" content=\"VOCA Editorial\" \/>\n\t<meta name=\"twitter:label2\" content=\"Tiempo de lectura\" \/>\n\t<meta name=\"twitter:data2\" content=\"4 minutos\" \/>\n<script type=\"application\/ld+json\" class=\"yoast-schema-graph\">{\"@context\":\"https:\/\/schema.org\",\"@graph\":[{\"@type\":\"WebPage\",\"@id\":\"https:\/\/www.vocaeditorial.com\/blog\/lengua-6-primaria\/\",\"url\":\"https:\/\/www.vocaeditorial.com\/blog\/lengua-6-primaria\/\",\"name\":\"Lengua 6 Primaria: fundamentos esenciales &#8211; Voca Editorial\",\"isPartOf\":{\"@id\":\"https:\/\/www.vocaeditorial.com\/blog\/#website\"},\"primaryImageOfPage\":{\"@id\":\"https:\/\/www.vocaeditorial.com\/blog\/lengua-6-primaria\/#primaryimage\"},\"image\":{\"@id\":\"https:\/\/www.vocaeditorial.com\/blog\/lengua-6-primaria\/#primaryimage\"},\"thumbnailUrl\":\"https:\/\/www.vocaeditorial.com\/blog\/media\/lengua-6-primaria-scaled.jpg\",\"datePublished\":\"2025-09-04T13:00:25+00:00\",\"dateModified\":\"2025-11-18T10:41:55+00:00\",\"author\":{\"@id\":\"https:\/\/www.vocaeditorial.com\/blog\/#\/schema\/person\/72fba3d6c8a26fba0fee3107fda03438\"},\"description\":\"Exploramos las competencias de Lengua 6 Primaria, el rol docente y las estrategias de evaluaci\u00f3n para un aprendizaje significativo.,\",\"breadcrumb\":{\"@id\":\"https:\/\/www.vocaeditorial.com\/blog\/lengua-6-primaria\/#breadcrumb\"},\"inLanguage\":\"es\",\"potentialAction\":[{\"@type\":\"ReadAction\",\"target\":[\"https:\/\/www.vocaeditorial.com\/blog\/lengua-6-primaria\/\"]}]},{\"@type\":\"ImageObject\",\"inLanguage\":\"es\",\"@id\":\"https:\/\/www.vocaeditorial.com\/blog\/lengua-6-primaria\/#primaryimage\",\"url\":\"https:\/\/www.vocaeditorial.com\/blog\/media\/lengua-6-primaria-scaled.jpg\",\"contentUrl\":\"https:\/\/www.vocaeditorial.com\/blog\/media\/lengua-6-primaria-scaled.jpg\",\"width\":2560,\"height\":1955,\"caption\":\"lengua 6 primaria\"},{\"@type\":\"BreadcrumbList\",\"@id\":\"https:\/\/www.vocaeditorial.com\/blog\/lengua-6-primaria\/#breadcrumb\",\"itemListElement\":[{\"@type\":\"ListItem\",\"position\":1,\"name\":\"Portada\",\"item\":\"https:\/\/www.vocaeditorial.com\/blog\/\"},{\"@type\":\"ListItem\",\"position\":2,\"name\":\"Lengua 6 Primaria: fundamentos esenciales\"}]},{\"@type\":\"WebSite\",\"@id\":\"https:\/\/www.vocaeditorial.com\/blog\/#website\",\"url\":\"https:\/\/www.vocaeditorial.com\/blog\/\",\"name\":\"Voca Editorial\",\"description\":\"\",\"potentialAction\":[{\"@type\":\"SearchAction\",\"target\":{\"@type\":\"EntryPoint\",\"urlTemplate\":\"https:\/\/www.vocaeditorial.com\/blog\/?s={search_term_string}\"},\"query-input\":{\"@type\":\"PropertyValueSpecification\",\"valueRequired\":true,\"valueName\":\"search_term_string\"}}],\"inLanguage\":\"es\"},{\"@type\":\"Person\",\"@id\":\"https:\/\/www.vocaeditorial.com\/blog\/#\/schema\/person\/72fba3d6c8a26fba0fee3107fda03438\",\"name\":\"VOCA Editorial\",\"image\":{\"@type\":\"ImageObject\",\"inLanguage\":\"es\",\"@id\":\"https:\/\/www.vocaeditorial.com\/blog\/#\/schema\/person\/image\/\",\"url\":\"https:\/\/secure.gravatar.com\/avatar\/137e7a09ea636684fcf1595563ff145c113f07116d7a29acedf3e545ab378ca3?s=96&d=mm&r=g\",\"contentUrl\":\"https:\/\/secure.gravatar.com\/avatar\/137e7a09ea636684fcf1595563ff145c113f07116d7a29acedf3e545ab378ca3?s=96&d=mm&r=g\",\"caption\":\"VOCA Editorial\"},\"url\":\"https:\/\/www.vocaeditorial.com\/blog\/author\/voca-editorial\/\"}]}<\/script>\n<!-- \/ Yoast SEO plugin. -->","yoast_head_json":{"title":"Lengua 6 Primaria: fundamentos esenciales &#8211; Voca Editorial","description":"Exploramos las competencias de Lengua 6 Primaria, el rol docente y las estrategias de evaluaci\u00f3n para un aprendizaje significativo.,","robots":{"index":"index","follow":"follow","max-snippet":"max-snippet:-1","max-image-preview":"max-image-preview:large","max-video-preview":"max-video-preview:-1"},"canonical":"https:\/\/www.vocaeditorial.com\/blog\/lengua-6-primaria\/","og_locale":"es_ES","og_type":"article","og_title":"Lengua 6 Primaria: fundamentos esenciales &#8211; Voca Editorial","og_description":"Exploramos las competencias de Lengua 6 Primaria, el rol docente y las estrategias de evaluaci\u00f3n para un aprendizaje significativo.,","og_url":"https:\/\/www.vocaeditorial.com\/blog\/lengua-6-primaria\/","og_site_name":"Voca Editorial","article_published_time":"2025-09-04T13:00:25+00:00","article_modified_time":"2025-11-18T10:41:55+00:00","og_image":[{"width":2560,"height":1955,"url":"https:\/\/www.vocaeditorial.com\/blog\/media\/lengua-6-primaria-scaled.jpg","type":"image\/jpeg"}],"author":"VOCA Editorial","twitter_card":"summary_large_image","twitter_misc":{"Escrito por":"VOCA Editorial","Tiempo de lectura":"4 minutos"},"schema":{"@context":"https:\/\/schema.org","@graph":[{"@type":"WebPage","@id":"https:\/\/www.vocaeditorial.com\/blog\/lengua-6-primaria\/","url":"https:\/\/www.vocaeditorial.com\/blog\/lengua-6-primaria\/","name":"Lengua 6 Primaria: fundamentos esenciales &#8211; Voca Editorial","isPartOf":{"@id":"https:\/\/www.vocaeditorial.com\/blog\/#website"},"primaryImageOfPage":{"@id":"https:\/\/www.vocaeditorial.com\/blog\/lengua-6-primaria\/#primaryimage"},"image":{"@id":"https:\/\/www.vocaeditorial.com\/blog\/lengua-6-primaria\/#primaryimage"},"thumbnailUrl":"https:\/\/www.vocaeditorial.com\/blog\/media\/lengua-6-primaria-scaled.jpg","datePublished":"2025-09-04T13:00:25+00:00","dateModified":"2025-11-18T10:41:55+00:00","author":{"@id":"https:\/\/www.vocaeditorial.com\/blog\/#\/schema\/person\/72fba3d6c8a26fba0fee3107fda03438"},"description":"Exploramos las competencias de Lengua 6 Primaria, el rol docente y las estrategias de evaluaci\u00f3n para un aprendizaje significativo.,","breadcrumb":{"@id":"https:\/\/www.vocaeditorial.com\/blog\/lengua-6-primaria\/#breadcrumb"},"inLanguage":"es","potentialAction":[{"@type":"ReadAction","target":["https:\/\/www.vocaeditorial.com\/blog\/lengua-6-primaria\/"]}]},{"@type":"ImageObject","inLanguage":"es","@id":"https:\/\/www.vocaeditorial.com\/blog\/lengua-6-primaria\/#primaryimage","url":"https:\/\/www.vocaeditorial.com\/blog\/media\/lengua-6-primaria-scaled.jpg","contentUrl":"https:\/\/www.vocaeditorial.com\/blog\/media\/lengua-6-primaria-scaled.jpg","width":2560,"height":1955,"caption":"lengua 6 primaria"},{"@type":"BreadcrumbList","@id":"https:\/\/www.vocaeditorial.com\/blog\/lengua-6-primaria\/#breadcrumb","itemListElement":[{"@type":"ListItem","position":1,"name":"Portada","item":"https:\/\/www.vocaeditorial.com\/blog\/"},{"@type":"ListItem","position":2,"name":"Lengua 6 Primaria: fundamentos esenciales"}]},{"@type":"WebSite","@id":"https:\/\/www.vocaeditorial.com\/blog\/#website","url":"https:\/\/www.vocaeditorial.com\/blog\/","name":"Voca Editorial","description":"","potentialAction":[{"@type":"SearchAction","target":{"@type":"EntryPoint","urlTemplate":"https:\/\/www.vocaeditorial.com\/blog\/?s={search_term_string}"},"query-input":{"@type":"PropertyValueSpecification","valueRequired":true,"valueName":"search_term_string"}}],"inLanguage":"es"},{"@type":"Person","@id":"https:\/\/www.vocaeditorial.com\/blog\/#\/schema\/person\/72fba3d6c8a26fba0fee3107fda03438","name":"VOCA Editorial","image":{"@type":"ImageObject","inLanguage":"es","@id":"https:\/\/www.vocaeditorial.com\/blog\/#\/schema\/person\/image\/","url":"https:\/\/secure.gravatar.com\/avatar\/137e7a09ea636684fcf1595563ff145c113f07116d7a29acedf3e545ab378ca3?s=96&d=mm&r=g","contentUrl":"https:\/\/secure.gravatar.com\/avatar\/137e7a09ea636684fcf1595563ff145c113f07116d7a29acedf3e545ab378ca3?s=96&d=mm&r=g","caption":"VOCA Editorial"},"url":"https:\/\/www.vocaeditorial.com\/blog\/author\/voca-editorial\/"}]}},"jetpack_featured_media_url":"https:\/\/www.vocaeditorial.com\/blog\/media\/lengua-6-primaria-scaled.jpg","jetpack_sharing_enabled":true,"_links":{"self":[{"href":"https:\/\/www.vocaeditorial.com\/blog\/wp-json\/wp\/v2\/posts\/8667","targetHints":{"allow":["GET"]}}],"collection":[{"href":"https:\/\/www.vocaeditorial.com\/blog\/wp-json\/wp\/v2\/posts"}],"about":[{"href":"https:\/\/www.vocaeditorial.com\/blog\/wp-json\/wp\/v2\/types\/post"}],"author":[{"embeddable":true,"href":"https:\/\/www.vocaeditorial.com\/blog\/wp-json\/wp\/v2\/users\/49"}],"replies":[{"embeddable":true,"href":"https:\/\/www.vocaeditorial.com\/blog\/wp-json\/wp\/v2\/comments?post=8667"}],"version-history":[{"count":0,"href":"https:\/\/www.vocaeditorial.com\/blog\/wp-json\/wp\/v2\/posts\/8667\/revisions"}],"wp:featuredmedia":[{"embeddable":true,"href":"https:\/\/www.vocaeditorial.com\/blog\/wp-json\/wp\/v2\/media\/8668"}],"wp:attachment":[{"href":"https:\/\/www.vocaeditorial.com\/blog\/wp-json\/wp\/v2\/media?parent=8667"}],"wp:term":[{"taxonomy":"post_tag","embeddable":true,"href":"https:\/\/www.vocaeditorial.com\/blog\/wp-json\/wp\/v2\/tags?post=8667"}],"curies":[{"name":"wp","href":"https:\/\/api.w.org\/{rel}","templated":true}]}}