{"id":8661,"date":"2025-08-26T15:00:22","date_gmt":"2025-08-26T13:00:22","guid":{"rendered":"https:\/\/www.vocaeditorial.com\/blog\/?p=8661"},"modified":"2025-07-08T17:03:20","modified_gmt":"2025-07-08T15:03:20","slug":"lengua-4-primaria","status":"publish","type":"post","link":"https:\/\/www.vocaeditorial.com\/blog\/lengua-4-primaria\/","title":{"rendered":"Lengua\u202f4\u202fPrimaria: metodolog\u00edas innovadoras"},"content":{"rendered":"<p><span style=\"font-weight: 400;\">La Lengua 4 Primaria es un momento crucial: deja de ser repetici\u00f3n y se enriquece con an\u00e1lisis reflexivo, comprensi\u00f3n profunda y proyectos con impacto real. Pero tambi\u00e9n surgen nuevos retos. Y \u00bfc\u00f3mo profundizar la lectura cr\u00edtica o personalizar la ense\u00f1anza? \u00bfQu\u00e9 herramientas favorecen esto?<\/span><\/p>\n\n<p><span data-sheets-root=\"1\">[CtaModule cta_item=\u00bb6757&#8243;]<\/span><\/p>\n<p>&nbsp;<\/p>\n<h2><span style=\"color: #ffa341;\"><b>\u00bfQu\u00e9 metodolog\u00edas innovadoras se pueden aplicar en Lengua 4 Primaria?<\/b><\/span><\/h2>\n<p><span style=\"font-weight: 400;\">En primer lugar, al buscar un aprendizaje m\u00e1s <\/span><b>completo y significativo<\/b><span style=\"font-weight: 400;\"> para Lengua 4 Primaria, nos encontramos con algunas <\/span><b>metodolog\u00edas innovadoras<\/b><span style=\"font-weight: 400;\">. <\/span><span style=\"font-weight: 400;\">Principalmente, una de las metodolog\u00edas que m\u00e1s vamos a ver hoy en d\u00eda es el <\/span><span style=\"text-decoration: underline;\"><a href=\"https:\/\/www.vocaeditorial.com\/blog\/aprendizaje-basado-en-proyectos\/\" target=\"_blank\" rel=\"noopener\"><b>Aprendizaje Basado en Proyectos<\/b><\/a><\/span><span style=\"font-weight: 400;\"> (ABP).\u00a0<\/span><\/p>\n<p><span style=\"font-weight: 400;\">En concreto, es un enfoque bien implantado y definido que permite que los alumnos sean el <\/span><b>centro de la ense\u00f1anza<\/b><span style=\"font-weight: 400;\">, aprendiendo mientras da respuesta a un <\/span><b>reto o problema<\/b><span style=\"font-weight: 400;\">.<\/span><\/p>\n<p><span style=\"font-weight: 400;\">Sin embargo, aqu\u00ed proponemos algunos <\/span><b>enfoques alternativos<\/b><span style=\"font-weight: 400;\"> que ampl\u00edan y enriquecen la pr\u00e1ctica de Lengua:<\/span><\/p>\n<ul>\n<li style=\"font-weight: 400;\" aria-level=\"1\"><b>Instrucci\u00f3n diferenciada<\/b><span style=\"font-weight: 400;\">, que adapta contenidos, procesos, productos o el entorno seg\u00fan el nivel, intereses o ritmos del alumnado. En un aula heterog\u00e9nea, permite desarrollar actividades paralelas: unos alumnos trabajan comprensi\u00f3n inferencial, otros refinan estrategias de revisi\u00f3n textual.<\/span><\/li>\n<li style=\"font-weight: 400;\" aria-level=\"1\"><b>STEAM aplicado a la lengua<\/b><span style=\"font-weight: 400;\">, integrando lengua con pensamiento l\u00f3gico, creatividad y trabajo colaborativo. Por ejemplo, dise\u00f1ar c\u00f3mics sobre los ecosistemas locales combina escritura, investigaci\u00f3n, ilustraci\u00f3n y reflexi\u00f3n.<\/span><\/li>\n<li style=\"font-weight: 400;\" aria-level=\"1\"><b>M\u00e9todo comunicativo<\/b><span style=\"font-weight: 400;\">, basado en simulaciones, entrevistas, debates y juegos de rol, para desarrollar destrezas orales y escritas funcionales del lenguaje .<\/span><\/li>\n<li style=\"font-weight: 400;\" aria-level=\"1\"><b>Ense\u00f1anza reflexiva<\/b><span style=\"font-weight: 400;\">, donde el docente gu\u00eda hacia la formulaci\u00f3n de hip\u00f3tesis sobre la lengua y su uso, alternando teor\u00eda y aplicaci\u00f3n real.<\/span><\/li>\n<li style=\"font-weight: 400;\" aria-level=\"1\"><span style=\"text-decoration: underline;\"><a href=\"https:\/\/www.vocaeditorial.com\/blog\/aprendizaje-por-descubrimiento\/\" target=\"_blank\" rel=\"noopener\"><b>Aprendizaje por indagaci\u00f3n<\/b><\/a><\/span><span style=\"font-weight: 400;\">, que, por \u00faltimo, fomenta el planteamiento de preguntas, la b\u00fasqueda de informaci\u00f3n y la construcci\u00f3n colectiva de conocimiento.<\/span><\/li>\n<\/ul>\n<p>&nbsp;<\/p>\n<p><span style=\"font-weight: 400;\">Por lo tanto, estas <\/span><b>estrategias combinadas<\/b><span style=\"font-weight: 400;\"> permiten una ense\u00f1anza de la Lengua 4 Primaria <\/span><b>m\u00e1s rica, personalizada y efectiva<\/b><span style=\"font-weight: 400;\">, sin depender exclusivamente del ABP.<\/span><\/p>\n<h2><span style=\"color: #ffa341;\"><b>\u00bfC\u00f3mo estructurar Lengua 4 Primaria?<\/b><\/span><\/h2>\n<p><span style=\"font-weight: 400;\">En segundo lugar, para poder aplicar estas u otras metodolog\u00edas en el aula, es necesario <\/span><b>estructurar correctamente cada unidad did\u00e1ctica<\/b><span style=\"font-weight: 400;\">.<\/span><\/p>\n<p><span style=\"font-weight: 400;\">De hecho, un <\/span><b>buen dise\u00f1o de la estructura<\/b><span style=\"font-weight: 400;\"> de la asignatura es de lo que va a depender el <\/span><b>\u00e9xito de la ense\u00f1anza<\/b><span style=\"font-weight: 400;\"> de la Lengua. <\/span><span style=\"font-weight: 400;\">Para ello, una <\/span><b>propuesta concreta<\/b><span style=\"font-weight: 400;\">, basada en experiencias innovadoras ser\u00eda la siguiente:<\/span><\/p>\n<table>\n<tbody>\n<tr>\n<td><b>1. Inicio con indagaci\u00f3n<\/b><\/td>\n<td><span style=\"font-weight: 400;\">Primero, en grupo se formulan <\/span><b>preguntas<\/b><span style=\"font-weight: 400;\"> sobre un tema (p.ej., \u00ab\u00bfC\u00f3mo se construye un titular impactante?\u00bb).<\/span><\/td>\n<\/tr>\n<tr>\n<td><b>2. Modelado comunicativo<\/b><\/td>\n<td><span style=\"font-weight: 400;\">El docente muestra <\/span><b>ejemplos<\/b><span style=\"font-weight: 400;\"> (titulares, entrevistas reales), se\u00f1alando estructuras y funciones del lenguaje.<\/span><\/td>\n<\/tr>\n<tr>\n<td><b>3. Trabajo en grupos diferenciados<\/b><\/td>\n<td><span style=\"font-weight: 400;\">En este caso, se juntan los alumnos en grupos heterog\u00e9neos y cada uno <\/span><span style=\"text-decoration: underline;\"><a href=\"https:\/\/www.vocaeditorial.com\/blog\/roles-aprendizaje-cooperativo\/\" target=\"_blank\" rel=\"noopener\"><b>cumple un rol<\/b><\/a><\/span><span style=\"font-weight: 400;\"> y unas funciones determinadas.<\/span><\/td>\n<\/tr>\n<tr>\n<td><b>4. Creaci\u00f3n STEAM<\/b><\/td>\n<td><span style=\"font-weight: 400;\">Se dise\u00f1an <\/span><b>productos finales<\/b><span style=\"font-weight: 400;\"> con texto ilustrado, podcast, c\u00f3mic o infograf\u00eda, integrando escritura y tecnolog\u00edas.<\/span><\/td>\n<\/tr>\n<tr>\n<td><b>5. Reflexi\u00f3n colectiva<\/b><span style=\"font-weight: 400;\"> y <\/span><b>evaluaci\u00f3n formativa<\/b><\/td>\n<td><span style=\"font-weight: 400;\">Al fin, los grupos <\/span><b>comparten<\/b><span style=\"font-weight: 400;\"> procesos, autoeval\u00faan sus producciones y moderan una revisi\u00f3n con r\u00fabricas flexibles.<\/span><\/td>\n<\/tr>\n<\/tbody>\n<\/table>\n<p><span style=\"font-weight: 400;\">En definitiva, este dise\u00f1o secuencial \u2014indagaci\u00f3n, modelado, producci\u00f3n diferenciada, creaci\u00f3n multimodal y reflexi\u00f3n\u2014 integra <\/span><b>ense\u00f1anza comunicativa, reflexi\u00f3n ling\u00fc\u00edstica y pensamiento cr\u00edtico<\/b><span style=\"font-weight: 400;\">, adaptado al curso.<\/span><\/p>\n<p><span data-sheets-root=\"1\">[CtaModule cta_item=\u00bb5415&#8243;]<\/span><\/p>\n<h2><span style=\"color: #ffa341;\"><b>\u00bfC\u00f3mo mejorar la comprensi\u00f3n lectora en Lengua?<\/b><\/span><\/h2>\n<p><span style=\"font-weight: 400;\">Por \u00faltimo, un tema de gran importancia en esta asignatura es la <\/span><span style=\"text-decoration: underline;\"><a href=\"https:\/\/www.vocaeditorial.com\/blog\/comprension-lectora-en-primaria-2\/\" target=\"_blank\" rel=\"noopener\"><b>comprensi\u00f3n lectora<\/b><\/a><\/span><b> y el h\u00e1bito lector<\/b><span style=\"font-weight: 400;\">.\u00a0<\/span><\/p>\n<p><span style=\"font-weight: 400;\">De hecho, <\/span><b>debemos enfocarnos en el desarrollo de esta competencia<\/b><span style=\"font-weight: 400;\"> y no dejarla de lado, ya que ser\u00e1 lo que les permita adquirir aprendizajes superiores en los siguientes cursos.<\/span><\/p>\n<blockquote><p><span style=\"font-weight: 400;\">Sin la lectura, los alumnos no van a poder adquirir conocimientos.<\/span><\/p><\/blockquote>\n<p>&nbsp;<\/p>\n<p><span style=\"font-weight: 400;\">Por eso, la <\/span><b>comprensi\u00f3n lectora cr\u00edtica<\/b><span style=\"font-weight: 400;\"> es una preocupaci\u00f3n habitual en este nivel. En concreto, las evidencias sugieren que debe <\/span><b>combinarse la lectura anal\u00edtica con producci\u00f3n reflexiva<\/b><span style=\"font-weight: 400;\">:<\/span><\/p>\n<ul>\n<li style=\"font-weight: 400;\" aria-level=\"1\"><b>Talleres guiados<\/b><span style=\"font-weight: 400;\">: los alumnos leen un texto breve (literario o divulgativo), identifican ideas principales o secundarias y realizan actividades como completar oraciones, reescritura, finales alternativos o mapas mentales.<\/span><\/li>\n<li style=\"font-weight: 400;\" aria-level=\"1\"><b>Blogs de aula<\/b><span style=\"font-weight: 400;\">: ya que permiten una comprensi\u00f3n activa mediante preguntas cognitivas, comentarios y retroalimentaci\u00f3n continua. Seg\u00fan algunas experiencias, el uso de TIC para trabajar la comprensi\u00f3n con audiocuentos y actividades interactivas <\/span><b>puede aumentar la atenci\u00f3n<\/b><span style=\"font-weight: 400;\">.<\/span><\/li>\n<li style=\"font-weight: 400;\" aria-level=\"1\"><b>Uso de <\/b><span style=\"text-decoration: underline;\"><a href=\"https:\/\/www4.ujaen.es\/~apantoja\/recursos\/webquest.htm\" target=\"_blank\" rel=\"noopener\"><b>WebQuest<\/b><\/a><\/span><span style=\"font-weight: 400;\">: asimismo, plantean misiones de b\u00fasqueda, interpretaci\u00f3n y creaci\u00f3n de textos, con gu\u00eda docente, estructuras comprendidas y tiempo delimitado.<\/span><\/li>\n<li style=\"font-weight: 400;\" aria-level=\"1\"><b>Evaluaci\u00f3n formativa con r\u00fabrica<\/b><span style=\"font-weight: 400;\">: finalmente, orienta a los alumnos sobre criterios (coherencia, profundidad, vocabulario) y promueve la <\/span><span style=\"text-decoration: underline;\"><a href=\"https:\/\/www.vocaeditorial.com\/blog\/etiqueta\/autoevaluacion\/\" target=\"_blank\" rel=\"noopener\"><b>autoevaluaci\u00f3n<\/b><\/a><\/span><b> y <\/b><span style=\"text-decoration: underline;\"><a href=\"https:\/\/observatorio.tec.mx\/edu-bits-blog\/beneficios-de-la-evaluacion-por-pares\/\" target=\"_blank\" rel=\"noopener\"><b>evaluaci\u00f3n entre pares<\/b><\/a><\/span><span style=\"font-weight: 400;\">.<\/span><\/li>\n<\/ul>\n<p>&nbsp;<\/p>\n<p><span style=\"font-weight: 400;\">Por ejemplo<\/span><span style=\"font-weight: 400;\">:<\/span><\/p>\n<ul>\n<li style=\"font-weight: 400;\" aria-level=\"1\"><span style=\"font-weight: 400;\">Lee un breve art\u00edculo sobre un personaje local.<\/span><\/li>\n<li style=\"font-weight: 400;\" aria-level=\"1\"><span style=\"font-weight: 400;\">Realiza un mapa mental o esquema.<\/span><\/li>\n<li style=\"font-weight: 400;\" aria-level=\"1\"><span style=\"font-weight: 400;\">Responde y plantea preguntas cognitivas.<\/span><\/li>\n<li style=\"font-weight: 400;\" aria-level=\"1\"><span style=\"font-weight: 400;\">Reescribe el contenido con tu propio estilo.<\/span><\/li>\n<li style=\"font-weight: 400;\" aria-level=\"1\"><span style=\"font-weight: 400;\">Escribe un post en el blog de aula compartido, haciendo un comentario cr\u00edtico.<\/span><\/li>\n<\/ul>\n<p>&nbsp;<\/p>\n<p><span style=\"font-weight: 400;\">Asimismo, las <\/span><b>herramientas TIC<\/b><span style=\"font-weight: 400;\"> (blogs, mapas digitales) facilitan la interactividad y conexi\u00f3n emocional con los textos. Por eso, podemos<\/span><b> tenerlas en cuenta<\/b><span style=\"font-weight: 400;\"> para llevarlas al aula.<\/span><\/p>\n<p>&nbsp;<\/p>\n<p><span style=\"font-weight: 400;\">En conclusi\u00f3n, <\/span><b>Lengua 4 Primaria<\/b><span style=\"font-weight: 400;\"> debe evolucionar hacia una <\/span><b>ense\u00f1anza ling\u00fc\u00edstica compleja y reflexiva<\/b><span style=\"font-weight: 400;\">, y superar la transmisi\u00f3n de contenidos. Si adem\u00e1s refuerzas la <\/span><b>lectura cr\u00edtica<\/b><span style=\"font-weight: 400;\">, estar\u00e1s consolidando un enfoque robusto y motivante para tu asignatura. As\u00ed que&#8230; \u00a1a por ello!<\/span><\/p>\n","protected":false},"excerpt":{"rendered":"<p> Enfoca la Lengua 4 Primaria desde la comprensi\u00f3n cr\u00edtica, expresi\u00f3n elaborada y autonom\u00eda. Descubre metodolog\u00edas y recursos innovadores.<\/p>\n","protected":false},"author":49,"featured_media":8652,"comment_status":"closed","ping_status":"closed","sticky":false,"template":"","format":"standard","meta":{"content-type":"","inline_featured_image":false,"_jetpack_memberships_contains_paid_content":false,"footnotes":""},"tags":[633,694],"class_list":["post-8661","post","type-post","status-publish","format-standard","has-post-thumbnail","hentry","category-comprension-lectora","tag-actividades","tag-lengua-castellana-y-literatura"],"yoast_head":"<!-- This site is optimized with the Yoast SEO plugin v26.6 - https:\/\/yoast.com\/wordpress\/plugins\/seo\/ -->\n<title>Lengua\u202f4\u202fPrimaria: metodolog\u00edas innovadoras &#8211; Voca Editorial<\/title>\n<meta name=\"description\" content=\"Enfoca la Lengua 4 Primaria desde la comprensi\u00f3n cr\u00edtica, expresi\u00f3n elaborada y autonom\u00eda. Descubre metodolog\u00edas y recursos innovadores.\" \/>\n<meta name=\"robots\" content=\"index, follow, max-snippet:-1, max-image-preview:large, max-video-preview:-1\" \/>\n<link rel=\"canonical\" href=\"https:\/\/www.vocaeditorial.com\/blog\/lengua-4-primaria\/\" \/>\n<meta property=\"og:locale\" content=\"es_ES\" \/>\n<meta property=\"og:type\" content=\"article\" \/>\n<meta property=\"og:title\" content=\"Lengua\u202f4\u202fPrimaria: metodolog\u00edas innovadoras &#8211; Voca Editorial\" \/>\n<meta property=\"og:description\" content=\"Enfoca la Lengua 4 Primaria desde la comprensi\u00f3n cr\u00edtica, expresi\u00f3n elaborada y autonom\u00eda. Descubre metodolog\u00edas y recursos innovadores.\" \/>\n<meta property=\"og:url\" content=\"https:\/\/www.vocaeditorial.com\/blog\/lengua-4-primaria\/\" \/>\n<meta property=\"og:site_name\" content=\"Voca Editorial\" \/>\n<meta property=\"article:published_time\" content=\"2025-08-26T13:00:22+00:00\" \/>\n<meta property=\"og:image\" content=\"https:\/\/www.vocaeditorial.com\/blog\/media\/lengua-4-primaria-scaled.jpg\" \/>\n\t<meta property=\"og:image:width\" content=\"2560\" \/>\n\t<meta property=\"og:image:height\" content=\"1718\" \/>\n\t<meta property=\"og:image:type\" content=\"image\/jpeg\" \/>\n<meta name=\"author\" content=\"VOCA Editorial\" \/>\n<meta name=\"twitter:card\" content=\"summary_large_image\" \/>\n<meta name=\"twitter:label1\" content=\"Escrito por\" \/>\n\t<meta name=\"twitter:data1\" content=\"VOCA Editorial\" \/>\n\t<meta name=\"twitter:label2\" content=\"Tiempo de lectura\" \/>\n\t<meta name=\"twitter:data2\" content=\"4 minutos\" \/>\n<script type=\"application\/ld+json\" class=\"yoast-schema-graph\">{\"@context\":\"https:\/\/schema.org\",\"@graph\":[{\"@type\":\"WebPage\",\"@id\":\"https:\/\/www.vocaeditorial.com\/blog\/lengua-4-primaria\/\",\"url\":\"https:\/\/www.vocaeditorial.com\/blog\/lengua-4-primaria\/\",\"name\":\"Lengua\u202f4\u202fPrimaria: metodolog\u00edas innovadoras &#8211; Voca Editorial\",\"isPartOf\":{\"@id\":\"https:\/\/www.vocaeditorial.com\/blog\/#website\"},\"primaryImageOfPage\":{\"@id\":\"https:\/\/www.vocaeditorial.com\/blog\/lengua-4-primaria\/#primaryimage\"},\"image\":{\"@id\":\"https:\/\/www.vocaeditorial.com\/blog\/lengua-4-primaria\/#primaryimage\"},\"thumbnailUrl\":\"https:\/\/www.vocaeditorial.com\/blog\/media\/lengua-4-primaria-scaled.jpg\",\"datePublished\":\"2025-08-26T13:00:22+00:00\",\"author\":{\"@id\":\"https:\/\/www.vocaeditorial.com\/blog\/#\/schema\/person\/72fba3d6c8a26fba0fee3107fda03438\"},\"description\":\"Enfoca la Lengua 4 Primaria desde la comprensi\u00f3n cr\u00edtica, expresi\u00f3n elaborada y autonom\u00eda. Descubre metodolog\u00edas y recursos innovadores.\",\"breadcrumb\":{\"@id\":\"https:\/\/www.vocaeditorial.com\/blog\/lengua-4-primaria\/#breadcrumb\"},\"inLanguage\":\"es\",\"potentialAction\":[{\"@type\":\"ReadAction\",\"target\":[\"https:\/\/www.vocaeditorial.com\/blog\/lengua-4-primaria\/\"]}]},{\"@type\":\"ImageObject\",\"inLanguage\":\"es\",\"@id\":\"https:\/\/www.vocaeditorial.com\/blog\/lengua-4-primaria\/#primaryimage\",\"url\":\"https:\/\/www.vocaeditorial.com\/blog\/media\/lengua-4-primaria-scaled.jpg\",\"contentUrl\":\"https:\/\/www.vocaeditorial.com\/blog\/media\/lengua-4-primaria-scaled.jpg\",\"width\":2560,\"height\":1718,\"caption\":\"Lengua 4 Primaria\"},{\"@type\":\"BreadcrumbList\",\"@id\":\"https:\/\/www.vocaeditorial.com\/blog\/lengua-4-primaria\/#breadcrumb\",\"itemListElement\":[{\"@type\":\"ListItem\",\"position\":1,\"name\":\"Portada\",\"item\":\"https:\/\/www.vocaeditorial.com\/blog\/\"},{\"@type\":\"ListItem\",\"position\":2,\"name\":\"Lengua\u202f4\u202fPrimaria: metodolog\u00edas innovadoras\"}]},{\"@type\":\"WebSite\",\"@id\":\"https:\/\/www.vocaeditorial.com\/blog\/#website\",\"url\":\"https:\/\/www.vocaeditorial.com\/blog\/\",\"name\":\"Voca Editorial\",\"description\":\"\",\"potentialAction\":[{\"@type\":\"SearchAction\",\"target\":{\"@type\":\"EntryPoint\",\"urlTemplate\":\"https:\/\/www.vocaeditorial.com\/blog\/?s={search_term_string}\"},\"query-input\":{\"@type\":\"PropertyValueSpecification\",\"valueRequired\":true,\"valueName\":\"search_term_string\"}}],\"inLanguage\":\"es\"},{\"@type\":\"Person\",\"@id\":\"https:\/\/www.vocaeditorial.com\/blog\/#\/schema\/person\/72fba3d6c8a26fba0fee3107fda03438\",\"name\":\"VOCA Editorial\",\"image\":{\"@type\":\"ImageObject\",\"inLanguage\":\"es\",\"@id\":\"https:\/\/www.vocaeditorial.com\/blog\/#\/schema\/person\/image\/\",\"url\":\"https:\/\/secure.gravatar.com\/avatar\/137e7a09ea636684fcf1595563ff145c113f07116d7a29acedf3e545ab378ca3?s=96&d=mm&r=g\",\"contentUrl\":\"https:\/\/secure.gravatar.com\/avatar\/137e7a09ea636684fcf1595563ff145c113f07116d7a29acedf3e545ab378ca3?s=96&d=mm&r=g\",\"caption\":\"VOCA Editorial\"},\"url\":\"https:\/\/www.vocaeditorial.com\/blog\/author\/voca-editorial\/\"}]}<\/script>\n<!-- \/ Yoast SEO plugin. -->","yoast_head_json":{"title":"Lengua\u202f4\u202fPrimaria: metodolog\u00edas innovadoras &#8211; Voca Editorial","description":"Enfoca la Lengua 4 Primaria desde la comprensi\u00f3n cr\u00edtica, expresi\u00f3n elaborada y autonom\u00eda. Descubre metodolog\u00edas y recursos innovadores.","robots":{"index":"index","follow":"follow","max-snippet":"max-snippet:-1","max-image-preview":"max-image-preview:large","max-video-preview":"max-video-preview:-1"},"canonical":"https:\/\/www.vocaeditorial.com\/blog\/lengua-4-primaria\/","og_locale":"es_ES","og_type":"article","og_title":"Lengua\u202f4\u202fPrimaria: metodolog\u00edas innovadoras &#8211; Voca Editorial","og_description":"Enfoca la Lengua 4 Primaria desde la comprensi\u00f3n cr\u00edtica, expresi\u00f3n elaborada y autonom\u00eda. Descubre metodolog\u00edas y recursos innovadores.","og_url":"https:\/\/www.vocaeditorial.com\/blog\/lengua-4-primaria\/","og_site_name":"Voca Editorial","article_published_time":"2025-08-26T13:00:22+00:00","og_image":[{"width":2560,"height":1718,"url":"https:\/\/www.vocaeditorial.com\/blog\/media\/lengua-4-primaria-scaled.jpg","type":"image\/jpeg"}],"author":"VOCA Editorial","twitter_card":"summary_large_image","twitter_misc":{"Escrito por":"VOCA Editorial","Tiempo de lectura":"4 minutos"},"schema":{"@context":"https:\/\/schema.org","@graph":[{"@type":"WebPage","@id":"https:\/\/www.vocaeditorial.com\/blog\/lengua-4-primaria\/","url":"https:\/\/www.vocaeditorial.com\/blog\/lengua-4-primaria\/","name":"Lengua\u202f4\u202fPrimaria: metodolog\u00edas innovadoras &#8211; Voca Editorial","isPartOf":{"@id":"https:\/\/www.vocaeditorial.com\/blog\/#website"},"primaryImageOfPage":{"@id":"https:\/\/www.vocaeditorial.com\/blog\/lengua-4-primaria\/#primaryimage"},"image":{"@id":"https:\/\/www.vocaeditorial.com\/blog\/lengua-4-primaria\/#primaryimage"},"thumbnailUrl":"https:\/\/www.vocaeditorial.com\/blog\/media\/lengua-4-primaria-scaled.jpg","datePublished":"2025-08-26T13:00:22+00:00","author":{"@id":"https:\/\/www.vocaeditorial.com\/blog\/#\/schema\/person\/72fba3d6c8a26fba0fee3107fda03438"},"description":"Enfoca la Lengua 4 Primaria desde la comprensi\u00f3n cr\u00edtica, expresi\u00f3n elaborada y autonom\u00eda. Descubre metodolog\u00edas y recursos innovadores.","breadcrumb":{"@id":"https:\/\/www.vocaeditorial.com\/blog\/lengua-4-primaria\/#breadcrumb"},"inLanguage":"es","potentialAction":[{"@type":"ReadAction","target":["https:\/\/www.vocaeditorial.com\/blog\/lengua-4-primaria\/"]}]},{"@type":"ImageObject","inLanguage":"es","@id":"https:\/\/www.vocaeditorial.com\/blog\/lengua-4-primaria\/#primaryimage","url":"https:\/\/www.vocaeditorial.com\/blog\/media\/lengua-4-primaria-scaled.jpg","contentUrl":"https:\/\/www.vocaeditorial.com\/blog\/media\/lengua-4-primaria-scaled.jpg","width":2560,"height":1718,"caption":"Lengua 4 Primaria"},{"@type":"BreadcrumbList","@id":"https:\/\/www.vocaeditorial.com\/blog\/lengua-4-primaria\/#breadcrumb","itemListElement":[{"@type":"ListItem","position":1,"name":"Portada","item":"https:\/\/www.vocaeditorial.com\/blog\/"},{"@type":"ListItem","position":2,"name":"Lengua\u202f4\u202fPrimaria: metodolog\u00edas innovadoras"}]},{"@type":"WebSite","@id":"https:\/\/www.vocaeditorial.com\/blog\/#website","url":"https:\/\/www.vocaeditorial.com\/blog\/","name":"Voca Editorial","description":"","potentialAction":[{"@type":"SearchAction","target":{"@type":"EntryPoint","urlTemplate":"https:\/\/www.vocaeditorial.com\/blog\/?s={search_term_string}"},"query-input":{"@type":"PropertyValueSpecification","valueRequired":true,"valueName":"search_term_string"}}],"inLanguage":"es"},{"@type":"Person","@id":"https:\/\/www.vocaeditorial.com\/blog\/#\/schema\/person\/72fba3d6c8a26fba0fee3107fda03438","name":"VOCA Editorial","image":{"@type":"ImageObject","inLanguage":"es","@id":"https:\/\/www.vocaeditorial.com\/blog\/#\/schema\/person\/image\/","url":"https:\/\/secure.gravatar.com\/avatar\/137e7a09ea636684fcf1595563ff145c113f07116d7a29acedf3e545ab378ca3?s=96&d=mm&r=g","contentUrl":"https:\/\/secure.gravatar.com\/avatar\/137e7a09ea636684fcf1595563ff145c113f07116d7a29acedf3e545ab378ca3?s=96&d=mm&r=g","caption":"VOCA Editorial"},"url":"https:\/\/www.vocaeditorial.com\/blog\/author\/voca-editorial\/"}]}},"jetpack_featured_media_url":"https:\/\/www.vocaeditorial.com\/blog\/media\/lengua-4-primaria-scaled.jpg","jetpack_sharing_enabled":true,"_links":{"self":[{"href":"https:\/\/www.vocaeditorial.com\/blog\/wp-json\/wp\/v2\/posts\/8661","targetHints":{"allow":["GET"]}}],"collection":[{"href":"https:\/\/www.vocaeditorial.com\/blog\/wp-json\/wp\/v2\/posts"}],"about":[{"href":"https:\/\/www.vocaeditorial.com\/blog\/wp-json\/wp\/v2\/types\/post"}],"author":[{"embeddable":true,"href":"https:\/\/www.vocaeditorial.com\/blog\/wp-json\/wp\/v2\/users\/49"}],"replies":[{"embeddable":true,"href":"https:\/\/www.vocaeditorial.com\/blog\/wp-json\/wp\/v2\/comments?post=8661"}],"version-history":[{"count":0,"href":"https:\/\/www.vocaeditorial.com\/blog\/wp-json\/wp\/v2\/posts\/8661\/revisions"}],"wp:featuredmedia":[{"embeddable":true,"href":"https:\/\/www.vocaeditorial.com\/blog\/wp-json\/wp\/v2\/media\/8652"}],"wp:attachment":[{"href":"https:\/\/www.vocaeditorial.com\/blog\/wp-json\/wp\/v2\/media?parent=8661"}],"wp:term":[{"taxonomy":"post_tag","embeddable":true,"href":"https:\/\/www.vocaeditorial.com\/blog\/wp-json\/wp\/v2\/tags?post=8661"}],"curies":[{"name":"wp","href":"https:\/\/api.w.org\/{rel}","templated":true}]}}