{"id":8659,"date":"2025-08-05T15:00:15","date_gmt":"2025-08-05T13:00:15","guid":{"rendered":"https:\/\/www.vocaeditorial.com\/blog\/?p=8659"},"modified":"2025-07-08T16:43:25","modified_gmt":"2025-07-08T14:43:25","slug":"lengua-2-primaria","status":"publish","type":"post","link":"https:\/\/www.vocaeditorial.com\/blog\/lengua-2-primaria\/","title":{"rendered":"Lengua 2 Primaria: c\u00f3mo lograr una ense\u00f1anza significativa"},"content":{"rendered":"<p><span style=\"font-weight: 400;\">Aprender Lengua 2 Primaria va m\u00e1s all\u00e1 de consolidar lo adquirido en primero: implica afianzar la lectura y escritura, profundizar en la comunicaci\u00f3n oral y desarrollar la reflexi\u00f3n ling\u00fc\u00edstica con m\u00e1s autonom\u00eda. Aqu\u00ed te mostramos programas reales basados en investigaci\u00f3n y buenas pr\u00e1cticas para mejorar tu asignatura.<\/span><\/p>\n\n<p><span data-sheets-root=\"1\">[CtaModule cta_item=\u00bb6766&#8243;]<\/span><\/p>\n<p>&nbsp;<\/p>\n<h2><span style=\"color: #ffa341;\"><b>\u00bfQu\u00e9 busca la asignatura de Lengua 2 Primaria?<\/b><\/span><\/h2>\n<p><span style=\"font-weight: 400;\">Para empezar, la asignatura de <\/span><b>Lengua 2 Primaria<\/b><span style=\"font-weight: 400;\"> consolida habilidades clave del <\/span><b>\u00e1rea de Lengua Castellana y Literatura<\/b><span style=\"font-weight: 400;\">:\u00a0<\/span><\/p>\n<ul>\n<li style=\"font-weight: 400;\" aria-level=\"1\"><span style=\"font-weight: 400;\">Comprensi\u00f3n oral y escrita<\/span><\/li>\n<li style=\"font-weight: 400;\" aria-level=\"1\"><span style=\"font-weight: 400;\">Expresi\u00f3n<\/span><\/li>\n<li style=\"font-weight: 400;\" aria-level=\"1\"><span style=\"font-weight: 400;\">Vocabulario y gram\u00e1tica b\u00e1sica<\/span><\/li>\n<li style=\"font-weight: 400;\" aria-level=\"1\"><span style=\"font-weight: 400;\">Inicio del an\u00e1lisis reflexivo<\/span><\/li>\n<\/ul>\n<p>&nbsp;<\/p>\n<p><span style=\"font-weight: 400;\">Adem\u00e1s, con la <\/span><span style=\"text-decoration: underline;\"><a href=\"https:\/\/educagob.educacionfpydeportes.gob.es\/curriculo\/curriculo-lomloe\/menu-curriculos-basicos\/ed-primaria\/areas\/lengua-castellana\/criterios-evaluacion-primer-ciclo.html\" target=\"_blank\" rel=\"noopener\"><b>LOMLOE<\/b><\/a><\/span><span style=\"font-weight: 400;\">, el enfoque de esta \u00e1rea es <\/span><b>comunicativo, transversal y emocional<\/b><span style=\"font-weight: 400;\">. Por supuesto, adaptado al desarrollo cognitivo de ni\u00f1os de 7\u20138\u202fa\u00f1os.<\/span><\/p>\n<p><span style=\"font-weight: 400;\">Asimismo, se promueve la <\/span><b>autonom\u00eda<\/b><span style=\"font-weight: 400;\"> del alumnado, el <\/span><span style=\"text-decoration: underline;\"><a href=\"https:\/\/www.vocaeditorial.com\/blog\/aprendizaje-cooperativo-y-colaborativo\/\" target=\"_blank\" rel=\"noopener\"><b>aprendizaje cooperativo<\/b><\/a><\/span><span style=\"font-weight: 400;\"> y la lectura literaria adaptada, conectando <\/span><b>intereses personales<\/b><span style=\"font-weight: 400;\"> con contenidos escolares.<\/span><\/p>\n<p><span style=\"font-weight: 400;\">Para ello, es recomendable utilizar <\/span><span style=\"text-decoration: underline;\"><a href=\"https:\/\/www.vocaeditorial.com\/blog\/metodologias-activas-en-el-aula\/\" target=\"_blank\" rel=\"noopener\"><b>metodolog\u00edas activas<\/b><\/a><\/span><span style=\"font-weight: 400;\">, como los proyectos curriculares, que proponen un <\/span><b>hilo conductor<\/b><\/p>\n<blockquote><p><span style=\"font-weight: 400;\">que garantiza la <\/span><b>coherencia entre unidades<\/b><span style=\"font-weight: 400;\"> did\u00e1cticas y facilita el <\/span><b>aprendizaje significativo<\/b><span style=\"font-weight: 400;\">.<\/span><\/p><\/blockquote>\n<p>&nbsp;<\/p>\n<p><span style=\"font-weight: 400;\">As\u00ed, se logra un <\/span><b>aprendizaje m\u00e1s integral <\/b><span style=\"font-weight: 400;\">de todas las <\/span><span style=\"text-decoration: underline;\"><a href=\"https:\/\/www.vocaeditorial.com\/blog\/competencias-especificas-de-lengua-en-primaria\/\" target=\"_blank\" rel=\"noopener\"><b>competencias espec\u00edficas<\/b><\/a><\/span><span style=\"font-weight: 400;\">, incluyendo los conocimientos sobre la <\/span><b>gram\u00e1tica<\/b><span style=\"font-weight: 400;\">. Eso s\u00ed, introduci\u00e9ndola de forma contextualizada en tareas concretas.<\/span><\/p>\n<h2><span style=\"color: #ffa341;\"><b>\u00bfC\u00f3mo se ense\u00f1a en Lengua 2 Primaria?<\/b><\/span><\/h2>\n<p><span style=\"font-weight: 400;\">A continuaci\u00f3n, veremos algunas de las <\/span><b>metodolog\u00edas m\u00e1s utilizadas<\/b><span style=\"font-weight: 400;\"> en la asignatura de Lengua 2 Primaria.\u00a0<\/span><\/p>\n<p><span style=\"font-weight: 400;\">En concreto, son <\/span><b>herramientas innovadoras<\/b><span style=\"font-weight: 400;\"> que nos pueden facilitar la ense\u00f1anza, pero solo si las utilizamos correctamente, <\/span><b>adapt\u00e1ndolas a nuestras necesidades y al contexto concreto<\/b><span style=\"font-weight: 400;\"> de nuestra aula.<\/span><\/p>\n<h3><span style=\"color: #ffa341;\"><b>Enfoque E\u2011S\u2011R\u2011I (Experiencia, Se\u00f1alamiento, Reflexi\u00f3n, Incorporaci\u00f3n)<\/b><\/span><\/h3>\n<p><span style=\"font-weight: 400;\">En primer lugar, encontramos el <\/span><span style=\"text-decoration: underline;\"><a href=\"https:\/\/repositorio.comillas.edu\/xmlui\/handle\/11531\/32963\" target=\"_blank\" rel=\"noopener\"><b>m\u00e9todo E-S-R-I<\/b><\/a><\/span><span style=\"font-weight: 400;\">, \u00abun <\/span><b>enfoque conversacional, transversal, l\u00fadico y emocional<\/b><span style=\"font-weight: 400;\"> que se basa en el enfoque<\/span><b> comunicativo<\/b><span style=\"font-weight: 400;\"> del aprendizaje de la Lengua\u00bb.<\/span><\/p>\n<p><span style=\"font-weight: 400;\">Su objetivo es guiar a los alumnos<\/span><b> desde la experiencia directa hacia la reflexi\u00f3n ling\u00fc\u00edstica<\/b><span style=\"font-weight: 400;\">, culminando con su incorporaci\u00f3n significativa.\u00a0<\/span><\/p>\n<p><span style=\"font-weight: 400;\">Por ejemplo, tras una actividad oral sobre emociones, se se\u00f1alan estructuras ling\u00fc\u00edsticas, <\/span><b>se reflexiona<\/b><span style=\"font-weight: 400;\"> y finalmente se escriben breves relatos.<\/span><\/p>\n<h3><span style=\"color: #ffa341;\"><b>Aprendizaje basado en proyectos y cooperativo<\/b><\/span><\/h3>\n<p><span style=\"font-weight: 400;\">En segundo lugar, como ya se ha mencionado, una estrategia muy adecuada y <\/span><b>cada vez m\u00e1s utilizada<\/b><span style=\"font-weight: 400;\"> en las aulas es el <\/span><span style=\"text-decoration: underline;\"><a href=\"https:\/\/www.vocaeditorial.com\/blog\/aprendizaje-basado-en-proyectos\/\" target=\"_blank\" rel=\"noopener\"><b>aprendizaje basado en proyectos<\/b><\/a><\/span><span style=\"font-weight: 400;\"> (ABP).<\/span><\/p>\n<p><span style=\"font-weight: 400;\">En concreto, la idea es trabajar por <\/span><b>proyectos interconectados<\/b><span style=\"font-weight: 400;\">, fomentando la atenci\u00f3n al vocabulario, g\u00e9neros textuales y, por supuesto, el <\/span>trabajo en equipo<span style=\"font-weight: 400;\">. Esto responde a la preocupaci\u00f3n docente de <\/span><b>motivar y contextualizar el aprendizaje<\/b><span style=\"font-weight: 400;\">.<\/span><\/p>\n<p><span style=\"font-weight: 400;\">Adem\u00e1s, con los <\/span><span style=\"text-decoration: underline;\"><a href=\"https:\/\/www.vocaeditorial.com\/blog\/roles-aprendizaje-cooperativo\/\" target=\"_blank\" rel=\"noopener\"><b>roles del aprendizaje cooperativo<\/b><\/a><\/span><span style=\"font-weight: 400;\">, se fortalece al alumnado como grupo, haci\u00e9ndoles <\/span><b>capaces de apoyarse unos a otros<\/b><span style=\"font-weight: 400;\"> para mejorar su aprendizaje y <\/span>superar retos<span style=\"font-weight: 400;\">.<\/span><\/p>\n<h3><span style=\"color: #ffa341;\"><b>TIC y gamificaci\u00f3n<\/b><\/span><\/h3>\n<p><span style=\"font-weight: 400;\">En tercer lugar, la integraci\u00f3n de TIC puede ser esencial en <\/span>Lengua 2 Primaria<span style=\"font-weight: 400;\">. De hecho, estudios como el de Sanz San Frutos (2021) muestran <\/span><b>ventajas en motivaci\u00f3n y capacidad de diferenciaci\u00f3n<\/b><span style=\"font-weight: 400;\">.<\/span><\/p>\n<p><span style=\"font-weight: 400;\">Por ejemplo, se pueden combinar\u00a0<\/span><\/p>\n<ol>\n<li style=\"font-weight: 400;\" aria-level=\"1\"><b>Herramientas interactivas<\/b><span style=\"font-weight: 400;\">:<\/span>\n<ol>\n<li style=\"font-weight: 400;\" aria-level=\"2\"><span style=\"font-weight: 400;\">Pizarras digitales<\/span><\/li>\n<li style=\"font-weight: 400;\" aria-level=\"2\"><span style=\"font-weight: 400;\">Aplicaciones<\/span><\/li>\n<\/ol>\n<\/li>\n<li style=\"font-weight: 400;\" aria-level=\"1\"><span style=\"font-weight: 400;\">Con <\/span><b>plataformas de gamificaci\u00f3n<\/b><span style=\"font-weight: 400;\"> (p.ej. <\/span><span style=\"text-decoration: underline;\"><a href=\"https:\/\/intef.es\/observatorio_tecno\/classcraft-convierte-la-clase-en-una-aventura-epica\/\" target=\"_blank\" rel=\"noopener\"><b>Classcraft<\/b><\/a><\/span><span style=\"font-weight: 400;\">) para reforzar:<\/span>\n<ol>\n<li style=\"font-weight: 400;\" aria-level=\"2\"><span style=\"font-weight: 400;\">Ortograf\u00eda<\/span><\/li>\n<li style=\"font-weight: 400;\" aria-level=\"2\"><span style=\"font-weight: 400;\">Comprensi\u00f3n<\/span><\/li>\n<li style=\"font-weight: 400;\" aria-level=\"2\"><span style=\"font-weight: 400;\">Y expresi\u00f3n escrita.<\/span><\/li>\n<\/ol>\n<\/li>\n<\/ol>\n<p><span style=\"font-weight: 400;\">Sin embargo, para evitar que las TIC se <\/span>conviertan en una distracci\u00f3n<span style=\"font-weight: 400;\">, debemos <\/span><b>elegirlas con prop\u00f3sito e integrarlas correctamente<\/b><span style=\"font-weight: 400;\"> con el curr\u00edculo para <\/span><b>adaptar el aprendizaje <\/b><span style=\"font-weight: 400;\">a las peculiaridades del grupo.<\/span><\/p>\n<p><span data-sheets-root=\"1\">[CtaModule cta_item=\u00bb6208&#8243;]<\/span><\/p>\n<h2><span style=\"color: #ffa341;\"><b>Dudas frecuentes sobre Lengua 2 Primaria<\/b><\/span><\/h2>\n<p><span style=\"font-weight: 400;\">Por \u00faltimo, hemos recopilado algunas de las<\/span><b> dudas m\u00e1s frecuentes<\/b><span style=\"font-weight: 400;\"> que pueden surgir en Lengua 2 Primaria, dando respuesta a estas preguntas.<\/span><\/p>\n<h3><span style=\"color: #ffa341;\"><b>\u00bfC\u00f3mo fomentar la lectura aut\u00f3noma y cr\u00edtica?<\/b><\/span><\/h3>\n<p><span style=\"font-weight: 400;\">Por ejemplo, <\/span><b>proyectos basados en libros de literatura infantil<\/b><span style=\"font-weight: 400;\"> permiten promover la lectura por placer, acompa\u00f1ada de actividades de comprensi\u00f3n, debate e investigaci\u00f3n.<\/span><\/p>\n<p><span style=\"font-weight: 400;\">Adem\u00e1s, una programaci\u00f3n bien dise\u00f1ada <\/span><b>integra la lectura con expresi\u00f3n oral y escrita<\/b><span style=\"font-weight: 400;\">.<\/span><\/p>\n<h3><span style=\"color: #ffa341;\"><b>\u00bfC\u00f3mo integrar gram\u00e1tica sin que sea tediosa?<\/b><\/span><\/h3>\n<p><span style=\"font-weight: 400;\">Para ello, es conveniente <\/span><b>introducir la gram\u00e1tica desde la experiencia y con la reflexi\u00f3n compartida<\/b><span style=\"font-weight: 400;\">, como se hace con el modelo E-S-R-I.\u00a0<\/span><\/p>\n<h3><span style=\"color: #ffa341;\"><b>\u00bfQu\u00e9 actividades implantar para mantener la motivaci\u00f3n?<\/b><\/span><\/h3>\n<ul>\n<li style=\"font-weight: 400;\" aria-level=\"1\"><span style=\"font-weight: 400;\">Proyectos con hilo narrativo.<\/span><\/li>\n<li style=\"font-weight: 400;\" aria-level=\"1\"><span style=\"font-weight: 400;\">Juegos ling\u00fc\u00edsticos y retos por equipos.<\/span><\/li>\n<li style=\"font-weight: 400;\" aria-level=\"1\"><span style=\"font-weight: 400;\">Uso de TIC y gamificaci\u00f3n con objetivos concretos.<\/span><\/li>\n<\/ul>\n<p>&nbsp;<\/p>\n<p><span style=\"font-weight: 400;\">Tambi\u00e9n, podemos encontrar muchos <\/span><b>recursos interactivos en internet<\/b><span style=\"font-weight: 400;\">, como <\/span><span style=\"text-decoration: underline;\"><a href=\"https:\/\/juantorreshurtado.blogspot.com\/p\/tic-2-educacion-primaria.html\" target=\"_blank\" rel=\"noopener\"><b>estos en concreto para Lengua 2 Primaria<\/b><\/a><\/span><span style=\"font-weight: 400;\">.<\/span><\/p>\n<p>&nbsp;<\/p>\n<p>&nbsp;<\/p>\n<p><span style=\"font-weight: 400;\">En suma, l<\/span><span style=\"font-weight: 400;\">a <\/span><b>Lengua\u202f2\u202fPrimaria<\/b><span style=\"font-weight: 400;\"> exige un salto cualitativo respecto a primer curso: se consolidan competencias, se incorporan actividades reflexivas y se utilizan proyectos motivadores. As\u00ed, con una programaci\u00f3n globalizada, innovadora y basada en <\/span><b>intereses reales de los ni\u00f1os<\/b><span style=\"font-weight: 400;\">, es posible lograr una <\/span><b>ense\u00f1anza de calidad, significativa y participativa<\/b><span style=\"font-weight: 400;\">.<\/span><\/p>\n<p>&nbsp;<\/p>\n<p><span style=\"color: #ffa341;\"><b>Bibliograf\u00eda<\/b><\/span><\/p>\n<p><span style=\"font-weight: 400;\">Sanz San Frutos, M. (2021). <\/span><span style=\"text-decoration: underline;\"><a href=\"https:\/\/uvadoc.uva.es\/handle\/10324\/47327\" target=\"_blank\" rel=\"noopener\"><span style=\"font-weight: 400;\">Incidencia de las TIC en la ense\u00f1anza\u2011aprendizaje de la lengua castellana en Educaci\u00f3n Primaria<\/span><\/a><\/span><span style=\"font-weight: 400;\"> (TFG). Universidad de Valladolid.<\/span><\/p>\n<p><span style=\"font-weight: 400;\">Cresp\u00ed Tom\u00e1s, E. (2019). <\/span><span style=\"text-decoration: underline;\"><a href=\"https:\/\/repositorio.comillas.edu\/xmlui\/handle\/11531\/32963\" target=\"_blank\" rel=\"noopener\"><span style=\"font-weight: 400;\">Programaci\u00f3n did\u00e1ctica de Lengua Castellana y Literatura para 2\u00ba curso de Educaci\u00f3n Primaria (E\u2011S\u2011R\u2011I)<\/span><\/a><\/span><span style=\"font-weight: 400;\"> (TFG). Universidad Pontificia Comillas.<\/span><\/p>\n<p><span style=\"font-weight: 400;\">Sanz San Frutos, M. (2021). <\/span><span style=\"text-decoration: underline;\"><a href=\"https:\/\/uvadoc.uva.es\/handle\/10324\/47327\" target=\"_blank\" rel=\"noopener\"><span style=\"font-weight: 400;\">Incidencia de las TIC en la ense\u00f1anza-aprendizaje de la lengua castellana en Educaci\u00f3n Primaria<\/span><\/a><\/span><span style=\"font-weight: 400;\">.<\/span><\/p>\n","protected":false},"excerpt":{"rendered":"<p>\u00bfInteresado en mejorar la ense\u00f1anza de Lengua 2 Primaria? Descubre estrategias innovadoras y pr\u00e1cticas basadas en la investigaci\u00f3n.<\/p>\n","protected":false},"author":49,"featured_media":8651,"comment_status":"closed","ping_status":"closed","sticky":false,"template":"","format":"standard","meta":{"content-type":"","inline_featured_image":false,"_jetpack_memberships_contains_paid_content":false,"footnotes":""},"tags":[633,653,694],"class_list":["post-8659","post","type-post","status-publish","format-standard","has-post-thumbnail","hentry","category-comprension-lectora","tag-actividades","tag-primaria","tag-lengua-castellana-y-literatura"],"yoast_head":"<!-- This site is optimized with the Yoast SEO plugin v26.6 - https:\/\/yoast.com\/wordpress\/plugins\/seo\/ -->\n<title>Lengua 2 Primaria: c\u00f3mo lograr una ense\u00f1anza significativa &#8211; VOCA<\/title>\n<meta name=\"description\" content=\"\u00bfInteresado en mejorar la ense\u00f1anza de Lengua 2 Primaria? Descubre estrategias innovadoras y pr\u00e1cticas basadas en la investigaci\u00f3n.\" \/>\n<meta name=\"robots\" content=\"index, follow, max-snippet:-1, max-image-preview:large, max-video-preview:-1\" \/>\n<link rel=\"canonical\" href=\"https:\/\/www.vocaeditorial.com\/blog\/lengua-2-primaria\/\" \/>\n<meta property=\"og:locale\" content=\"es_ES\" \/>\n<meta property=\"og:type\" content=\"article\" \/>\n<meta property=\"og:title\" content=\"Lengua 2 Primaria: c\u00f3mo lograr una ense\u00f1anza significativa &#8211; VOCA\" \/>\n<meta property=\"og:description\" content=\"\u00bfInteresado en mejorar la ense\u00f1anza de Lengua 2 Primaria? Descubre estrategias innovadoras y pr\u00e1cticas basadas en la investigaci\u00f3n.\" \/>\n<meta property=\"og:url\" content=\"https:\/\/www.vocaeditorial.com\/blog\/lengua-2-primaria\/\" \/>\n<meta property=\"og:site_name\" content=\"Voca Editorial\" \/>\n<meta property=\"article:published_time\" content=\"2025-08-05T13:00:15+00:00\" \/>\n<meta property=\"og:image\" content=\"https:\/\/www.vocaeditorial.com\/blog\/media\/lengua-2-primaria-scaled.jpg\" \/>\n\t<meta property=\"og:image:width\" content=\"2560\" \/>\n\t<meta property=\"og:image:height\" content=\"1709\" \/>\n\t<meta property=\"og:image:type\" content=\"image\/jpeg\" \/>\n<meta name=\"author\" content=\"VOCA Editorial\" \/>\n<meta name=\"twitter:card\" content=\"summary_large_image\" \/>\n<meta name=\"twitter:label1\" content=\"Escrito por\" \/>\n\t<meta name=\"twitter:data1\" content=\"VOCA Editorial\" \/>\n\t<meta name=\"twitter:label2\" content=\"Tiempo de lectura\" \/>\n\t<meta name=\"twitter:data2\" content=\"4 minutos\" \/>\n<script type=\"application\/ld+json\" class=\"yoast-schema-graph\">{\"@context\":\"https:\/\/schema.org\",\"@graph\":[{\"@type\":\"WebPage\",\"@id\":\"https:\/\/www.vocaeditorial.com\/blog\/lengua-2-primaria\/\",\"url\":\"https:\/\/www.vocaeditorial.com\/blog\/lengua-2-primaria\/\",\"name\":\"Lengua 2 Primaria: c\u00f3mo lograr una ense\u00f1anza significativa &#8211; VOCA\",\"isPartOf\":{\"@id\":\"https:\/\/www.vocaeditorial.com\/blog\/#website\"},\"primaryImageOfPage\":{\"@id\":\"https:\/\/www.vocaeditorial.com\/blog\/lengua-2-primaria\/#primaryimage\"},\"image\":{\"@id\":\"https:\/\/www.vocaeditorial.com\/blog\/lengua-2-primaria\/#primaryimage\"},\"thumbnailUrl\":\"https:\/\/www.vocaeditorial.com\/blog\/media\/lengua-2-primaria-scaled.jpg\",\"datePublished\":\"2025-08-05T13:00:15+00:00\",\"author\":{\"@id\":\"https:\/\/www.vocaeditorial.com\/blog\/#\/schema\/person\/72fba3d6c8a26fba0fee3107fda03438\"},\"description\":\"\u00bfInteresado en mejorar la ense\u00f1anza de Lengua 2 Primaria? Descubre estrategias innovadoras y pr\u00e1cticas basadas en la investigaci\u00f3n.\",\"breadcrumb\":{\"@id\":\"https:\/\/www.vocaeditorial.com\/blog\/lengua-2-primaria\/#breadcrumb\"},\"inLanguage\":\"es\",\"potentialAction\":[{\"@type\":\"ReadAction\",\"target\":[\"https:\/\/www.vocaeditorial.com\/blog\/lengua-2-primaria\/\"]}]},{\"@type\":\"ImageObject\",\"inLanguage\":\"es\",\"@id\":\"https:\/\/www.vocaeditorial.com\/blog\/lengua-2-primaria\/#primaryimage\",\"url\":\"https:\/\/www.vocaeditorial.com\/blog\/media\/lengua-2-primaria-scaled.jpg\",\"contentUrl\":\"https:\/\/www.vocaeditorial.com\/blog\/media\/lengua-2-primaria-scaled.jpg\",\"width\":2560,\"height\":1709,\"caption\":\"Lengua 2 Primaria\"},{\"@type\":\"BreadcrumbList\",\"@id\":\"https:\/\/www.vocaeditorial.com\/blog\/lengua-2-primaria\/#breadcrumb\",\"itemListElement\":[{\"@type\":\"ListItem\",\"position\":1,\"name\":\"Portada\",\"item\":\"https:\/\/www.vocaeditorial.com\/blog\/\"},{\"@type\":\"ListItem\",\"position\":2,\"name\":\"Lengua 2 Primaria: c\u00f3mo lograr una ense\u00f1anza significativa\"}]},{\"@type\":\"WebSite\",\"@id\":\"https:\/\/www.vocaeditorial.com\/blog\/#website\",\"url\":\"https:\/\/www.vocaeditorial.com\/blog\/\",\"name\":\"Voca Editorial\",\"description\":\"\",\"potentialAction\":[{\"@type\":\"SearchAction\",\"target\":{\"@type\":\"EntryPoint\",\"urlTemplate\":\"https:\/\/www.vocaeditorial.com\/blog\/?s={search_term_string}\"},\"query-input\":{\"@type\":\"PropertyValueSpecification\",\"valueRequired\":true,\"valueName\":\"search_term_string\"}}],\"inLanguage\":\"es\"},{\"@type\":\"Person\",\"@id\":\"https:\/\/www.vocaeditorial.com\/blog\/#\/schema\/person\/72fba3d6c8a26fba0fee3107fda03438\",\"name\":\"VOCA Editorial\",\"image\":{\"@type\":\"ImageObject\",\"inLanguage\":\"es\",\"@id\":\"https:\/\/www.vocaeditorial.com\/blog\/#\/schema\/person\/image\/\",\"url\":\"https:\/\/secure.gravatar.com\/avatar\/137e7a09ea636684fcf1595563ff145c113f07116d7a29acedf3e545ab378ca3?s=96&d=mm&r=g\",\"contentUrl\":\"https:\/\/secure.gravatar.com\/avatar\/137e7a09ea636684fcf1595563ff145c113f07116d7a29acedf3e545ab378ca3?s=96&d=mm&r=g\",\"caption\":\"VOCA Editorial\"},\"url\":\"https:\/\/www.vocaeditorial.com\/blog\/author\/voca-editorial\/\"}]}<\/script>\n<!-- \/ Yoast SEO plugin. -->","yoast_head_json":{"title":"Lengua 2 Primaria: c\u00f3mo lograr una ense\u00f1anza significativa &#8211; VOCA","description":"\u00bfInteresado en mejorar la ense\u00f1anza de Lengua 2 Primaria? Descubre estrategias innovadoras y pr\u00e1cticas basadas en la investigaci\u00f3n.","robots":{"index":"index","follow":"follow","max-snippet":"max-snippet:-1","max-image-preview":"max-image-preview:large","max-video-preview":"max-video-preview:-1"},"canonical":"https:\/\/www.vocaeditorial.com\/blog\/lengua-2-primaria\/","og_locale":"es_ES","og_type":"article","og_title":"Lengua 2 Primaria: c\u00f3mo lograr una ense\u00f1anza significativa &#8211; VOCA","og_description":"\u00bfInteresado en mejorar la ense\u00f1anza de Lengua 2 Primaria? Descubre estrategias innovadoras y pr\u00e1cticas basadas en la investigaci\u00f3n.","og_url":"https:\/\/www.vocaeditorial.com\/blog\/lengua-2-primaria\/","og_site_name":"Voca Editorial","article_published_time":"2025-08-05T13:00:15+00:00","og_image":[{"width":2560,"height":1709,"url":"https:\/\/www.vocaeditorial.com\/blog\/media\/lengua-2-primaria-scaled.jpg","type":"image\/jpeg"}],"author":"VOCA Editorial","twitter_card":"summary_large_image","twitter_misc":{"Escrito por":"VOCA Editorial","Tiempo de lectura":"4 minutos"},"schema":{"@context":"https:\/\/schema.org","@graph":[{"@type":"WebPage","@id":"https:\/\/www.vocaeditorial.com\/blog\/lengua-2-primaria\/","url":"https:\/\/www.vocaeditorial.com\/blog\/lengua-2-primaria\/","name":"Lengua 2 Primaria: c\u00f3mo lograr una ense\u00f1anza significativa &#8211; VOCA","isPartOf":{"@id":"https:\/\/www.vocaeditorial.com\/blog\/#website"},"primaryImageOfPage":{"@id":"https:\/\/www.vocaeditorial.com\/blog\/lengua-2-primaria\/#primaryimage"},"image":{"@id":"https:\/\/www.vocaeditorial.com\/blog\/lengua-2-primaria\/#primaryimage"},"thumbnailUrl":"https:\/\/www.vocaeditorial.com\/blog\/media\/lengua-2-primaria-scaled.jpg","datePublished":"2025-08-05T13:00:15+00:00","author":{"@id":"https:\/\/www.vocaeditorial.com\/blog\/#\/schema\/person\/72fba3d6c8a26fba0fee3107fda03438"},"description":"\u00bfInteresado en mejorar la ense\u00f1anza de Lengua 2 Primaria? Descubre estrategias innovadoras y pr\u00e1cticas basadas en la investigaci\u00f3n.","breadcrumb":{"@id":"https:\/\/www.vocaeditorial.com\/blog\/lengua-2-primaria\/#breadcrumb"},"inLanguage":"es","potentialAction":[{"@type":"ReadAction","target":["https:\/\/www.vocaeditorial.com\/blog\/lengua-2-primaria\/"]}]},{"@type":"ImageObject","inLanguage":"es","@id":"https:\/\/www.vocaeditorial.com\/blog\/lengua-2-primaria\/#primaryimage","url":"https:\/\/www.vocaeditorial.com\/blog\/media\/lengua-2-primaria-scaled.jpg","contentUrl":"https:\/\/www.vocaeditorial.com\/blog\/media\/lengua-2-primaria-scaled.jpg","width":2560,"height":1709,"caption":"Lengua 2 Primaria"},{"@type":"BreadcrumbList","@id":"https:\/\/www.vocaeditorial.com\/blog\/lengua-2-primaria\/#breadcrumb","itemListElement":[{"@type":"ListItem","position":1,"name":"Portada","item":"https:\/\/www.vocaeditorial.com\/blog\/"},{"@type":"ListItem","position":2,"name":"Lengua 2 Primaria: c\u00f3mo lograr una ense\u00f1anza significativa"}]},{"@type":"WebSite","@id":"https:\/\/www.vocaeditorial.com\/blog\/#website","url":"https:\/\/www.vocaeditorial.com\/blog\/","name":"Voca Editorial","description":"","potentialAction":[{"@type":"SearchAction","target":{"@type":"EntryPoint","urlTemplate":"https:\/\/www.vocaeditorial.com\/blog\/?s={search_term_string}"},"query-input":{"@type":"PropertyValueSpecification","valueRequired":true,"valueName":"search_term_string"}}],"inLanguage":"es"},{"@type":"Person","@id":"https:\/\/www.vocaeditorial.com\/blog\/#\/schema\/person\/72fba3d6c8a26fba0fee3107fda03438","name":"VOCA Editorial","image":{"@type":"ImageObject","inLanguage":"es","@id":"https:\/\/www.vocaeditorial.com\/blog\/#\/schema\/person\/image\/","url":"https:\/\/secure.gravatar.com\/avatar\/137e7a09ea636684fcf1595563ff145c113f07116d7a29acedf3e545ab378ca3?s=96&d=mm&r=g","contentUrl":"https:\/\/secure.gravatar.com\/avatar\/137e7a09ea636684fcf1595563ff145c113f07116d7a29acedf3e545ab378ca3?s=96&d=mm&r=g","caption":"VOCA Editorial"},"url":"https:\/\/www.vocaeditorial.com\/blog\/author\/voca-editorial\/"}]}},"jetpack_featured_media_url":"https:\/\/www.vocaeditorial.com\/blog\/media\/lengua-2-primaria-scaled.jpg","jetpack_sharing_enabled":true,"_links":{"self":[{"href":"https:\/\/www.vocaeditorial.com\/blog\/wp-json\/wp\/v2\/posts\/8659","targetHints":{"allow":["GET"]}}],"collection":[{"href":"https:\/\/www.vocaeditorial.com\/blog\/wp-json\/wp\/v2\/posts"}],"about":[{"href":"https:\/\/www.vocaeditorial.com\/blog\/wp-json\/wp\/v2\/types\/post"}],"author":[{"embeddable":true,"href":"https:\/\/www.vocaeditorial.com\/blog\/wp-json\/wp\/v2\/users\/49"}],"replies":[{"embeddable":true,"href":"https:\/\/www.vocaeditorial.com\/blog\/wp-json\/wp\/v2\/comments?post=8659"}],"version-history":[{"count":0,"href":"https:\/\/www.vocaeditorial.com\/blog\/wp-json\/wp\/v2\/posts\/8659\/revisions"}],"wp:featuredmedia":[{"embeddable":true,"href":"https:\/\/www.vocaeditorial.com\/blog\/wp-json\/wp\/v2\/media\/8651"}],"wp:attachment":[{"href":"https:\/\/www.vocaeditorial.com\/blog\/wp-json\/wp\/v2\/media?parent=8659"}],"wp:term":[{"taxonomy":"post_tag","embeddable":true,"href":"https:\/\/www.vocaeditorial.com\/blog\/wp-json\/wp\/v2\/tags?post=8659"}],"curies":[{"name":"wp","href":"https:\/\/api.w.org\/{rel}","templated":true}]}}