{"id":8656,"date":"2025-08-12T15:00:59","date_gmt":"2025-08-12T13:00:59","guid":{"rendered":"https:\/\/www.vocaeditorial.com\/blog\/?p=8656"},"modified":"2025-06-30T12:07:53","modified_gmt":"2025-06-30T10:07:53","slug":"lengua-3-primaria","status":"publish","type":"post","link":"https:\/\/www.vocaeditorial.com\/blog\/lengua-3-primaria\/","title":{"rendered":"Lengua 3 Primaria: estrategias, retos y metodolog\u00edas"},"content":{"rendered":"<p><span style=\"font-weight: 400;\">La Lengua 3 Primaria comienza a dar un salto de complejidad: profundiza en comprensi\u00f3n literaria, expresi\u00f3n precisa, competencia escrita y reflexi\u00f3n ling\u00fc\u00edstica. \u00bfC\u00f3mo organizar tu programaci\u00f3n para motivar y conectar con la realidad emocional del alumnado?\u00a0<\/span><\/p>\n<p><span data-sheets-root=\"1\">[CtaModule cta_item=\u00bb6733&#8243;]<\/span><\/p>\n<p>&nbsp;<\/p>\n<h2><span style=\"color: #ffa341;\"><b>\u00bfQu\u00e9 objetivos tiene Lengua 3 Primaria?<\/b><\/span><\/h2>\n<p><span style=\"font-weight: 400;\">En primer lugar, la <\/span><b>lengua 3 Primaria<\/b><span style=\"font-weight: 400;\"> consolida las bases de a\u00f1os anteriores y <\/span><b>ampl\u00eda competencias cognitivas y expresivas<\/b><span style=\"font-weight: 400;\">.\u00a0<\/span><\/p>\n<p><span style=\"font-weight: 400;\">Adem\u00e1s, la investigaci\u00f3n nos muestra que este curso requiere un <\/span><b>enfoque integrado<\/b><span style=\"font-weight: 400;\"> que combine:<\/span><\/p>\n<ul>\n<li style=\"font-weight: 400;\" aria-level=\"1\"><span style=\"font-weight: 400;\">Comprensi\u00f3n oral y escrita m\u00e1s profunda.<\/span><\/li>\n<li style=\"font-weight: 400;\" aria-level=\"1\"><span style=\"font-weight: 400;\">Redacci\u00f3n elaborada.<\/span><\/li>\n<li style=\"font-weight: 400;\" aria-level=\"1\"><span style=\"font-weight: 400;\">Reflexi\u00f3n ling\u00fc\u00edstica.<\/span><\/li>\n<li style=\"font-weight: 400;\" aria-level=\"1\"><span style=\"font-weight: 400;\">Desarrollo emocional del alumnado.<\/span><\/li>\n<\/ul>\n<p>&nbsp;<\/p>\n<p><span style=\"font-weight: 400;\">As\u00ed, se logra un <\/span><b>aprendizaje integral y significativo<\/b><span style=\"font-weight: 400;\"> del lenguaje. Para ello, es recomendable aplicar metodolog\u00edas que <\/span><b>apliquen la comunicaci\u00f3n a contextos reales<\/b><span style=\"font-weight: 400;\">, con situaciones de aprendizaje como nos indica la <\/span><span style=\"text-decoration: underline;\"><a href=\"https:\/\/educagob.educacionfpydeportes.gob.es\/curriculo\/curriculo-lomloe\/menu-curriculos-basicos\/ed-primaria\/areas\/lengua-castellana\/criterios-evaluacion-segundo-ciclo.html\" target=\"_blank\" rel=\"noopener\"><b>LOMLOE<\/b><\/a><\/span><span style=\"font-weight: 400;\">.<\/span><\/p>\n<p><span style=\"font-weight: 400;\">Por otro lado, al <\/span><b>cambiar de ciclo<\/b><span style=\"font-weight: 400;\">, cambia un poco lo que deben lograr los alumnos en la asignatura.<\/span><\/p>\n<p><span style=\"font-weight: 400;\">Espec\u00edficamente, aunque sigue habiendo <\/span><b>las mismas competencias espec\u00edficas y los mismos saberes b\u00e1sicos<\/b><span style=\"font-weight: 400;\"> que en el primer ciclo de Primaria, se va haciendo m\u00e1s complejo. As\u00ed, se profundiza en el aprendizaje de la comunicaci\u00f3n.<\/span><\/p>\n<h2><span style=\"color: #ffa341;\"><b>\u00bfQu\u00e9 metodolog\u00edas usar en lengua 3 Primaria?<\/b><\/span><\/h2>\n<p><span style=\"font-weight: 400;\">En concreto, para lograr ese <\/span><b>aprendizaje significativo<\/b><span style=\"font-weight: 400;\"> en el aula de Lengua 3 Primaria, podemos aplicar algunas <\/span><b>metodolog\u00edas y herramientas<\/b><span style=\"font-weight: 400;\">.<\/span><\/p>\n<p><span style=\"font-weight: 400;\">A continuaci\u00f3n, mostramos algunos ejemplos para la asignatura de Lengua.<\/span><\/p>\n<h3><span style=\"color: #ffa341;\"><b>M\u00e9todo E\u2011S\u2011R\u2011I<\/b><\/span><\/h3>\n<p><span style=\"font-weight: 400;\">Por un lado, la <\/span><span style=\"text-decoration: underline;\"><a href=\"https:\/\/repositorio.comillas.edu\/xmlui\/handle\/11531\/75667\" target=\"_blank\" rel=\"noopener\"><b>metodolog\u00eda E\u2011S\u2011R\u2011I<\/b><\/a><\/span><span style=\"font-weight: 400;\"> (Experiencia, Se\u00f1alamiento, Reflexi\u00f3n e Incorporaci\u00f3n) facilitan el <\/span><b>pensamiento cr\u00edtico y la autonom\u00eda ling\u00fc\u00edstica<\/b><span style=\"font-weight: 400;\">.\u00a0<\/span><\/p>\n<p><span style=\"font-weight: 400;\">Concretamente, plantea un proceso en el que se va avanzando <\/span><b>desde lo m\u00e1s concreto a partir de experiencias reales<\/b><span style=\"font-weight: 400;\"> (lecturas, debates), hasta <\/span><b>conceptos m\u00e1s abstractos<\/b><span style=\"font-weight: 400;\"> de la lengua.<\/span><\/p>\n<p><span style=\"font-weight: 400;\">Finalmente, se llega a <\/span><b>aplicar estructuras ling\u00fc\u00edsticas en producciones propias<\/b><span style=\"font-weight: 400;\"> de manera m\u00e1s <\/span><b>aut\u00f3noma<\/b><span style=\"font-weight: 400;\">. <\/span><span style=\"font-weight: 400;\">Para ello, se siguen cuatro fases:<\/span><\/p>\n<table>\n<tbody>\n<tr>\n<td><b>Experiencia<\/b><\/td>\n<td>En primer lugar, <strong>generar <\/strong><b>experiencias afectivas<\/b><span style=\"font-weight: 400;\"> en los alumnos, utilizando como soporte principal sus propias experiencias personales, y vincul\u00e1ndolas con el contexto creado.<\/span><\/td>\n<\/tr>\n<tr>\n<td><b>Se\u00f1alamiento<\/b><\/td>\n<td><span style=\"font-weight: 400;\">Despu\u00e9s, realizar una<\/span><b> conexi\u00f3n entre las interacciones personales<\/b><span style=\"font-weight: 400;\">, que los alumnos han compartido con el grupo de clase, <\/span><b>y los contenidos<\/b><span style=\"font-weight: 400;\">.<\/span><\/td>\n<\/tr>\n<tr>\n<td><b>Reflexi\u00f3n<\/b><\/td>\n<td><span style=\"font-weight: 400;\">A continuaci\u00f3n, ejecutar actividades elaboradas a partir del texto inicial y que tienen relaci\u00f3n con el contexto establecido, para <\/span><b>adquirir la conciencia ling\u00fc\u00edstica y competencias<\/b><span style=\"font-weight: 400;\">.<\/span><\/td>\n<\/tr>\n<tr>\n<td><b>Incorporaci\u00f3n<\/b><\/td>\n<td><span style=\"font-weight: 400;\">Finalmente, utilizar todos los conceptos y <\/span><b>aplicar todas las habilidades<\/b><span style=\"font-weight: 400;\"> que han aprendido para elaborar una actividad final, un <\/span><b>producto final<\/b><span style=\"font-weight: 400;\">.<\/span><\/td>\n<\/tr>\n<\/tbody>\n<\/table>\n<p><span style=\"font-weight: 400;\">Adem\u00e1s, esta metodolog\u00eda, al concluir en un producto final, es <\/span><b>m\u00e1s f\u00e1cil de evaluar<\/b><span style=\"font-weight: 400;\">, ya que en este se <\/span><b>recoge todo el progreso<\/b><span style=\"font-weight: 400;\"> de los alumnos.<\/span><\/p>\n<h3><span style=\"color: #ffa341;\"><b>Proyectos significativos<\/b><\/span><\/h3>\n<p><span style=\"font-weight: 400;\">Por otro lado, podemos aplicar en el aula <\/span><span style=\"text-decoration: underline;\"><a href=\"https:\/\/www.vocaeditorial.com\/blog\/aprendizaje-basado-en-proyectos\/\" target=\"_blank\" rel=\"noopener\"><b>proyectos<\/b><\/a><\/span><span style=\"font-weight: 400;\"> que conectan la lengua con otras \u00e1reas (medio ambiente, cultura, emociones), ya que <\/span><b>motivan al alumnado y contextualizan el aprendizaje<\/b><span style=\"font-weight: 400;\">.\u00a0<\/span><\/p>\n<p><span style=\"font-weight: 400;\">Por ejemplo, simular una investigaci\u00f3n sobre el ecosistema del r\u00edo permite<\/span><b> integrar lectura, escritura y expresi\u00f3n oral<\/b><span style=\"font-weight: 400;\"> de manera transversal.<\/span><\/p>\n<h3><span style=\"color: #ffa341;\"><b>Aprendizaje cooperativo<\/b><\/span><\/h3>\n<p><span style=\"font-weight: 400;\">Tambi\u00e9n, estas metodolog\u00edas que hemos expuesto pueden beneficiarse de utilizar el <\/span><span style=\"text-decoration: underline;\"><a href=\"https:\/\/www.vocaeditorial.com\/blog\/aprendizaje-cooperativo-y-colaborativo\/\" target=\"_blank\" rel=\"noopener\"><b>aprendizaje cooperativo<\/b><\/a><\/span><span style=\"font-weight: 400;\">. Por eso, e<\/span><span style=\"font-weight: 400;\">ste hace que el alumnado sea el <\/span><b>centro del aprendizaje<\/b><span style=\"font-weight: 400;\">, d\u00e1ndole autonom\u00eda y permiti\u00e9ndole ser<\/span><b> activo y protagonista<\/b><span style=\"font-weight: 400;\">.\u00a0<\/span><\/p>\n<p><span data-sheets-root=\"1\">[CtaModule cta_item=\u00bb5415&#8243;]<\/span><\/p>\n<h2><span style=\"color: #ffa341;\"><b>\u00bfSe pueden usar TIC en Lengua 3 Primaria sin que distraigan?<\/b><\/span><\/h2>\n<p><span style=\"font-weight: 400;\">Por \u00faltimo, las <\/span><b>tecnolog\u00edas de la informaci\u00f3n y la comunicaci\u00f3n <\/b><span style=\"font-weight: 400;\">(TIC) est\u00e1n cada vez m\u00e1s presentes en las aulas y son cada vez m\u00e1s estudiadas.<\/span><\/p>\n<p><span style=\"font-weight: 400;\">Sin embargo, la <\/span><span style=\"text-decoration: underline;\"><a href=\"https:\/\/www.vocaeditorial.com\/blog\/tic-nuevas-tecnologias-en-el-aula\/\" target=\"_blank\" rel=\"noopener\"><b>integraci\u00f3n de estas tecnolog\u00edas en el aula<\/b><\/a><\/span><span style=\"font-weight: 400;\"> suscita una pregunta recurrente: \u00bf<\/span><b>aportan valor o distraen<\/b><span style=\"font-weight: 400;\"> al alumnado en esta etapa?<\/span><\/p>\n<p><span style=\"font-weight: 400;\">As\u00ed que veamos los <\/span><b>principales aspectos positivos y negativos<\/b><span style=\"font-weight: 400;\"> de las tecnolog\u00edas digitales en el aula:<\/span><\/p>\n<table>\n<tbody>\n<tr>\n<td><b>\u2705 Aspectos positivos<\/b><\/td>\n<td><b>\u26a0\ufe0f Aspectos negativos<\/b><\/td>\n<\/tr>\n<tr>\n<td><b>Mayor motivaci\u00f3n e inter\u00e9s del alumnado<\/b><span style=\"font-weight: 400;\">.<\/span><\/td>\n<td><b>Distracci\u00f3n y falta de atenci\u00f3n<\/b><span style=\"font-weight: 400;\">: riesgo de que los alumnos se desv\u00eden a redes, juegos o contenido no educativo.<\/span><\/td>\n<\/tr>\n<tr>\n<td><b>Aprendizaje personalizado<\/b><span style=\"font-weight: 400;\">: adaptativo al ritmo, nivel y estilo de cada estudiante.<\/span><\/td>\n<td><b>Brecha digital<\/b><span style=\"font-weight: 400;\">: el dif\u00edcil acceso a dispositivos e internet puede aumentar la desigualdad.<\/span><\/td>\n<\/tr>\n<tr>\n<td><b>Comprensi\u00f3n m\u00e1s r\u00e1pida y mejor<\/b><span style=\"font-weight: 400;\">: integraci\u00f3n de multimedia y simulaciones facilita la asimilaci\u00f3n.<\/span><\/td>\n<td><b>Saturaci\u00f3n y sobrecarga de informaci\u00f3n<\/b><span style=\"font-weight: 400;\">: acceso ilimitado puede provocar aprendizaje superficial.<\/span><\/td>\n<\/tr>\n<tr>\n<td><b>Desarrollo de competencias digitales y trabajo en equipo<\/b><span style=\"font-weight: 400;\">.<\/span><\/td>\n<td><b>Reducci\u00f3n de habilidades tradicionales<\/b><span style=\"font-weight: 400;\">: escritura a mano, c\u00e1lculo mental y oratoria pueden verse debilitados.<\/span><\/td>\n<\/tr>\n<tr>\n<td><b>Comunicaci\u00f3n eficiente<\/b><span style=\"font-weight: 400;\">: colaboraci\u00f3n alumno-docente y entre iguales.<\/span><\/td>\n<td><b>Riesgos de privacidad y ciberseguridad<\/b><span style=\"font-weight: 400;\">: uso de plataformas expone datos personales.<\/span><\/td>\n<\/tr>\n<tr>\n<td><b>Trabajo colaborativo y cooperaci\u00f3n<\/b><span style=\"font-weight: 400;\">: favorecido por herramientas online, chats y foros.<\/span><\/td>\n<td><b>Dependencia tecnol\u00f3gica<\/b><span style=\"font-weight: 400;\">: sobreuso puede generar adicci\u00f3n, ansiedad, aislamiento.<\/span><\/td>\n<\/tr>\n<tr>\n<td><b>Flexibilidad y autonom\u00eda<\/b><span style=\"font-weight: 400;\">: aprendizaje fuera del aula, al propio ritmo.<\/span><\/td>\n<td><b>Menor interacci\u00f3n social cara a cara<\/b><span style=\"font-weight: 400;\">: puede debilitar habilidades interpersonales.<\/span><\/td>\n<\/tr>\n<tr>\n<td><b>Ahorro de tiempo para docentes y automatizaci\u00f3n<\/b><span style=\"font-weight: 400;\">: reduce carga administrativa.<\/span><\/td>\n<td><b>Problemas t\u00e9cnicos y costos<\/b><span style=\"font-weight: 400;\">: es decir, fallos, mantenimiento, inversi\u00f3n y necesidades de formaci\u00f3n docente.<\/span><\/td>\n<\/tr>\n<\/tbody>\n<\/table>\n<h3><span style=\"color: #ffa341;\"><strong>Evidencias<\/strong><\/span><\/h3>\n<p><span style=\"font-weight: 400;\">En concreto, las evidencias muestran que es posible<\/span><b> lograr un equilibrio saludable si el uso se planifica adecuadamente<\/b><span style=\"font-weight: 400;\">.<\/span><\/p>\n<p><span style=\"font-weight: 400;\">En este contexto, proponer usos concretos y limitados es clave:<\/span><\/p>\n<ul>\n<li style=\"font-weight: 400;\" aria-level=\"1\"><span style=\"font-weight: 400;\">Primero, u<\/span><span style=\"font-weight: 400;\">sar TIC para <\/span><b>actividades espec\u00edficas<\/b><span style=\"font-weight: 400;\">: b\u00fasquedas guiadas, lectura interactiva, grabaciones orales, creaci\u00f3n de peque\u00f1os podcasts.<\/span><\/li>\n<li style=\"font-weight: 400;\" aria-level=\"1\"><b>Limitar su uso diario<\/b><span style=\"font-weight: 400;\"> a 45\u201160 minutos, complementado siempre con contenidos en papel, dramatizaciones y an\u00e1lisis grupal.<\/span><\/li>\n<li style=\"font-weight: 400;\" aria-level=\"1\"><b>Formar al profesorado<\/b><span style=\"font-weight: 400;\"> en selecci\u00f3n de apps, evaluaci\u00f3n de calidad y criterios de dise\u00f1o responsable.<\/span><\/li>\n<li style=\"font-weight: 400;\" aria-level=\"1\"><span style=\"font-weight: 400;\">Finalmente, planificar<\/span><b> transiciones fluidas<\/b><span style=\"font-weight: 400;\">: una lectura en pantalla seguida de una discusi\u00f3n o redacci\u00f3n en papel o en grupo.<\/span><\/li>\n<\/ul>\n<p>&nbsp;<\/p>\n<p><span style=\"font-weight: 400;\">Gracias a un uso responsable, podemos <\/span><b>motivar al alumnado con la interactividad digital<\/b><span style=\"font-weight: 400;\">, pero evitar la sobreexposici\u00f3n y los <\/span><b>problemas de atenci\u00f3n<\/b><span style=\"font-weight: 400;\">.\u00a0<\/span><\/p>\n<p>&nbsp;<\/p>\n<p><span style=\"font-weight: 400;\">En fin, para trabajar <\/span><b>lengua 3 Primaria<\/b><span style=\"font-weight: 400;\"> marca un momento decisivo porque se da paso a una mayor autonom\u00eda. Por eso, utilizar <\/span><b>metodolog\u00edas innovadoras y creativas<\/b><span style=\"font-weight: 400;\"> puede transformar tus aulas en <\/span><b>espacios din\u00e1micos y significativos<\/b><span style=\"font-weight: 400;\">, y convertir este curso en un trampol\u00edn hacia el dominio ling\u00fc\u00edstico del alumnado.<\/span><\/p>\n<p>&nbsp;<\/p>\n<p>&nbsp;<\/p>\n<p><span style=\"color: #ffa341;\"><b>Bibliograf\u00eda<\/b><\/span><\/p>\n<p><span style=\"font-weight: 400;\">Sauvageot, C.\u202fS. (2023). <\/span><a href=\"https:\/\/repositorio.comillas.edu\/xmlui\/handle\/11531\/75667\" target=\"_blank\" rel=\"noopener\"><b><i>Programaci\u00f3n did\u00e1ctica de Lengua y Literatura para 3\u00ba Primaria basada en m\u00e9todo E\u2011S\u2011R\u2011I y aprendizaje cooperativo<\/i><\/b><\/a><i><span style=\"font-weight: 400;\">. <\/span><\/i><span style=\"font-weight: 400;\">[Consulta: 24 mayo 2025].<\/span><\/p>\n<p><span style=\"font-weight: 400;\">Zafra, I. (2025) <\/span><a href=\"https:\/\/elpais.com\/educacion\/2025-04-27\/el-aprendizaje-basado-en-proyectos-un-metodo-educativo-que-se-extiende-pero-sabemos-si-funciona.html\" target=\"_blank\" rel=\"noopener\"><b><i>El Aprendizaje Basado en Proyectos, \u00bffunciona en educaci\u00f3n?<\/i><\/b><\/a> <i><span style=\"font-weight: 400;\">El Pa\u00eds<\/span><\/i><span style=\"font-weight: 400;\">. [Consulta: 24 mayo 2025].<\/span><\/p>\n<p><span style=\"font-weight: 400;\">Ministerio de Educaci\u00f3n, Formaci\u00f3n Profesional y Deportes. (s.f.). <\/span><a href=\"https:\/\/educagob.educacionfpydeportes.gob.es\/curriculo\/curriculo-lomloe\/menu-curriculos-basicos\/ed-primaria\/areas\/lengua-castellana\/criterios-evaluacion-segundo-ciclo.html\" target=\"_blank\" rel=\"noopener\"><b><i>\u00c1rea de Lengua Castellana y Literatura \u2013 Educaci\u00f3n Primaria<\/i><\/b><\/a><i><span style=\"font-weight: 400;\">.<\/span><\/i><span style=\"font-weight: 400;\"> [Consulta: 24 mayo 2025].<\/span><\/p>\n","protected":false},"excerpt":{"rendered":"<p>Descubre c\u00f3mo potenciar la Lengua 3 Primaria mediante proyectos, TIC y aprendizaje emocional. Propuestas para enriquecer tu asignatura.<\/p>\n","protected":false},"author":49,"featured_media":8657,"comment_status":"closed","ping_status":"closed","sticky":false,"template":"","format":"standard","meta":{"content-type":"","inline_featured_image":false,"_jetpack_memberships_contains_paid_content":false,"footnotes":""},"tags":[633,653,694],"class_list":["post-8656","post","type-post","status-publish","format-standard","has-post-thumbnail","hentry","category-comprension-lectora","tag-actividades","tag-primaria","tag-lengua-castellana-y-literatura"],"yoast_head":"<!-- This site is optimized with the Yoast SEO plugin v26.6 - https:\/\/yoast.com\/wordpress\/plugins\/seo\/ -->\n<title>Lengua 3 Primaria: estrategias, retos y metodolog\u00edas &#8211; Voca Editorial<\/title>\n<meta name=\"description\" content=\"Descubre c\u00f3mo potenciar la Lengua 3 Primaria mediante proyectos, TIC y aprendizaje emocional. Propuestas para enriquecer tu asignatura.\" \/>\n<meta name=\"robots\" content=\"index, follow, max-snippet:-1, max-image-preview:large, max-video-preview:-1\" \/>\n<link rel=\"canonical\" href=\"https:\/\/www.vocaeditorial.com\/blog\/lengua-3-primaria\/\" \/>\n<meta property=\"og:locale\" content=\"es_ES\" \/>\n<meta property=\"og:type\" content=\"article\" \/>\n<meta property=\"og:title\" content=\"Lengua 3 Primaria: estrategias, retos y metodolog\u00edas &#8211; Voca Editorial\" \/>\n<meta property=\"og:description\" content=\"Descubre c\u00f3mo potenciar la Lengua 3 Primaria mediante proyectos, TIC y aprendizaje emocional. Propuestas para enriquecer tu asignatura.\" \/>\n<meta property=\"og:url\" content=\"https:\/\/www.vocaeditorial.com\/blog\/lengua-3-primaria\/\" \/>\n<meta property=\"og:site_name\" content=\"Voca Editorial\" \/>\n<meta property=\"article:published_time\" content=\"2025-08-12T13:00:59+00:00\" \/>\n<meta property=\"og:image\" content=\"https:\/\/www.vocaeditorial.com\/blog\/media\/lengua-3-primaria.jpg\" \/>\n\t<meta property=\"og:image:width\" content=\"1536\" \/>\n\t<meta property=\"og:image:height\" content=\"1024\" \/>\n\t<meta property=\"og:image:type\" content=\"image\/jpeg\" \/>\n<meta name=\"author\" content=\"VOCA Editorial\" \/>\n<meta name=\"twitter:card\" content=\"summary_large_image\" \/>\n<meta name=\"twitter:label1\" content=\"Escrito por\" \/>\n\t<meta name=\"twitter:data1\" content=\"VOCA Editorial\" \/>\n\t<meta name=\"twitter:label2\" content=\"Tiempo de lectura\" \/>\n\t<meta name=\"twitter:data2\" content=\"5 minutos\" \/>\n<script type=\"application\/ld+json\" class=\"yoast-schema-graph\">{\"@context\":\"https:\/\/schema.org\",\"@graph\":[{\"@type\":\"WebPage\",\"@id\":\"https:\/\/www.vocaeditorial.com\/blog\/lengua-3-primaria\/\",\"url\":\"https:\/\/www.vocaeditorial.com\/blog\/lengua-3-primaria\/\",\"name\":\"Lengua 3 Primaria: estrategias, retos y metodolog\u00edas &#8211; Voca Editorial\",\"isPartOf\":{\"@id\":\"https:\/\/www.vocaeditorial.com\/blog\/#website\"},\"primaryImageOfPage\":{\"@id\":\"https:\/\/www.vocaeditorial.com\/blog\/lengua-3-primaria\/#primaryimage\"},\"image\":{\"@id\":\"https:\/\/www.vocaeditorial.com\/blog\/lengua-3-primaria\/#primaryimage\"},\"thumbnailUrl\":\"https:\/\/www.vocaeditorial.com\/blog\/media\/lengua-3-primaria.jpg\",\"datePublished\":\"2025-08-12T13:00:59+00:00\",\"author\":{\"@id\":\"https:\/\/www.vocaeditorial.com\/blog\/#\/schema\/person\/72fba3d6c8a26fba0fee3107fda03438\"},\"description\":\"Descubre c\u00f3mo potenciar la Lengua 3 Primaria mediante proyectos, TIC y aprendizaje emocional. Propuestas para enriquecer tu asignatura.\",\"breadcrumb\":{\"@id\":\"https:\/\/www.vocaeditorial.com\/blog\/lengua-3-primaria\/#breadcrumb\"},\"inLanguage\":\"es\",\"potentialAction\":[{\"@type\":\"ReadAction\",\"target\":[\"https:\/\/www.vocaeditorial.com\/blog\/lengua-3-primaria\/\"]}]},{\"@type\":\"ImageObject\",\"inLanguage\":\"es\",\"@id\":\"https:\/\/www.vocaeditorial.com\/blog\/lengua-3-primaria\/#primaryimage\",\"url\":\"https:\/\/www.vocaeditorial.com\/blog\/media\/lengua-3-primaria.jpg\",\"contentUrl\":\"https:\/\/www.vocaeditorial.com\/blog\/media\/lengua-3-primaria.jpg\",\"width\":1536,\"height\":1024},{\"@type\":\"BreadcrumbList\",\"@id\":\"https:\/\/www.vocaeditorial.com\/blog\/lengua-3-primaria\/#breadcrumb\",\"itemListElement\":[{\"@type\":\"ListItem\",\"position\":1,\"name\":\"Portada\",\"item\":\"https:\/\/www.vocaeditorial.com\/blog\/\"},{\"@type\":\"ListItem\",\"position\":2,\"name\":\"Lengua 3 Primaria: estrategias, retos y metodolog\u00edas\"}]},{\"@type\":\"WebSite\",\"@id\":\"https:\/\/www.vocaeditorial.com\/blog\/#website\",\"url\":\"https:\/\/www.vocaeditorial.com\/blog\/\",\"name\":\"Voca Editorial\",\"description\":\"\",\"potentialAction\":[{\"@type\":\"SearchAction\",\"target\":{\"@type\":\"EntryPoint\",\"urlTemplate\":\"https:\/\/www.vocaeditorial.com\/blog\/?s={search_term_string}\"},\"query-input\":{\"@type\":\"PropertyValueSpecification\",\"valueRequired\":true,\"valueName\":\"search_term_string\"}}],\"inLanguage\":\"es\"},{\"@type\":\"Person\",\"@id\":\"https:\/\/www.vocaeditorial.com\/blog\/#\/schema\/person\/72fba3d6c8a26fba0fee3107fda03438\",\"name\":\"VOCA Editorial\",\"image\":{\"@type\":\"ImageObject\",\"inLanguage\":\"es\",\"@id\":\"https:\/\/www.vocaeditorial.com\/blog\/#\/schema\/person\/image\/\",\"url\":\"https:\/\/secure.gravatar.com\/avatar\/137e7a09ea636684fcf1595563ff145c113f07116d7a29acedf3e545ab378ca3?s=96&d=mm&r=g\",\"contentUrl\":\"https:\/\/secure.gravatar.com\/avatar\/137e7a09ea636684fcf1595563ff145c113f07116d7a29acedf3e545ab378ca3?s=96&d=mm&r=g\",\"caption\":\"VOCA Editorial\"},\"url\":\"https:\/\/www.vocaeditorial.com\/blog\/author\/voca-editorial\/\"}]}<\/script>\n<!-- \/ Yoast SEO plugin. -->","yoast_head_json":{"title":"Lengua 3 Primaria: estrategias, retos y metodolog\u00edas &#8211; Voca Editorial","description":"Descubre c\u00f3mo potenciar la Lengua 3 Primaria mediante proyectos, TIC y aprendizaje emocional. Propuestas para enriquecer tu asignatura.","robots":{"index":"index","follow":"follow","max-snippet":"max-snippet:-1","max-image-preview":"max-image-preview:large","max-video-preview":"max-video-preview:-1"},"canonical":"https:\/\/www.vocaeditorial.com\/blog\/lengua-3-primaria\/","og_locale":"es_ES","og_type":"article","og_title":"Lengua 3 Primaria: estrategias, retos y metodolog\u00edas &#8211; Voca Editorial","og_description":"Descubre c\u00f3mo potenciar la Lengua 3 Primaria mediante proyectos, TIC y aprendizaje emocional. Propuestas para enriquecer tu asignatura.","og_url":"https:\/\/www.vocaeditorial.com\/blog\/lengua-3-primaria\/","og_site_name":"Voca Editorial","article_published_time":"2025-08-12T13:00:59+00:00","og_image":[{"width":1536,"height":1024,"url":"https:\/\/www.vocaeditorial.com\/blog\/media\/lengua-3-primaria.jpg","type":"image\/jpeg"}],"author":"VOCA Editorial","twitter_card":"summary_large_image","twitter_misc":{"Escrito por":"VOCA Editorial","Tiempo de lectura":"5 minutos"},"schema":{"@context":"https:\/\/schema.org","@graph":[{"@type":"WebPage","@id":"https:\/\/www.vocaeditorial.com\/blog\/lengua-3-primaria\/","url":"https:\/\/www.vocaeditorial.com\/blog\/lengua-3-primaria\/","name":"Lengua 3 Primaria: estrategias, retos y metodolog\u00edas &#8211; Voca Editorial","isPartOf":{"@id":"https:\/\/www.vocaeditorial.com\/blog\/#website"},"primaryImageOfPage":{"@id":"https:\/\/www.vocaeditorial.com\/blog\/lengua-3-primaria\/#primaryimage"},"image":{"@id":"https:\/\/www.vocaeditorial.com\/blog\/lengua-3-primaria\/#primaryimage"},"thumbnailUrl":"https:\/\/www.vocaeditorial.com\/blog\/media\/lengua-3-primaria.jpg","datePublished":"2025-08-12T13:00:59+00:00","author":{"@id":"https:\/\/www.vocaeditorial.com\/blog\/#\/schema\/person\/72fba3d6c8a26fba0fee3107fda03438"},"description":"Descubre c\u00f3mo potenciar la Lengua 3 Primaria mediante proyectos, TIC y aprendizaje emocional. Propuestas para enriquecer tu asignatura.","breadcrumb":{"@id":"https:\/\/www.vocaeditorial.com\/blog\/lengua-3-primaria\/#breadcrumb"},"inLanguage":"es","potentialAction":[{"@type":"ReadAction","target":["https:\/\/www.vocaeditorial.com\/blog\/lengua-3-primaria\/"]}]},{"@type":"ImageObject","inLanguage":"es","@id":"https:\/\/www.vocaeditorial.com\/blog\/lengua-3-primaria\/#primaryimage","url":"https:\/\/www.vocaeditorial.com\/blog\/media\/lengua-3-primaria.jpg","contentUrl":"https:\/\/www.vocaeditorial.com\/blog\/media\/lengua-3-primaria.jpg","width":1536,"height":1024},{"@type":"BreadcrumbList","@id":"https:\/\/www.vocaeditorial.com\/blog\/lengua-3-primaria\/#breadcrumb","itemListElement":[{"@type":"ListItem","position":1,"name":"Portada","item":"https:\/\/www.vocaeditorial.com\/blog\/"},{"@type":"ListItem","position":2,"name":"Lengua 3 Primaria: estrategias, retos y metodolog\u00edas"}]},{"@type":"WebSite","@id":"https:\/\/www.vocaeditorial.com\/blog\/#website","url":"https:\/\/www.vocaeditorial.com\/blog\/","name":"Voca Editorial","description":"","potentialAction":[{"@type":"SearchAction","target":{"@type":"EntryPoint","urlTemplate":"https:\/\/www.vocaeditorial.com\/blog\/?s={search_term_string}"},"query-input":{"@type":"PropertyValueSpecification","valueRequired":true,"valueName":"search_term_string"}}],"inLanguage":"es"},{"@type":"Person","@id":"https:\/\/www.vocaeditorial.com\/blog\/#\/schema\/person\/72fba3d6c8a26fba0fee3107fda03438","name":"VOCA Editorial","image":{"@type":"ImageObject","inLanguage":"es","@id":"https:\/\/www.vocaeditorial.com\/blog\/#\/schema\/person\/image\/","url":"https:\/\/secure.gravatar.com\/avatar\/137e7a09ea636684fcf1595563ff145c113f07116d7a29acedf3e545ab378ca3?s=96&d=mm&r=g","contentUrl":"https:\/\/secure.gravatar.com\/avatar\/137e7a09ea636684fcf1595563ff145c113f07116d7a29acedf3e545ab378ca3?s=96&d=mm&r=g","caption":"VOCA Editorial"},"url":"https:\/\/www.vocaeditorial.com\/blog\/author\/voca-editorial\/"}]}},"jetpack_featured_media_url":"https:\/\/www.vocaeditorial.com\/blog\/media\/lengua-3-primaria.jpg","jetpack_sharing_enabled":true,"_links":{"self":[{"href":"https:\/\/www.vocaeditorial.com\/blog\/wp-json\/wp\/v2\/posts\/8656","targetHints":{"allow":["GET"]}}],"collection":[{"href":"https:\/\/www.vocaeditorial.com\/blog\/wp-json\/wp\/v2\/posts"}],"about":[{"href":"https:\/\/www.vocaeditorial.com\/blog\/wp-json\/wp\/v2\/types\/post"}],"author":[{"embeddable":true,"href":"https:\/\/www.vocaeditorial.com\/blog\/wp-json\/wp\/v2\/users\/49"}],"replies":[{"embeddable":true,"href":"https:\/\/www.vocaeditorial.com\/blog\/wp-json\/wp\/v2\/comments?post=8656"}],"version-history":[{"count":0,"href":"https:\/\/www.vocaeditorial.com\/blog\/wp-json\/wp\/v2\/posts\/8656\/revisions"}],"wp:featuredmedia":[{"embeddable":true,"href":"https:\/\/www.vocaeditorial.com\/blog\/wp-json\/wp\/v2\/media\/8657"}],"wp:attachment":[{"href":"https:\/\/www.vocaeditorial.com\/blog\/wp-json\/wp\/v2\/media?parent=8656"}],"wp:term":[{"taxonomy":"post_tag","embeddable":true,"href":"https:\/\/www.vocaeditorial.com\/blog\/wp-json\/wp\/v2\/tags?post=8656"}],"curies":[{"name":"wp","href":"https:\/\/api.w.org\/{rel}","templated":true}]}}