{"id":8647,"date":"2025-07-08T15:00:36","date_gmt":"2025-07-08T13:00:36","guid":{"rendered":"https:\/\/www.vocaeditorial.com\/blog\/?p=8647"},"modified":"2025-06-24T11:21:25","modified_gmt":"2025-06-24T09:21:25","slug":"centro-educativo","status":"publish","type":"post","link":"https:\/\/www.vocaeditorial.com\/blog\/centro-educativo\/","title":{"rendered":"El centro educativo hoy: clave en el crecimiento personal y acad\u00e9mico"},"content":{"rendered":"<p><span style=\"font-weight: 400;\">Hoy, cada centro educativo enfrenta retos complejos, pero tambi\u00e9n tiene en sus manos el poder de transformar vidas. En este art\u00edculo, exploramos c\u00f3mo fomentar un desarrollo integral del alumnado mediante convivencia, inclusi\u00f3n y colaboraci\u00f3n familiar.<\/span><\/p>\n\n<p><span data-sheets-root=\"1\">[CtaModule cta_item=\u00bb6827&#8243;]<\/span><\/p>\n<p>&nbsp;<\/p>\n<h2><span style=\"color: #ffa341;\"><b>\u00bfQu\u00e9 es un centro educativo?<\/b><\/span><\/h2>\n<p><span style=\"font-weight: 400;\">M\u00e1s all\u00e1 de las aulas y los contenidos curriculares, el centro educativo es un <\/span><b>espacio donde se educa en valores, emociones y ciudadan\u00eda<\/b><span style=\"font-weight: 400;\">.\u00a0<\/span><\/p>\n<p><span style=\"font-weight: 400;\">De hecho, seg\u00fan el <\/span><span style=\"text-decoration: underline;\"><a href=\"https:\/\/www.educacionfpydeportes.gob.es\/gl\/mc\/sgctie\/convivencia-escolar.html\" target=\"_blank\" rel=\"noopener\"><b>Ministerio de Educaci\u00f3n de Espa\u00f1a<\/b><\/a><\/span><span style=\"font-weight: 400;\">,\u00a0<\/span><\/p>\n<blockquote><p><span style=\"font-weight: 400;\">\u00abel centro educativo tiene la responsabilidad de formar a ni\u00f1os y j\u00f3venes no solo en conocimientos, sino tambi\u00e9n en<\/span><b> principios, competencias y habilidades<\/b><span style=\"font-weight: 400;\"> para la convivencia\u00bb.<\/span><\/p><\/blockquote>\n<p>&nbsp;<\/p>\n<p><span style=\"font-weight: 400;\">As\u00ed, esta visi\u00f3n es compartida por organismos como la <\/span><b>UNESCO<\/b><span style=\"font-weight: 400;\"> y la <\/span><b>OCDE<\/b><span style=\"font-weight: 400;\">, que destacan la importancia de un <\/span><b>clima escolar positivo<\/b><span style=\"font-weight: 400;\"> como base del desarrollo integral.\u00a0<\/span><\/p>\n<p><span style=\"font-weight: 400;\">Es decir, cuando el alumnado se siente <\/span><b>seguro, valorado y parte activa<\/b><span style=\"font-weight: 400;\"> de su comunidad educativa, mejora su aprendizaje, autoestima y habilidades sociales.<\/span><\/p>\n<h3><span style=\"color: #ffa341;\"><b>Tipos de centros<\/b><\/span><\/h3>\n<p><span style=\"font-weight: 400;\">En realidad, existe en Espa\u00f1a una gran <\/span><b>diversidad de centros educativos<\/b><span style=\"font-weight: 400;\">. Y la clasificaci\u00f3n de estos centros se puede abordar desde <\/span><b>dos perspectivas principales<\/b><span style=\"font-weight: 400;\">: por titularidad y por las ense\u00f1anzas que imparten.<\/span><\/p>\n<p><span style=\"font-weight: 400;\">Por un lado, se pueden clasificar<\/span><b> por titularidad<\/b><span style=\"font-weight: 400;\">:<\/span><\/p>\n<ol>\n<li><b>Centros p\u00fablicos<\/b><span style=\"font-weight: 400;\">: Son gestionados y financiados \u00edntegramente por las administraciones educativas.<\/span><span style=\"font-weight: 400;\"><br \/>\n<\/span><\/li>\n<li><b>Privados<\/b><span style=\"font-weight: 400;\">: Propiedad de entidades o personas particulares, estos centros se financian principalmente mediante las cuotas que abonan las familias.<\/span><span style=\"font-weight: 400;\"><br \/>\n<\/span><\/li>\n<li><b>Concertados<\/b><span style=\"font-weight: 400;\">: Son centros privados que han suscrito un concierto con la administraci\u00f3n educativa, mediante el cual reciben financiaci\u00f3n p\u00fablica para impartir determinadas ense\u00f1anzas.<\/span><\/li>\n<\/ol>\n<p>&nbsp;<\/p>\n<p>Por otro lado, se pueden clasificar tambi\u00e9n por las <b>ense\u00f1anzas que imparten<\/b>. Algunas de las ense\u00f1anzas se muestran en esta tabla del <b>Ministerio de Educaci\u00f3n<\/b> de Espa\u00f1a:<\/p>\n<table>\n<tbody>\n<tr>\n<td><b>Ense\u00f1anzas<\/b><\/td>\n<td><b>Denominaci\u00f3n del centro<\/b><\/td>\n<\/tr>\n<tr>\n<td><span style=\"text-decoration: underline;\"><a href=\"https:\/\/educagob.educacionfpydeportes.gob.es\/ensenanzas\/infantil.html\"><span style=\"font-weight: 400;\">Educaci\u00f3n Infantil<\/span><\/a><\/span><\/td>\n<td><span style=\"text-decoration: underline;\"><a href=\"https:\/\/www.boe.es\/eli\/es\/rd\/2010\/02\/12\/132\/con\"><span style=\"font-weight: 400;\">Escuelas Infantiles<\/span><\/a><\/span><\/td>\n<\/tr>\n<tr>\n<td><span style=\"text-decoration: underline;\"><a href=\"https:\/\/educagob.educacionfpydeportes.gob.es\/ensenanzas\/primaria.html\"><span style=\"font-weight: 400;\">Educaci\u00f3n Primaria<\/span><\/a><\/span><\/td>\n<td><span style=\"text-decoration: underline;\"><a href=\"https:\/\/www.boe.es\/eli\/es\/rd\/2010\/02\/12\/132\/con\"><span style=\"font-weight: 400;\">Colegios de Educaci\u00f3n Primaria<\/span><\/a><\/span><\/td>\n<\/tr>\n<tr>\n<td><span style=\"font-weight: 400;\">Educaci\u00f3n<\/span><span style=\"text-decoration: underline;\"><a href=\"https:\/\/educagob.educacionfpydeportes.gob.es\/ensenanzas\/infantil.html\" target=\"_blank\" rel=\"noopener\"><span style=\"font-weight: 400;\"> Infantil<\/span><\/a><\/span><span style=\"font-weight: 400;\"> y <\/span><span style=\"text-decoration: underline;\"><a href=\"https:\/\/educagob.educacionfpydeportes.gob.es\/ensenanzas\/primaria.html\" target=\"_blank\" rel=\"noopener\"><span style=\"font-weight: 400;\">Primaria<\/span><\/a><\/span><\/td>\n<td><span style=\"text-decoration: underline;\"><a href=\"https:\/\/www.boe.es\/eli\/es\/rd\/2010\/02\/12\/132\/con\" target=\"_blank\" rel=\"noopener\"><span style=\"font-weight: 400;\">Colegios de Educaci\u00f3n Infantil y Primaria<\/span><\/a><\/span><\/td>\n<\/tr>\n<tr>\n<td><span style=\"text-decoration: underline;\"><a href=\"https:\/\/educagob.educacionfpydeportes.gob.es\/ensenanzas\/secundaria.html\"><span style=\"font-weight: 400;\">Educaci\u00f3n Secundaria Obligatoria<\/span><\/a><\/span><br \/>\n<span style=\"text-decoration: underline;\"><a href=\"https:\/\/educagob.educacionfpydeportes.gob.es\/ensenanzas\/bachillerato.html\"><span style=\"font-weight: 400;\">Bachillerato<\/span><\/a><\/span><br \/>\n<span style=\"text-decoration: underline;\"><a href=\"https:\/\/educagob.educacionfpydeportes.gob.es\/ensenanzas\/fp.html\"><span style=\"font-weight: 400;\">Formaci\u00f3n Profesional<\/span><\/a><\/span><\/td>\n<td><span style=\"text-decoration: underline;\"><a href=\"https:\/\/www.boe.es\/eli\/es\/rd\/2010\/02\/12\/132\/con\"><span style=\"font-weight: 400;\">Institutos de Educaci\u00f3n Secundaria<\/span><\/a><\/span><\/td>\n<\/tr>\n<tr>\n<td><span style=\"text-decoration: underline;\"><a href=\"https:\/\/educagob.educacionfpydeportes.gob.es\/ensenanzas\/fp.html\" target=\"_blank\" rel=\"noopener\"><span style=\"font-weight: 400;\">Formaci\u00f3n Profesional<\/span><\/a><\/span><\/td>\n<td><span style=\"text-decoration: underline;\"><a href=\"http:\/\/todofp.es\/sobre-fp\/informacion-general\/centros-integrados.html\" target=\"_blank\" rel=\"noopener\"><span style=\"font-weight: 400;\">Centros Integrados de Formaci\u00f3n Profesional<\/span><\/a><\/span><br \/>\n<span style=\"font-weight: 400;\">Institutos de Formaci\u00f3n Profesional<\/span><\/td>\n<\/tr>\n<tr>\n<td><span style=\"font-weight: 400;\">Ense\u00f1anzas dirigidas al alumnado con necesidades educativas especiales que no puedan ser atendidos en los centros ordinarios<\/span><\/td>\n<td><span style=\"font-weight: 400;\">Centros de Educaci\u00f3n Especial<\/span><\/td>\n<\/tr>\n<\/tbody>\n<\/table>\n<h2><span style=\"color: #ffa341;\"><b>Retos actuales en un centro educativo<\/b><\/span><\/h2>\n<p><span style=\"font-weight: 400;\">Los centros educativos enfrentan <\/span><b>diversos desaf\u00edos <\/b><span style=\"font-weight: 400;\">actualmente que requieren atenci\u00f3n y acci\u00f3n por parte de<\/span><b> toda la comunidad educativa<\/b><span style=\"font-weight: 400;\">.<\/span><\/p>\n<h3><span style=\"color: #ffa341;\"><b>Clima escolar y convivencia<\/b><\/span><\/h3>\n<p><span style=\"font-weight: 400;\">En primer lugar, mantener un <\/span><b>ambiente saludable en el aula<\/b><span style=\"font-weight: 400;\"> es esencial. En concreto, un clima positivo implica:\u00a0<\/span><\/p>\n<ol>\n<li style=\"font-weight: 400;\" aria-level=\"1\"><b>Seguridad<\/b><span style=\"font-weight: 400;\"> f\u00edsica y emocional<\/span><\/li>\n<li style=\"font-weight: 400;\" aria-level=\"1\"><span style=\"font-weight: 400;\">Relaciones <\/span><b>respetuosas<\/b><\/li>\n<li style=\"font-weight: 400;\" aria-level=\"1\"><b>Cooperaci\u00f3n <\/b><span style=\"font-weight: 400;\">entre docentes, familias y alumnos<\/span><\/li>\n<\/ol>\n<p>&nbsp;<\/p>\n<p><span style=\"font-weight: 400;\">Adem\u00e1s, existen <\/span><b>estrategias que fortalecen la convivencia<\/b><span style=\"font-weight: 400;\"> y reducen los niveles de tensi\u00f3n o exclusi\u00f3n:<\/span><\/p>\n<ul>\n<li><span style=\"font-weight: 400;\">Mediaci\u00f3n escolar<\/span><\/li>\n<li><span style=\"font-weight: 400;\">Gesti\u00f3n positiva de conflictos<\/span><\/li>\n<li><span style=\"text-decoration: underline;\"><a href=\"https:\/\/www.vocaeditorial.com\/blog\/aprendizaje-cooperativo-y-colaborativo\/\" target=\"_blank\" rel=\"noopener\"><b>Proyectos colaborativos<\/b><\/a><\/span><\/li>\n<\/ul>\n<p>&nbsp;<\/p>\n<h3><span style=\"color: #ffa341;\"><b>Diversidad en el aula<\/b><\/span><\/h3>\n<p><span style=\"font-weight: 400;\">En segundo lugar, las aulas son <\/span><b>cada vez m\u00e1s heterog\u00e9neas<\/b><span style=\"font-weight: 400;\">: diferentes culturas, lenguas, capacidades y ritmos de aprendizaje.\u00a0<\/span><\/p>\n<p><span style=\"font-weight: 400;\">Por ello, la UNESCO subraya que\u00a0<\/span><\/p>\n<blockquote><p><span style=\"font-weight: 400;\">la inclusi\u00f3n no es opcional, sino un <\/span><b>derecho<\/b><span style=\"font-weight: 400;\">.\u00a0<\/span><\/p><\/blockquote>\n<p>&nbsp;<\/p>\n<p><span style=\"font-weight: 400;\">As\u00ed, un <\/span><span style=\"text-decoration: underline;\"><a href=\"https:\/\/www.vocaeditorial.com\/blog\/etiqueta\/escuela-inclusiva\/\" target=\"_blank\" rel=\"noopener\"><b>centro educativo inclusivo<\/b><\/a><\/span><span style=\"font-weight: 400;\"> adapta metodolog\u00edas, materiales y agrupamientos para <\/span><b>garantizar igualdad de oportunidades<\/b><span style=\"font-weight: 400;\">.\u00a0<\/span><\/p>\n<p><span style=\"font-weight: 400;\">De esta manera, la diversidad, bien gestionada, se convierte en una<\/span><b> herramienta pedag\u00f3gica<\/b><span style=\"font-weight: 400;\">.<\/span><\/p>\n<h3><span style=\"color: #ffa341;\"><b>Implicaci\u00f3n de las familias<\/b><\/span><\/h3>\n<p><span style=\"font-weight: 400;\">Por otro lado, cuando las <\/span><b>familias participan activamente <\/b><span style=\"font-weight: 400;\">en la vida escolar, los estudiantes mejoran su rendimiento y bienestar. De hecho, la OCDE, en su <\/span><span style=\"text-decoration: underline;\"><a href=\"https:\/\/www.vocaeditorial.com\/blog\/informe-pisa-espana\/\" target=\"_blank\" rel=\"noopener\"><b>informe PISA<\/b><\/a><\/span><span style=\"font-weight: 400;\"> se\u00f1ala que una comunidad educativa fuerte se construye tambi\u00e9n con <\/span><b>madres y padres comprometidos<\/b><span style=\"font-weight: 400;\">.<\/span><\/p>\n<p><span style=\"font-weight: 400;\">En consecuencia, para crear una <\/span><b>red de apoyo s\u00f3lida <\/b><span style=\"font-weight: 400;\">entre la escuela y el hogar, ser\u00e1 clave realizar:<\/span><\/p>\n<ul>\n<li style=\"font-weight: 400;\" aria-level=\"1\"><span style=\"font-weight: 400;\">Reuniones<\/span><\/li>\n<li style=\"font-weight: 400;\" aria-level=\"1\"><span style=\"font-weight: 400;\">Talleres<\/span><\/li>\n<li style=\"font-weight: 400;\" aria-level=\"1\"><span style=\"font-weight: 400;\">Canales de comunicaci\u00f3n<\/span><\/li>\n<\/ul>\n<p>&nbsp;<\/p>\n<p><span data-sheets-root=\"1\">[CtaModule cta_item=\u00bb5415&#8243;]<\/span><\/p>\n<h2><span style=\"color: #ffa341;\"><b>El rol del centro educativo: herramientas pr\u00e1cticas para fortalecerlo<\/b><\/span><\/h2>\n<p><span style=\"font-weight: 400;\">Por \u00faltimo, una vez visto el rol del centro educativo como <\/span><span style=\"text-decoration: underline;\"><a href=\"https:\/\/www.vocaeditorial.com\/blog\/que-es-la-educacion-en-valores\/\" target=\"_blank\" rel=\"noopener\"><b>educador de valores<\/b><\/a><\/span><span style=\"font-weight: 400;\"> y <\/span><b>constructor de espacios de convivencia<\/b><span style=\"font-weight: 400;\">, debemos conocer c\u00f3mo fortalecer este rol.<\/span><\/p>\n<h3><span style=\"color: #ffa341;\"><b>Materiales did\u00e1cticos adaptados<\/b><\/span><\/h3>\n<p><span style=\"font-weight: 400;\">Por un lado, los libros y recursos actualizados que integran <\/span><b>competencias y valores<\/b><span style=\"font-weight: 400;\"> facilitan aprendizajes m\u00e1s significativos.\u00a0<\/span><\/p>\n<p><span style=\"font-weight: 400;\">Por ejemplo, una propuesta destacada es <\/span><span style=\"text-decoration: underline;\"><a href=\"https:\/\/www.vocaeditorial.com\/talentum\/\" target=\"_blank\" rel=\"noopener\"><b>Talentum<\/b><\/a><\/span><span style=\"font-weight: 400;\">. Mediante historias inspiradoras y din\u00e1micas de grupo, ayuda al alumnado a <\/span><b>trabajar la autoestima, la resiliencia, el trabajo en equipo y otras competencias<\/b><span style=\"font-weight: 400;\"> socioemocionales.\u00a0<\/span><\/p>\n<p><span style=\"font-weight: 400;\">De esta manera, este tipo de recursos <\/span><b>facilitan que el profesorado aborde temas de valores<\/b><span style=\"font-weight: 400;\"> de manera pr\u00e1ctica y motivadora.<\/span><\/p>\n<p><span style=\"font-weight: 400;\">Adem\u00e1s, actividades como debates, proyectos grupales o an\u00e1lisis de dilemas \u00e9ticos promueven el <\/span><span style=\"text-decoration: underline;\"><a href=\"https:\/\/www.vocaeditorial.com\/blog\/etiqueta\/pensamiento-critico\/\" target=\"_blank\" rel=\"noopener\"><b>pensamiento cr\u00edtico<\/b><\/a><\/span><span style=\"font-weight: 400;\"> y la<\/span> <span style=\"text-decoration: underline;\"><a href=\"https:\/\/www.vocaeditorial.com\/blog\/educacion-emocional\/\" target=\"_blank\" rel=\"noopener\"><b>educaci\u00f3n emocional<\/b><\/a><\/span> <span style=\"font-weight: 400;\">desde todas las \u00e1reas.<\/span><\/p>\n<h3><span style=\"color: #ffa341;\"><b>Formaci\u00f3n continua del profesorado<\/b><\/span><\/h3>\n<p><span style=\"font-weight: 400;\">Tambi\u00e9n, los <\/span><b>docentes son agentes clave <\/b><span style=\"font-weight: 400;\">del cambio. Por ello, su actualizaci\u00f3n profesional en inclusi\u00f3n, gesti\u00f3n emocional o metodolog\u00edas activas <\/span><b>mejora la calidad educativa<\/b><span style=\"font-weight: 400;\">.\u00a0<\/span><\/p>\n<p><span style=\"font-weight: 400;\">As\u00ed, la <\/span><span style=\"text-decoration: underline;\"><a href=\"https:\/\/www.vocaeditorial.com\/blog\/educacion-continua\/\" target=\"_blank\" rel=\"noopener\"><b>formaci\u00f3n continua<\/b><\/a><\/span><span style=\"font-weight: 400;\"> es una <\/span><b>inversi\u00f3n necesaria<\/b><span style=\"font-weight: 400;\"> para responder a los nuevos desaf\u00edos de la educaci\u00f3n.<\/span><\/p>\n<h3><span style=\"color: #ffa341;\"><b>Gesti\u00f3n escolar eficaz<\/b><\/span><\/h3>\n<p><span style=\"font-weight: 400;\">Finalmente, una organizaci\u00f3n escolar s\u00f3lida favorece la <\/span><b>convivencia y el sentido de comunidad<\/b><span style=\"font-weight: 400;\">.\u00a0<\/span><\/p>\n<p><span style=\"font-weight: 400;\">Por ejemplo, <\/span><b>proyectos<\/b><span style=\"font-weight: 400;\"> que implican a todo el centro, <\/span><b>espacios acogedores<\/b><span style=\"font-weight: 400;\"> como bibliotecas o zonas comunes, y herramientas digitales de <\/span><b>coordinaci\u00f3n<\/b><span style=\"font-weight: 400;\"> pueden marcar la diferencia.\u00a0<\/span><\/p>\n<p><span style=\"font-weight: 400;\">Adem\u00e1s, <\/span><b>integrar la voz de las familias<\/b><span style=\"font-weight: 400;\"> en los \u00f3rganos de decisi\u00f3n del centro refuerza la <\/span><b>corresponsabilidad educativa<\/b><span style=\"font-weight: 400;\">.<\/span><\/p>\n<p>&nbsp;<\/p>\n<p><span style=\"font-weight: 400;\">En definitiva, el centro educativo es el <\/span><b>motor que impulsa <\/b><span style=\"font-weight: 400;\">no solo el aprendizaje, sino el <\/span><b>crecimiento integral <\/b><span style=\"font-weight: 400;\">de ni\u00f1os y j\u00f3venes. Su labor va <\/span><b>m\u00e1s all\u00e1 del curr\u00edculo<\/b><span style=\"font-weight: 400;\">: educa mentes, corazones y actitudes. Porque educar bien no es solo ense\u00f1ar contenidos: es <\/span><b>acompa\u00f1ar a cada persona<\/b><span style=\"font-weight: 400;\"> en su camino hacia una ciudadan\u00eda consciente, respetuosa y comprometida.<\/span><\/p>\n<p>&nbsp;<\/p>\n<p>&nbsp;<\/p>\n<p><span style=\"color: #ffa341;\"><b>Bibliograf\u00eda<\/b><\/span><\/p>\n<p><span style=\"font-weight: 400;\">Ministerio de Educaci\u00f3n, Formaci\u00f3n Profesional y Deportes. <\/span><a href=\"https:\/\/educagob.educacionfpydeportes.gob.es\/comunidad-educativa\/centros-docentes.html\" target=\"_blank\" rel=\"noopener\"><b><i>Centros docentes<\/i><\/b><\/a><span style=\"font-weight: 400;\">. Gobierno de Espa\u00f1a.\u00a0<\/span><\/p>\n<p><span style=\"font-weight: 400;\">OCDE. (2019). <\/span><a href=\"https:\/\/doi.org\/10.1787\/acd78851-en\" target=\"_blank\" rel=\"noopener\"><b><i>PISA 2018 Results (Volume III): What School Life Means for Students\u2019 Lives<\/i><\/b><\/a><span style=\"font-weight: 400;\">. OECD Publishing.<\/span><\/p>\n<p><span style=\"font-weight: 400;\">UNESCO. (2020). <\/span><a href=\"https:\/\/doi.org\/10.54676\/JJNK6989\" target=\"_blank\" rel=\"noopener\"><b><i>Inclusion and education: All means all. Global Education Monitoring Report 2020<\/i><\/b><\/a><span style=\"font-weight: 400;\">. UNESCO Publishing.<\/span><\/p>\n<p><span style=\"font-weight: 400;\">UNESCO. (2021). <\/span><a href=\"https:\/\/doi.org\/10.54675\/ASRB4722\" target=\"_blank\" rel=\"noopener\"><b><i>Reimaginar juntos nuestros futuros: Un nuevo contrato social para la educaci\u00f3n<\/i><\/b><\/a><span style=\"font-weight: 400;\">. Organizaci\u00f3n de las Naciones Unidas para la Educaci\u00f3n, la Ciencia y la Cultura.<\/span><\/p>\n","protected":false},"excerpt":{"rendered":"<p>Un centro educativo no es solo un lugar para aprender Matem\u00e1ticas o Lengua. Es un entorno vivo donde se forman personas.<\/p>\n","protected":false},"author":49,"featured_media":8628,"comment_status":"closed","ping_status":"closed","sticky":false,"template":"","format":"standard","meta":{"content-type":"","inline_featured_image":false,"_jetpack_memberships_contains_paid_content":false,"footnotes":""},"tags":[623],"class_list":["post-8647","post","type-post","status-publish","format-standard","has-post-thumbnail","hentry","category-educacion-en-valores","tag-formacion-docente"],"yoast_head":"<!-- This site is optimized with the Yoast SEO plugin v26.6 - https:\/\/yoast.com\/wordpress\/plugins\/seo\/ -->\n<title>El centro educativo hoy: clave en el crecimiento personal y acad\u00e9mico<\/title>\n<meta name=\"description\" content=\"Un centro educativo no es solo un lugar para aprender Matem\u00e1ticas o Lengua. Es un entorno vivo donde se forman personas.\" \/>\n<meta name=\"robots\" content=\"index, follow, max-snippet:-1, max-image-preview:large, max-video-preview:-1\" \/>\n<link rel=\"canonical\" href=\"https:\/\/www.vocaeditorial.com\/blog\/centro-educativo\/\" \/>\n<meta property=\"og:locale\" content=\"es_ES\" \/>\n<meta property=\"og:type\" content=\"article\" \/>\n<meta property=\"og:title\" content=\"El centro educativo hoy: clave en el crecimiento personal y acad\u00e9mico\" \/>\n<meta property=\"og:description\" content=\"Un centro educativo no es solo un lugar para aprender Matem\u00e1ticas o Lengua. Es un entorno vivo donde se forman personas.\" \/>\n<meta property=\"og:url\" content=\"https:\/\/www.vocaeditorial.com\/blog\/centro-educativo\/\" \/>\n<meta property=\"og:site_name\" content=\"Voca Editorial\" \/>\n<meta property=\"article:published_time\" content=\"2025-07-08T13:00:36+00:00\" \/>\n<meta property=\"og:image\" content=\"https:\/\/www.vocaeditorial.com\/blog\/media\/centro-educativo-scaled.jpg\" \/>\n\t<meta property=\"og:image:width\" content=\"2560\" \/>\n\t<meta property=\"og:image:height\" content=\"1778\" \/>\n\t<meta property=\"og:image:type\" content=\"image\/jpeg\" \/>\n<meta name=\"author\" content=\"VOCA Editorial\" \/>\n<meta name=\"twitter:card\" content=\"summary_large_image\" \/>\n<meta name=\"twitter:label1\" content=\"Escrito por\" \/>\n\t<meta name=\"twitter:data1\" content=\"VOCA Editorial\" \/>\n\t<meta name=\"twitter:label2\" content=\"Tiempo de lectura\" \/>\n\t<meta name=\"twitter:data2\" content=\"5 minutos\" \/>\n<script type=\"application\/ld+json\" class=\"yoast-schema-graph\">{\"@context\":\"https:\/\/schema.org\",\"@graph\":[{\"@type\":\"WebPage\",\"@id\":\"https:\/\/www.vocaeditorial.com\/blog\/centro-educativo\/\",\"url\":\"https:\/\/www.vocaeditorial.com\/blog\/centro-educativo\/\",\"name\":\"El centro educativo hoy: clave en el crecimiento personal y acad\u00e9mico\",\"isPartOf\":{\"@id\":\"https:\/\/www.vocaeditorial.com\/blog\/#website\"},\"primaryImageOfPage\":{\"@id\":\"https:\/\/www.vocaeditorial.com\/blog\/centro-educativo\/#primaryimage\"},\"image\":{\"@id\":\"https:\/\/www.vocaeditorial.com\/blog\/centro-educativo\/#primaryimage\"},\"thumbnailUrl\":\"https:\/\/www.vocaeditorial.com\/blog\/media\/centro-educativo-scaled.jpg\",\"datePublished\":\"2025-07-08T13:00:36+00:00\",\"author\":{\"@id\":\"https:\/\/www.vocaeditorial.com\/blog\/#\/schema\/person\/72fba3d6c8a26fba0fee3107fda03438\"},\"description\":\"Un centro educativo no es solo un lugar para aprender Matem\u00e1ticas o Lengua. Es un entorno vivo donde se forman personas.\",\"breadcrumb\":{\"@id\":\"https:\/\/www.vocaeditorial.com\/blog\/centro-educativo\/#breadcrumb\"},\"inLanguage\":\"es\",\"potentialAction\":[{\"@type\":\"ReadAction\",\"target\":[\"https:\/\/www.vocaeditorial.com\/blog\/centro-educativo\/\"]}]},{\"@type\":\"ImageObject\",\"inLanguage\":\"es\",\"@id\":\"https:\/\/www.vocaeditorial.com\/blog\/centro-educativo\/#primaryimage\",\"url\":\"https:\/\/www.vocaeditorial.com\/blog\/media\/centro-educativo-scaled.jpg\",\"contentUrl\":\"https:\/\/www.vocaeditorial.com\/blog\/media\/centro-educativo-scaled.jpg\",\"width\":2560,\"height\":1778,\"caption\":\"P7DWC1 Tambov, Russian Federation - February 05, 2018 Lego minifigures standing in rows. Businesswoman and businessmen minifigures standing in front row.\"},{\"@type\":\"BreadcrumbList\",\"@id\":\"https:\/\/www.vocaeditorial.com\/blog\/centro-educativo\/#breadcrumb\",\"itemListElement\":[{\"@type\":\"ListItem\",\"position\":1,\"name\":\"Portada\",\"item\":\"https:\/\/www.vocaeditorial.com\/blog\/\"},{\"@type\":\"ListItem\",\"position\":2,\"name\":\"El centro educativo hoy: clave en el crecimiento personal y acad\u00e9mico\"}]},{\"@type\":\"WebSite\",\"@id\":\"https:\/\/www.vocaeditorial.com\/blog\/#website\",\"url\":\"https:\/\/www.vocaeditorial.com\/blog\/\",\"name\":\"Voca Editorial\",\"description\":\"\",\"potentialAction\":[{\"@type\":\"SearchAction\",\"target\":{\"@type\":\"EntryPoint\",\"urlTemplate\":\"https:\/\/www.vocaeditorial.com\/blog\/?s={search_term_string}\"},\"query-input\":{\"@type\":\"PropertyValueSpecification\",\"valueRequired\":true,\"valueName\":\"search_term_string\"}}],\"inLanguage\":\"es\"},{\"@type\":\"Person\",\"@id\":\"https:\/\/www.vocaeditorial.com\/blog\/#\/schema\/person\/72fba3d6c8a26fba0fee3107fda03438\",\"name\":\"VOCA Editorial\",\"image\":{\"@type\":\"ImageObject\",\"inLanguage\":\"es\",\"@id\":\"https:\/\/www.vocaeditorial.com\/blog\/#\/schema\/person\/image\/\",\"url\":\"https:\/\/secure.gravatar.com\/avatar\/137e7a09ea636684fcf1595563ff145c113f07116d7a29acedf3e545ab378ca3?s=96&d=mm&r=g\",\"contentUrl\":\"https:\/\/secure.gravatar.com\/avatar\/137e7a09ea636684fcf1595563ff145c113f07116d7a29acedf3e545ab378ca3?s=96&d=mm&r=g\",\"caption\":\"VOCA Editorial\"},\"url\":\"https:\/\/www.vocaeditorial.com\/blog\/author\/voca-editorial\/\"}]}<\/script>\n<!-- \/ Yoast SEO plugin. -->","yoast_head_json":{"title":"El centro educativo hoy: clave en el crecimiento personal y acad\u00e9mico","description":"Un centro educativo no es solo un lugar para aprender Matem\u00e1ticas o Lengua. Es un entorno vivo donde se forman personas.","robots":{"index":"index","follow":"follow","max-snippet":"max-snippet:-1","max-image-preview":"max-image-preview:large","max-video-preview":"max-video-preview:-1"},"canonical":"https:\/\/www.vocaeditorial.com\/blog\/centro-educativo\/","og_locale":"es_ES","og_type":"article","og_title":"El centro educativo hoy: clave en el crecimiento personal y acad\u00e9mico","og_description":"Un centro educativo no es solo un lugar para aprender Matem\u00e1ticas o Lengua. Es un entorno vivo donde se forman personas.","og_url":"https:\/\/www.vocaeditorial.com\/blog\/centro-educativo\/","og_site_name":"Voca Editorial","article_published_time":"2025-07-08T13:00:36+00:00","og_image":[{"width":2560,"height":1778,"url":"https:\/\/www.vocaeditorial.com\/blog\/media\/centro-educativo-scaled.jpg","type":"image\/jpeg"}],"author":"VOCA Editorial","twitter_card":"summary_large_image","twitter_misc":{"Escrito por":"VOCA Editorial","Tiempo de lectura":"5 minutos"},"schema":{"@context":"https:\/\/schema.org","@graph":[{"@type":"WebPage","@id":"https:\/\/www.vocaeditorial.com\/blog\/centro-educativo\/","url":"https:\/\/www.vocaeditorial.com\/blog\/centro-educativo\/","name":"El centro educativo hoy: clave en el crecimiento personal y acad\u00e9mico","isPartOf":{"@id":"https:\/\/www.vocaeditorial.com\/blog\/#website"},"primaryImageOfPage":{"@id":"https:\/\/www.vocaeditorial.com\/blog\/centro-educativo\/#primaryimage"},"image":{"@id":"https:\/\/www.vocaeditorial.com\/blog\/centro-educativo\/#primaryimage"},"thumbnailUrl":"https:\/\/www.vocaeditorial.com\/blog\/media\/centro-educativo-scaled.jpg","datePublished":"2025-07-08T13:00:36+00:00","author":{"@id":"https:\/\/www.vocaeditorial.com\/blog\/#\/schema\/person\/72fba3d6c8a26fba0fee3107fda03438"},"description":"Un centro educativo no es solo un lugar para aprender Matem\u00e1ticas o Lengua. Es un entorno vivo donde se forman personas.","breadcrumb":{"@id":"https:\/\/www.vocaeditorial.com\/blog\/centro-educativo\/#breadcrumb"},"inLanguage":"es","potentialAction":[{"@type":"ReadAction","target":["https:\/\/www.vocaeditorial.com\/blog\/centro-educativo\/"]}]},{"@type":"ImageObject","inLanguage":"es","@id":"https:\/\/www.vocaeditorial.com\/blog\/centro-educativo\/#primaryimage","url":"https:\/\/www.vocaeditorial.com\/blog\/media\/centro-educativo-scaled.jpg","contentUrl":"https:\/\/www.vocaeditorial.com\/blog\/media\/centro-educativo-scaled.jpg","width":2560,"height":1778,"caption":"P7DWC1 Tambov, Russian Federation - February 05, 2018 Lego minifigures standing in rows. Businesswoman and businessmen minifigures standing in front row."},{"@type":"BreadcrumbList","@id":"https:\/\/www.vocaeditorial.com\/blog\/centro-educativo\/#breadcrumb","itemListElement":[{"@type":"ListItem","position":1,"name":"Portada","item":"https:\/\/www.vocaeditorial.com\/blog\/"},{"@type":"ListItem","position":2,"name":"El centro educativo hoy: clave en el crecimiento personal y acad\u00e9mico"}]},{"@type":"WebSite","@id":"https:\/\/www.vocaeditorial.com\/blog\/#website","url":"https:\/\/www.vocaeditorial.com\/blog\/","name":"Voca Editorial","description":"","potentialAction":[{"@type":"SearchAction","target":{"@type":"EntryPoint","urlTemplate":"https:\/\/www.vocaeditorial.com\/blog\/?s={search_term_string}"},"query-input":{"@type":"PropertyValueSpecification","valueRequired":true,"valueName":"search_term_string"}}],"inLanguage":"es"},{"@type":"Person","@id":"https:\/\/www.vocaeditorial.com\/blog\/#\/schema\/person\/72fba3d6c8a26fba0fee3107fda03438","name":"VOCA Editorial","image":{"@type":"ImageObject","inLanguage":"es","@id":"https:\/\/www.vocaeditorial.com\/blog\/#\/schema\/person\/image\/","url":"https:\/\/secure.gravatar.com\/avatar\/137e7a09ea636684fcf1595563ff145c113f07116d7a29acedf3e545ab378ca3?s=96&d=mm&r=g","contentUrl":"https:\/\/secure.gravatar.com\/avatar\/137e7a09ea636684fcf1595563ff145c113f07116d7a29acedf3e545ab378ca3?s=96&d=mm&r=g","caption":"VOCA Editorial"},"url":"https:\/\/www.vocaeditorial.com\/blog\/author\/voca-editorial\/"}]}},"jetpack_featured_media_url":"https:\/\/www.vocaeditorial.com\/blog\/media\/centro-educativo-scaled.jpg","jetpack_sharing_enabled":true,"_links":{"self":[{"href":"https:\/\/www.vocaeditorial.com\/blog\/wp-json\/wp\/v2\/posts\/8647","targetHints":{"allow":["GET"]}}],"collection":[{"href":"https:\/\/www.vocaeditorial.com\/blog\/wp-json\/wp\/v2\/posts"}],"about":[{"href":"https:\/\/www.vocaeditorial.com\/blog\/wp-json\/wp\/v2\/types\/post"}],"author":[{"embeddable":true,"href":"https:\/\/www.vocaeditorial.com\/blog\/wp-json\/wp\/v2\/users\/49"}],"replies":[{"embeddable":true,"href":"https:\/\/www.vocaeditorial.com\/blog\/wp-json\/wp\/v2\/comments?post=8647"}],"version-history":[{"count":0,"href":"https:\/\/www.vocaeditorial.com\/blog\/wp-json\/wp\/v2\/posts\/8647\/revisions"}],"wp:featuredmedia":[{"embeddable":true,"href":"https:\/\/www.vocaeditorial.com\/blog\/wp-json\/wp\/v2\/media\/8628"}],"wp:attachment":[{"href":"https:\/\/www.vocaeditorial.com\/blog\/wp-json\/wp\/v2\/media?parent=8647"}],"wp:term":[{"taxonomy":"post_tag","embeddable":true,"href":"https:\/\/www.vocaeditorial.com\/blog\/wp-json\/wp\/v2\/tags?post=8647"}],"curies":[{"name":"wp","href":"https:\/\/api.w.org\/{rel}","templated":true}]}}