{"id":8644,"date":"2025-06-24T15:00:10","date_gmt":"2025-06-24T13:00:10","guid":{"rendered":"https:\/\/www.vocaeditorial.com\/blog\/?p=8644"},"modified":"2025-06-24T09:23:15","modified_gmt":"2025-06-24T07:23:15","slug":"asignatura-lengua-primaria","status":"publish","type":"post","link":"https:\/\/www.vocaeditorial.com\/blog\/asignatura-lengua-primaria\/","title":{"rendered":"Asignatura Lengua Primaria: estrategias y recursos para docentes"},"content":{"rendered":"<p><span style=\"font-weight: 400;\">La asignatura Lengua Primaria es fundamental para el desarrollo de competencias comunicativas y cognitivas. Sin embargo, muchos docentes enfrentan desaf\u00edos como la falta de motivaci\u00f3n de los estudiantes o la dificultad para aplicar los contenidos de forma pr\u00e1ctica. Veamos qu\u00e9 podemos hacer.<\/span><\/p>\n\n<p><span data-sheets-root=\"1\">[CtaModule cta_item=\u00bb6757&#8243;]<\/span><\/p>\n<p>&nbsp;<\/p>\n<h2><span style=\"color: #ffa341;\"><b>La Importancia de la asignatura Lengua Primaria<\/b><\/span><\/h2>\n<p><span style=\"font-weight: 400;\">En primer lugar, la asignatura Lengua Primaria es una de las <\/span><b>materias troncales<\/b><span style=\"font-weight: 400;\"> del curr\u00edculo educativo, con implicaciones directas en el <\/span><b>desarrollo integral<\/b><span style=\"font-weight: 400;\"> del alumnado.<\/span><\/p>\n<p><span style=\"font-weight: 400;\">De hecho, seg\u00fan el <\/span><span style=\"text-decoration: underline;\"><a href=\"https:\/\/www.vocaeditorial.com\/blog\/procesos-pirls-comprension-lectora\/\" target=\"_blank\" rel=\"noopener\"><b>informe PIRLS<\/b><\/a><\/span><span style=\"font-weight: 400;\"> (Progress in International Reading Literacy Study, 2021), los estudiantes que alcanzan un buen nivel de comprensi\u00f3n lectora en Primaria\u00a0<\/span><\/p>\n<blockquote><p><b>obtienen mejores resultados acad\u00e9micos<\/b><span style=\"font-weight: 400;\"> en etapas posteriores.\u00a0<\/span><\/p><\/blockquote>\n<p>&nbsp;<\/p>\n<p><span style=\"font-weight: 400;\">Esto refuerza la necesidad de abordar la ense\u00f1anza de la Lengua desde un e<\/span><b>nfoque integral<\/b><span style=\"font-weight: 400;\"> que vaya m\u00e1s all\u00e1 de la gram\u00e1tica tradicional.\u00a0\u00a0<\/span><\/p>\n<h3><span style=\"color: #ffa341;\"><b>Objetivos clave de la asignatura<\/b><\/span><\/h3>\n<p><span style=\"font-weight: 400;\">Por otro lado, debemos tener en cuenta los objetivos de la asignatura de lengua en Primaria<\/span><\/p>\n<ul>\n<li style=\"font-weight: 400;\" aria-level=\"1\"><b>Desarrollo de la competencia comunicativa:<\/b><span style=\"font-weight: 400;\"> Abarca no solo la expresi\u00f3n escrita, sino tambi\u00e9n la oralidad, la escucha activa y la interpretaci\u00f3n de textos (Cassany, 2007).\u00a0\u00a0<\/span><\/li>\n<li style=\"font-weight: 400;\" aria-level=\"1\"><b>Fomento del pensamiento cr\u00edtico:<\/b><span style=\"font-weight: 400;\"> A trav\u00e9s del an\u00e1lisis de textos, los estudiantes aprenden a cuestionar, inferir y construir argumentos (Sol\u00e9, 2020).\u00a0\u00a0<\/span><\/li>\n<li style=\"font-weight: 400;\" aria-level=\"1\"><b>Preparaci\u00f3n para el aprendizaje aut\u00f3nomo:<\/b><span style=\"font-weight: 400;\"> Una base s\u00f3lida en Lengua facilita el acceso al conocimiento en otras \u00e1reas.<\/span><\/li>\n<\/ul>\n<p>&nbsp;<\/p>\n<h2><span style=\"color: #ffa341;\"><b>Principales desaf\u00edos en la ense\u00f1anza de Lengua Primaria<\/b><\/span><\/h2>\n<p><span style=\"font-weight: 400;\">En segundo lugar, a pesar de la importancia de esta asignatura, muchas veces podemos encontrar obst\u00e1culos al impartirla:\u00a0\u00a0<\/span><\/p>\n<h3><span style=\"color: #ffa341;\"><b>Falta de motivaci\u00f3n en los estudiantes<\/b><\/span><\/h3>\n<p><span style=\"font-weight: 400;\">Principalmente, encontramos investigaciones como las de Gambrell (2011), que se\u00f1alan que los m\u00e9todos tradicionales centrados en <\/span><b>la repetici\u00f3n y la memorizaci\u00f3n generan desinter\u00e9s<\/b><span style=\"font-weight: 400;\">.\u00a0<\/span><\/p>\n<p><span style=\"font-weight: 400;\">As\u00ed, los alumnos perciben la Lengua como una <\/span><b>materia abstracta, desconectada de su realidad<\/b><span style=\"font-weight: 400;\">.\u00a0\u00a0<\/span><\/p>\n<h3><span style=\"color: #ffa341;\"><b>Dificultades en comprensi\u00f3n lectora<\/b><\/span><\/h3>\n<p><span style=\"font-weight: 400;\">Adem\u00e1s, hay un n\u00famero considerable de alumnos que tienen <\/span><b>dificultades para alcanzar el nivel esperado de <\/b><span style=\"text-decoration: underline;\"><a href=\"https:\/\/www.vocaeditorial.com\/blog\/comprension-lectora\/\" target=\"_blank\" rel=\"noopener\"><b>comprensi\u00f3n lectora<\/b><\/a><\/span><span style=\"font-weight: 400;\">.<\/span><\/p>\n<p><span style=\"font-weight: 400;\">Por ejemplo, en Argentina se ha visto recientemente que el <\/span><span style=\"text-decoration: underline;\"><a href=\"https:\/\/www.elobservador.com.uy\/argentina\/sociedad\/solo-el-45-los-estudiantes-alcanza-el-nivel-esperado-lectura-segun-la-prueba-aprender-2024-n5997304#:~:text=Siguenos%20en:-,Solo%20el%2045%25%20de%20los%20estudiantes%20alcanza%20el%20nivel%20esperado,entre%20sectores%20educativos%20y%20socioecon%C3%B3micos\" target=\"_blank\" rel=\"noopener\"><b>30 % de los estudiantes<\/b><\/a><\/span><span style=\"font-weight: 400;\"> de 3\u00ba de Primaria no logra el nivel esperado. Esto <\/span><b>limita su capacidad para aprender<\/b><span style=\"font-weight: 400;\"> otras materias.\u00a0\u00a0<\/span><\/p>\n<h3><span style=\"color: #ffa341;\"><b>Escasa atenci\u00f3n a la diversidad<\/b><\/span><\/h3>\n<p><span style=\"font-weight: 400;\">Tambi\u00e9n, en aulas multiculturales, algunos estudiantes tienen el <\/span><span style=\"text-decoration: underline;\"><a href=\"https:\/\/www.vocaeditorial.com\/blog\/espanol-como-lengua-extranjera\/\" target=\"_blank\" rel=\"noopener\"><b>espa\u00f1ol como lengua extranjera<\/b><\/a><\/span><span style=\"font-weight: 400;\">, lo que exige <\/span><b>adaptaciones metodol\u00f3gicas<\/b><span style=\"font-weight: 400;\">.<\/span><\/p>\n<p><span style=\"font-weight: 400;\">Asimismo, los <\/span><b>diferentes niveles socioculturales<\/b><span style=\"font-weight: 400;\"> de los alumnos afectan al desarrollo ling\u00fc\u00edstico, por lo que tambi\u00e9n hay que tenerlo en cuenta.<\/span><\/p>\n<p><span data-sheets-root=\"1\">[CtaModule cta_item=\u00bb6208&#8243;]<\/span><\/p>\n<h2><span style=\"color: #ffa341;\"><b>Estrategias Innovadoras para la asignatura Lengua Primaria\u00a0<\/b><\/span><\/h2>\n<p><span style=\"font-weight: 400;\">Por \u00faltimo, conozcamos algunas <\/span><b>estrategias innovadoras<\/b><span style=\"font-weight: 400;\"> que podemos utilizar en nuestras aulas:<\/span><\/p>\n<h3><span style=\"color: #ffa341;\"><b>Enfoque comunicativo y aprendizaje basado en proyectos<\/b><\/span><\/h3>\n<p><span style=\"font-weight: 400;\">El enfoque comunicativo prioriza el <\/span><b>uso real del lenguaje<\/b><span style=\"font-weight: 400;\"> sobre el estudio te\u00f3rico. Esto se puede llevar a cabo tanto en el lenguaje escrito como el hablado.<\/span><br \/>\n<span style=\"font-weight: 400;\">Por lo tanto, algunas <\/span><b>aplicaciones pr\u00e1cticas<\/b><span style=\"font-weight: 400;\"> en la asignatura de lengua incluyen:\u00a0\u00a0<\/span><\/p>\n<table>\n<tbody>\n<tr>\n<td><b>Talleres de escritura con prop\u00f3sito real:<\/b><\/td>\n<td><b>Actividades orales estructuradas:<\/b><\/td>\n<\/tr>\n<tr>\n<td><span style=\"font-weight: 400;\">-Redacci\u00f3n de <\/span><b>cartas<\/b><span style=\"font-weight: 400;\"> a personajes p\u00fablicos.\u00a0\u00a0<\/span><br \/>\n<span style=\"font-weight: 400;\">-Creaci\u00f3n de <\/span><b>peri\u00f3dicos<\/b><span style=\"font-weight: 400;\"> escolares.\u00a0\u00a0<\/span><br \/>\n<span style=\"font-weight: 400;\">-Elaboraci\u00f3n de <\/span><b>cuentos colaborativos<\/b><span style=\"font-weight: 400;\">.\u00a0\u00a0<\/span><\/td>\n<td><b>-Debates<\/b><span style=\"font-weight: 400;\"> sobre temas de actualidad adaptados a su edad.\u00a0\u00a0<\/span><br \/>\n<b>-Representaciones teatrales<\/b><span style=\"font-weight: 400;\"> de obras literarias.\u00a0\u00a0<\/span><\/td>\n<\/tr>\n<\/tbody>\n<\/table>\n<p><span style=\"font-weight: 400;\">Estas metodolog\u00edas han demostrado aumentar la <\/span><b>motivaci\u00f3n<\/b><span style=\"font-weight: 400;\"> y mejorar el <\/span><b>aprendizaje significativo<\/b><span style=\"font-weight: 400;\">.<\/span><\/p>\n<h3><span style=\"color: #ffa341;\"><b>Fomento de la lectura a trav\u00e9s de textos significativos<\/b><\/span><\/h3>\n<p><span style=\"font-weight: 400;\">Asimismo, al trabajar la <\/span><span style=\"text-decoration: underline;\"><a href=\"https:\/\/www.vocaeditorial.com\/blog\/competencia-lectora-en-el-aula\/\" target=\"_blank\" rel=\"noopener\"><b>competencia lectora<\/b><\/a><\/span><span style=\"font-weight: 400;\">, la selecci\u00f3n de textos es crucial para <\/span><b>enganchar a los lectores<\/b><span style=\"font-weight: 400;\"> reacios. Para lograrlo, algunas estrategias avaladas por la investigaci\u00f3n incluyen:\u00a0\u00a0<\/span><\/p>\n<table>\n<tbody>\n<tr>\n<td><b>Lectura en voz alta:<\/b><\/td>\n<td><b>Bibliotecas de aula tem\u00e1ticas:<\/b><\/td>\n<td><b>Lectura compartida:<\/b><\/td>\n<\/tr>\n<tr>\n<td><span style=\"font-weight: 400;\">-Modelado de <\/span><b>estrategias de comprensi\u00f3n<\/b><span style=\"font-weight: 400;\"> (hacer predicciones, resumir).\u00a0\u00a0<\/span><br \/>\n<span style=\"font-weight: 400;\">-Uso de <\/span><b>entonaci\u00f3n dram\u00e1tica<\/b><span style=\"font-weight: 400;\"> para captar la atenci\u00f3n.\u00a0\u00a0<\/span><\/td>\n<td><span style=\"font-weight: 400;\">-Organizar los libros por <\/span><b>g\u00e9neros o intereses<\/b><span style=\"font-weight: 400;\">.\u00a0<\/span><br \/>\n<span style=\"font-weight: 400;\">-Permitir que los estudiantes <\/span><b>recomienden lecturas<\/b><span style=\"font-weight: 400;\"> a sus compa\u00f1eros.\u00a0<\/span><\/td>\n<td><b>-Lectura en parejas<\/b><span style=\"font-weight: 400;\"> (un alumno m\u00e1s avanzado gu\u00eda a otro).\u00a0\u00a0<\/span><br \/>\n<b>-Clubes de lectura<\/b><span style=\"font-weight: 400;\"> con discusiones guiadas.\u00a0\u00a0<\/span><\/td>\n<\/tr>\n<\/tbody>\n<\/table>\n<p><span style=\"font-weight: 400;\">En concreto, estas estrategias fomentan el <\/span><b>gusto por la lectura<\/b><span style=\"font-weight: 400;\">, porque facilitan el desarrollo de la <\/span><b>fluidez<\/b><span style=\"font-weight: 400;\"> y la <\/span><span style=\"text-decoration: underline;\"><a href=\"https:\/\/www.vocaeditorial.com\/blog\/comprension-lectora\/\" target=\"_blank\" rel=\"noopener\"><b>comprensi\u00f3n<\/b><\/a><\/span><span style=\"font-weight: 400;\">.<\/span><\/p>\n<h3><span style=\"color: #ffa341;\"><b>Integraci\u00f3n de la tecnolog\u00eda y recursos digitales<\/b><\/span><\/h3>\n<p><span style=\"font-weight: 400;\">Por otro lado, con el auge de las <\/span><span style=\"text-decoration: underline;\"><a href=\"https:\/\/www.vocaeditorial.com\/blog\/herramientas-digitales-educativas\/\" target=\"_blank\" rel=\"noopener\"><b>herramientas digitales<\/b><\/a><\/span><span style=\"font-weight: 400;\">, nos podemos preguntar si estas son \u00fatiles para <\/span><b>mejorar la ense\u00f1anza<\/b><span style=\"font-weight: 400;\"> de la lengua.<\/span><\/p>\n<p><span style=\"font-weight: 400;\">Realmente, si estas est\u00e1n <\/span><b>bien utilizadas y adaptadas<\/b><span style=\"font-weight: 400;\"> a nuestras necesidades concretas, pueden potenciar el aprendizaje. <\/span><span style=\"font-weight: 400;\">Por ejemplo, se pueden utilizar:<\/span><\/p>\n<ul>\n<li style=\"font-weight: 400;\" aria-level=\"1\"><b>Plataformas interactivas:<\/b><span style=\"font-weight: 400;\"> aplicaciones como <\/span><span style=\"text-decoration: underline;\"><a href=\"https:\/\/wordwall.net\/es\" target=\"_blank\" rel=\"noopener\"><b>Wordwall<\/b><\/a><\/span><span style=\"font-weight: 400;\"> para crear juegos gramaticales.\u00a0<\/span><\/li>\n<li style=\"font-weight: 400;\" aria-level=\"1\"><b>Podcasts educativos:<\/b><span style=\"font-weight: 400;\"> creaci\u00f3n de programas de <\/span><b>radio escolar<\/b><span style=\"font-weight: 400;\"> para trabajar la expresi\u00f3n oral o <\/span><b>audiolibros<\/b><span style=\"font-weight: 400;\"> para estudiantes con dificultades lectoras.\u00a0\u00a0<\/span><\/li>\n<\/ul>\n<p>&nbsp;<\/p>\n<p>&nbsp;<\/p>\n<p><span style=\"font-weight: 400;\">As\u00ed que e<\/span><span style=\"font-weight: 400;\">nse\u00f1ar la asignatura Lengua Primaria requiere <\/span><b>innovaci\u00f3n y adaptaci\u00f3n<\/b><span style=\"font-weight: 400;\"> a las necesidades actuales. Con las estrategias adecuadas \u2013desde el aprendizaje por proyectos hasta el uso de tecnolog\u00eda\u2013 podemos convertir esta materia en una<\/span><b> experiencia motivadora y relevante<\/b><span style=\"font-weight: 400;\"> para los estudiantes.<\/span><\/p>\n<p><span style=\"font-weight: 400;\">\u00a0<\/span><\/p>\n<p>&nbsp;<\/p>\n<p><span style=\"color: #ffa341;\"><b>Bibliograf\u00eda<\/b><\/span><\/p>\n<p><span style=\"font-weight: 400;\">Cassany, D. (2007). <\/span><a href=\"https:\/\/www.grao.com\/libros\/ensenar-lengua-1509\" target=\"_blank\" rel=\"noopener\"><b><i>Ense\u00f1ar lengua<\/i><\/b><\/a><i><span style=\"font-weight: 400;\">.<\/span><\/i><span style=\"font-weight: 400;\"> Gra\u00f3.\u00a0\u00a0<\/span><\/p>\n<p><span style=\"font-weight: 400;\">Gambrell, L.B. (2011) <\/span><a href=\"https:\/\/doi.org\/10.1002\/TRTR.01024\" target=\"_blank\" rel=\"noopener\"><b><i>Seven Rules of Engagement: What\u2019s Most Important to Know about Motivation to Read<\/i><\/b><\/a><i><span style=\"font-weight: 400;\">. The ReadingTeacher<\/span><\/i><span style=\"font-weight: 400;\">, 65, 172-178.\u00a0<\/span><\/p>\n<p><span style=\"font-weight: 400;\">International Association for the Evaluation of Educational Achievement. (2021).<\/span> <a href=\"https:\/\/pirls.bc.edu\/pirls-landing.html\" target=\"_blank\" rel=\"noopener\"><b><i>Progress in International Reading Literacy Study<\/i><\/b><\/a><span style=\"font-weight: 400;\"> (PIRLS 2021).<\/span><\/p>\n<p><span style=\"font-weight: 400;\">Ministerio de Educaci\u00f3n de Argentina. (2024). <\/span><a href=\"https:\/\/www.argentina.gob.ar\/sites\/default\/files\/sientesis_aprender_2024_alfabetizacioen.pdf\" target=\"_blank\" rel=\"noopener\"><b><i>S\u00edntesis Aprender 2024: Alfabetizaci\u00f3n<\/i><\/b><\/a><span style=\"font-weight: 400;\">. Gobierno de Argentina.<\/span><\/p>\n<p><span style=\"font-weight: 400;\">Sol\u00e9, I. (2020). <\/span><i><span style=\"font-weight: 400;\">Estrategias de lectura.<\/span><\/i><span style=\"font-weight: 400;\"> Gra\u00f3.<\/span><\/p>\n","protected":false},"excerpt":{"rendered":"<p>\u00bfBuscas formas de ense\u00f1ar la asignatura Lengua Primaria? Descubre estrategias y recursos para transformar tu aula en un espacio din\u00e1mico.<\/p>\n","protected":false},"author":49,"featured_media":8645,"comment_status":"closed","ping_status":"closed","sticky":false,"template":"","format":"standard","meta":{"content-type":"","inline_featured_image":false,"_jetpack_memberships_contains_paid_content":false,"footnotes":""},"tags":[653,675,694],"class_list":["post-8644","post","type-post","status-publish","format-standard","has-post-thumbnail","hentry","category-comprension-lectora","tag-primaria","tag-lomloe","tag-lengua-castellana-y-literatura"],"yoast_head":"<!-- This site is optimized with the Yoast SEO plugin v26.6 - https:\/\/yoast.com\/wordpress\/plugins\/seo\/ -->\n<title>Asignatura Lengua Primaria: estrategias y recursos para docentes &#8211; VOCA<\/title>\n<meta name=\"description\" content=\"\u00bfBuscas formas de ense\u00f1ar la asignatura Lengua Primaria? Descubre estrategias y recursos para transformar tu aula en un espacio din\u00e1mico.\" \/>\n<meta name=\"robots\" content=\"index, follow, max-snippet:-1, max-image-preview:large, max-video-preview:-1\" \/>\n<link rel=\"canonical\" href=\"https:\/\/www.vocaeditorial.com\/blog\/asignatura-lengua-primaria\/\" \/>\n<meta property=\"og:locale\" content=\"es_ES\" \/>\n<meta property=\"og:type\" content=\"article\" \/>\n<meta property=\"og:title\" content=\"Asignatura Lengua Primaria: estrategias y recursos para docentes &#8211; VOCA\" \/>\n<meta property=\"og:description\" content=\"\u00bfBuscas formas de ense\u00f1ar la asignatura Lengua Primaria? Descubre estrategias y recursos para transformar tu aula en un espacio din\u00e1mico.\" \/>\n<meta property=\"og:url\" content=\"https:\/\/www.vocaeditorial.com\/blog\/asignatura-lengua-primaria\/\" \/>\n<meta property=\"og:site_name\" content=\"Voca Editorial\" \/>\n<meta property=\"article:published_time\" content=\"2025-06-24T13:00:10+00:00\" \/>\n<meta property=\"og:image\" content=\"https:\/\/www.vocaeditorial.com\/blog\/media\/asignatura-lengua-primaria.jpg\" \/>\n\t<meta property=\"og:image:width\" content=\"1024\" \/>\n\t<meta property=\"og:image:height\" content=\"1024\" \/>\n\t<meta property=\"og:image:type\" content=\"image\/jpeg\" \/>\n<meta name=\"author\" content=\"VOCA Editorial\" \/>\n<meta name=\"twitter:card\" content=\"summary_large_image\" \/>\n<meta name=\"twitter:label1\" content=\"Escrito por\" \/>\n\t<meta name=\"twitter:data1\" content=\"VOCA Editorial\" \/>\n\t<meta name=\"twitter:label2\" content=\"Tiempo de lectura\" \/>\n\t<meta name=\"twitter:data2\" content=\"4 minutos\" \/>\n<script type=\"application\/ld+json\" class=\"yoast-schema-graph\">{\"@context\":\"https:\/\/schema.org\",\"@graph\":[{\"@type\":\"WebPage\",\"@id\":\"https:\/\/www.vocaeditorial.com\/blog\/asignatura-lengua-primaria\/\",\"url\":\"https:\/\/www.vocaeditorial.com\/blog\/asignatura-lengua-primaria\/\",\"name\":\"Asignatura Lengua Primaria: estrategias y recursos para docentes &#8211; VOCA\",\"isPartOf\":{\"@id\":\"https:\/\/www.vocaeditorial.com\/blog\/#website\"},\"primaryImageOfPage\":{\"@id\":\"https:\/\/www.vocaeditorial.com\/blog\/asignatura-lengua-primaria\/#primaryimage\"},\"image\":{\"@id\":\"https:\/\/www.vocaeditorial.com\/blog\/asignatura-lengua-primaria\/#primaryimage\"},\"thumbnailUrl\":\"https:\/\/www.vocaeditorial.com\/blog\/media\/asignatura-lengua-primaria.jpg\",\"datePublished\":\"2025-06-24T13:00:10+00:00\",\"author\":{\"@id\":\"https:\/\/www.vocaeditorial.com\/blog\/#\/schema\/person\/72fba3d6c8a26fba0fee3107fda03438\"},\"description\":\"\u00bfBuscas formas de ense\u00f1ar la asignatura Lengua Primaria? Descubre estrategias y recursos para transformar tu aula en un espacio din\u00e1mico.\",\"breadcrumb\":{\"@id\":\"https:\/\/www.vocaeditorial.com\/blog\/asignatura-lengua-primaria\/#breadcrumb\"},\"inLanguage\":\"es\",\"potentialAction\":[{\"@type\":\"ReadAction\",\"target\":[\"https:\/\/www.vocaeditorial.com\/blog\/asignatura-lengua-primaria\/\"]}]},{\"@type\":\"ImageObject\",\"inLanguage\":\"es\",\"@id\":\"https:\/\/www.vocaeditorial.com\/blog\/asignatura-lengua-primaria\/#primaryimage\",\"url\":\"https:\/\/www.vocaeditorial.com\/blog\/media\/asignatura-lengua-primaria.jpg\",\"contentUrl\":\"https:\/\/www.vocaeditorial.com\/blog\/media\/asignatura-lengua-primaria.jpg\",\"width\":1024,\"height\":1024,\"caption\":\"asignatura lengua primaria\"},{\"@type\":\"BreadcrumbList\",\"@id\":\"https:\/\/www.vocaeditorial.com\/blog\/asignatura-lengua-primaria\/#breadcrumb\",\"itemListElement\":[{\"@type\":\"ListItem\",\"position\":1,\"name\":\"Portada\",\"item\":\"https:\/\/www.vocaeditorial.com\/blog\/\"},{\"@type\":\"ListItem\",\"position\":2,\"name\":\"Asignatura Lengua Primaria: estrategias y recursos para docentes\"}]},{\"@type\":\"WebSite\",\"@id\":\"https:\/\/www.vocaeditorial.com\/blog\/#website\",\"url\":\"https:\/\/www.vocaeditorial.com\/blog\/\",\"name\":\"Voca Editorial\",\"description\":\"\",\"potentialAction\":[{\"@type\":\"SearchAction\",\"target\":{\"@type\":\"EntryPoint\",\"urlTemplate\":\"https:\/\/www.vocaeditorial.com\/blog\/?s={search_term_string}\"},\"query-input\":{\"@type\":\"PropertyValueSpecification\",\"valueRequired\":true,\"valueName\":\"search_term_string\"}}],\"inLanguage\":\"es\"},{\"@type\":\"Person\",\"@id\":\"https:\/\/www.vocaeditorial.com\/blog\/#\/schema\/person\/72fba3d6c8a26fba0fee3107fda03438\",\"name\":\"VOCA Editorial\",\"image\":{\"@type\":\"ImageObject\",\"inLanguage\":\"es\",\"@id\":\"https:\/\/www.vocaeditorial.com\/blog\/#\/schema\/person\/image\/\",\"url\":\"https:\/\/secure.gravatar.com\/avatar\/137e7a09ea636684fcf1595563ff145c113f07116d7a29acedf3e545ab378ca3?s=96&d=mm&r=g\",\"contentUrl\":\"https:\/\/secure.gravatar.com\/avatar\/137e7a09ea636684fcf1595563ff145c113f07116d7a29acedf3e545ab378ca3?s=96&d=mm&r=g\",\"caption\":\"VOCA Editorial\"},\"url\":\"https:\/\/www.vocaeditorial.com\/blog\/author\/voca-editorial\/\"}]}<\/script>\n<!-- \/ Yoast SEO plugin. -->","yoast_head_json":{"title":"Asignatura Lengua Primaria: estrategias y recursos para docentes &#8211; VOCA","description":"\u00bfBuscas formas de ense\u00f1ar la asignatura Lengua Primaria? Descubre estrategias y recursos para transformar tu aula en un espacio din\u00e1mico.","robots":{"index":"index","follow":"follow","max-snippet":"max-snippet:-1","max-image-preview":"max-image-preview:large","max-video-preview":"max-video-preview:-1"},"canonical":"https:\/\/www.vocaeditorial.com\/blog\/asignatura-lengua-primaria\/","og_locale":"es_ES","og_type":"article","og_title":"Asignatura Lengua Primaria: estrategias y recursos para docentes &#8211; VOCA","og_description":"\u00bfBuscas formas de ense\u00f1ar la asignatura Lengua Primaria? Descubre estrategias y recursos para transformar tu aula en un espacio din\u00e1mico.","og_url":"https:\/\/www.vocaeditorial.com\/blog\/asignatura-lengua-primaria\/","og_site_name":"Voca Editorial","article_published_time":"2025-06-24T13:00:10+00:00","og_image":[{"width":1024,"height":1024,"url":"https:\/\/www.vocaeditorial.com\/blog\/media\/asignatura-lengua-primaria.jpg","type":"image\/jpeg"}],"author":"VOCA Editorial","twitter_card":"summary_large_image","twitter_misc":{"Escrito por":"VOCA Editorial","Tiempo de lectura":"4 minutos"},"schema":{"@context":"https:\/\/schema.org","@graph":[{"@type":"WebPage","@id":"https:\/\/www.vocaeditorial.com\/blog\/asignatura-lengua-primaria\/","url":"https:\/\/www.vocaeditorial.com\/blog\/asignatura-lengua-primaria\/","name":"Asignatura Lengua Primaria: estrategias y recursos para docentes &#8211; VOCA","isPartOf":{"@id":"https:\/\/www.vocaeditorial.com\/blog\/#website"},"primaryImageOfPage":{"@id":"https:\/\/www.vocaeditorial.com\/blog\/asignatura-lengua-primaria\/#primaryimage"},"image":{"@id":"https:\/\/www.vocaeditorial.com\/blog\/asignatura-lengua-primaria\/#primaryimage"},"thumbnailUrl":"https:\/\/www.vocaeditorial.com\/blog\/media\/asignatura-lengua-primaria.jpg","datePublished":"2025-06-24T13:00:10+00:00","author":{"@id":"https:\/\/www.vocaeditorial.com\/blog\/#\/schema\/person\/72fba3d6c8a26fba0fee3107fda03438"},"description":"\u00bfBuscas formas de ense\u00f1ar la asignatura Lengua Primaria? Descubre estrategias y recursos para transformar tu aula en un espacio din\u00e1mico.","breadcrumb":{"@id":"https:\/\/www.vocaeditorial.com\/blog\/asignatura-lengua-primaria\/#breadcrumb"},"inLanguage":"es","potentialAction":[{"@type":"ReadAction","target":["https:\/\/www.vocaeditorial.com\/blog\/asignatura-lengua-primaria\/"]}]},{"@type":"ImageObject","inLanguage":"es","@id":"https:\/\/www.vocaeditorial.com\/blog\/asignatura-lengua-primaria\/#primaryimage","url":"https:\/\/www.vocaeditorial.com\/blog\/media\/asignatura-lengua-primaria.jpg","contentUrl":"https:\/\/www.vocaeditorial.com\/blog\/media\/asignatura-lengua-primaria.jpg","width":1024,"height":1024,"caption":"asignatura lengua primaria"},{"@type":"BreadcrumbList","@id":"https:\/\/www.vocaeditorial.com\/blog\/asignatura-lengua-primaria\/#breadcrumb","itemListElement":[{"@type":"ListItem","position":1,"name":"Portada","item":"https:\/\/www.vocaeditorial.com\/blog\/"},{"@type":"ListItem","position":2,"name":"Asignatura Lengua Primaria: estrategias y recursos para docentes"}]},{"@type":"WebSite","@id":"https:\/\/www.vocaeditorial.com\/blog\/#website","url":"https:\/\/www.vocaeditorial.com\/blog\/","name":"Voca Editorial","description":"","potentialAction":[{"@type":"SearchAction","target":{"@type":"EntryPoint","urlTemplate":"https:\/\/www.vocaeditorial.com\/blog\/?s={search_term_string}"},"query-input":{"@type":"PropertyValueSpecification","valueRequired":true,"valueName":"search_term_string"}}],"inLanguage":"es"},{"@type":"Person","@id":"https:\/\/www.vocaeditorial.com\/blog\/#\/schema\/person\/72fba3d6c8a26fba0fee3107fda03438","name":"VOCA Editorial","image":{"@type":"ImageObject","inLanguage":"es","@id":"https:\/\/www.vocaeditorial.com\/blog\/#\/schema\/person\/image\/","url":"https:\/\/secure.gravatar.com\/avatar\/137e7a09ea636684fcf1595563ff145c113f07116d7a29acedf3e545ab378ca3?s=96&d=mm&r=g","contentUrl":"https:\/\/secure.gravatar.com\/avatar\/137e7a09ea636684fcf1595563ff145c113f07116d7a29acedf3e545ab378ca3?s=96&d=mm&r=g","caption":"VOCA Editorial"},"url":"https:\/\/www.vocaeditorial.com\/blog\/author\/voca-editorial\/"}]}},"jetpack_featured_media_url":"https:\/\/www.vocaeditorial.com\/blog\/media\/asignatura-lengua-primaria.jpg","jetpack_sharing_enabled":true,"_links":{"self":[{"href":"https:\/\/www.vocaeditorial.com\/blog\/wp-json\/wp\/v2\/posts\/8644","targetHints":{"allow":["GET"]}}],"collection":[{"href":"https:\/\/www.vocaeditorial.com\/blog\/wp-json\/wp\/v2\/posts"}],"about":[{"href":"https:\/\/www.vocaeditorial.com\/blog\/wp-json\/wp\/v2\/types\/post"}],"author":[{"embeddable":true,"href":"https:\/\/www.vocaeditorial.com\/blog\/wp-json\/wp\/v2\/users\/49"}],"replies":[{"embeddable":true,"href":"https:\/\/www.vocaeditorial.com\/blog\/wp-json\/wp\/v2\/comments?post=8644"}],"version-history":[{"count":0,"href":"https:\/\/www.vocaeditorial.com\/blog\/wp-json\/wp\/v2\/posts\/8644\/revisions"}],"wp:featuredmedia":[{"embeddable":true,"href":"https:\/\/www.vocaeditorial.com\/blog\/wp-json\/wp\/v2\/media\/8645"}],"wp:attachment":[{"href":"https:\/\/www.vocaeditorial.com\/blog\/wp-json\/wp\/v2\/media?parent=8644"}],"wp:term":[{"taxonomy":"post_tag","embeddable":true,"href":"https:\/\/www.vocaeditorial.com\/blog\/wp-json\/wp\/v2\/tags?post=8644"}],"curies":[{"name":"wp","href":"https:\/\/api.w.org\/{rel}","templated":true}]}}