{"id":8637,"date":"2025-05-27T15:00:33","date_gmt":"2025-05-27T13:00:33","guid":{"rendered":"https:\/\/www.vocaeditorial.com\/blog\/?p=8637"},"modified":"2025-05-16T13:10:27","modified_gmt":"2025-05-16T11:10:27","slug":"didactica-de-la-lengua-en-educacion-primaria","status":"publish","type":"post","link":"https:\/\/www.vocaeditorial.com\/blog\/didactica-de-la-lengua-en-educacion-primaria\/","title":{"rendered":"Did\u00e1ctica de la Lengua en Educaci\u00f3n Primaria: estrategias y competencias"},"content":{"rendered":"<p><span style=\"font-weight: 400;\">La did\u00e1ctica de la Lengua en Educaci\u00f3n Primaria tiene su miga. Por eso, hoy queremos verla a la luz de las competencias de la LOMLOE, para poder encontrar las mejores metodolog\u00edas.<\/span><\/p>\n\n<p><span data-sheets-root=\"1\">[CtaModule cta_item=\u00bb6766&#8243;]<\/span><\/p>\n<p>&nbsp;<\/p>\n<h2><span style=\"color: #ffa341;\"><b>La did\u00e1ctica de la Lengua y su relaci\u00f3n con las competencias clave<\/b><\/span><\/h2>\n<p><span style=\"font-weight: 400;\">Como siempre que hablamos de educaci\u00f3n, tenemos que hacer referencia a la ley actual: la LOMLOE. Y, en concreto, a su enfoque de competencias. As\u00ed, el curr\u00edculo educativo establece como <\/span><b>eje del \u00e1rea de Lengua la competencia en <\/b><span style=\"text-decoration: underline;\"><a href=\"https:\/\/www.vocaeditorial.com\/blog\/inteligencia-linguistica\/\" target=\"_blank\" rel=\"noopener\"><b>comunicaci\u00f3n ling\u00fc\u00edstica<\/b><\/a><\/span><span style=\"font-weight: 400;\">. No obstante, adquirir esta competencia no solo ayudar\u00e1 a tus alumnos a aprobar la asignatura, sino que les servir\u00e1 para el resto de competencias y de materias.\u00a0<\/span><\/p>\n<p><span style=\"font-weight: 400;\">Para empezar, est\u00e1 relacionada con la competencia pluriling\u00fce. Y es que esta se desarrolla cuando <\/span><b>establecemos conexiones entre distintas Lenguas<\/b><span style=\"font-weight: 400;\">. \u00bfQu\u00e9 se consigue as\u00ed?<\/span><\/p>\n<ol>\n<li style=\"font-weight: 400;\" aria-level=\"1\"><span style=\"font-weight: 400;\">Conciencia metaling\u00fc\u00edstica<\/span><\/li>\n<li style=\"font-weight: 400;\" aria-level=\"1\"><span style=\"font-weight: 400;\">Aprecio por la diversidad cultural.<\/span><\/li>\n<\/ol>\n<p>&nbsp;<\/p>\n<p><span style=\"font-weight: 400;\">En esta l\u00ednea, se pueden implementar actividades comparativas entre Lenguas, an\u00e1lisis de pr\u00e9stamos ling\u00fc\u00edsticos o acercamiento a textos de diferentes culturas. Todo ello les permitir\u00e1 ir adquiriendo <\/span><b>estrategias de transferencia entre Lenguas<\/b><span style=\"font-weight: 400;\">.<\/span><\/p>\n<p><span style=\"font-weight: 400;\">Despu\u00e9s, podemos<\/span><b> vincularla con otras de las competencias<\/b><span style=\"font-weight: 400;\">.<\/span><\/p>\n<table>\n<tbody>\n<tr>\n<td><b>Competencia digital<\/b><\/td>\n<td><b>Personal, social y aprender a aprender<\/b><\/td>\n<td><b>Ciudadana<\/b><\/td>\n<td><b>Emprendedora<\/b><\/td>\n<\/tr>\n<tr>\n<td><span style=\"font-weight: 400;\">Uso cr\u00edtico de tecnolog\u00edas para la b\u00fasqueda y procesamiento de informaci\u00f3n.<\/span><br \/>\n<span style=\"font-weight: 400;\">Creaci\u00f3n de contenidos digitales.<\/span><\/td>\n<td><span style=\"font-weight: 400;\">Fomento de la autonom\u00eda personal a trav\u00e9s de las estrategias de comprensi\u00f3n y expresi\u00f3n.<\/span><\/td>\n<td><span style=\"font-weight: 400;\">An\u00e1lisis de discursos.<\/span><br \/>\n<span style=\"font-weight: 400;\">Participaci\u00f3n en debates de actualidad.<\/span><\/td>\n<td><span style=\"font-weight: 400;\">Con proyectos comunicativos: planificaci\u00f3n, toma de decisiones y resoluci\u00f3n de problemas.<\/span><\/td>\n<\/tr>\n<\/tbody>\n<\/table>\n<h2><span style=\"color: #ffa341;\"><b>Enfoque comunicativo en la did\u00e1ctica de la Lengua<\/b><\/span><\/h2>\n<p><span style=\"font-weight: 400;\">En concreto, podemos decir que la did\u00e1ctica de la Lengua en Educaci\u00f3n Primaria prioriza un enfoque comunicativo; es decir, entiende el lenguaje como una herramienta social. Por esto mismo, se busca el <\/span><b>uso pr\u00e1ctico en contextos reales<\/b><span style=\"font-weight: 400;\"> y teniendo en cuenta:<\/span><\/p>\n<ul>\n<li style=\"font-weight: 400;\" aria-level=\"1\"><b>Habilidades ling\u00fc\u00edsticas<\/b><span style=\"font-weight: 400;\">: que se trabajan de forma integrada y contextualizada.<\/span><\/li>\n<li style=\"font-weight: 400;\" aria-level=\"1\"><b>Transversalidad<\/b><span style=\"font-weight: 400;\">: para que todas las asignaturas contribuyan al desarrollo de competencias ling\u00fc\u00edsticas. As\u00ed, requiere que los docentes se coordinen y trabajen juntos.<\/span><\/li>\n<\/ul>\n<p>&nbsp;<\/p>\n<p><span style=\"font-weight: 400;\">As\u00ed que, una vez visto el enfoque general, vamos a resumir lo m\u00e1s importante de cada una de las<\/span><b> habilidades del \u00e1rea de Lengua<\/b><span style=\"font-weight: 400;\">.<\/span><\/p>\n<h3><span style=\"color: #ffa341;\"><b>Comprensi\u00f3n lectora: Estrategias y fases<\/b><\/span><\/h3>\n<p><span style=\"font-weight: 400;\">En primer lugar, la comprensi\u00f3n lectora, esencial para el \u00e9xito acad\u00e9mico en todas las materias. Y principalmente se trabaja en tres momentos de lectura:<\/span><\/p>\n<ol>\n<li style=\"font-weight: 400;\" aria-level=\"1\"><b>Antes de la lectura<\/b><span style=\"font-weight: 400;\">:<\/span>\n<ul>\n<li style=\"font-weight: 400;\" aria-level=\"2\"><span style=\"font-weight: 400;\"><span style=\"text-decoration: underline;\"><a href=\"https:\/\/www.vocaeditorial.com\/blog\/estrategia-activar-conocimientos-previos\/\" target=\"_blank\" rel=\"noopener\"><strong>Activar conocimientos previos<\/strong><\/a><\/span>.<\/span><\/li>\n<li style=\"font-weight: 400;\" aria-level=\"2\"><span style=\"font-weight: 400;\">Establecer objetivos y <a href=\"https:\/\/www.vocaeditorial.com\/blog\/estrategia-de-lectura-elaborar-prediccion\/\" target=\"_blank\" rel=\"noopener\"><span style=\"text-decoration: underline;\"><strong>predicciones<\/strong><\/span><\/a>.<\/span><\/li>\n<\/ul>\n<\/li>\n<li style=\"font-weight: 400;\" aria-level=\"1\"><b>Durante la lectura<\/b><span style=\"font-weight: 400;\">:<\/span>\n<ul>\n<li style=\"font-weight: 400;\" aria-level=\"2\"><span style=\"text-decoration: underline;\"><strong><a href=\"https:\/\/www.vocaeditorial.com\/blog\/estrategia-clarifico-significado\/\" target=\"_blank\" rel=\"noopener\">Clarificar significados<\/a>.<\/strong><\/span><\/li>\n<li style=\"font-weight: 400;\" aria-level=\"2\"><span style=\"text-decoration: underline;\"><strong><a href=\"https:\/\/www.vocaeditorial.com\/blog\/estrategia-elaborar-inferencias\/\" target=\"_blank\" rel=\"noopener\">Realizar inferencias<\/a>.<\/strong><\/span><\/li>\n<li style=\"font-weight: 400;\" aria-level=\"2\"><span style=\"font-weight: 400;\"><span style=\"text-decoration: underline;\"><a href=\"https:\/\/www.vocaeditorial.com\/blog\/estrategia-visualizo-imagino\/\" target=\"_blank\" rel=\"noopener\"><strong>Visualizar<\/strong><\/a><\/span> y <span style=\"text-decoration: underline;\"><a href=\"https:\/\/www.vocaeditorial.com\/blog\/estrategia-evaluo-credibilidad-texto\/\" target=\"_blank\" rel=\"noopener\"><strong>evaluar la informaci\u00f3n<\/strong><\/a><\/span>.<\/span><\/li>\n<\/ul>\n<\/li>\n<li style=\"font-weight: 400;\" aria-level=\"1\"><b>Despu\u00e9s de la lectura<\/b><span style=\"font-weight: 400;\">:<\/span>\n<ul>\n<li style=\"font-weight: 400;\" aria-level=\"2\"><span style=\"font-weight: 400;\"><span style=\"text-decoration: underline;\"><a href=\"https:\/\/www.vocaeditorial.com\/blog\/estrategia-sintetizo\/\" target=\"_blank\" rel=\"noopener\"><strong>Resumir<\/strong><\/a><\/span>\u00a0e identificar ideas principales.<\/span><\/li>\n<li style=\"font-weight: 400;\" aria-level=\"2\"><span style=\"font-weight: 400;\">Transferir conocimientos a nuevas situaciones.<\/span><\/li>\n<\/ul>\n<\/li>\n<\/ol>\n<p>&nbsp;<\/p>\n<h3><span style=\"color: #ffa341;\"><b>Expresi\u00f3n escrita: fases del proceso de escritura<\/b><\/span><\/h3>\n<p><span style=\"font-weight: 400;\">En segundo lugar, la expresi\u00f3n escrita. Por supuesto, est\u00e1 muy conectada con la comprensi\u00f3n: cuanto m\u00e1s se lee de m\u00e1s recursos se dispone para escribir aut\u00f3nomamente. As\u00ed, si seguimos el <\/span><span style=\"text-decoration: underline;\"><a href=\"https:\/\/www.atmosferaliteraria.com\/un-proceso-cognitivo-el-modelo-de-flower-y-hayes-i\/\" target=\"_blank\" rel=\"noopener\"><b>modelo de Flower y Hayes<\/b><\/a><\/span><span style=\"font-weight: 400;\">, podemos organizar la escritura en tres fases:<\/span><\/p>\n<table>\n<tbody>\n<tr>\n<td><b>Fase<\/b><\/td>\n<td><b>Objetivos y estrategias<\/b><\/td>\n<\/tr>\n<tr>\n<td><span style=\"font-weight: 400;\">Planificaci\u00f3n<\/span><\/td>\n<td><span style=\"font-weight: 400;\">Primero, plantearse el g\u00e9nero textual y el objetivo del texto. Despu\u00e9s, generar las ideas y organizar el contenido que se quiere escribir.<\/span><\/td>\n<\/tr>\n<tr>\n<td><span style=\"font-weight: 400;\">Redacci\u00f3n<\/span><\/td>\n<td><span style=\"font-weight: 400;\">A continuaci\u00f3n, hay que crear textos que sean coherentes, usando conectores y esforz\u00e1ndose en utilizar vocabulario rico y variado.<\/span><\/td>\n<\/tr>\n<tr>\n<td><span style=\"font-weight: 400;\">Revisi\u00f3n<\/span><\/td>\n<td><span style=\"font-weight: 400;\">Por \u00faltimo, una vez redactado, hay que evaluarlo y, si es posible, coevaluarlo con r\u00fabricas. De esta manera, se mejorar\u00e1 el contenido y la forma.<\/span><\/td>\n<\/tr>\n<\/tbody>\n<\/table>\n<p><span data-sheets-root=\"1\">[CtaModule cta_item=\u00bb5415&#8243;]<\/span><\/p>\n<h3><span style=\"color: #ffa341;\"><b>Estrategias para la comprensi\u00f3n y expresi\u00f3n oral<\/b><\/span><\/h3>\n<p><span style=\"font-weight: 400;\">Por un lado, la escucha activa implica<\/span><b> reconocer, interpretar y construir significados<\/b><span style=\"font-weight: 400;\">. Por ello, se nos ocurren algunas actividades como estas para el aula:<\/span><\/p>\n<ul>\n<li style=\"font-weight: 400;\" aria-level=\"1\"><span style=\"font-weight: 400;\">Comenzar con audios breves y sencillos e ir aumentando la dificultad.<\/span><\/li>\n<li style=\"font-weight: 400;\" aria-level=\"1\"><span style=\"font-weight: 400;\">Identificar palabras clave y seleccionar informaci\u00f3n relevante.<\/span><\/li>\n<li style=\"font-weight: 400;\" aria-level=\"1\"><span style=\"font-weight: 400;\">Hacer preguntas concretas o de detalles que se hayan dicho claramente.<\/span><\/li>\n<li style=\"font-weight: 400;\" aria-level=\"1\"><span style=\"font-weight: 400;\">Interrumpir la escucha para preguntar por significados o hacer preguntas para anticipar ideas.<\/span><\/li>\n<li style=\"font-weight: 400;\" aria-level=\"1\"><span style=\"font-weight: 400;\">Analizar elementos paraling\u00fc\u00edsticos (tono, gestos si los hay).<\/span><\/li>\n<\/ul>\n<p>&nbsp;<\/p>\n<p><span style=\"font-weight: 400;\">Por otro lado, en cuanto a la expresi\u00f3n oral, lo mejor es<\/span><b> buscar situaciones comunicativas reales<\/b><span style=\"font-weight: 400;\">. Es decir, <\/span><\/p>\n<blockquote><p><span style=\"font-weight: 400;\">centrar la did\u00e1ctica de la Lengua en Educaci\u00f3n Primaria en conversaciones lo m\u00e1s reales posibles<\/span><\/p><\/blockquote>\n<p>&nbsp;<\/p>\n<ul>\n<li style=\"font-weight: 400;\" aria-level=\"1\"><span style=\"font-weight: 400;\">Di\u00e1logos sobre gustos<\/span><\/li>\n<li style=\"font-weight: 400;\" aria-level=\"1\"><span style=\"font-weight: 400;\">Planes para el fin de semana<\/span><\/li>\n<li style=\"font-weight: 400;\" aria-level=\"1\"><span style=\"font-weight: 400;\">Comentarios sobre noticias actuales<\/span><\/li>\n<li style=\"font-weight: 400;\" aria-level=\"1\"><span style=\"font-weight: 400;\">Exposiciones de temas de la materia o de temas que elijan ellos<\/span><\/li>\n<li style=\"font-weight: 400;\" aria-level=\"1\"><span style=\"font-weight: 400;\">Dramatizaciones y lectura en voz alta (quiz\u00e1 para empezar)<\/span><\/li>\n<\/ul>\n<p>&nbsp;<\/p>\n<p><span style=\"font-weight: 400;\">As\u00ed, el objetivo es que tus alumnos<\/span><b> planifiquen sus discursos y se acostumbren a utilizar correctamente<\/b><span style=\"font-weight: 400;\"> tanto el lenguaje verbal como el no verbal. Por eso, tambi\u00e9n ser\u00e1 muy provechoso incluir actividades de autoevaluaci\u00f3n y de coevaluaci\u00f3n, para seguir mejorando.<\/span><\/p>\n<h2><span style=\"color: #ffa341;\"><b>Metodolog\u00edas innovadoras para la ense\u00f1anza de la Lengua<\/b><\/span><\/h2>\n<p><span style=\"font-weight: 400;\">Finalmente, no quer\u00edamos acabar sin dar algunas<\/span><b> pinceladas sobre metodolog\u00edas innovadoras<\/b><span style=\"font-weight: 400;\"> para el \u00e1rea de Lengua Castellana y Literatura en Primaria.<\/span><\/p>\n<table>\n<tbody>\n<tr>\n<td><b>Metodolog\u00eda<\/b><\/td>\n<td><b>Ventajas<\/b><\/td>\n<\/tr>\n<tr>\n<td><span style=\"font-weight: 400;\">Aprendizaje Basado en Proyectos (<\/span><span style=\"text-decoration: underline;\"><a href=\"https:\/\/www.vocaeditorial.com\/blog\/aprendizaje-basado-en-proyectos\/\" target=\"_blank\" rel=\"noopener\"><b>ABP<\/b><\/a><\/span><span style=\"font-weight: 400;\">)<\/span><\/td>\n<td><span style=\"font-weight: 400;\">Integra habilidades ling\u00fc\u00edsticas con proyectos pr\u00e1cticos (peri\u00f3dicos, teatro).<\/span><\/td>\n<\/tr>\n<tr>\n<td><span style=\"text-decoration: underline;\"><strong><a href=\"https:\/\/www.vocaeditorial.com\/blog\/aula-invertida\/\" target=\"_blank\" rel=\"noopener\">Aula invertida<\/a><\/strong><\/span><\/td>\n<td><span style=\"font-weight: 400;\">Fomenta un aprendizaje activo al dedicar la clase a actividades pr\u00e1cticas.<\/span><\/td>\n<\/tr>\n<tr>\n<td><span style=\"text-decoration: underline;\"><a href=\"https:\/\/www.vocaeditorial.com\/blog\/ejemplos-de-gamificacion-en-el-aula-de-primaria\/\" target=\"_blank\" rel=\"noopener\"><strong>Gamificaci\u00f3n<\/strong><\/a><\/span><\/td>\n<td><span style=\"font-weight: 400;\">Motiva al aprendizaje con sistemas de puntos, niveles y retos ling\u00fc\u00edsticos.<\/span><\/td>\n<\/tr>\n<\/tbody>\n<\/table>\n<p><span style=\"font-weight: 400;\">La did\u00e1ctica de la Lengua en Educaci\u00f3n Primaria y secundaria se basa en un enfoque integrador y pr\u00e1ctico. Incorporar estrategias espec\u00edficas y metodolog\u00edas innovadoras no solo mejora las habilidades ling\u00fc\u00edsticas, sino que tambi\u00e9n fomenta un aprendizaje significativo y motivador.<\/span><\/p>\n","protected":false},"excerpt":{"rendered":"<p>Las competencias ling\u00fc\u00edsticas son la base del \u00e9xito educativo. Hablamos de la did\u00e1ctica de la Lengua en Educaci\u00f3n Primaria.<\/p>\n","protected":false},"author":49,"featured_media":8620,"comment_status":"closed","ping_status":"closed","sticky":false,"template":"","format":"standard","meta":{"content-type":"","inline_featured_image":false,"_jetpack_memberships_contains_paid_content":false,"footnotes":""},"tags":[623,653,694],"class_list":["post-8637","post","type-post","status-publish","format-standard","has-post-thumbnail","hentry","category-comprension-lectora","tag-formacion-docente","tag-primaria","tag-lengua-castellana-y-literatura"],"yoast_head":"<!-- This site is optimized with the Yoast SEO plugin v26.6 - https:\/\/yoast.com\/wordpress\/plugins\/seo\/ -->\n<title>Did\u00e1ctica de la Lengua en Educaci\u00f3n Primaria: estrategias y competencias<\/title>\n<meta name=\"description\" content=\"Las competencias ling\u00fc\u00edsticas son la base del \u00e9xito educativo. Hablamos de la did\u00e1ctica de la Lengua en Educaci\u00f3n Primaria.\" \/>\n<meta name=\"robots\" content=\"index, follow, max-snippet:-1, max-image-preview:large, max-video-preview:-1\" \/>\n<link rel=\"canonical\" href=\"https:\/\/www.vocaeditorial.com\/blog\/didactica-de-la-lengua-en-educacion-primaria\/\" \/>\n<meta property=\"og:locale\" content=\"es_ES\" \/>\n<meta property=\"og:type\" content=\"article\" \/>\n<meta property=\"og:title\" content=\"Did\u00e1ctica de la Lengua en Educaci\u00f3n Primaria: estrategias y competencias\" \/>\n<meta property=\"og:description\" content=\"Las competencias ling\u00fc\u00edsticas son la base del \u00e9xito educativo. Hablamos de la did\u00e1ctica de la Lengua en Educaci\u00f3n Primaria.\" \/>\n<meta property=\"og:url\" content=\"https:\/\/www.vocaeditorial.com\/blog\/didactica-de-la-lengua-en-educacion-primaria\/\" \/>\n<meta property=\"og:site_name\" content=\"Voca Editorial\" \/>\n<meta property=\"article:published_time\" content=\"2025-05-27T13:00:33+00:00\" \/>\n<meta property=\"og:image\" content=\"https:\/\/www.vocaeditorial.com\/blog\/media\/didactica-de-la-lengua-en-educacion-primaria-scaled.jpeg\" \/>\n\t<meta property=\"og:image:width\" content=\"2560\" \/>\n\t<meta property=\"og:image:height\" content=\"1761\" \/>\n\t<meta property=\"og:image:type\" content=\"image\/jpeg\" \/>\n<meta name=\"author\" content=\"VOCA Editorial\" \/>\n<meta name=\"twitter:card\" content=\"summary_large_image\" \/>\n<meta name=\"twitter:label1\" content=\"Escrito por\" \/>\n\t<meta name=\"twitter:data1\" content=\"VOCA Editorial\" \/>\n\t<meta name=\"twitter:label2\" content=\"Tiempo de lectura\" \/>\n\t<meta name=\"twitter:data2\" content=\"5 minutos\" \/>\n<script type=\"application\/ld+json\" class=\"yoast-schema-graph\">{\"@context\":\"https:\/\/schema.org\",\"@graph\":[{\"@type\":\"WebPage\",\"@id\":\"https:\/\/www.vocaeditorial.com\/blog\/didactica-de-la-lengua-en-educacion-primaria\/\",\"url\":\"https:\/\/www.vocaeditorial.com\/blog\/didactica-de-la-lengua-en-educacion-primaria\/\",\"name\":\"Did\u00e1ctica de la Lengua en Educaci\u00f3n Primaria: estrategias y competencias\",\"isPartOf\":{\"@id\":\"https:\/\/www.vocaeditorial.com\/blog\/#website\"},\"primaryImageOfPage\":{\"@id\":\"https:\/\/www.vocaeditorial.com\/blog\/didactica-de-la-lengua-en-educacion-primaria\/#primaryimage\"},\"image\":{\"@id\":\"https:\/\/www.vocaeditorial.com\/blog\/didactica-de-la-lengua-en-educacion-primaria\/#primaryimage\"},\"thumbnailUrl\":\"https:\/\/www.vocaeditorial.com\/blog\/media\/didactica-de-la-lengua-en-educacion-primaria-scaled.jpeg\",\"datePublished\":\"2025-05-27T13:00:33+00:00\",\"author\":{\"@id\":\"https:\/\/www.vocaeditorial.com\/blog\/#\/schema\/person\/72fba3d6c8a26fba0fee3107fda03438\"},\"description\":\"Las competencias ling\u00fc\u00edsticas son la base del \u00e9xito educativo. Hablamos de la did\u00e1ctica de la Lengua en Educaci\u00f3n Primaria.\",\"breadcrumb\":{\"@id\":\"https:\/\/www.vocaeditorial.com\/blog\/didactica-de-la-lengua-en-educacion-primaria\/#breadcrumb\"},\"inLanguage\":\"es\",\"potentialAction\":[{\"@type\":\"ReadAction\",\"target\":[\"https:\/\/www.vocaeditorial.com\/blog\/didactica-de-la-lengua-en-educacion-primaria\/\"]}]},{\"@type\":\"ImageObject\",\"inLanguage\":\"es\",\"@id\":\"https:\/\/www.vocaeditorial.com\/blog\/didactica-de-la-lengua-en-educacion-primaria\/#primaryimage\",\"url\":\"https:\/\/www.vocaeditorial.com\/blog\/media\/didactica-de-la-lengua-en-educacion-primaria-scaled.jpeg\",\"contentUrl\":\"https:\/\/www.vocaeditorial.com\/blog\/media\/didactica-de-la-lengua-en-educacion-primaria-scaled.jpeg\",\"width\":2560,\"height\":1761,\"caption\":\"didactica de la lengua en educaci\u00f3n primaria\"},{\"@type\":\"BreadcrumbList\",\"@id\":\"https:\/\/www.vocaeditorial.com\/blog\/didactica-de-la-lengua-en-educacion-primaria\/#breadcrumb\",\"itemListElement\":[{\"@type\":\"ListItem\",\"position\":1,\"name\":\"Portada\",\"item\":\"https:\/\/www.vocaeditorial.com\/blog\/\"},{\"@type\":\"ListItem\",\"position\":2,\"name\":\"Did\u00e1ctica de la Lengua en Educaci\u00f3n Primaria: estrategias y competencias\"}]},{\"@type\":\"WebSite\",\"@id\":\"https:\/\/www.vocaeditorial.com\/blog\/#website\",\"url\":\"https:\/\/www.vocaeditorial.com\/blog\/\",\"name\":\"Voca Editorial\",\"description\":\"\",\"potentialAction\":[{\"@type\":\"SearchAction\",\"target\":{\"@type\":\"EntryPoint\",\"urlTemplate\":\"https:\/\/www.vocaeditorial.com\/blog\/?s={search_term_string}\"},\"query-input\":{\"@type\":\"PropertyValueSpecification\",\"valueRequired\":true,\"valueName\":\"search_term_string\"}}],\"inLanguage\":\"es\"},{\"@type\":\"Person\",\"@id\":\"https:\/\/www.vocaeditorial.com\/blog\/#\/schema\/person\/72fba3d6c8a26fba0fee3107fda03438\",\"name\":\"VOCA Editorial\",\"image\":{\"@type\":\"ImageObject\",\"inLanguage\":\"es\",\"@id\":\"https:\/\/www.vocaeditorial.com\/blog\/#\/schema\/person\/image\/\",\"url\":\"https:\/\/secure.gravatar.com\/avatar\/137e7a09ea636684fcf1595563ff145c113f07116d7a29acedf3e545ab378ca3?s=96&d=mm&r=g\",\"contentUrl\":\"https:\/\/secure.gravatar.com\/avatar\/137e7a09ea636684fcf1595563ff145c113f07116d7a29acedf3e545ab378ca3?s=96&d=mm&r=g\",\"caption\":\"VOCA Editorial\"},\"url\":\"https:\/\/www.vocaeditorial.com\/blog\/author\/voca-editorial\/\"}]}<\/script>\n<!-- \/ Yoast SEO plugin. -->","yoast_head_json":{"title":"Did\u00e1ctica de la Lengua en Educaci\u00f3n Primaria: estrategias y competencias","description":"Las competencias ling\u00fc\u00edsticas son la base del \u00e9xito educativo. Hablamos de la did\u00e1ctica de la Lengua en Educaci\u00f3n Primaria.","robots":{"index":"index","follow":"follow","max-snippet":"max-snippet:-1","max-image-preview":"max-image-preview:large","max-video-preview":"max-video-preview:-1"},"canonical":"https:\/\/www.vocaeditorial.com\/blog\/didactica-de-la-lengua-en-educacion-primaria\/","og_locale":"es_ES","og_type":"article","og_title":"Did\u00e1ctica de la Lengua en Educaci\u00f3n Primaria: estrategias y competencias","og_description":"Las competencias ling\u00fc\u00edsticas son la base del \u00e9xito educativo. Hablamos de la did\u00e1ctica de la Lengua en Educaci\u00f3n Primaria.","og_url":"https:\/\/www.vocaeditorial.com\/blog\/didactica-de-la-lengua-en-educacion-primaria\/","og_site_name":"Voca Editorial","article_published_time":"2025-05-27T13:00:33+00:00","og_image":[{"width":2560,"height":1761,"url":"https:\/\/www.vocaeditorial.com\/blog\/media\/didactica-de-la-lengua-en-educacion-primaria-scaled.jpeg","type":"image\/jpeg"}],"author":"VOCA Editorial","twitter_card":"summary_large_image","twitter_misc":{"Escrito por":"VOCA Editorial","Tiempo de lectura":"5 minutos"},"schema":{"@context":"https:\/\/schema.org","@graph":[{"@type":"WebPage","@id":"https:\/\/www.vocaeditorial.com\/blog\/didactica-de-la-lengua-en-educacion-primaria\/","url":"https:\/\/www.vocaeditorial.com\/blog\/didactica-de-la-lengua-en-educacion-primaria\/","name":"Did\u00e1ctica de la Lengua en Educaci\u00f3n Primaria: estrategias y competencias","isPartOf":{"@id":"https:\/\/www.vocaeditorial.com\/blog\/#website"},"primaryImageOfPage":{"@id":"https:\/\/www.vocaeditorial.com\/blog\/didactica-de-la-lengua-en-educacion-primaria\/#primaryimage"},"image":{"@id":"https:\/\/www.vocaeditorial.com\/blog\/didactica-de-la-lengua-en-educacion-primaria\/#primaryimage"},"thumbnailUrl":"https:\/\/www.vocaeditorial.com\/blog\/media\/didactica-de-la-lengua-en-educacion-primaria-scaled.jpeg","datePublished":"2025-05-27T13:00:33+00:00","author":{"@id":"https:\/\/www.vocaeditorial.com\/blog\/#\/schema\/person\/72fba3d6c8a26fba0fee3107fda03438"},"description":"Las competencias ling\u00fc\u00edsticas son la base del \u00e9xito educativo. Hablamos de la did\u00e1ctica de la Lengua en Educaci\u00f3n Primaria.","breadcrumb":{"@id":"https:\/\/www.vocaeditorial.com\/blog\/didactica-de-la-lengua-en-educacion-primaria\/#breadcrumb"},"inLanguage":"es","potentialAction":[{"@type":"ReadAction","target":["https:\/\/www.vocaeditorial.com\/blog\/didactica-de-la-lengua-en-educacion-primaria\/"]}]},{"@type":"ImageObject","inLanguage":"es","@id":"https:\/\/www.vocaeditorial.com\/blog\/didactica-de-la-lengua-en-educacion-primaria\/#primaryimage","url":"https:\/\/www.vocaeditorial.com\/blog\/media\/didactica-de-la-lengua-en-educacion-primaria-scaled.jpeg","contentUrl":"https:\/\/www.vocaeditorial.com\/blog\/media\/didactica-de-la-lengua-en-educacion-primaria-scaled.jpeg","width":2560,"height":1761,"caption":"didactica de la lengua en educaci\u00f3n primaria"},{"@type":"BreadcrumbList","@id":"https:\/\/www.vocaeditorial.com\/blog\/didactica-de-la-lengua-en-educacion-primaria\/#breadcrumb","itemListElement":[{"@type":"ListItem","position":1,"name":"Portada","item":"https:\/\/www.vocaeditorial.com\/blog\/"},{"@type":"ListItem","position":2,"name":"Did\u00e1ctica de la Lengua en Educaci\u00f3n Primaria: estrategias y competencias"}]},{"@type":"WebSite","@id":"https:\/\/www.vocaeditorial.com\/blog\/#website","url":"https:\/\/www.vocaeditorial.com\/blog\/","name":"Voca Editorial","description":"","potentialAction":[{"@type":"SearchAction","target":{"@type":"EntryPoint","urlTemplate":"https:\/\/www.vocaeditorial.com\/blog\/?s={search_term_string}"},"query-input":{"@type":"PropertyValueSpecification","valueRequired":true,"valueName":"search_term_string"}}],"inLanguage":"es"},{"@type":"Person","@id":"https:\/\/www.vocaeditorial.com\/blog\/#\/schema\/person\/72fba3d6c8a26fba0fee3107fda03438","name":"VOCA Editorial","image":{"@type":"ImageObject","inLanguage":"es","@id":"https:\/\/www.vocaeditorial.com\/blog\/#\/schema\/person\/image\/","url":"https:\/\/secure.gravatar.com\/avatar\/137e7a09ea636684fcf1595563ff145c113f07116d7a29acedf3e545ab378ca3?s=96&d=mm&r=g","contentUrl":"https:\/\/secure.gravatar.com\/avatar\/137e7a09ea636684fcf1595563ff145c113f07116d7a29acedf3e545ab378ca3?s=96&d=mm&r=g","caption":"VOCA Editorial"},"url":"https:\/\/www.vocaeditorial.com\/blog\/author\/voca-editorial\/"}]}},"jetpack_featured_media_url":"https:\/\/www.vocaeditorial.com\/blog\/media\/didactica-de-la-lengua-en-educacion-primaria-scaled.jpeg","jetpack_sharing_enabled":true,"_links":{"self":[{"href":"https:\/\/www.vocaeditorial.com\/blog\/wp-json\/wp\/v2\/posts\/8637","targetHints":{"allow":["GET"]}}],"collection":[{"href":"https:\/\/www.vocaeditorial.com\/blog\/wp-json\/wp\/v2\/posts"}],"about":[{"href":"https:\/\/www.vocaeditorial.com\/blog\/wp-json\/wp\/v2\/types\/post"}],"author":[{"embeddable":true,"href":"https:\/\/www.vocaeditorial.com\/blog\/wp-json\/wp\/v2\/users\/49"}],"replies":[{"embeddable":true,"href":"https:\/\/www.vocaeditorial.com\/blog\/wp-json\/wp\/v2\/comments?post=8637"}],"version-history":[{"count":0,"href":"https:\/\/www.vocaeditorial.com\/blog\/wp-json\/wp\/v2\/posts\/8637\/revisions"}],"wp:featuredmedia":[{"embeddable":true,"href":"https:\/\/www.vocaeditorial.com\/blog\/wp-json\/wp\/v2\/media\/8620"}],"wp:attachment":[{"href":"https:\/\/www.vocaeditorial.com\/blog\/wp-json\/wp\/v2\/media?parent=8637"}],"wp:term":[{"taxonomy":"post_tag","embeddable":true,"href":"https:\/\/www.vocaeditorial.com\/blog\/wp-json\/wp\/v2\/tags?post=8637"}],"curies":[{"name":"wp","href":"https:\/\/api.w.org\/{rel}","templated":true}]}}