{"id":8631,"date":"2025-05-08T15:00:16","date_gmt":"2025-05-08T13:00:16","guid":{"rendered":"https:\/\/www.vocaeditorial.com\/blog\/?p=8631"},"modified":"2025-05-01T11:48:40","modified_gmt":"2025-05-01T09:48:40","slug":"convenio-de-educacion-infantil","status":"publish","type":"post","link":"https:\/\/www.vocaeditorial.com\/blog\/convenio-de-educacion-infantil\/","title":{"rendered":"Convenio de educaci\u00f3n infantil: nueva etapa para el sector privado"},"content":{"rendered":"<p><span style=\"font-weight: 400;\">Si eres maestro de Infantil, sin duda, esta noticia te interesa. Y es que en marzo de 2025 se firm\u00f3 el nuevo convenio de Educaci\u00f3n Infantil en Espa\u00f1a. Aunque no hay cambios estructurales, te interesar\u00e1 conocer las diferencias entre Comunidades Aut\u00f3nomas y las actualizaciones salariales, \u00bfno?<\/span><\/p>\n\n<p><span data-sheets-root=\"1\">[CtaModule cta_item=\u00bb6796&#8243;]<\/span><\/p>\n<p>&nbsp;<\/p>\n<h2><strong><span style=\"color: #ffa341;\">Novedades del XIII Convenio de Educaci\u00f3n Infantil (2025\u20132027)<\/span><\/strong><\/h2>\n<p><span style=\"font-weight: 400;\">As\u00ed, es, en marzo de 2025, se firm\u00f3 el <\/span><span style=\"text-decoration: underline;\"><a href=\"https:\/\/www.fsie.es\/documentos\/ficheros\/CONVENIOS\/Infantil\/C_J_CONVENIO_PARA_FIRMA_05.03.2025.pdf\" target=\"_blank\" rel=\"noopener\"><b>XIII Convenio Colectivo de Centros de Asistencia y Educaci\u00f3n Infantil<\/b><\/a><\/span><span style=\"font-weight: 400;\">. Tras m\u00e1s de tres a\u00f1os de negociaciones entre patronales (ACADE, CECE, EyG, FENACEIN, ALIC) y sindicatos (UGT, FSIE, USO), ya puedes encontrar toda la informaci\u00f3n.<\/span><\/p>\n<p><span style=\"font-weight: 400;\">En resumen, como imaginas, el acuerdo busca <\/span><span style=\"text-decoration: underline;\"><a href=\"https:\/\/educacionprivada.org\/sectorial-infantil\/2025-03-05\/55214?utm_source=chatgpt.com\" target=\"_blank\" rel=\"noopener\"><b>mejorar las condiciones laborales y salariales<\/b><\/a><\/span><span style=\"font-weight: 400;\"> del personal docente y no docente en centros privados y de gesti\u00f3n indirecta. Pero vamos a ver los detalles:<\/span><\/p>\n<ul>\n<li style=\"font-weight: 400;\" aria-level=\"1\"><b>Vigencia<\/b><span style=\"font-weight: 400;\">: Desde enero de 2025 hasta diciembre de 2027.<\/span><\/li>\n<li style=\"font-weight: 400;\" aria-level=\"1\"><b>Actualizaciones salariales<\/b><span style=\"font-weight: 400;\">:<\/span><\/li>\n<\/ul>\n<table>\n<tbody>\n<tr>\n<td><b>EMPLEO<\/b><\/td>\n<td><b>ENERO 2025<\/b><\/td>\n<td><b>SEPTIEMBRE 2025<\/b><\/td>\n<td><b>SEPTIEMBRE 2026<\/b><\/td>\n<\/tr>\n<tr>\n<td><i><span style=\"font-weight: 400;\">Educadores infantiles<\/span><\/i><\/td>\n<td><span style=\"font-weight: 400;\">1.200\u202f\u20ac\/mes<\/span><\/td>\n<td><span style=\"font-weight: 400;\">1.245\u202f\u20ac\/mes<\/span><\/td>\n<td><span style=\"font-weight: 400;\">1.275\u202f\u20ac\/mes<\/span><\/td>\n<\/tr>\n<tr>\n<td><i><span style=\"font-weight: 400;\">Maestros<\/span><\/i><\/td>\n<td><span style=\"font-weight: 400;\">1.550\u202f\u20ac\/mes<\/span><\/td>\n<td><span style=\"font-weight: 400;\">1.580\u202f\u20ac\/mes<\/span><\/td>\n<td><span style=\"font-weight: 400;\">1.600\u202f\u20ac\/mes<\/span><\/td>\n<\/tr>\n<tr>\n<td><i><span style=\"font-weight: 400;\">Personal de servicios complementarios<\/span><\/i><\/td>\n<td><span style=\"font-weight: 400;\">1.510\u202f\u20ac\/mes<\/span><\/td>\n<td><span style=\"font-weight: 400;\">1.535\u202f\u20ac\/mes<\/span><\/td>\n<td><span style=\"font-weight: 400;\">1.565\u202f\u20ac\/mes<\/span><\/td>\n<\/tr>\n<\/tbody>\n<\/table>\n<ul>\n<li style=\"list-style-type: none;\">\n<ul>\n<li style=\"font-weight: 400;\" aria-level=\"2\"><i><span style=\"font-weight: 400;\">Auxiliares de apoyo y personal de administraci\u00f3n y servicios<\/span><\/i><span style=\"font-weight: 400;\">: Salario conforme al SMI vigente.<\/span><\/li>\n<li style=\"font-weight: 400;\" aria-level=\"2\"><i><span style=\"font-weight: 400;\">Cargos directivos temporales<\/span><\/i><span style=\"font-weight: 400;\">: Salario base m\u00e1s un complemento mensual (25\u202f\u20ac en enero 2025, 35\u202f\u20ac en septiembre 2025, 40\u202f\u20ac en septiembre 2026).<\/span><\/li>\n<\/ul>\n<\/li>\n<li style=\"font-weight: 400;\" aria-level=\"2\"><b>Complemento de Perfeccionamiento Profesional (CPP)<\/b><span style=\"font-weight: 400;\">. Por su parte, supone un incremento del 4 % en todas las categor\u00edas.<\/span><\/li>\n<li style=\"font-weight: 400;\" aria-level=\"2\"><b>Centros de gesti\u00f3n indirecta<\/b><span style=\"font-weight: 400;\">:<\/span>\n<ul>\n<li style=\"font-weight: 400;\" aria-level=\"2\"><span style=\"font-weight: 400;\">Aplicaci\u00f3n de<\/span><b> tablas salariales diferenciadas<\/b><span style=\"font-weight: 400;\"> seg\u00fan la situaci\u00f3n contractual con la Administraci\u00f3n.<\/span><\/li>\n<li style=\"font-weight: 400;\" aria-level=\"2\"><span style=\"font-weight: 400;\">Convergencia de tablas prevista para el curso<\/span><b> 2028\u20132029<\/b><span style=\"font-weight: 400;\">.<\/span><\/li>\n<li style=\"font-weight: 400;\" aria-level=\"2\"><b>Cl\u00e1usula de descuelgue espec\u00edfica<\/b><span style=\"font-weight: 400;\"> para casos donde la financiaci\u00f3n p\u00fablica no cubra los incrementos salariales.\u200b<\/span><span style=\"font-weight: 400;\"><br \/>\n<\/span><\/li>\n<\/ul>\n<\/li>\n<\/ul>\n<p>&nbsp;<\/p>\n<h2><span style=\"color: #ffa341;\"><strong>Diferencias con el convenio de Educaci\u00f3n Infantil anterior (2029-2021)<\/strong><\/span><\/h2>\n<p><span style=\"font-weight: 400;\">Por otra parte, adem\u00e1s de las novedades, resulta muy \u00fatil compararlo con el convenio anterior. Es decir, el XII Convenio, firmado en 2019.\u00a0<\/span><\/p>\n<ol>\n<li style=\"font-weight: 400;\" aria-level=\"1\"><span style=\"font-weight: 400;\">En primer lugar, entonces se establecieron los primeros <\/span><b>aumentos salariales <\/b><span style=\"font-weight: 400;\">desde hac\u00eda siete a\u00f1os.\u00a0<\/span><\/li>\n<li style=\"font-weight: 400;\" aria-level=\"1\"><span style=\"font-weight: 400;\">Adem\u00e1s, se acord\u00f3 <\/span><b>evitar la absorci\u00f3n de complementos<\/b><span style=\"font-weight: 400;\"> hasta alcanzar los 900\u202f\u20ac\/mes<\/span><\/li>\n<li style=\"font-weight: 400;\" aria-level=\"1\"><span style=\"font-weight: 400;\">Y tambi\u00e9n <\/span><b>se bloquearon algunas <\/b><span style=\"text-decoration: underline;\"><a href=\"https:\/\/www.magisnet.com\/2019\/05\/el-xii-convenio-de-infantil-acaba-con-siete-anos-de-congelacion-salarial\/?utm_source=chatgpt.com\" target=\"_blank\" rel=\"noopener\"><b>propuestas patronales<\/b><\/a><\/span><span style=\"font-weight: 400;\"> que pretend\u00edan modificar la jornada laboral y reducir d\u00edas de vacaciones.\u200b<\/span><\/li>\n<li style=\"font-weight: 400;\" aria-level=\"1\"><span style=\"font-weight: 400;\">Por todo ello, el nuevo convenio aplica los incrementos salariales <strong>a tres a\u00f1os vista<\/strong>.\u00a0<\/span><\/li>\n<li style=\"font-weight: 400;\" aria-level=\"1\"><span style=\"font-weight: 400;\">Por \u00faltimo, ha establecido unas condiciones laborales que <strong>se adaptan a la realidad de los centros<\/strong>, en especial, los de gesti\u00f3n indirecta.\u00a0<\/span><\/li>\n<\/ol>\n<p>&nbsp;<\/p>\n<p><span data-sheets-root=\"1\">[CtaModule cta_item=\u00bb5415&#8243;]<\/span><\/p>\n<h2><strong><span style=\"color: #ffa341;\">Diferencias por comunidad aut\u00f3noma<\/span><\/strong><\/h2>\n<p><span style=\"font-weight: 400;\">Aunque el XIII Convenio Colectivo establece una base com\u00fan para todos los centros privados y de gesti\u00f3n indirecta de Espa\u00f1a, <\/span><b>las particularidades de cada comunidad aut\u00f3noma afectan su implementaci\u00f3n<\/b><span style=\"font-weight: 400;\">. Todo esto debido a factores como la financiaci\u00f3n p\u00fablica, las pol\u00edticas educativas y las caracter\u00edsticas del tejido educativo en cada regi\u00f3n.<\/span><\/p>\n<p><span style=\"font-weight: 400;\">As\u00ed que vamos a ver en esta tabla <\/span><b>comparativa las diferencias<\/b><span style=\"font-weight: 400;\"> que distinguen la <span style=\"text-decoration: underline;\"><a href=\"https:\/\/www.vocaeditorial.com\/blog\/aula-de-educacion-infantil\/\" target=\"_blank\" rel=\"noopener\"><strong>Educaci\u00f3n Infantil<\/strong><\/a><\/span> en las principales comunidades aut\u00f3nomas.<\/span><\/p>\n<table>\n<tbody>\n<tr>\n<td><b>Comunidad<\/b><\/td>\n<td><b>Caracter\u00edsticas principales<\/b><\/td>\n<td><b>Retos<\/b><\/td>\n<\/tr>\n<tr>\n<td><span style=\"font-weight: 400;\">Andaluc\u00eda<\/span><\/td>\n<td><span style=\"font-weight: 400;\">Subvenciones p\u00fablicas importantes; gesti\u00f3n indirecta amplia<\/span><\/td>\n<td><span style=\"font-weight: 400;\">Falta de subida paralela en las subvenciones.<\/span><\/td>\n<\/tr>\n<tr>\n<td><span style=\"font-weight: 400;\">Catalu\u00f1a<\/span><\/td>\n<td><span style=\"font-weight: 400;\">Centros concertados y cooperativos; uso del catal\u00e1n como lengua vehicular.<\/span><\/td>\n<td><span style=\"font-weight: 400;\">Ajuste salarial m\u00e1s complejo en centros no cooperativos.<\/span><\/td>\n<\/tr>\n<tr>\n<td><span style=\"font-weight: 400;\">Madrid<\/span><\/td>\n<td><span style=\"font-weight: 400;\">L\u00edder en gesti\u00f3n indirecta.<\/span><\/td>\n<td><span style=\"font-weight: 400;\">Desigualdad salarial entre tipos de centros.<\/span><\/td>\n<\/tr>\n<tr>\n<td><span style=\"font-weight: 400;\">Comunidad Valenciana<\/span><\/td>\n<td><span style=\"font-weight: 400;\">Gratuidad en 2-3 a\u00f1os que reduce ingresos privados.<\/span><\/td>\n<td><span style=\"font-weight: 400;\">Centros peque\u00f1os con menor capacidad para asumir incrementos.<\/span><\/td>\n<\/tr>\n<tr>\n<td><span style=\"font-weight: 400;\">Galicia<\/span><\/td>\n<td><span style=\"font-weight: 400;\">Apoyo p\u00fablico a la red de gesti\u00f3n indirecta.<\/span><\/td>\n<td><span style=\"font-weight: 400;\">Dependencia de la Xunta para ajustes salariales.<\/span><\/td>\n<\/tr>\n<tr>\n<td><span style=\"font-weight: 400;\">Pa\u00eds Vasco<\/span><\/td>\n<td><span style=\"font-weight: 400;\">Alta financiaci\u00f3n p\u00fablica; uso del vasco.<\/span><\/td>\n<td><span style=\"font-weight: 400;\">Incrementos salariales m\u00e1s r\u00e1pidos, pero con menor flexibilidad en negociaciones internas.<\/span><\/td>\n<\/tr>\n<tr>\n<td><span style=\"font-weight: 400;\">Extremadura<\/span><\/td>\n<td><span style=\"font-weight: 400;\">Centros peque\u00f1os y rurales.<\/span><\/td>\n<td><span style=\"font-weight: 400;\">Dificultades econ\u00f3micas y dependencia de cuotas familiares.<\/span><\/td>\n<\/tr>\n<tr>\n<td><span style=\"font-weight: 400;\">Castilla y Le\u00f3n<\/span><\/td>\n<td><span style=\"font-weight: 400;\">Contexto rural.<\/span><\/td>\n<td><span style=\"font-weight: 400;\">La escasez de alumnado afecta la viabilidad de implementar mejoras salariales.<\/span><\/td>\n<\/tr>\n<tr>\n<td><span style=\"font-weight: 400;\">Islas Baleares\/Canarias<\/span><\/td>\n<td><span style=\"font-weight: 400;\">Costes de vida elevados; insularidad.<\/span><\/td>\n<td><span style=\"font-weight: 400;\">Necesidad de complementos espec\u00edficos y mayores subvenciones p\u00fablicas.<\/span><\/td>\n<\/tr>\n<\/tbody>\n<\/table>\n<p><span style=\"font-weight: 400;\">En definitiva, el nuevo Convenio Colectivo de Educaci\u00f3n Infantil representa un paso significativo hacia la mejora de las condiciones laborales y salariales en el sector privado y de gesti\u00f3n indirecta. As\u00ed que para ti, maestro, es esencial conocerlas para poder aplicarlas en funci\u00f3n de tu comunidad aut\u00f3noma.<\/span><\/p>\n","protected":false},"excerpt":{"rendered":"<p>Aumento salarial, vigencia hasta 2027, acuerdos con las patronales&#8230; As\u00ed es el nuevo convenio de Educaci\u00f3n Infantil en Espa\u00f1a.<\/p>\n","protected":false},"author":49,"featured_media":8616,"comment_status":"closed","ping_status":"closed","sticky":false,"template":"","format":"standard","meta":{"content-type":"","inline_featured_image":false,"_jetpack_memberships_contains_paid_content":false,"footnotes":""},"tags":[612,623],"class_list":["post-8631","post","type-post","status-publish","format-standard","has-post-thumbnail","hentry","category-cuentos-infantiles","tag-educacion-infantil","tag-formacion-docente"],"yoast_head":"<!-- This site is optimized with the Yoast SEO plugin v26.6 - https:\/\/yoast.com\/wordpress\/plugins\/seo\/ -->\n<title>Convenio de educaci\u00f3n infantil: nueva etapa para el sector privado - VOCA<\/title>\n<meta name=\"description\" content=\"Aumento salarial, vigencia hasta 2027, acuerdos con las patronales... As\u00ed es el nuevo convenio de Educaci\u00f3n Infantil en Espa\u00f1a.\" \/>\n<meta name=\"robots\" content=\"index, follow, max-snippet:-1, max-image-preview:large, max-video-preview:-1\" \/>\n<link rel=\"canonical\" href=\"https:\/\/www.vocaeditorial.com\/blog\/convenio-de-educacion-infantil\/\" \/>\n<meta property=\"og:locale\" content=\"es_ES\" \/>\n<meta property=\"og:type\" content=\"article\" \/>\n<meta property=\"og:title\" content=\"Convenio de educaci\u00f3n infantil: nueva etapa para el sector privado - VOCA\" \/>\n<meta property=\"og:description\" content=\"Aumento salarial, vigencia hasta 2027, acuerdos con las patronales... As\u00ed es el nuevo convenio de Educaci\u00f3n Infantil en Espa\u00f1a.\" \/>\n<meta property=\"og:url\" content=\"https:\/\/www.vocaeditorial.com\/blog\/convenio-de-educacion-infantil\/\" \/>\n<meta property=\"og:site_name\" content=\"Voca Editorial\" \/>\n<meta property=\"article:published_time\" content=\"2025-05-08T13:00:16+00:00\" \/>\n<meta property=\"og:image\" content=\"https:\/\/www.vocaeditorial.com\/blog\/media\/convenio-de-educacion-infantil-scaled.jpg\" \/>\n\t<meta property=\"og:image:width\" content=\"2560\" \/>\n\t<meta property=\"og:image:height\" content=\"1707\" \/>\n\t<meta property=\"og:image:type\" content=\"image\/jpeg\" \/>\n<meta name=\"author\" content=\"VOCA Editorial\" \/>\n<meta name=\"twitter:card\" content=\"summary_large_image\" \/>\n<meta name=\"twitter:label1\" content=\"Escrito por\" \/>\n\t<meta name=\"twitter:data1\" content=\"VOCA Editorial\" \/>\n\t<meta name=\"twitter:label2\" content=\"Tiempo de lectura\" \/>\n\t<meta name=\"twitter:data2\" content=\"3 minutos\" \/>\n<script type=\"application\/ld+json\" class=\"yoast-schema-graph\">{\"@context\":\"https:\/\/schema.org\",\"@graph\":[{\"@type\":\"WebPage\",\"@id\":\"https:\/\/www.vocaeditorial.com\/blog\/convenio-de-educacion-infantil\/\",\"url\":\"https:\/\/www.vocaeditorial.com\/blog\/convenio-de-educacion-infantil\/\",\"name\":\"Convenio de educaci\u00f3n infantil: nueva etapa para el sector privado - VOCA\",\"isPartOf\":{\"@id\":\"https:\/\/www.vocaeditorial.com\/blog\/#website\"},\"primaryImageOfPage\":{\"@id\":\"https:\/\/www.vocaeditorial.com\/blog\/convenio-de-educacion-infantil\/#primaryimage\"},\"image\":{\"@id\":\"https:\/\/www.vocaeditorial.com\/blog\/convenio-de-educacion-infantil\/#primaryimage\"},\"thumbnailUrl\":\"https:\/\/www.vocaeditorial.com\/blog\/media\/convenio-de-educacion-infantil-scaled.jpg\",\"datePublished\":\"2025-05-08T13:00:16+00:00\",\"author\":{\"@id\":\"https:\/\/www.vocaeditorial.com\/blog\/#\/schema\/person\/72fba3d6c8a26fba0fee3107fda03438\"},\"description\":\"Aumento salarial, vigencia hasta 2027, acuerdos con las patronales... As\u00ed es el nuevo convenio de Educaci\u00f3n Infantil en Espa\u00f1a.\",\"breadcrumb\":{\"@id\":\"https:\/\/www.vocaeditorial.com\/blog\/convenio-de-educacion-infantil\/#breadcrumb\"},\"inLanguage\":\"es\",\"potentialAction\":[{\"@type\":\"ReadAction\",\"target\":[\"https:\/\/www.vocaeditorial.com\/blog\/convenio-de-educacion-infantil\/\"]}]},{\"@type\":\"ImageObject\",\"inLanguage\":\"es\",\"@id\":\"https:\/\/www.vocaeditorial.com\/blog\/convenio-de-educacion-infantil\/#primaryimage\",\"url\":\"https:\/\/www.vocaeditorial.com\/blog\/media\/convenio-de-educacion-infantil-scaled.jpg\",\"contentUrl\":\"https:\/\/www.vocaeditorial.com\/blog\/media\/convenio-de-educacion-infantil-scaled.jpg\",\"width\":2560,\"height\":1707,\"caption\":\"convenio de educaci\u00f3n infantil\"},{\"@type\":\"BreadcrumbList\",\"@id\":\"https:\/\/www.vocaeditorial.com\/blog\/convenio-de-educacion-infantil\/#breadcrumb\",\"itemListElement\":[{\"@type\":\"ListItem\",\"position\":1,\"name\":\"Portada\",\"item\":\"https:\/\/www.vocaeditorial.com\/blog\/\"},{\"@type\":\"ListItem\",\"position\":2,\"name\":\"Convenio de educaci\u00f3n infantil: nueva etapa para el sector privado\"}]},{\"@type\":\"WebSite\",\"@id\":\"https:\/\/www.vocaeditorial.com\/blog\/#website\",\"url\":\"https:\/\/www.vocaeditorial.com\/blog\/\",\"name\":\"Voca Editorial\",\"description\":\"\",\"potentialAction\":[{\"@type\":\"SearchAction\",\"target\":{\"@type\":\"EntryPoint\",\"urlTemplate\":\"https:\/\/www.vocaeditorial.com\/blog\/?s={search_term_string}\"},\"query-input\":{\"@type\":\"PropertyValueSpecification\",\"valueRequired\":true,\"valueName\":\"search_term_string\"}}],\"inLanguage\":\"es\"},{\"@type\":\"Person\",\"@id\":\"https:\/\/www.vocaeditorial.com\/blog\/#\/schema\/person\/72fba3d6c8a26fba0fee3107fda03438\",\"name\":\"VOCA Editorial\",\"image\":{\"@type\":\"ImageObject\",\"inLanguage\":\"es\",\"@id\":\"https:\/\/www.vocaeditorial.com\/blog\/#\/schema\/person\/image\/\",\"url\":\"https:\/\/secure.gravatar.com\/avatar\/137e7a09ea636684fcf1595563ff145c113f07116d7a29acedf3e545ab378ca3?s=96&d=mm&r=g\",\"contentUrl\":\"https:\/\/secure.gravatar.com\/avatar\/137e7a09ea636684fcf1595563ff145c113f07116d7a29acedf3e545ab378ca3?s=96&d=mm&r=g\",\"caption\":\"VOCA Editorial\"},\"url\":\"https:\/\/www.vocaeditorial.com\/blog\/author\/voca-editorial\/\"}]}<\/script>\n<!-- \/ Yoast SEO plugin. -->","yoast_head_json":{"title":"Convenio de educaci\u00f3n infantil: nueva etapa para el sector privado - VOCA","description":"Aumento salarial, vigencia hasta 2027, acuerdos con las patronales... As\u00ed es el nuevo convenio de Educaci\u00f3n Infantil en Espa\u00f1a.","robots":{"index":"index","follow":"follow","max-snippet":"max-snippet:-1","max-image-preview":"max-image-preview:large","max-video-preview":"max-video-preview:-1"},"canonical":"https:\/\/www.vocaeditorial.com\/blog\/convenio-de-educacion-infantil\/","og_locale":"es_ES","og_type":"article","og_title":"Convenio de educaci\u00f3n infantil: nueva etapa para el sector privado - VOCA","og_description":"Aumento salarial, vigencia hasta 2027, acuerdos con las patronales... As\u00ed es el nuevo convenio de Educaci\u00f3n Infantil en Espa\u00f1a.","og_url":"https:\/\/www.vocaeditorial.com\/blog\/convenio-de-educacion-infantil\/","og_site_name":"Voca Editorial","article_published_time":"2025-05-08T13:00:16+00:00","og_image":[{"width":2560,"height":1707,"url":"https:\/\/www.vocaeditorial.com\/blog\/media\/convenio-de-educacion-infantil-scaled.jpg","type":"image\/jpeg"}],"author":"VOCA Editorial","twitter_card":"summary_large_image","twitter_misc":{"Escrito por":"VOCA Editorial","Tiempo de lectura":"3 minutos"},"schema":{"@context":"https:\/\/schema.org","@graph":[{"@type":"WebPage","@id":"https:\/\/www.vocaeditorial.com\/blog\/convenio-de-educacion-infantil\/","url":"https:\/\/www.vocaeditorial.com\/blog\/convenio-de-educacion-infantil\/","name":"Convenio de educaci\u00f3n infantil: nueva etapa para el sector privado - VOCA","isPartOf":{"@id":"https:\/\/www.vocaeditorial.com\/blog\/#website"},"primaryImageOfPage":{"@id":"https:\/\/www.vocaeditorial.com\/blog\/convenio-de-educacion-infantil\/#primaryimage"},"image":{"@id":"https:\/\/www.vocaeditorial.com\/blog\/convenio-de-educacion-infantil\/#primaryimage"},"thumbnailUrl":"https:\/\/www.vocaeditorial.com\/blog\/media\/convenio-de-educacion-infantil-scaled.jpg","datePublished":"2025-05-08T13:00:16+00:00","author":{"@id":"https:\/\/www.vocaeditorial.com\/blog\/#\/schema\/person\/72fba3d6c8a26fba0fee3107fda03438"},"description":"Aumento salarial, vigencia hasta 2027, acuerdos con las patronales... As\u00ed es el nuevo convenio de Educaci\u00f3n Infantil en Espa\u00f1a.","breadcrumb":{"@id":"https:\/\/www.vocaeditorial.com\/blog\/convenio-de-educacion-infantil\/#breadcrumb"},"inLanguage":"es","potentialAction":[{"@type":"ReadAction","target":["https:\/\/www.vocaeditorial.com\/blog\/convenio-de-educacion-infantil\/"]}]},{"@type":"ImageObject","inLanguage":"es","@id":"https:\/\/www.vocaeditorial.com\/blog\/convenio-de-educacion-infantil\/#primaryimage","url":"https:\/\/www.vocaeditorial.com\/blog\/media\/convenio-de-educacion-infantil-scaled.jpg","contentUrl":"https:\/\/www.vocaeditorial.com\/blog\/media\/convenio-de-educacion-infantil-scaled.jpg","width":2560,"height":1707,"caption":"convenio de educaci\u00f3n infantil"},{"@type":"BreadcrumbList","@id":"https:\/\/www.vocaeditorial.com\/blog\/convenio-de-educacion-infantil\/#breadcrumb","itemListElement":[{"@type":"ListItem","position":1,"name":"Portada","item":"https:\/\/www.vocaeditorial.com\/blog\/"},{"@type":"ListItem","position":2,"name":"Convenio de educaci\u00f3n infantil: nueva etapa para el sector privado"}]},{"@type":"WebSite","@id":"https:\/\/www.vocaeditorial.com\/blog\/#website","url":"https:\/\/www.vocaeditorial.com\/blog\/","name":"Voca Editorial","description":"","potentialAction":[{"@type":"SearchAction","target":{"@type":"EntryPoint","urlTemplate":"https:\/\/www.vocaeditorial.com\/blog\/?s={search_term_string}"},"query-input":{"@type":"PropertyValueSpecification","valueRequired":true,"valueName":"search_term_string"}}],"inLanguage":"es"},{"@type":"Person","@id":"https:\/\/www.vocaeditorial.com\/blog\/#\/schema\/person\/72fba3d6c8a26fba0fee3107fda03438","name":"VOCA Editorial","image":{"@type":"ImageObject","inLanguage":"es","@id":"https:\/\/www.vocaeditorial.com\/blog\/#\/schema\/person\/image\/","url":"https:\/\/secure.gravatar.com\/avatar\/137e7a09ea636684fcf1595563ff145c113f07116d7a29acedf3e545ab378ca3?s=96&d=mm&r=g","contentUrl":"https:\/\/secure.gravatar.com\/avatar\/137e7a09ea636684fcf1595563ff145c113f07116d7a29acedf3e545ab378ca3?s=96&d=mm&r=g","caption":"VOCA Editorial"},"url":"https:\/\/www.vocaeditorial.com\/blog\/author\/voca-editorial\/"}]}},"jetpack_featured_media_url":"https:\/\/www.vocaeditorial.com\/blog\/media\/convenio-de-educacion-infantil-scaled.jpg","jetpack_sharing_enabled":true,"_links":{"self":[{"href":"https:\/\/www.vocaeditorial.com\/blog\/wp-json\/wp\/v2\/posts\/8631","targetHints":{"allow":["GET"]}}],"collection":[{"href":"https:\/\/www.vocaeditorial.com\/blog\/wp-json\/wp\/v2\/posts"}],"about":[{"href":"https:\/\/www.vocaeditorial.com\/blog\/wp-json\/wp\/v2\/types\/post"}],"author":[{"embeddable":true,"href":"https:\/\/www.vocaeditorial.com\/blog\/wp-json\/wp\/v2\/users\/49"}],"replies":[{"embeddable":true,"href":"https:\/\/www.vocaeditorial.com\/blog\/wp-json\/wp\/v2\/comments?post=8631"}],"version-history":[{"count":0,"href":"https:\/\/www.vocaeditorial.com\/blog\/wp-json\/wp\/v2\/posts\/8631\/revisions"}],"wp:featuredmedia":[{"embeddable":true,"href":"https:\/\/www.vocaeditorial.com\/blog\/wp-json\/wp\/v2\/media\/8616"}],"wp:attachment":[{"href":"https:\/\/www.vocaeditorial.com\/blog\/wp-json\/wp\/v2\/media?parent=8631"}],"wp:term":[{"taxonomy":"post_tag","embeddable":true,"href":"https:\/\/www.vocaeditorial.com\/blog\/wp-json\/wp\/v2\/tags?post=8631"}],"curies":[{"name":"wp","href":"https:\/\/api.w.org\/{rel}","templated":true}]}}