{"id":8611,"date":"2025-04-29T15:00:21","date_gmt":"2025-04-29T13:00:21","guid":{"rendered":"https:\/\/www.vocaeditorial.com\/blog\/?p=8611"},"modified":"2025-04-29T11:40:45","modified_gmt":"2025-04-29T09:40:45","slug":"area-de-lengua-castellana-y-literatura-en-primaria","status":"publish","type":"post","link":"https:\/\/www.vocaeditorial.com\/blog\/area-de-lengua-castellana-y-literatura-en-primaria\/","title":{"rendered":"Caracter\u00edsticas del \u00e1rea de Lengua Castellana y Literatura en Primaria"},"content":{"rendered":"<p><span style=\"font-weight: 400;\">Si eres maestro de Lengua, ya sabes que es una materia fundamental en Primaria. Porque es la base para que tus alumnos desarrollen sus habilidades comunicativas, que son esenciales para toda la vida. As\u00ed que ven con nosotros a conocer en profundidad las caracter\u00edsticas del \u00e1rea de Lengua Castellana y Literatura en Primaria.<\/span><\/p>\n\n<p><span data-sheets-root=\"1\">[CtaModule cta_item=\u00bb6758&#8243;]<\/span><\/p>\n<p>&nbsp;<\/p>\n<h2><span style=\"color: #ffa341;\"><b>Fundamentos del \u00e1rea de Lengua Castellana y Literatura<\/b><\/span><\/h2>\n<p><span style=\"font-weight: 400;\">Para empezar, debes saber que, dentro de la <\/span><span style=\"text-decoration: underline;\"><a href=\"https:\/\/www.vocaeditorial.com\/blog\/lengua-castellana-y-literatura-lomloe\/\" target=\"_blank\" rel=\"noopener\"><b>LOMLOE<\/b><\/a><\/span><span style=\"font-weight: 400;\">, se promueve un curr\u00edculo basado en competencias. Por tanto, el eje vertebrador de Lengua es la <\/span><b>competencia en comunicaci\u00f3n ling\u00fc\u00edstica<\/b><span style=\"font-weight: 400;\">, que se desarrolla a trav\u00e9s de las cuatro habilidades b\u00e1sicas:<\/span><\/p>\n<table>\n<tbody>\n<tr>\n<td><b>Habilidad<\/b><\/td>\n<td><b>Descripci\u00f3n breve<\/b><\/td>\n<\/tr>\n<tr>\n<td><span style=\"font-weight: 400;\">Comprensi\u00f3n lectora<\/span><\/td>\n<td><span style=\"font-weight: 400;\">Capacidad de entender textos y reflexionar sobre ellos.<\/span><\/td>\n<\/tr>\n<tr>\n<td><span style=\"font-weight: 400;\">Expresi\u00f3n escrita<\/span><\/td>\n<td><span style=\"font-weight: 400;\">Producci\u00f3n de textos coherentes y estructurados.<\/span><\/td>\n<\/tr>\n<tr>\n<td><span style=\"font-weight: 400;\">Comprensi\u00f3n oral<\/span><\/td>\n<td><span style=\"font-weight: 400;\">Interpretaci\u00f3n activa de mensajes hablados.<\/span><\/td>\n<\/tr>\n<tr>\n<td><span style=\"font-weight: 400;\">Expresi\u00f3n oral<\/span><\/td>\n<td><span style=\"font-weight: 400;\">Comunicaci\u00f3n clara y adaptada a distintos contextos.<\/span><\/td>\n<\/tr>\n<\/tbody>\n<\/table>\n<h2><span style=\"color: #ffa341;\"><b>Las habilidades ling\u00fc\u00edsticas fundamentales<\/b><\/span><\/h2>\n<p><span style=\"font-weight: 400;\">As\u00ed que vamos a<\/span><b> verlas en detalle<\/b><span style=\"font-weight: 400;\">, para ense\u00f1ar la materia en todo su conjunto.<\/span><\/p>\n<h3><span style=\"color: #ffa341;\"><b>Comprensi\u00f3n lectora<\/b><\/span><\/h3>\n<p><span style=\"font-weight: 400;\">Seg\u00fan <\/span><span style=\"text-decoration: underline;\"><a href=\"https:\/\/www.intralineas.com\/blog\/recopilacion-de-estrategias-de-lectura-de-isabel-sole\" target=\"_blank\" rel=\"noopener\"><b>Isabel Sol\u00e9<\/b><\/a><\/span><span style=\"font-weight: 400;\">, el desarrollo de esta habilidad implica tres fases:<\/span><\/p>\n<ol>\n<li style=\"font-weight: 400;\" aria-level=\"1\"><b>Antes de la lectura<\/b><span style=\"font-weight: 400;\">. En primer lugar, es necesario <\/span><span style=\"text-decoration: underline;\"><a href=\"https:\/\/www.vocaeditorial.com\/blog\/estrategia-doy-objetivo-lectura\/\" target=\"_blank\" rel=\"noopener\"><b>definir objetivos<\/b><\/a><\/span><span style=\"font-weight: 400;\"> y<\/span><span style=\"text-decoration: underline;\"><a href=\"https:\/\/www.vocaeditorial.com\/blog\/estrategia-activar-conocimientos-previos\/\" target=\"_blank\" rel=\"noopener\"><b> activar los conocimientos previos<\/b><\/a><\/span><span style=\"font-weight: 400;\"> sobre el tema, el autor o el g\u00e9nero textual.<\/span><\/li>\n<li style=\"font-weight: 400;\" aria-level=\"1\"><b>Durante la lectura<\/b><span style=\"font-weight: 400;\">. Despu\u00e9s, llegan al momento clave, donde deber\u00e1n aplicar estrategias como <\/span><span style=\"text-decoration: underline;\"><a href=\"https:\/\/www.vocaeditorial.com\/blog\/estrategia-inferencias-comprension-lectora\/\" target=\"_blank\" rel=\"noopener\"><b>inferencias<\/b><\/a><\/span><span style=\"font-weight: 400;\"> y <\/span><span style=\"text-decoration: underline;\"><a href=\"https:\/\/www.vocaeditorial.com\/blog\/estrategia-realizo-conexiones-comprension-lectora\/\" target=\"_blank\" rel=\"noopener\"><b>conexiones<\/b><\/a><\/span><span style=\"font-weight: 400;\">.<\/span><\/li>\n<li style=\"font-weight: 400;\" aria-level=\"1\"><b>Despu\u00e9s de la lectura<\/b><span style=\"font-weight: 400;\">. Por \u00faltimo, ser\u00e1 el momento de <\/span><span style=\"text-decoration: underline;\"><a href=\"https:\/\/www.vocaeditorial.com\/blog\/estrategia-evaluo-credibilidad-texto\/\" target=\"_blank\" rel=\"noopener\"><b>evaluar el texto<\/b><\/a><\/span><span style=\"font-weight: 400;\">, <\/span><span style=\"text-decoration: underline;\"><a href=\"https:\/\/www.vocaeditorial.com\/blog\/estrategia-sintetizo\/\" target=\"_blank\" rel=\"noopener\"><b>sintetizar<\/b><\/a><\/span> <span style=\"font-weight: 400;\">informaci\u00f3n y <\/span><span style=\"text-decoration: underline;\"><a href=\"https:\/\/www.vocaeditorial.com\/blog\/estrategia-ampliar-conocimientos\/\" target=\"_blank\" rel=\"noopener\"><b>ampliar los conocimientos<\/b><\/a><\/span><span style=\"font-weight: 400;\">.<\/span><\/li>\n<\/ol>\n<p>&nbsp;<\/p>\n<h3><span style=\"color: #ffa341;\"><b>Expresi\u00f3n escrita<\/b><\/span><\/h3>\n<p><span style=\"font-weight: 400;\">Por otro lado, y bas\u00e1ndose en el <\/span><span style=\"text-decoration: underline;\"><a href=\"https:\/\/repositorio.uptc.edu.co\/bitstream\/001\/8571\/1\/El_modelo_de_%20Flower_y_Hayes.pdf\" target=\"_blank\" rel=\"noopener\"><b>modelo de Flower y Hayes<\/b><\/a><\/span><span style=\"font-weight: 400;\">, la escritura se divide en tres fases:<\/span><\/p>\n<ul>\n<li style=\"font-weight: 400;\" aria-level=\"1\"><b>Planificaci\u00f3n<\/b><span style=\"font-weight: 400;\">: Para generar y organizar las ideas.<\/span><\/li>\n<li style=\"font-weight: 400;\" aria-level=\"1\"><b>Redacci\u00f3n<\/b><span style=\"font-weight: 400;\">: Es el momento de transformar las ideas en texto.<\/span><\/li>\n<li style=\"font-weight: 400;\" aria-level=\"1\"><b>Revisi\u00f3n<\/b><span style=\"font-weight: 400;\">: Finalmente, se pueden hacer mejoras.<\/span><\/li>\n<\/ul>\n<p>&nbsp;<\/p>\n<h3><span style=\"color: #ffa341;\"><b>Comprensi\u00f3n oral<\/b><\/span><\/h3>\n<p><span style=\"font-weight: 400;\">Asimismo, toda la parte escrita necesita de su complemento en la oralidad. Es decir, los alumnos necesitar\u00e1n habilidades para los dos \u00e1mbitos. Y, aunque quiz\u00e1s acad\u00e9micamente escribir\u00e1n m\u00e1s que lo que hablar\u00e1n, sin duda, <\/span><b>entender cuando se les habla ser\u00e1 fundamental en todas las materias<\/b><span style=\"font-weight: 400;\">.<\/span><\/p>\n<p><span style=\"font-weight: 400;\">Por ello, trabajar la habilidad de comprensi\u00f3n oral implica<\/span><b> desarrollar microhabilidades<\/b><span style=\"font-weight: 400;\"> como reconocer y seleccionar informaci\u00f3n relevante, poder hacer inferencias y anticiparse a los significados desconocidos o retener detalles clave.<\/span><\/p>\n<h3><span style=\"color: #ffa341;\"><b>Expresi\u00f3n oral<\/b><\/span><\/h3>\n<p><span style=\"font-weight: 400;\">Finalmente, la expresi\u00f3n oral les ayudar\u00e1 a desenvolverse en las presentaciones escolares, as\u00ed como en los trabajos en grupo y, por supuesto, durante su d\u00eda a d\u00eda. En concreto, esta habilidad requiere el dominio de:<\/span><\/p>\n<ul>\n<li style=\"font-weight: 400;\" aria-level=\"1\"><span style=\"font-weight: 400;\">Planificaci\u00f3n y conducci\u00f3n del discurso.<\/span><\/li>\n<li style=\"font-weight: 400;\" aria-level=\"1\"><span style=\"font-weight: 400;\">Control de elementos no verbales.<\/span><\/li>\n<li style=\"font-weight: 400;\" aria-level=\"1\"><span style=\"font-weight: 400;\">Adaptaci\u00f3n a distintos contextos mediante actividades, como debates y dramatizaciones.<\/span><\/li>\n<\/ul>\n<p>&nbsp;<\/p>\n<p><span data-sheets-root=\"1\">[CtaModule cta_item=\u00bb6208&#8243;]<\/span><\/p>\n<h2><span style=\"color: #ffa341;\"><b>Enfoques metodol\u00f3gicos para la ense\u00f1anza de Lengua<\/b><\/span><\/h2>\n<p><span style=\"font-weight: 400;\">Adem\u00e1s de conocer los bloques y destrezas, para desgranar las caracter\u00edsticas del \u00e1rea de Lengua Castellana y Literatura en Primaria, podemos centrarnos en<\/span><b> distintos enfoques metodol\u00f3gicos<\/b><span style=\"font-weight: 400;\">. As\u00ed, podr\u00e1s escoger el que mejor se adapte a tu clase.\u00a0<\/span><\/p>\n<h3><span style=\"color: #ffa341;\"><b>Enfoque comunicativo<\/b><\/span><\/h3>\n<p><span style=\"font-weight: 400;\">En primer lugar, frente al m\u00e9todo tradicional, que prioriza ejercicios repetitivos, los enfoques comunicativos destacan por:<\/span><\/p>\n<ul>\n<li style=\"font-weight: 400;\" aria-level=\"1\"><span style=\"font-weight: 400;\">Aprendizaje en contextos reales.<\/span><\/li>\n<li style=\"font-weight: 400;\" aria-level=\"1\"><span style=\"font-weight: 400;\">Uso significativo de las reglas gramaticales.<\/span><\/li>\n<\/ul>\n<p>&nbsp;<\/p>\n<h3><span style=\"color: #ffa341;\"><b>Aprendizaje Basado en Proyectos (ABP)<\/b><\/span><\/h3>\n<p><span style=\"font-weight: 400;\">Por su parte, el conocido ABP<\/span><b> integra habilidades ling\u00fc\u00edsticas mediante proyectos<\/b><span style=\"font-weight: 400;\">. Se trata, as\u00ed, de llevar a la pr\u00e1ctica los aprendizajes o, lo que es lo mismo, de aprender mientras se hace. Algunas ideas de proyectos pueden ser:<\/span><\/p>\n<ul>\n<li style=\"font-weight: 400;\" aria-level=\"1\"><span style=\"font-weight: 400;\">Crear un peri\u00f3dico escolar.<\/span><\/li>\n<li style=\"font-weight: 400;\" aria-level=\"1\"><span style=\"font-weight: 400;\">Organizar una obra de teatro.<\/span><\/li>\n<li style=\"font-weight: 400;\" aria-level=\"1\"><span style=\"font-weight: 400;\">Escribir un libro colectivo.<\/span><\/li>\n<\/ul>\n<p>&nbsp;<\/p>\n<h3><span style=\"color: #ffa341;\"><b>Gamificaci\u00f3n y aprendizaje invertido<\/b><\/span><\/h3>\n<p><span style=\"font-weight: 400;\">Entre los <strong>enfoques metodol\u00f3gicos m\u00e1s globales<\/strong> se encuentran estos dos. Si las caracter\u00edsticas del \u00e1rea de Lengua Castellana y Literatura te lo permiten, pueden llevar a cabo:<\/span><\/p>\n<ul>\n<li style=\"font-weight: 400;\" aria-level=\"1\"><b>Gamificaci\u00f3n<\/b><span style=\"font-weight: 400;\">. Consiste en introducir elementos de juego en tareas educativas.<\/span><\/li>\n<li style=\"font-weight: 400;\" aria-level=\"1\"><b><i>Flipped classroom<\/i><\/b><span style=\"font-weight: 400;\">: Combina aprendizaje te\u00f3rico en casa y pr\u00e1ctico, en el aula.<\/span><\/li>\n<\/ul>\n<p>&nbsp;<\/p>\n<h3><span style=\"color: #ffa341;\"><b><i>Learning by doing<\/i><\/b><\/span><\/h3>\n<p><span style=\"font-weight: 400;\">Al igual que el aprendizaje basado en proyectos, este enfoque se basa en ejercicios pr\u00e1cticos m\u00e1s all\u00e1 del aprendizaje te\u00f3rico de la materia. En tu asignatura, puedes proponer:<\/span><\/p>\n<ul>\n<li style=\"font-weight: 400;\" aria-level=\"1\"><span style=\"font-weight: 400;\">Talleres de escritura creativa.<\/span><\/li>\n<li style=\"font-weight: 400;\" aria-level=\"1\"><span style=\"font-weight: 400;\">Debates y proyectos literarios.<\/span><\/li>\n<li style=\"font-weight: 400;\" aria-level=\"1\"><span style=\"font-weight: 400;\">Dramatizaciones.<\/span><\/li>\n<\/ul>\n<p>&nbsp;<\/p>\n<h3><span style=\"color: #ffa341;\"><b>Enriquecimiento para altas capacidades<\/b><\/span><\/h3>\n<p><span style=\"font-weight: 400;\">Finalmente, queremos darte algunas ideas si tienes alumnos con altas capacidades:<\/span><\/p>\n<ul>\n<li style=\"font-weight: 400;\" aria-level=\"1\"><span style=\"font-weight: 400;\">Proyectos de investigaci\u00f3n autodirigidos.<\/span><\/li>\n<li style=\"font-weight: 400;\" aria-level=\"1\"><span style=\"font-weight: 400;\">Participaci\u00f3n en concursos literarios.<\/span><\/li>\n<li style=\"font-weight: 400;\" aria-level=\"1\"><span style=\"font-weight: 400;\">Mentor\u00edas entre alumnos de diferentes cursos.<\/span><\/li>\n<\/ul>\n<p>&nbsp;<\/p>\n<h2><span style=\"color: #ffa341;\"><b>Recursos y actividades clave<\/b><\/span><\/h2>\n<p><span style=\"font-weight: 400;\">Y para complementar las caracter\u00edsticas de \u00e1rea de Lengua Castellana y Literatura en Primaria, vamos a hablar de algunos recursos m\u00e1s concretos. Adem\u00e1s, los hemos dividido seg\u00fan los bloques curriculares.<\/span><\/p>\n<h3><span style=\"color: #ffa341;\"><b>Lectoescritura<\/b><\/span><\/h3>\n<table>\n<tbody>\n<tr>\n<td><span style=\"font-weight: 400;\">Recurso<\/span><\/td>\n<td><span style=\"font-weight: 400;\">Descripci\u00f3n<\/span><\/td>\n<\/tr>\n<tr>\n<td><span style=\"font-weight: 400;\">Bibliotecas de aula<\/span><\/td>\n<td><span style=\"font-weight: 400;\">Materiales clasificados por niveles.<\/span><\/td>\n<\/tr>\n<tr>\n<td><span style=\"font-weight: 400;\">Animaci\u00f3n a la lectura<\/span><\/td>\n<td><span style=\"font-weight: 400;\">Programas que fomentan el inter\u00e9s por los libros.<\/span><\/td>\n<\/tr>\n<tr>\n<td><span style=\"font-weight: 400;\">Cuadernos de escritura creativa<\/span><\/td>\n<td><span style=\"font-weight: 400;\">Plantillas para planificar y evaluar textos.<\/span><\/td>\n<\/tr>\n<\/tbody>\n<\/table>\n<h3><span style=\"color: #ffa341;\"><b>Comunicaci\u00f3n oral<\/b><\/span><\/h3>\n<ul>\n<li style=\"font-weight: 400;\" aria-level=\"1\"><b>Debates estructurados<\/b><span style=\"font-weight: 400;\">: porque desarrollan expresi\u00f3n y comprensi\u00f3n oral.<\/span><\/li>\n<li style=\"font-weight: 400;\" aria-level=\"1\"><b>Exposiciones orales<\/b><span style=\"font-weight: 400;\">: con las que trabajan la organizaci\u00f3n del discurso y el lenguaje no verbal.<\/span><\/li>\n<li style=\"font-weight: 400;\" aria-level=\"1\"><b>Juegos de rol<\/b><span style=\"font-weight: 400;\">: por su parte, promueven la adaptaci\u00f3n a distintos registros ling\u00fc\u00edsticos.<\/span><\/li>\n<\/ul>\n<p>&nbsp;<\/p>\n<h3><span style=\"color: #ffa341;\"><b>Gram\u00e1tica y vocabulario<\/b><\/span><\/h3>\n<ul>\n<li style=\"font-weight: 400;\" aria-level=\"1\"><b>Diarios de vocabulario personalizado<\/b><span style=\"font-weight: 400;\">: Ampliaci\u00f3n l\u00e9xica.<\/span><\/li>\n<li style=\"font-weight: 400;\" aria-level=\"1\"><b>Mapas conceptuales<\/b><span style=\"font-weight: 400;\">: Visualizan relaciones gramaticales.<\/span><\/li>\n<li style=\"font-weight: 400;\" aria-level=\"1\"><b>Juegos digitales<\/b><span style=\"font-weight: 400;\">: Refuerzan aprendizajes mediante actividades l\u00fadicas.<\/span><\/li>\n<\/ul>\n<p>&nbsp;<\/p>\n<p>&nbsp;<\/p>\n<p><span style=\"font-weight: 400;\">En definitiva, para atender a todas las caracter\u00edsticas del \u00e1rea de Lengua Castellana y Literatura en Primaria, tendr\u00e1s que trascender la ense\u00f1anza de conocimientos gramaticales, para centrarte en el desarrollo integral de competencias comunicativas. As\u00ed, fomentar\u00e1s su crecimiento ling\u00fc\u00edstico y personal.<\/span><\/p>\n","protected":false},"excerpt":{"rendered":"<p>Descubre las caracter\u00edsticas del \u00e1rea de Lengua Castellana y Literatura en Primaria: habilidades ling\u00fc\u00edsticas y enfoques metodol\u00f3gicos.<\/p>\n","protected":false},"author":49,"featured_media":8612,"comment_status":"closed","ping_status":"closed","sticky":false,"template":"","format":"standard","meta":{"content-type":"","inline_featured_image":false,"_jetpack_memberships_contains_paid_content":false,"footnotes":""},"tags":[602,653,694],"class_list":["post-8611","post","type-post","status-publish","format-standard","has-post-thumbnail","hentry","category-comprension-lectora","tag-metodologias-activas","tag-primaria","tag-lengua-castellana-y-literatura"],"yoast_head":"<!-- This site is optimized with the Yoast SEO plugin v26.6 - https:\/\/yoast.com\/wordpress\/plugins\/seo\/ -->\n<title>Caracter\u00edsticas del \u00e1rea de Lengua Castellana y Literatura en Primaria<\/title>\n<meta name=\"description\" content=\"Descubre las caracter\u00edsticas del \u00e1rea de Lengua Castellana y Literatura en Primaria: habilidades ling\u00fc\u00edsticas y enfoques metodol\u00f3gicos.\" \/>\n<meta name=\"robots\" content=\"index, follow, max-snippet:-1, max-image-preview:large, max-video-preview:-1\" \/>\n<link rel=\"canonical\" href=\"https:\/\/www.vocaeditorial.com\/blog\/area-de-lengua-castellana-y-literatura-en-primaria\/\" \/>\n<meta property=\"og:locale\" content=\"es_ES\" \/>\n<meta property=\"og:type\" content=\"article\" \/>\n<meta property=\"og:title\" content=\"Caracter\u00edsticas del \u00e1rea de Lengua Castellana y Literatura en Primaria\" \/>\n<meta property=\"og:description\" content=\"Descubre las caracter\u00edsticas del \u00e1rea de Lengua Castellana y Literatura en Primaria: habilidades ling\u00fc\u00edsticas y enfoques metodol\u00f3gicos.\" \/>\n<meta property=\"og:url\" content=\"https:\/\/www.vocaeditorial.com\/blog\/area-de-lengua-castellana-y-literatura-en-primaria\/\" \/>\n<meta property=\"og:site_name\" content=\"Voca Editorial\" \/>\n<meta property=\"article:published_time\" content=\"2025-04-29T13:00:21+00:00\" \/>\n<meta property=\"og:image\" content=\"https:\/\/www.vocaeditorial.com\/blog\/media\/caracteristicas-del-area-de-lengua-castellana-y-literatura-en-primaria-scaled.jpg\" \/>\n\t<meta property=\"og:image:width\" content=\"2560\" \/>\n\t<meta property=\"og:image:height\" content=\"1707\" \/>\n\t<meta property=\"og:image:type\" content=\"image\/jpeg\" \/>\n<meta name=\"author\" content=\"VOCA Editorial\" \/>\n<meta name=\"twitter:card\" content=\"summary_large_image\" \/>\n<meta name=\"twitter:label1\" content=\"Escrito por\" \/>\n\t<meta name=\"twitter:data1\" content=\"VOCA Editorial\" \/>\n\t<meta name=\"twitter:label2\" content=\"Tiempo de lectura\" \/>\n\t<meta name=\"twitter:data2\" content=\"4 minutos\" \/>\n<script type=\"application\/ld+json\" class=\"yoast-schema-graph\">{\"@context\":\"https:\/\/schema.org\",\"@graph\":[{\"@type\":\"WebPage\",\"@id\":\"https:\/\/www.vocaeditorial.com\/blog\/area-de-lengua-castellana-y-literatura-en-primaria\/\",\"url\":\"https:\/\/www.vocaeditorial.com\/blog\/area-de-lengua-castellana-y-literatura-en-primaria\/\",\"name\":\"Caracter\u00edsticas del \u00e1rea de Lengua Castellana y Literatura en Primaria\",\"isPartOf\":{\"@id\":\"https:\/\/www.vocaeditorial.com\/blog\/#website\"},\"primaryImageOfPage\":{\"@id\":\"https:\/\/www.vocaeditorial.com\/blog\/area-de-lengua-castellana-y-literatura-en-primaria\/#primaryimage\"},\"image\":{\"@id\":\"https:\/\/www.vocaeditorial.com\/blog\/area-de-lengua-castellana-y-literatura-en-primaria\/#primaryimage\"},\"thumbnailUrl\":\"https:\/\/www.vocaeditorial.com\/blog\/media\/caracteristicas-del-area-de-lengua-castellana-y-literatura-en-primaria-scaled.jpg\",\"datePublished\":\"2025-04-29T13:00:21+00:00\",\"author\":{\"@id\":\"https:\/\/www.vocaeditorial.com\/blog\/#\/schema\/person\/72fba3d6c8a26fba0fee3107fda03438\"},\"description\":\"Descubre las caracter\u00edsticas del \u00e1rea de Lengua Castellana y Literatura en Primaria: habilidades ling\u00fc\u00edsticas y enfoques metodol\u00f3gicos.\",\"breadcrumb\":{\"@id\":\"https:\/\/www.vocaeditorial.com\/blog\/area-de-lengua-castellana-y-literatura-en-primaria\/#breadcrumb\"},\"inLanguage\":\"es\",\"potentialAction\":[{\"@type\":\"ReadAction\",\"target\":[\"https:\/\/www.vocaeditorial.com\/blog\/area-de-lengua-castellana-y-literatura-en-primaria\/\"]}]},{\"@type\":\"ImageObject\",\"inLanguage\":\"es\",\"@id\":\"https:\/\/www.vocaeditorial.com\/blog\/area-de-lengua-castellana-y-literatura-en-primaria\/#primaryimage\",\"url\":\"https:\/\/www.vocaeditorial.com\/blog\/media\/caracteristicas-del-area-de-lengua-castellana-y-literatura-en-primaria-scaled.jpg\",\"contentUrl\":\"https:\/\/www.vocaeditorial.com\/blog\/media\/caracteristicas-del-area-de-lengua-castellana-y-literatura-en-primaria-scaled.jpg\",\"width\":2560,\"height\":1707,\"caption\":\"2J35YPJ figurine open the head and sit inside it which also wear the similar helmet\"},{\"@type\":\"BreadcrumbList\",\"@id\":\"https:\/\/www.vocaeditorial.com\/blog\/area-de-lengua-castellana-y-literatura-en-primaria\/#breadcrumb\",\"itemListElement\":[{\"@type\":\"ListItem\",\"position\":1,\"name\":\"Portada\",\"item\":\"https:\/\/www.vocaeditorial.com\/blog\/\"},{\"@type\":\"ListItem\",\"position\":2,\"name\":\"Caracter\u00edsticas del \u00e1rea de Lengua Castellana y Literatura en Primaria\"}]},{\"@type\":\"WebSite\",\"@id\":\"https:\/\/www.vocaeditorial.com\/blog\/#website\",\"url\":\"https:\/\/www.vocaeditorial.com\/blog\/\",\"name\":\"Voca Editorial\",\"description\":\"\",\"potentialAction\":[{\"@type\":\"SearchAction\",\"target\":{\"@type\":\"EntryPoint\",\"urlTemplate\":\"https:\/\/www.vocaeditorial.com\/blog\/?s={search_term_string}\"},\"query-input\":{\"@type\":\"PropertyValueSpecification\",\"valueRequired\":true,\"valueName\":\"search_term_string\"}}],\"inLanguage\":\"es\"},{\"@type\":\"Person\",\"@id\":\"https:\/\/www.vocaeditorial.com\/blog\/#\/schema\/person\/72fba3d6c8a26fba0fee3107fda03438\",\"name\":\"VOCA Editorial\",\"image\":{\"@type\":\"ImageObject\",\"inLanguage\":\"es\",\"@id\":\"https:\/\/www.vocaeditorial.com\/blog\/#\/schema\/person\/image\/\",\"url\":\"https:\/\/secure.gravatar.com\/avatar\/137e7a09ea636684fcf1595563ff145c113f07116d7a29acedf3e545ab378ca3?s=96&d=mm&r=g\",\"contentUrl\":\"https:\/\/secure.gravatar.com\/avatar\/137e7a09ea636684fcf1595563ff145c113f07116d7a29acedf3e545ab378ca3?s=96&d=mm&r=g\",\"caption\":\"VOCA Editorial\"},\"url\":\"https:\/\/www.vocaeditorial.com\/blog\/author\/voca-editorial\/\"}]}<\/script>\n<!-- \/ Yoast SEO plugin. -->","yoast_head_json":{"title":"Caracter\u00edsticas del \u00e1rea de Lengua Castellana y Literatura en Primaria","description":"Descubre las caracter\u00edsticas del \u00e1rea de Lengua Castellana y Literatura en Primaria: habilidades ling\u00fc\u00edsticas y enfoques metodol\u00f3gicos.","robots":{"index":"index","follow":"follow","max-snippet":"max-snippet:-1","max-image-preview":"max-image-preview:large","max-video-preview":"max-video-preview:-1"},"canonical":"https:\/\/www.vocaeditorial.com\/blog\/area-de-lengua-castellana-y-literatura-en-primaria\/","og_locale":"es_ES","og_type":"article","og_title":"Caracter\u00edsticas del \u00e1rea de Lengua Castellana y Literatura en Primaria","og_description":"Descubre las caracter\u00edsticas del \u00e1rea de Lengua Castellana y Literatura en Primaria: habilidades ling\u00fc\u00edsticas y enfoques metodol\u00f3gicos.","og_url":"https:\/\/www.vocaeditorial.com\/blog\/area-de-lengua-castellana-y-literatura-en-primaria\/","og_site_name":"Voca Editorial","article_published_time":"2025-04-29T13:00:21+00:00","og_image":[{"width":2560,"height":1707,"url":"https:\/\/www.vocaeditorial.com\/blog\/media\/caracteristicas-del-area-de-lengua-castellana-y-literatura-en-primaria-scaled.jpg","type":"image\/jpeg"}],"author":"VOCA Editorial","twitter_card":"summary_large_image","twitter_misc":{"Escrito por":"VOCA Editorial","Tiempo de lectura":"4 minutos"},"schema":{"@context":"https:\/\/schema.org","@graph":[{"@type":"WebPage","@id":"https:\/\/www.vocaeditorial.com\/blog\/area-de-lengua-castellana-y-literatura-en-primaria\/","url":"https:\/\/www.vocaeditorial.com\/blog\/area-de-lengua-castellana-y-literatura-en-primaria\/","name":"Caracter\u00edsticas del \u00e1rea de Lengua Castellana y Literatura en Primaria","isPartOf":{"@id":"https:\/\/www.vocaeditorial.com\/blog\/#website"},"primaryImageOfPage":{"@id":"https:\/\/www.vocaeditorial.com\/blog\/area-de-lengua-castellana-y-literatura-en-primaria\/#primaryimage"},"image":{"@id":"https:\/\/www.vocaeditorial.com\/blog\/area-de-lengua-castellana-y-literatura-en-primaria\/#primaryimage"},"thumbnailUrl":"https:\/\/www.vocaeditorial.com\/blog\/media\/caracteristicas-del-area-de-lengua-castellana-y-literatura-en-primaria-scaled.jpg","datePublished":"2025-04-29T13:00:21+00:00","author":{"@id":"https:\/\/www.vocaeditorial.com\/blog\/#\/schema\/person\/72fba3d6c8a26fba0fee3107fda03438"},"description":"Descubre las caracter\u00edsticas del \u00e1rea de Lengua Castellana y Literatura en Primaria: habilidades ling\u00fc\u00edsticas y enfoques metodol\u00f3gicos.","breadcrumb":{"@id":"https:\/\/www.vocaeditorial.com\/blog\/area-de-lengua-castellana-y-literatura-en-primaria\/#breadcrumb"},"inLanguage":"es","potentialAction":[{"@type":"ReadAction","target":["https:\/\/www.vocaeditorial.com\/blog\/area-de-lengua-castellana-y-literatura-en-primaria\/"]}]},{"@type":"ImageObject","inLanguage":"es","@id":"https:\/\/www.vocaeditorial.com\/blog\/area-de-lengua-castellana-y-literatura-en-primaria\/#primaryimage","url":"https:\/\/www.vocaeditorial.com\/blog\/media\/caracteristicas-del-area-de-lengua-castellana-y-literatura-en-primaria-scaled.jpg","contentUrl":"https:\/\/www.vocaeditorial.com\/blog\/media\/caracteristicas-del-area-de-lengua-castellana-y-literatura-en-primaria-scaled.jpg","width":2560,"height":1707,"caption":"2J35YPJ figurine open the head and sit inside it which also wear the similar helmet"},{"@type":"BreadcrumbList","@id":"https:\/\/www.vocaeditorial.com\/blog\/area-de-lengua-castellana-y-literatura-en-primaria\/#breadcrumb","itemListElement":[{"@type":"ListItem","position":1,"name":"Portada","item":"https:\/\/www.vocaeditorial.com\/blog\/"},{"@type":"ListItem","position":2,"name":"Caracter\u00edsticas del \u00e1rea de Lengua Castellana y Literatura en Primaria"}]},{"@type":"WebSite","@id":"https:\/\/www.vocaeditorial.com\/blog\/#website","url":"https:\/\/www.vocaeditorial.com\/blog\/","name":"Voca Editorial","description":"","potentialAction":[{"@type":"SearchAction","target":{"@type":"EntryPoint","urlTemplate":"https:\/\/www.vocaeditorial.com\/blog\/?s={search_term_string}"},"query-input":{"@type":"PropertyValueSpecification","valueRequired":true,"valueName":"search_term_string"}}],"inLanguage":"es"},{"@type":"Person","@id":"https:\/\/www.vocaeditorial.com\/blog\/#\/schema\/person\/72fba3d6c8a26fba0fee3107fda03438","name":"VOCA Editorial","image":{"@type":"ImageObject","inLanguage":"es","@id":"https:\/\/www.vocaeditorial.com\/blog\/#\/schema\/person\/image\/","url":"https:\/\/secure.gravatar.com\/avatar\/137e7a09ea636684fcf1595563ff145c113f07116d7a29acedf3e545ab378ca3?s=96&d=mm&r=g","contentUrl":"https:\/\/secure.gravatar.com\/avatar\/137e7a09ea636684fcf1595563ff145c113f07116d7a29acedf3e545ab378ca3?s=96&d=mm&r=g","caption":"VOCA Editorial"},"url":"https:\/\/www.vocaeditorial.com\/blog\/author\/voca-editorial\/"}]}},"jetpack_featured_media_url":"https:\/\/www.vocaeditorial.com\/blog\/media\/caracteristicas-del-area-de-lengua-castellana-y-literatura-en-primaria-scaled.jpg","jetpack_sharing_enabled":true,"_links":{"self":[{"href":"https:\/\/www.vocaeditorial.com\/blog\/wp-json\/wp\/v2\/posts\/8611","targetHints":{"allow":["GET"]}}],"collection":[{"href":"https:\/\/www.vocaeditorial.com\/blog\/wp-json\/wp\/v2\/posts"}],"about":[{"href":"https:\/\/www.vocaeditorial.com\/blog\/wp-json\/wp\/v2\/types\/post"}],"author":[{"embeddable":true,"href":"https:\/\/www.vocaeditorial.com\/blog\/wp-json\/wp\/v2\/users\/49"}],"replies":[{"embeddable":true,"href":"https:\/\/www.vocaeditorial.com\/blog\/wp-json\/wp\/v2\/comments?post=8611"}],"version-history":[{"count":0,"href":"https:\/\/www.vocaeditorial.com\/blog\/wp-json\/wp\/v2\/posts\/8611\/revisions"}],"wp:featuredmedia":[{"embeddable":true,"href":"https:\/\/www.vocaeditorial.com\/blog\/wp-json\/wp\/v2\/media\/8612"}],"wp:attachment":[{"href":"https:\/\/www.vocaeditorial.com\/blog\/wp-json\/wp\/v2\/media?parent=8611"}],"wp:term":[{"taxonomy":"post_tag","embeddable":true,"href":"https:\/\/www.vocaeditorial.com\/blog\/wp-json\/wp\/v2\/tags?post=8611"}],"curies":[{"name":"wp","href":"https:\/\/api.w.org\/{rel}","templated":true}]}}