{"id":8593,"date":"2025-03-27T15:00:10","date_gmt":"2025-03-27T14:00:10","guid":{"rendered":"https:\/\/www.vocaeditorial.com\/blog\/?p=8593"},"modified":"2025-03-27T14:03:49","modified_gmt":"2025-03-27T13:03:49","slug":"evaluacion-lengua-primaria","status":"publish","type":"post","link":"https:\/\/www.vocaeditorial.com\/blog\/evaluacion-lengua-primaria\/","title":{"rendered":"Evaluaci\u00f3n Lengua Primaria: todas las herramientas"},"content":{"rendered":"<p><span style=\"font-weight: 400;\">\u00bfQuieres herramientas para organizar tu evaluaci\u00f3n Lengua Primaria? Sin duda, tendr\u00e1s que conocer las necesidades y capacidades de tus alumnos, junto con las competencias de la LOMLOE. As\u00ed, conseguir\u00e1s ajustar al m\u00e1ximo todos estos instrumentos evaluativos que te proponemos.<\/span><\/p>\n\n<p><span data-sheets-root=\"1\">[CtaModule cta_item=\u00bb6752&#8243;]<\/span><\/p>\n<p>&nbsp;<\/p>\n<h2><span style=\"color: #ffa341;\"><b>Evaluaci\u00f3n por competencias en Lengua Castellana<\/b><\/span><\/h2>\n<p><span style=\"font-weight: 400;\">Para empezar, partimos del <\/span><span style=\"text-decoration: underline;\"><a href=\"https:\/\/www.vocaeditorial.com\/blog\/competencias-educativas\/\" target=\"_blank\" rel=\"noopener\"><b>enfoque competencial<\/b><\/a><\/span><span style=\"font-weight: 400;\"> establecido por la LOMLOE, pues exige <\/span><b>transformar tambi\u00e9n nuestras pr\u00e1cticas evaluativas<\/b><span style=\"font-weight: 400;\"> en el \u00e1rea de Lengua Castellana. Por eso, la evaluaci\u00f3n por competencias va m\u00e1s all\u00e1 de la verificaci\u00f3n de conocimientos memor\u00edsticos y\u00a0<\/span><\/p>\n<blockquote><p><span style=\"font-weight: 400;\">valora la <\/span><b>capacidad del alumnado para movilizar sus recursos ling\u00fc\u00edsticos<\/b><span style=\"font-weight: 400;\"> en situaciones comunicativas diversas.<\/span><\/p><\/blockquote>\n<p>&nbsp;<\/p>\n<p><span style=\"font-weight: 400;\">De esta manera, los instrumentos de evaluaci\u00f3n innovadores permiten obtener<\/span><b> informaci\u00f3n m\u00e1s rica y contextualizada<\/b><span style=\"font-weight: 400;\"> sobre el desarrollo de las competencias ling\u00fc\u00edsticas. Y hay una gran variedad de instrumentos:<\/span><\/p>\n<table>\n<tbody>\n<tr>\n<td><span style=\"font-weight: 400;\">Observaci\u00f3n sistem\u00e1tica<\/span><\/td>\n<td><span style=\"font-weight: 400;\">Producciones orales y escritas contextualizadas<\/span><\/td>\n<td><span style=\"font-weight: 400;\">Proyectos integrados<\/span><\/td>\n<td><span style=\"font-weight: 400;\">Diarios de aprendizaje<\/span><\/td>\n<td><span style=\"font-weight: 400;\">Pruebas de ejecuci\u00f3n<\/span><\/td>\n<\/tr>\n<\/tbody>\n<\/table>\n<h3><span style=\"color: #ffa341;\"><b>Herramientas de evaluaci\u00f3n formativa<\/b><\/span><\/h3>\n<p><span style=\"font-weight: 400;\">En primer lugar, el <\/span><b>uso de r\u00fabricas y listas de cotejo<\/b><span style=\"font-weight: 400;\"> para valorar el progreso en competencias ling\u00fc\u00edsticas y emocionales facilita una evaluaci\u00f3n objetiva y transparente.\u00a0<\/span><\/p>\n<p><span style=\"font-weight: 400;\">Adem\u00e1s, estas herramientas, cuando se comparten con los alumnos, clarifican las expectativas y les proporcionan una<\/span><b> gu\u00eda clara sobre los aspectos que deben mejorar <\/b><span style=\"font-weight: 400;\">en su competencia comunicativa.<\/span><\/p>\n<ol>\n<li style=\"font-weight: 400;\" aria-level=\"1\"><span style=\"font-weight: 400;\">Por un lado, la<\/span><b> retroalimentaci\u00f3n continua y constructiva<\/b><span style=\"font-weight: 400;\"> resulta esencial para el progreso del alumnado. Comentarios espec\u00edficos, focalizados en aspectos concretos y formulados en t\u00e9rminos positivos, les ayudar\u00e1n a identificar sus fortalezas y \u00e1reas de mejora.<\/span><\/li>\n<li style=\"font-weight: 400;\" aria-level=\"1\"><span style=\"font-weight: 400;\">Estas pr\u00e1cticas evaluativas, por otro lado, permiten <\/span><b>documentar el proceso de aprendizaje<\/b><span style=\"font-weight: 400;\"> y no solo los resultados finales. A trav\u00e9s de\u00a0<\/span>\n<ul>\n<li style=\"font-weight: 400;\" aria-level=\"2\"><span style=\"font-weight: 400;\">Portfolios<\/span><\/li>\n<li style=\"font-weight: 400;\" aria-level=\"2\"><span style=\"font-weight: 400;\">Grabaciones de exposiciones orales<\/span><\/li>\n<li style=\"font-weight: 400;\" aria-level=\"2\"><span style=\"font-weight: 400;\">Borradores de textos<\/span><\/li>\n<\/ul>\n<\/li>\n<\/ol>\n<p>&nbsp;<\/p>\n<h3><span style=\"color: #ffa341;\"><b>R\u00fabricas y portfolios ling\u00fc\u00edsticos<\/b><\/span><\/h3>\n<p><span style=\"font-weight: 400;\">En segundo lugar, el dise\u00f1o de r\u00fabricas efectivas para cada habilidad ling\u00fc\u00edstica es ideal para concretar los<\/span><b> criterios de evaluaci\u00f3n en indicadores observables y graduados<\/b><span style=\"font-weight: 400;\">. Veamos sus caracter\u00edsticas:<\/span><\/p>\n<p><span style=\"color: #ffa341;\"><b>Niveles de desempe\u00f1o<\/b><\/span><\/p>\n<p><span style=\"font-weight: 400;\">Primero, estas r\u00fabricas deben describir con claridad los diferentes niveles de desempe\u00f1o en aspectos como:<\/span><\/p>\n<ul>\n<li style=\"font-weight: 400;\" aria-level=\"1\"><span style=\"font-weight: 400;\">Comprensi\u00f3n lectora<\/span><\/li>\n<li style=\"font-weight: 400;\" aria-level=\"1\"><span style=\"font-weight: 400;\">Expresi\u00f3n escrita<\/span><\/li>\n<li style=\"font-weight: 400;\" aria-level=\"1\"><span style=\"font-weight: 400;\">Comprensi\u00f3n oral<\/span><\/li>\n<li style=\"font-weight: 400;\" aria-level=\"1\"><span style=\"font-weight: 400;\">Expresi\u00f3n oral<\/span><\/li>\n<\/ul>\n<p>&nbsp;<\/p>\n<p><span style=\"color: #ffa341;\"><b>Metacognici\u00f3n<\/b><\/span><\/p>\n<p><span style=\"font-weight: 400;\">Asimismo, la <\/span><b>participaci\u00f3n del alumnado en su propia evaluaci\u00f3n<\/b><span style=\"font-weight: 400;\"> es esencial, ya que promueve la metacognici\u00f3n y la autorregulaci\u00f3n del aprendizaje.\u00a0<\/span><\/p>\n<ul>\n<li style=\"font-weight: 400;\" aria-level=\"1\"><span style=\"font-weight: 400;\">Autoevaluaci\u00f3n mediante r\u00fabricas<\/span><\/li>\n<li style=\"font-weight: 400;\" aria-level=\"1\"><span style=\"font-weight: 400;\">Coevaluaci\u00f3n entre iguales<\/span><\/li>\n<li style=\"font-weight: 400;\" aria-level=\"1\"><span style=\"font-weight: 400;\">Tutor\u00edas individualizadas<\/span><\/li>\n<\/ul>\n<p>&nbsp;<\/p>\n<h3><span style=\"color: #ffa341;\"><b>Autoevaluaci\u00f3n y coevaluaci\u00f3n<\/b><\/span><\/h3>\n<p><span style=\"font-weight: 400;\">En esta l\u00ednea, seguimos con ideas para <\/span><b>fomentar la reflexi\u00f3n del estudiante sobre su propio aprendizaje ling\u00fc\u00edstico<\/b><span style=\"font-weight: 400;\">. Cualquier herramienta de este tipo les ayuda a tomar conciencia de sus procesos cognitivos. Y conseguimos dos beneficios:<\/span><\/p>\n<table>\n<tbody>\n<tr>\n<td><b>Evaluaci\u00f3n entre pares<\/b><\/td>\n<td><b>Enfoque evaluativo<\/b><\/td>\n<\/tr>\n<tr>\n<td><span style=\"font-weight: 400;\">Pensamiento cr\u00edtico<\/span><\/td>\n<td><span style=\"font-weight: 400;\">Comunidad de aprendizaje<\/span><\/td>\n<\/tr>\n<tr>\n<td><span style=\"font-weight: 400;\">Revisar el trabajo de los compa\u00f1eros seg\u00fan los criterios establecidos, para:<\/span><br \/>\n<span style=\"font-weight: 400;\">-Analizar<\/span><br \/>\n<span style=\"font-weight: 400;\">-Valorar estilos y estrategias comunicativas<\/span><\/td>\n<td><span style=\"font-weight: 400;\">Error = oportunidad de mejora<\/span><br \/>\n<span style=\"font-weight: 400;\">Cultura de retroalimentaci\u00f3n constructiva entre iguales<\/span><br \/>\n<span style=\"font-weight: 400;\">Clima de confianza y experimentaci\u00f3n ling\u00fc\u00edstica<\/span><\/td>\n<\/tr>\n<\/tbody>\n<\/table>\n<p>&nbsp;<\/p>\n<p><span style=\"color: #ffa341;\"><b>Portfolio ling\u00fc\u00edstico<\/b><\/span><\/p>\n<p><span style=\"font-weight: 400;\">Y es que este instrumento, inspirado en el Portfolio Europeo de las Lenguas, puede incluir <\/span><b>muestras de producciones escritas, grabaciones orales, diarios de lectura<\/b><span style=\"font-weight: 400;\"> o reflexiones metacognitivas. Y, de esta forma, ofrece una visi\u00f3n integral del desarrollo ling\u00fc\u00edstico del estudiante.<\/span><\/p>\n<p><span data-sheets-root=\"1\">[CtaModule cta_item=\u00bb5415&#8243;]<\/span><\/p>\n<h2><span style=\"color: #ffa341;\"><b>Atenci\u00f3n a la diversidad en el aula de Lengua<\/b><\/span><\/h2>\n<p><span style=\"font-weight: 400;\">Adem\u00e1s de todo esto, necesitar\u00e1s pensar en la adaptaci\u00f3n y la <\/span><span style=\"text-decoration: underline;\"><a href=\"https:\/\/www.unir.net\/revista\/educacion\/atencion-diversidad-primaria\/\" target=\"_blank\" rel=\"noopener\"><b>atenci\u00f3n a la diversidad<\/b><\/a><\/span><span style=\"font-weight: 400;\">. Puesto que el \u00e1rea de Lengua Castellana no es ajena a la necesaria atenci\u00f3n a la diversidad que debe impregnar toda pr\u00e1ctica educativa.\u00a0<\/span><\/p>\n<p><span style=\"font-weight: 400;\">As\u00ed pues, los principios de educaci\u00f3n inclusiva exigen <\/span><b>adaptar tanto los contenidos como las metodolog\u00edas y los criterios de<\/b> <strong>evaluaci\u00f3n<\/strong>. De esta forma, <span style=\"font-weight: 400;\">garantiza que todos, independientemente de sus caracter\u00edsticas individuales, pueda desarrollar al m\u00e1ximo sus competencias ling\u00fc\u00edsticas.<\/span><\/p>\n<p><span style=\"font-weight: 400;\">Por ello, afectar\u00e1 a distintos niveles:\u00a0<\/span><\/p>\n<ul>\n<li style=\"font-weight: 400;\" aria-level=\"1\"><span style=\"font-weight: 400;\">Desde<strong> ajustes metodol\u00f3gicos<\/strong> que no modifican sustancialmente el curr\u00edculo.<\/span><\/li>\n<li style=\"font-weight: 400;\" aria-level=\"1\"><span style=\"font-weight: 400;\">Hasta <strong>adaptaciones significativas<\/strong> para alumnado con necesidades educativas especiales (<\/span><span style=\"text-decoration: underline;\"><a href=\"https:\/\/www.vocaeditorial.com\/blog\/necesidades-educativas-especificas\/\" target=\"_blank\" rel=\"noopener\"><b>NEE<\/b><\/a><\/span><span style=\"font-weight: 400;\">).\u00a0<\/span><\/li>\n<li style=\"font-weight: 400;\" aria-level=\"1\"><span style=\"font-weight: 400;\">Con el fin de mantener <strong>altas expectativas<\/strong> para todos.<\/span><\/li>\n<\/ul>\n<p>&nbsp;<\/p>\n<h3><span style=\"color: #ffa341;\"><b>Adaptaciones para necesidades espec\u00edficas<\/b><\/span><\/h3>\n<p><span style=\"font-weight: 400;\">En primer lugar, deber\u00e1s tener en cuenta las<\/span><b> dificultades de aprendizaje que presentan tus alumnos<\/b><span style=\"font-weight: 400;\">. Los m\u00e1s frecuentes en el \u00e1rea de Lengua suelen ser<\/span><\/p>\n<table>\n<tbody>\n<tr>\n<td><span style=\"text-decoration: underline;\"><a href=\"https:\/\/www.vocaeditorial.com\/blog\/dislexia-deteccion-temprana-tratamiento\/\" target=\"_blank\" rel=\"noopener\"><b>Dislexia<\/b><\/a><\/span><\/td>\n<td><span style=\"text-decoration: underline;\"><a href=\"https:\/\/www.vocaeditorial.com\/blog\/dsm-v-dislexia\/\" target=\"_blank\" rel=\"noopener\"><b>DSM V<\/b><\/a><\/span><\/td>\n<td><b>Trastorno Espec\u00edfico del Lenguaje (<span style=\"text-decoration: underline;\"><a href=\"https:\/\/neuropediatra.org\/2019\/01\/11\/tel-trastorno-especifico-del-lenguaje-tel\/\" target=\"_blank\" rel=\"noopener\">TEL<\/a><\/span>)<\/b><\/td>\n<td><b>Dificultades articulatorias<\/b><\/td>\n<td><b>Problemas de comprensi\u00f3n<\/b><\/td>\n<\/tr>\n<\/tbody>\n<\/table>\n<p><span style=\"font-weight: 400;\">En concreto, <\/span><b>cada una de estas condiciones requiere adaptaciones espec\u00edficas,<\/b><span style=\"font-weight: 400;\"> de forma que tus alumnos puedan acceder al curr\u00edculo a su medida. En resumen, para que puedan desarrollar sus competencias comunicativas a pesar de las dificultades.<\/span><\/p>\n<p><span style=\"font-weight: 400;\">Adem\u00e1s, cuentas con <\/span><b>recursos espec\u00edficos diversos<\/b><span style=\"font-weight: 400;\"> para atender estas necesidades:\u00a0<\/span><\/p>\n<ul>\n<li style=\"font-weight: 400;\" aria-level=\"1\"><span style=\"font-weight: 400;\">Material visual de apoyo para facilitar la comprensi\u00f3n.<\/span><\/li>\n<li style=\"font-weight: 400;\" aria-level=\"1\"><i><span style=\"font-weight: 400;\">Software <\/span><\/i><span style=\"font-weight: 400;\">espec\u00edficos para dislexia.<\/span><\/li>\n<li style=\"font-weight: 400;\" aria-level=\"1\"><span style=\"font-weight: 400;\">Sistemas aumentativos de comunicaci\u00f3n.<\/span><\/li>\n<li style=\"font-weight: 400;\" aria-level=\"1\"><span style=\"font-weight: 400;\">Adaptaciones en los tiempos de respuesta.<\/span><\/li>\n<li style=\"font-weight: 400;\" aria-level=\"1\"><span style=\"font-weight: 400;\">Modificaciones en los formatos de presentaci\u00f3n de la informaci\u00f3n.<\/span><\/li>\n<\/ul>\n<p>&nbsp;<\/p>\n<h3><span style=\"color: #ffa341;\"><b>Evaluaci\u00f3n adaptada<\/b><\/span><\/h3>\n<p><span style=\"font-weight: 400;\">En consecuencia, la evaluaci\u00f3n Lengua Primaria tambi\u00e9n estar\u00e1 adaptada. Es decir, la <\/span><b>evaluaci\u00f3n diversificada seg\u00fan capacidades <\/b><span style=\"font-weight: 400;\">es clave en la atenci\u00f3n a la diversidad ling\u00fc\u00edstica. Y esto implica diversificar tanto los instrumentos como los criterios de evaluaci\u00f3n, para:<\/span><\/p>\n<ol>\n<li style=\"font-weight: 400;\" aria-level=\"1\"><span style=\"font-weight: 400;\">Ofrecer a los alumnos <\/span><b>m\u00faltiples v\u00edas<\/b><span style=\"font-weight: 400;\"> para demostrar su competencia comunicativa.<\/span><\/li>\n<li style=\"font-weight: 400;\" aria-level=\"1\"><span style=\"font-weight: 400;\">Valorar el <\/span><b>progreso individual <\/b><span style=\"font-weight: 400;\">por encima de la comparaci\u00f3n con un est\u00e1ndar \u00fanico.<\/span><\/li>\n<\/ol>\n<p>&nbsp;<\/p>\n<p><span style=\"font-weight: 400;\">Y, sobre todo, aprovecha la formaci\u00f3n de los <\/span><b>especialistas (audici\u00f3n y lenguaje, pedagog\u00eda terap\u00e9utica, orientaci\u00f3n)<\/b><span style=\"font-weight: 400;\">. De esta forma, coordinarte con ellos te ayudar\u00e1 a enfocar de la forma m\u00e1s \u00f3ptima el trabajo con cada alumno. Y ellos te ayudar\u00e1n a realizar un seguimiento sistem\u00e1tico.<\/span><\/p>\n<p>&nbsp;<\/p>\n<p>&nbsp;<\/p>\n<p><span style=\"font-weight: 400;\">En suma, las adaptaciones y la variedad de herramientas de evaluaci\u00f3n te permitir\u00e1n ajustar el proceso a las necesidades de cada alumno. Y, as\u00ed, la evaluaci\u00f3n Lengua Primaria ser\u00e1 lo m\u00e1s ajustada y concreta posible. \u00a1Para seguir aprendiendo!<\/span><\/p>\n","protected":false},"excerpt":{"rendered":"<p>Coevaluaci\u00f3n, adaptaciones para las NEE, portfolios ling\u00fc\u00edsticos, y m\u00e1s herramientas de evaluaci\u00f3n Lengua Primaria.<\/p>\n","protected":false},"author":49,"featured_media":8594,"comment_status":"closed","ping_status":"closed","sticky":false,"template":"","format":"standard","meta":{"content-type":"","inline_featured_image":false,"_jetpack_memberships_contains_paid_content":false,"footnotes":""},"tags":[623,653,686,694],"class_list":["post-8593","post","type-post","status-publish","format-standard","has-post-thumbnail","hentry","category-comprension-lectora","tag-formacion-docente","tag-primaria","tag-metodos-de-aprendizaje","tag-lengua-castellana-y-literatura"],"yoast_head":"<!-- This site is optimized with the Yoast SEO plugin v26.6 - https:\/\/yoast.com\/wordpress\/plugins\/seo\/ -->\n<title>Evaluaci\u00f3n Lengua Primaria: todas las herramientas &#8211; Voca Editorial<\/title>\n<meta name=\"description\" content=\"Coevaluaci\u00f3n, adaptaciones para las NEE, portfolios ling\u00fc\u00edsticos, y m\u00e1s herramientas de evaluaci\u00f3n Lengua Primaria.\" \/>\n<meta name=\"robots\" content=\"index, follow, max-snippet:-1, max-image-preview:large, max-video-preview:-1\" \/>\n<link rel=\"canonical\" href=\"https:\/\/www.vocaeditorial.com\/blog\/evaluacion-lengua-primaria\/\" \/>\n<meta property=\"og:locale\" content=\"es_ES\" \/>\n<meta property=\"og:type\" content=\"article\" \/>\n<meta property=\"og:title\" content=\"Evaluaci\u00f3n Lengua Primaria: todas las herramientas &#8211; Voca Editorial\" \/>\n<meta property=\"og:description\" content=\"Coevaluaci\u00f3n, adaptaciones para las NEE, portfolios ling\u00fc\u00edsticos, y m\u00e1s herramientas de evaluaci\u00f3n Lengua Primaria.\" \/>\n<meta property=\"og:url\" content=\"https:\/\/www.vocaeditorial.com\/blog\/evaluacion-lengua-primaria\/\" \/>\n<meta property=\"og:site_name\" content=\"Voca Editorial\" \/>\n<meta property=\"article:published_time\" content=\"2025-03-27T14:00:10+00:00\" \/>\n<meta property=\"og:image\" content=\"https:\/\/www.vocaeditorial.com\/blog\/media\/evaluacion-lengua-primaria.jpeg\" \/>\n\t<meta property=\"og:image:width\" content=\"2048\" \/>\n\t<meta property=\"og:image:height\" content=\"1329\" \/>\n\t<meta property=\"og:image:type\" content=\"image\/jpeg\" \/>\n<meta name=\"author\" content=\"VOCA Editorial\" \/>\n<meta name=\"twitter:card\" content=\"summary_large_image\" \/>\n<meta name=\"twitter:label1\" content=\"Escrito por\" \/>\n\t<meta name=\"twitter:data1\" content=\"VOCA Editorial\" \/>\n\t<meta name=\"twitter:label2\" content=\"Tiempo de lectura\" \/>\n\t<meta name=\"twitter:data2\" content=\"4 minutos\" \/>\n<script type=\"application\/ld+json\" class=\"yoast-schema-graph\">{\"@context\":\"https:\/\/schema.org\",\"@graph\":[{\"@type\":\"WebPage\",\"@id\":\"https:\/\/www.vocaeditorial.com\/blog\/evaluacion-lengua-primaria\/\",\"url\":\"https:\/\/www.vocaeditorial.com\/blog\/evaluacion-lengua-primaria\/\",\"name\":\"Evaluaci\u00f3n Lengua Primaria: todas las herramientas &#8211; Voca Editorial\",\"isPartOf\":{\"@id\":\"https:\/\/www.vocaeditorial.com\/blog\/#website\"},\"primaryImageOfPage\":{\"@id\":\"https:\/\/www.vocaeditorial.com\/blog\/evaluacion-lengua-primaria\/#primaryimage\"},\"image\":{\"@id\":\"https:\/\/www.vocaeditorial.com\/blog\/evaluacion-lengua-primaria\/#primaryimage\"},\"thumbnailUrl\":\"https:\/\/www.vocaeditorial.com\/blog\/media\/evaluacion-lengua-primaria.jpeg\",\"datePublished\":\"2025-03-27T14:00:10+00:00\",\"author\":{\"@id\":\"https:\/\/www.vocaeditorial.com\/blog\/#\/schema\/person\/72fba3d6c8a26fba0fee3107fda03438\"},\"description\":\"Coevaluaci\u00f3n, adaptaciones para las NEE, portfolios ling\u00fc\u00edsticos, y m\u00e1s herramientas de evaluaci\u00f3n Lengua Primaria.\",\"breadcrumb\":{\"@id\":\"https:\/\/www.vocaeditorial.com\/blog\/evaluacion-lengua-primaria\/#breadcrumb\"},\"inLanguage\":\"es\",\"potentialAction\":[{\"@type\":\"ReadAction\",\"target\":[\"https:\/\/www.vocaeditorial.com\/blog\/evaluacion-lengua-primaria\/\"]}]},{\"@type\":\"ImageObject\",\"inLanguage\":\"es\",\"@id\":\"https:\/\/www.vocaeditorial.com\/blog\/evaluacion-lengua-primaria\/#primaryimage\",\"url\":\"https:\/\/www.vocaeditorial.com\/blog\/media\/evaluacion-lengua-primaria.jpeg\",\"contentUrl\":\"https:\/\/www.vocaeditorial.com\/blog\/media\/evaluacion-lengua-primaria.jpeg\",\"width\":2048,\"height\":1329,\"caption\":\"evaluaci\u00f3n lengua primaria\"},{\"@type\":\"BreadcrumbList\",\"@id\":\"https:\/\/www.vocaeditorial.com\/blog\/evaluacion-lengua-primaria\/#breadcrumb\",\"itemListElement\":[{\"@type\":\"ListItem\",\"position\":1,\"name\":\"Portada\",\"item\":\"https:\/\/www.vocaeditorial.com\/blog\/\"},{\"@type\":\"ListItem\",\"position\":2,\"name\":\"Evaluaci\u00f3n Lengua Primaria: todas las herramientas\"}]},{\"@type\":\"WebSite\",\"@id\":\"https:\/\/www.vocaeditorial.com\/blog\/#website\",\"url\":\"https:\/\/www.vocaeditorial.com\/blog\/\",\"name\":\"Voca Editorial\",\"description\":\"\",\"potentialAction\":[{\"@type\":\"SearchAction\",\"target\":{\"@type\":\"EntryPoint\",\"urlTemplate\":\"https:\/\/www.vocaeditorial.com\/blog\/?s={search_term_string}\"},\"query-input\":{\"@type\":\"PropertyValueSpecification\",\"valueRequired\":true,\"valueName\":\"search_term_string\"}}],\"inLanguage\":\"es\"},{\"@type\":\"Person\",\"@id\":\"https:\/\/www.vocaeditorial.com\/blog\/#\/schema\/person\/72fba3d6c8a26fba0fee3107fda03438\",\"name\":\"VOCA Editorial\",\"image\":{\"@type\":\"ImageObject\",\"inLanguage\":\"es\",\"@id\":\"https:\/\/www.vocaeditorial.com\/blog\/#\/schema\/person\/image\/\",\"url\":\"https:\/\/secure.gravatar.com\/avatar\/137e7a09ea636684fcf1595563ff145c113f07116d7a29acedf3e545ab378ca3?s=96&d=mm&r=g\",\"contentUrl\":\"https:\/\/secure.gravatar.com\/avatar\/137e7a09ea636684fcf1595563ff145c113f07116d7a29acedf3e545ab378ca3?s=96&d=mm&r=g\",\"caption\":\"VOCA Editorial\"},\"url\":\"https:\/\/www.vocaeditorial.com\/blog\/author\/voca-editorial\/\"}]}<\/script>\n<!-- \/ Yoast SEO plugin. -->","yoast_head_json":{"title":"Evaluaci\u00f3n Lengua Primaria: todas las herramientas &#8211; Voca Editorial","description":"Coevaluaci\u00f3n, adaptaciones para las NEE, portfolios ling\u00fc\u00edsticos, y m\u00e1s herramientas de evaluaci\u00f3n Lengua Primaria.","robots":{"index":"index","follow":"follow","max-snippet":"max-snippet:-1","max-image-preview":"max-image-preview:large","max-video-preview":"max-video-preview:-1"},"canonical":"https:\/\/www.vocaeditorial.com\/blog\/evaluacion-lengua-primaria\/","og_locale":"es_ES","og_type":"article","og_title":"Evaluaci\u00f3n Lengua Primaria: todas las herramientas &#8211; Voca Editorial","og_description":"Coevaluaci\u00f3n, adaptaciones para las NEE, portfolios ling\u00fc\u00edsticos, y m\u00e1s herramientas de evaluaci\u00f3n Lengua Primaria.","og_url":"https:\/\/www.vocaeditorial.com\/blog\/evaluacion-lengua-primaria\/","og_site_name":"Voca Editorial","article_published_time":"2025-03-27T14:00:10+00:00","og_image":[{"width":2048,"height":1329,"url":"https:\/\/www.vocaeditorial.com\/blog\/media\/evaluacion-lengua-primaria.jpeg","type":"image\/jpeg"}],"author":"VOCA Editorial","twitter_card":"summary_large_image","twitter_misc":{"Escrito por":"VOCA Editorial","Tiempo de lectura":"4 minutos"},"schema":{"@context":"https:\/\/schema.org","@graph":[{"@type":"WebPage","@id":"https:\/\/www.vocaeditorial.com\/blog\/evaluacion-lengua-primaria\/","url":"https:\/\/www.vocaeditorial.com\/blog\/evaluacion-lengua-primaria\/","name":"Evaluaci\u00f3n Lengua Primaria: todas las herramientas &#8211; Voca Editorial","isPartOf":{"@id":"https:\/\/www.vocaeditorial.com\/blog\/#website"},"primaryImageOfPage":{"@id":"https:\/\/www.vocaeditorial.com\/blog\/evaluacion-lengua-primaria\/#primaryimage"},"image":{"@id":"https:\/\/www.vocaeditorial.com\/blog\/evaluacion-lengua-primaria\/#primaryimage"},"thumbnailUrl":"https:\/\/www.vocaeditorial.com\/blog\/media\/evaluacion-lengua-primaria.jpeg","datePublished":"2025-03-27T14:00:10+00:00","author":{"@id":"https:\/\/www.vocaeditorial.com\/blog\/#\/schema\/person\/72fba3d6c8a26fba0fee3107fda03438"},"description":"Coevaluaci\u00f3n, adaptaciones para las NEE, portfolios ling\u00fc\u00edsticos, y m\u00e1s herramientas de evaluaci\u00f3n Lengua Primaria.","breadcrumb":{"@id":"https:\/\/www.vocaeditorial.com\/blog\/evaluacion-lengua-primaria\/#breadcrumb"},"inLanguage":"es","potentialAction":[{"@type":"ReadAction","target":["https:\/\/www.vocaeditorial.com\/blog\/evaluacion-lengua-primaria\/"]}]},{"@type":"ImageObject","inLanguage":"es","@id":"https:\/\/www.vocaeditorial.com\/blog\/evaluacion-lengua-primaria\/#primaryimage","url":"https:\/\/www.vocaeditorial.com\/blog\/media\/evaluacion-lengua-primaria.jpeg","contentUrl":"https:\/\/www.vocaeditorial.com\/blog\/media\/evaluacion-lengua-primaria.jpeg","width":2048,"height":1329,"caption":"evaluaci\u00f3n lengua primaria"},{"@type":"BreadcrumbList","@id":"https:\/\/www.vocaeditorial.com\/blog\/evaluacion-lengua-primaria\/#breadcrumb","itemListElement":[{"@type":"ListItem","position":1,"name":"Portada","item":"https:\/\/www.vocaeditorial.com\/blog\/"},{"@type":"ListItem","position":2,"name":"Evaluaci\u00f3n Lengua Primaria: todas las herramientas"}]},{"@type":"WebSite","@id":"https:\/\/www.vocaeditorial.com\/blog\/#website","url":"https:\/\/www.vocaeditorial.com\/blog\/","name":"Voca Editorial","description":"","potentialAction":[{"@type":"SearchAction","target":{"@type":"EntryPoint","urlTemplate":"https:\/\/www.vocaeditorial.com\/blog\/?s={search_term_string}"},"query-input":{"@type":"PropertyValueSpecification","valueRequired":true,"valueName":"search_term_string"}}],"inLanguage":"es"},{"@type":"Person","@id":"https:\/\/www.vocaeditorial.com\/blog\/#\/schema\/person\/72fba3d6c8a26fba0fee3107fda03438","name":"VOCA Editorial","image":{"@type":"ImageObject","inLanguage":"es","@id":"https:\/\/www.vocaeditorial.com\/blog\/#\/schema\/person\/image\/","url":"https:\/\/secure.gravatar.com\/avatar\/137e7a09ea636684fcf1595563ff145c113f07116d7a29acedf3e545ab378ca3?s=96&d=mm&r=g","contentUrl":"https:\/\/secure.gravatar.com\/avatar\/137e7a09ea636684fcf1595563ff145c113f07116d7a29acedf3e545ab378ca3?s=96&d=mm&r=g","caption":"VOCA Editorial"},"url":"https:\/\/www.vocaeditorial.com\/blog\/author\/voca-editorial\/"}]}},"jetpack_featured_media_url":"https:\/\/www.vocaeditorial.com\/blog\/media\/evaluacion-lengua-primaria.jpeg","jetpack_sharing_enabled":true,"_links":{"self":[{"href":"https:\/\/www.vocaeditorial.com\/blog\/wp-json\/wp\/v2\/posts\/8593","targetHints":{"allow":["GET"]}}],"collection":[{"href":"https:\/\/www.vocaeditorial.com\/blog\/wp-json\/wp\/v2\/posts"}],"about":[{"href":"https:\/\/www.vocaeditorial.com\/blog\/wp-json\/wp\/v2\/types\/post"}],"author":[{"embeddable":true,"href":"https:\/\/www.vocaeditorial.com\/blog\/wp-json\/wp\/v2\/users\/49"}],"replies":[{"embeddable":true,"href":"https:\/\/www.vocaeditorial.com\/blog\/wp-json\/wp\/v2\/comments?post=8593"}],"version-history":[{"count":0,"href":"https:\/\/www.vocaeditorial.com\/blog\/wp-json\/wp\/v2\/posts\/8593\/revisions"}],"wp:featuredmedia":[{"embeddable":true,"href":"https:\/\/www.vocaeditorial.com\/blog\/wp-json\/wp\/v2\/media\/8594"}],"wp:attachment":[{"href":"https:\/\/www.vocaeditorial.com\/blog\/wp-json\/wp\/v2\/media?parent=8593"}],"wp:term":[{"taxonomy":"post_tag","embeddable":true,"href":"https:\/\/www.vocaeditorial.com\/blog\/wp-json\/wp\/v2\/tags?post=8593"}],"curies":[{"name":"wp","href":"https:\/\/api.w.org\/{rel}","templated":true}]}}