{"id":8574,"date":"2025-02-20T15:00:49","date_gmt":"2025-02-20T14:00:49","guid":{"rendered":"https:\/\/www.vocaeditorial.com\/blog\/?p=8574"},"modified":"2025-02-17T13:14:21","modified_gmt":"2025-02-17T12:14:21","slug":"didactica-de-la-lengua-espanola-en-educacion-primaria","status":"publish","type":"post","link":"https:\/\/www.vocaeditorial.com\/blog\/didactica-de-la-lengua-espanola-en-educacion-primaria\/","title":{"rendered":"Did\u00e1ctica de la lengua espa\u00f1ola en educaci\u00f3n primaria"},"content":{"rendered":"<p><span style=\"font-weight: 400;\">La did\u00e1ctica de la lengua espa\u00f1ola en educaci\u00f3n primaria no busca solo ense\u00f1ar Lengua, sino especialmente inspirar a los alumnos a experimentar con nuestro idioma. Vamos a ver c\u00f3mo lograrlo. \u00a1Acomp\u00e1\u00f1anos en este viaje pedag\u00f3gico!<\/span><\/p>\n\n[CtaModule cta_item=\u00bb6829&#8243;]\n<p>&nbsp;<\/p>\n<h2><span style=\"color: #ffa341;\"><b>La importancia de la did\u00e1ctica de la lengua espa\u00f1ola en educaci\u00f3n primaria<\/b><\/span><\/h2>\n<p><span style=\"font-weight: 400;\">Para empezar, la lengua espa\u00f1ola en primaria es una <\/span><b>asignatura esencial<\/b><span style=\"font-weight: 400;\">. De hecho, se podr\u00eda decir que es la <\/span><b>m\u00e1s importante<\/b><span style=\"font-weight: 400;\"> de todas. Ya que,\u00a0<\/span><\/p>\n<blockquote><p><span style=\"font-weight: 400;\">sin la lengua espa\u00f1ola, <\/span><b>no se puede aprender nada m\u00e1s<\/b><span style=\"font-weight: 400;\">.<\/span><\/p><\/blockquote>\n<p><span style=\"font-weight: 400;\">Es decir, el lenguaje es<\/span><b> imprescindible para poder recibir nueva informaci\u00f3n <\/b><span style=\"font-weight: 400;\">y para poder <\/span><b>comunicar lo que pensamos.<\/b><span style=\"font-weight: 400;\"> En consecuencia, es muy importante que sepamos ense\u00f1ar bien la lengua espa\u00f1ola en primaria.<\/span><\/p>\n<h2><span style=\"color: #ffa341;\"><b>Habilidades ling\u00fc\u00edsticas<\/b><\/span><\/h2>\n<p><span style=\"font-weight: 400;\">As\u00ed, para abordar la did\u00e1ctica de la lengua espa\u00f1ola en educaci\u00f3n primaria, podemos<\/span><b> dividir la materia en las habilidades ling\u00fc\u00edsticas<\/b><span style=\"font-weight: 400;\">. Es decir, seg\u00fan Cassany, \u00abel uso de la lengua solamente puede realizarse de cuatro formas distintas\u00bb.<\/span><\/p>\n<p><span style=\"font-weight: 400;\">Adem\u00e1s, este autor tambi\u00e9n dice que \u00ab<\/span><b>hablar, escuchar, leer y escribir son las cuatro habilidades<\/b><span style=\"font-weight: 400;\"> que el usuario de una lengua debe dominar para poder comunicarse con eficacia en todas las situaciones posibles\u00bb. <\/span><\/p>\n<p style=\"text-align: center;\"><span style=\"font-weight: 400;\"><img loading=\"lazy\" decoding=\"async\" width=\"512\" height=\"252\" class=\"alignnone size-full wp-image-8565\" src=\"https:\/\/www.vocaeditorial.com\/blog\/media\/Habilidades-linguisticas-Cassany.jpg\" alt=\"c\u00f3mo ense\u00f1ar lengua en primaria\" srcset=\"https:\/\/www.vocaeditorial.com\/blog\/media\/Habilidades-linguisticas-Cassany.jpg 512w, https:\/\/www.vocaeditorial.com\/blog\/media\/Habilidades-linguisticas-Cassany-375x185.jpg 375w\" sizes=\"auto, (max-width: 512px) 100vw, 512px\" \/><\/span><\/p>\n<p style=\"text-align: center;\"><span style=\"font-weight: 400;\">Fuente: Cassany, 2007<\/span><\/p>\n<p><span style=\"font-weight: 400;\">Por lo tanto, podemos centrarnos en estas <\/span><b>habilidades ling\u00fc\u00edsticas<\/b><span style=\"font-weight: 400;\"> para mejorar nuestras clases de Lengua. De esta manera, trabajaremos el <\/span><b>desarrollo integral de la comunicaci\u00f3n<\/b><span style=\"font-weight: 400;\">.<\/span><\/p>\n<h3><span style=\"color: #ffa341;\"><b>Comprensi\u00f3n lectora<\/b><\/span><\/h3>\n<p><span style=\"font-weight: 400;\">En primer lugar, para trabajar la <\/span><span style=\"text-decoration: underline;\"><a href=\"https:\/\/www.vocaeditorial.com\/blog\/comprension-lectora-en-el-aula\/\" target=\"_blank\" rel=\"noopener\"><b>comprensi\u00f3n lectora<\/b><\/a><\/span><span style=\"font-weight: 400;\">, debemos tener en cuenta algunas <\/span><b>consideraciones previas<\/b><span style=\"font-weight: 400;\">.\u00a0<\/span><\/p>\n<ol>\n<li style=\"font-weight: 400;\" aria-level=\"1\"><span style=\"font-weight: 400;\">La lectura se empieza a desarrollar <\/span><b>mucho antes de empezar a leer<\/b><span style=\"font-weight: 400;\">, en el ejemplo que tiene el ni\u00f1o en su entorno.<\/span><\/li>\n<li style=\"font-weight: 400;\" aria-level=\"1\"><span style=\"font-weight: 400;\">La comprensi\u00f3n lectora es un <\/span><b>proceso que no termina<\/b><span style=\"font-weight: 400;\">. Es decir, \u00absiempre se puede comprender mejor, m\u00e1s extensa y profundamente\u00bb.<\/span><\/li>\n<li style=\"font-weight: 400;\" aria-level=\"1\"><span style=\"font-weight: 400;\">Se puede preparar a los alumnos con<\/span><b> actividades de prelectura<\/b><span style=\"font-weight: 400;\"> antes de tener edad de leer. Por ejemplo, ejercicios de <\/span><span style=\"text-decoration: underline;\"><a href=\"https:\/\/www.vocaeditorial.com\/blog\/tecnicas-de-memorizacion\/\" target=\"_blank\" rel=\"noopener\"><b>memoria<\/b><\/a><\/span><span style=\"font-weight: 400;\">, observaci\u00f3n, discriminaci\u00f3n visual o atenci\u00f3n.<\/span><\/li>\n<li style=\"font-weight: 400;\" aria-level=\"1\"><span style=\"font-weight: 400;\">Finalmente, la escuela deber\u00eda transmitir una <\/span><b>concepci\u00f3n real, variada y rica<\/b><span style=\"font-weight: 400;\"> de la lectura.<\/span><\/li>\n<\/ol>\n<p>&nbsp;<\/p>\n<p><span style=\"font-weight: 400;\">Por otro lado, el docente de la asignatura de lengua espa\u00f1ola debe ser un <\/span><b>modelo en la comprensi\u00f3n lectora<\/b><span style=\"font-weight: 400;\">. Es decir, tenemos que <\/span><b>seguir conductas de lectura<\/b><span style=\"font-weight: 400;\"> para que los alumnos nos imiten al leer. Adem\u00e1s, es recomendable que expliquemos:<\/span><\/p>\n<ul>\n<li style=\"font-weight: 400;\" aria-level=\"1\"><b>Qu\u00e9 estrategia<\/b><span style=\"font-weight: 400;\"> vamos a usar<\/span><\/li>\n<li style=\"font-weight: 400;\" aria-level=\"1\"><span style=\"font-weight: 400;\">Con qu\u00e9 <\/span><b>objetivo<\/b><\/li>\n<li style=\"font-weight: 400;\" aria-level=\"1\"><span style=\"font-weight: 400;\">En qu\u00e9 consiste<\/span><\/li>\n<li style=\"font-weight: 400;\" aria-level=\"1\"><b>C\u00f3mo la aplicamos<\/b><\/li>\n<\/ul>\n<p>&nbsp;<\/p>\n<p><span style=\"font-weight: 400;\">Asimismo, es importante que <\/span><b>seleccionemos los textos adecuados<\/b><span style=\"font-weight: 400;\">. Es decir, deber\u00edan ser textos de calidad y tienen que conectarse con los<\/span> <span style=\"text-decoration: underline;\"><a href=\"https:\/\/www.vocaeditorial.com\/blog\/objetivos-del-plan-lector\/\" target=\"_blank\" rel=\"noopener\"><b>objetivos de aprendizaje<\/b><\/a><\/span><span style=\"font-weight: 400;\"> y con los conocimientos y gustos de los alumnos.<\/span><\/p>\n<h3><span style=\"color: #ffa341;\"><b>Expresi\u00f3n escrita<\/b><\/span><\/h3>\n<p><span style=\"font-weight: 400;\">En segundo lugar, para ense\u00f1ar la habilidad ling\u00fc\u00edstica de la expresi\u00f3n escrita, debemos tener en cuenta <\/span><b>el papel del profesor<\/b><span style=\"font-weight: 400;\">.\u00a0<\/span><\/p>\n<table>\n<tbody>\n<tr>\n<td><span style=\"font-weight: 400;\">No solo favorecemos el proceso de composici\u00f3n a trav\u00e9s de las <\/span><b>fases de hacer planes, redacci\u00f3n y revisi\u00f3n<\/b><span style=\"font-weight: 400;\">.<\/span><\/td>\n<td><span style=\"font-weight: 400;\">Sino que debemos <\/span><b>guiar la actividad<\/b><span style=\"font-weight: 400;\"> de producci\u00f3n textual dando las indicaciones adecuadas y ayudando al alumno a controlar el proceso de producci\u00f3n textual.<\/span><\/td>\n<td><span style=\"font-weight: 400;\">Tambi\u00e9n, favorecemos la actitud positiva del alumno hacia la escritura. Por ejemplo, podemos <\/span><b>ofrecer un contexto al ejercicio, d\u00e1ndole sentido<\/b><span style=\"font-weight: 400;\"> a la actividad.<\/span><\/td>\n<\/tr>\n<\/tbody>\n<\/table>\n<p><span style=\"font-weight: 400;\">Por lo tanto, debemos tener en cuenta que en la <\/span><b>habilidad ling\u00fc\u00edstica de la expresi\u00f3n escrita<\/b><span style=\"font-weight: 400;\">, el profesor debe tener un papel activo en todo el proceso.<\/span><\/p>\n[CtaModule cta_item=\u00bb6208&#8243;]\n<h3><span style=\"color: #ffa341;\"><b>Comprensi\u00f3n oral<\/b><\/span><\/h3>\n<p><span style=\"font-weight: 400;\">En tercer lugar, <\/span><b>Cassany<\/b><span style=\"font-weight: 400;\"> nos da <\/span><b>algunos consejos<\/b><span style=\"font-weight: 400;\"> para realizar las <\/span><b>actividades de <\/b><span style=\"text-decoration: underline;\"><a href=\"https:\/\/www.vocaeditorial.com\/blog\/etiqueta\/comprension-oral\/\" target=\"_blank\" rel=\"noopener\"><b>comprensi\u00f3n oral<\/b><\/a><\/span> <span style=\"font-weight: 400;\">en el aula.<\/span><\/p>\n<ul>\n<li style=\"font-weight: 400;\" aria-level=\"1\"><span style=\"font-weight: 400;\">Primero, deben ser <\/span><b>espec\u00edficos y calculados<\/b><span style=\"font-weight: 400;\">, \u00abpreparados para incidir en los aspectos que resulten m\u00e1s dif\u00edciles para el alumno\u00bb.<\/span><\/li>\n<li style=\"font-weight: 400;\" aria-level=\"1\"><span style=\"font-weight: 400;\">Adem\u00e1s, tiene que ser <\/span><b>frecuentes, breves e intensivos<\/b><span style=\"font-weight: 400;\">, con actividades cortas (entre 5 y 10 minutos), variadas y activas.<\/span><\/li>\n<li style=\"font-weight: 400;\" aria-level=\"1\"><span style=\"font-weight: 400;\">Por otro lado, deben poner <\/span><b>\u00e9nfasis en la comprensi\u00f3n<\/b><span style=\"font-weight: 400;\"> y no en el resultado. Es m\u00e1s importante que los alumnos se den cuenta de sus errores y<\/span> <span style=\"font-weight: 400;\">los corrijan.<\/span><\/li>\n<li style=\"font-weight: 400;\" aria-level=\"1\"><span style=\"font-weight: 400;\">Como ya hemos dicho, hay que enfocar el ejercicio hacia alguno de los <\/span><b>procesos de comprensi\u00f3n oral<\/b><span style=\"font-weight: 400;\">.<\/span><\/li>\n<li style=\"font-weight: 400;\" aria-level=\"1\"><span style=\"font-weight: 400;\">Tambi\u00e9n, tienen que ser<\/span> <span style=\"font-weight: 400;\">reales y variados,<\/span><b> con un<\/b> <b>lenguaje aut\u00e9ntico e interferencias<\/b><span style=\"font-weight: 400;\"> (ruidos, equivocaciones\u2026).<\/span><\/li>\n<\/ul>\n<p>&nbsp;<\/p>\n<p><span style=\"font-weight: 400;\">Adem\u00e1s, en los ejercicios de comprensi\u00f3n oral, los alumnos deben tener una <\/span><b>raz\u00f3n para escuchar<\/b><span style=\"font-weight: 400;\">. Tambi\u00e9n deben formular su comprensi\u00f3n de forma observable para que se pueda comentar, corregir y evaluar. Incluso, es recomendable que puedan escuchar m\u00e1s de una vez el texto oral.<\/span><\/p>\n<p><span style=\"font-weight: 400;\">Por \u00faltimo, para poner en pr\u00e1ctica los ejercicios de comprensi\u00f3n oral <\/span><b>se pueden seguir los siguientes pasos<\/b><span style=\"font-weight: 400;\">:<\/span><\/p>\n<ol>\n<li style=\"font-weight: 400;\" aria-level=\"1\"><span style=\"font-weight: 400;\">Introducir el tema del texto que se va a escuchar, explicar su relevancia y <\/span><b>conectarlo con los intereses<\/b><span style=\"font-weight: 400;\"> personales de los alumnos.<\/span><\/li>\n<li style=\"font-weight: 400;\" aria-level=\"1\"><span style=\"font-weight: 400;\">Presentar de forma clara <\/span><b>lo que debe realizar el alumno<\/b><span style=\"font-weight: 400;\"> en este ejercicio.<\/span><\/li>\n<li style=\"font-weight: 400;\" aria-level=\"1\"><b>Escuchar el discurso<\/b> <b>oral<\/b><span style=\"font-weight: 400;\">, cada alumno trabaja de<\/span><b> manera individual<\/b><span style=\"font-weight: 400;\">.<\/span><\/li>\n<li style=\"font-weight: 400;\" aria-level=\"1\"><span style=\"font-weight: 400;\">Pedir a los alumnos que <\/span><b>comparen sus respuestas<\/b><span style=\"font-weight: 400;\"> en grupos o en parejas.<\/span><\/li>\n<li style=\"font-weight: 400;\" aria-level=\"1\"><b>Escuchar nuevamente<\/b><span style=\"font-weight: 400;\"> el discurso oral.<\/span><\/li>\n<li style=\"font-weight: 400;\" aria-level=\"1\"><span style=\"font-weight: 400;\">Volver a <\/span><b>comparar las respuestas<\/b><span style=\"font-weight: 400;\"> en grupos, en parejas o toda la clase, y escuchar de nuevo el discurso oral, deteni\u00e9ndose en los puntos m\u00e1s importantes.\u00a0<\/span><\/li>\n<\/ol>\n<p>&nbsp;<\/p>\n<h3><span style=\"color: #ffa341;\"><b>Expresi\u00f3n oral<\/b><\/span><\/h3>\n<p><span style=\"font-weight: 400;\">Por \u00faltimo, a la hora de practicar la <\/span><b>expresi\u00f3n oral<\/b><span style=\"font-weight: 400;\"> en el aula es conveniente tener en cuenta algunas consideraciones.<\/span><\/p>\n<ul>\n<li style=\"font-weight: 400;\" aria-level=\"1\"><span style=\"font-weight: 400;\">En primer lugar, debemos hacer ver a los alumnos la <\/span><b>relevancia del lenguaje oral<\/b><span style=\"font-weight: 400;\"> en la <\/span><b>vida cotidiana<\/b><span style=\"font-weight: 400;\">.<\/span><\/li>\n<li style=\"font-weight: 400;\" aria-level=\"1\"><span style=\"font-weight: 400;\">Adem\u00e1s, tenemos que saber que el desarrollo de las habilidades ling\u00fc\u00edsticas es un proceso a <\/span><b>medio y largo plazo<\/b><span style=\"font-weight: 400;\">. En especial, esto ocurre sobre todo con las habilidades ling\u00fc\u00edsticas de expresi\u00f3n. Por lo tanto, deberemos tenerlo en cuenta para la<\/span><b> planificaci\u00f3n de la asignatura<\/b><span style=\"font-weight: 400;\">.<\/span><\/li>\n<li style=\"font-weight: 400;\" aria-level=\"1\"><span style=\"font-weight: 400;\">Tambi\u00e9n, es importante saber que se suele insistir m\u00e1s en la correcci\u00f3n del habla y menos, en la fluidez. Sin embargo, en la expresi\u00f3n oral, <\/span><b>correcci\u00f3n y fluidez forman una uni\u00f3n indisociable<\/b><span style=\"font-weight: 400;\">.<\/span><\/li>\n<li style=\"font-weight: 400;\" aria-level=\"1\"><span style=\"font-weight: 400;\">Sumado a esto, el <\/span><b>orden en clase<\/b><span style=\"font-weight: 400;\"> es una cuesti\u00f3n relevante. Habitualmente, los ejercicios de expresi\u00f3n oral pueden hacer que se pierda el orden en el aula. Por eso, debemos empezar por actividades <\/span><b>m\u00e1s breves y controladas<\/b><span style=\"font-weight: 400;\">.<\/span><\/li>\n<li style=\"font-weight: 400;\" aria-level=\"1\"><span style=\"font-weight: 400;\">Finalmente, es necesario <\/span><b>planificar bien la actividad<\/b><span style=\"font-weight: 400;\"> de expresi\u00f3n oral para darle el valor que tiene y no lo perciban los alumnos como un pasatiempo.<\/span><\/li>\n<\/ul>\n<p>&nbsp;<\/p>\n<p>&nbsp;<\/p>\n<p><span style=\"font-weight: 400;\">En resumen, hemos visto que ense\u00f1ar lengua espa\u00f1ola en primaria consiste en crear un espacio de aprendizaje que permita a nuestros alumnos explorar, enriquecerse y expresarse. Sigamos comprometidos con la misi\u00f3n de inspirar a nuestros estudiantes. \u00a1El futuro de la lengua est\u00e1 en tus manos!<\/span><\/p>\n<p>&nbsp;<\/p>\n<p>&nbsp;<\/p>\n<p><span style=\"color: #ffa341;\"><b>Bibliograf\u00eda<\/b><\/span><\/p>\n<p><span style=\"font-weight: 400;\">Cassany, D., Luna M. y Sanz G. (2007). <\/span><span style=\"text-decoration: underline;\"><a href=\"https:\/\/www.grao.com\/libros\/ensenar-lengua-1509\" target=\"_blank\" rel=\"noopener\"><i><span style=\"font-weight: 400;\">Ense\u00f1ar lengua<\/span><\/i><\/a><\/span><span style=\"font-weight: 400;\">, Gra\u00f3.<\/span><\/p>\n<p><span style=\"font-weight: 400;\">Sol\u00e9, I. (2020). <\/span><i><span style=\"font-weight: 400;\">Estrategias de lectura<\/span><\/i><span style=\"font-weight: 400;\">. Gra\u00f3.<\/span><\/p>\n","protected":false},"excerpt":{"rendered":"<p>La did\u00e1ctica de la lengua espa\u00f1ola en educaci\u00f3n primaria se puede aprender de la mano del investigador Daniel Cassany.<\/p>\n","protected":false},"author":49,"featured_media":8561,"comment_status":"closed","ping_status":"closed","sticky":false,"template":"","format":"standard","meta":{"content-type":"","inline_featured_image":false,"_jetpack_memberships_contains_paid_content":false,"footnotes":""},"tags":[653,686,694,623],"class_list":["post-8574","post","type-post","status-publish","format-standard","has-post-thumbnail","hentry","category-comprension-lectora","tag-primaria","tag-metodos-de-aprendizaje","tag-lengua-castellana-y-literatura","tag-formacion-docente"],"yoast_head":"<!-- This site is optimized with the Yoast SEO plugin v26.6 - https:\/\/yoast.com\/wordpress\/plugins\/seo\/ -->\n<title>Did\u00e1ctica de la lengua espa\u00f1ola en educaci\u00f3n primaria &#8211; Voca Editorial<\/title>\n<meta name=\"description\" content=\"La did\u00e1ctica de la lengua espa\u00f1ola en educaci\u00f3n primaria se puede aprender de la mano del investigador Daniel Cassany.\" \/>\n<meta name=\"robots\" content=\"index, follow, max-snippet:-1, max-image-preview:large, max-video-preview:-1\" \/>\n<link rel=\"canonical\" href=\"https:\/\/www.vocaeditorial.com\/blog\/didactica-de-la-lengua-espanola-en-educacion-primaria\/\" \/>\n<meta property=\"og:locale\" content=\"es_ES\" \/>\n<meta property=\"og:type\" content=\"article\" \/>\n<meta property=\"og:title\" content=\"Did\u00e1ctica de la lengua espa\u00f1ola en educaci\u00f3n primaria &#8211; Voca Editorial\" \/>\n<meta property=\"og:description\" content=\"La did\u00e1ctica de la lengua espa\u00f1ola en educaci\u00f3n primaria se puede aprender de la mano del investigador Daniel Cassany.\" \/>\n<meta property=\"og:url\" content=\"https:\/\/www.vocaeditorial.com\/blog\/didactica-de-la-lengua-espanola-en-educacion-primaria\/\" \/>\n<meta property=\"og:site_name\" content=\"Voca Editorial\" \/>\n<meta property=\"article:published_time\" content=\"2025-02-20T14:00:49+00:00\" \/>\n<meta property=\"og:image\" content=\"https:\/\/www.vocaeditorial.com\/blog\/media\/didactica-de-la-lengua-espanola-en-educacion-primaria-scaled.jpg\" \/>\n\t<meta property=\"og:image:width\" content=\"2560\" \/>\n\t<meta property=\"og:image:height\" content=\"1070\" \/>\n\t<meta property=\"og:image:type\" content=\"image\/jpeg\" \/>\n<meta name=\"author\" content=\"VOCA Editorial\" \/>\n<meta name=\"twitter:card\" content=\"summary_large_image\" \/>\n<meta name=\"twitter:label1\" content=\"Escrito por\" \/>\n\t<meta name=\"twitter:data1\" content=\"VOCA Editorial\" \/>\n\t<meta name=\"twitter:label2\" content=\"Tiempo de lectura\" \/>\n\t<meta name=\"twitter:data2\" content=\"6 minutos\" \/>\n<script type=\"application\/ld+json\" class=\"yoast-schema-graph\">{\"@context\":\"https:\/\/schema.org\",\"@graph\":[{\"@type\":\"WebPage\",\"@id\":\"https:\/\/www.vocaeditorial.com\/blog\/didactica-de-la-lengua-espanola-en-educacion-primaria\/\",\"url\":\"https:\/\/www.vocaeditorial.com\/blog\/didactica-de-la-lengua-espanola-en-educacion-primaria\/\",\"name\":\"Did\u00e1ctica de la lengua espa\u00f1ola en educaci\u00f3n primaria &#8211; Voca Editorial\",\"isPartOf\":{\"@id\":\"https:\/\/www.vocaeditorial.com\/blog\/#website\"},\"primaryImageOfPage\":{\"@id\":\"https:\/\/www.vocaeditorial.com\/blog\/didactica-de-la-lengua-espanola-en-educacion-primaria\/#primaryimage\"},\"image\":{\"@id\":\"https:\/\/www.vocaeditorial.com\/blog\/didactica-de-la-lengua-espanola-en-educacion-primaria\/#primaryimage\"},\"thumbnailUrl\":\"https:\/\/www.vocaeditorial.com\/blog\/media\/didactica-de-la-lengua-espanola-en-educacion-primaria-scaled.jpg\",\"datePublished\":\"2025-02-20T14:00:49+00:00\",\"author\":{\"@id\":\"https:\/\/www.vocaeditorial.com\/blog\/#\/schema\/person\/72fba3d6c8a26fba0fee3107fda03438\"},\"description\":\"La did\u00e1ctica de la lengua espa\u00f1ola en educaci\u00f3n primaria se puede aprender de la mano del investigador Daniel Cassany.\",\"breadcrumb\":{\"@id\":\"https:\/\/www.vocaeditorial.com\/blog\/didactica-de-la-lengua-espanola-en-educacion-primaria\/#breadcrumb\"},\"inLanguage\":\"es\",\"potentialAction\":[{\"@type\":\"ReadAction\",\"target\":[\"https:\/\/www.vocaeditorial.com\/blog\/didactica-de-la-lengua-espanola-en-educacion-primaria\/\"]}]},{\"@type\":\"ImageObject\",\"inLanguage\":\"es\",\"@id\":\"https:\/\/www.vocaeditorial.com\/blog\/didactica-de-la-lengua-espanola-en-educacion-primaria\/#primaryimage\",\"url\":\"https:\/\/www.vocaeditorial.com\/blog\/media\/didactica-de-la-lengua-espanola-en-educacion-primaria-scaled.jpg\",\"contentUrl\":\"https:\/\/www.vocaeditorial.com\/blog\/media\/didactica-de-la-lengua-espanola-en-educacion-primaria-scaled.jpg\",\"width\":2560,\"height\":1070,\"caption\":\"2GX6P5E USA. A scene from the \u00a9Warner Bros new movie: The Lego Movie (2014). Plot: An ordinary LEGO minifigure, mistakenly thought to be the extraordinary MasterBuilder, is recruited to join a quest to stop an evil LEGO tyrant from gluing the universe together. Ref: LMK106-46258-201213 Supplied by LMKMEDIA. Editorial Only. Landmark Media is not the copyright owner of these Film or TV stills but provides a service only for recognised Media outlets. pictures@lmkmedia.com\"},{\"@type\":\"BreadcrumbList\",\"@id\":\"https:\/\/www.vocaeditorial.com\/blog\/didactica-de-la-lengua-espanola-en-educacion-primaria\/#breadcrumb\",\"itemListElement\":[{\"@type\":\"ListItem\",\"position\":1,\"name\":\"Portada\",\"item\":\"https:\/\/www.vocaeditorial.com\/blog\/\"},{\"@type\":\"ListItem\",\"position\":2,\"name\":\"Did\u00e1ctica de la lengua espa\u00f1ola en educaci\u00f3n primaria\"}]},{\"@type\":\"WebSite\",\"@id\":\"https:\/\/www.vocaeditorial.com\/blog\/#website\",\"url\":\"https:\/\/www.vocaeditorial.com\/blog\/\",\"name\":\"Voca Editorial\",\"description\":\"\",\"potentialAction\":[{\"@type\":\"SearchAction\",\"target\":{\"@type\":\"EntryPoint\",\"urlTemplate\":\"https:\/\/www.vocaeditorial.com\/blog\/?s={search_term_string}\"},\"query-input\":{\"@type\":\"PropertyValueSpecification\",\"valueRequired\":true,\"valueName\":\"search_term_string\"}}],\"inLanguage\":\"es\"},{\"@type\":\"Person\",\"@id\":\"https:\/\/www.vocaeditorial.com\/blog\/#\/schema\/person\/72fba3d6c8a26fba0fee3107fda03438\",\"name\":\"VOCA Editorial\",\"image\":{\"@type\":\"ImageObject\",\"inLanguage\":\"es\",\"@id\":\"https:\/\/www.vocaeditorial.com\/blog\/#\/schema\/person\/image\/\",\"url\":\"https:\/\/secure.gravatar.com\/avatar\/137e7a09ea636684fcf1595563ff145c113f07116d7a29acedf3e545ab378ca3?s=96&d=mm&r=g\",\"contentUrl\":\"https:\/\/secure.gravatar.com\/avatar\/137e7a09ea636684fcf1595563ff145c113f07116d7a29acedf3e545ab378ca3?s=96&d=mm&r=g\",\"caption\":\"VOCA Editorial\"},\"url\":\"https:\/\/www.vocaeditorial.com\/blog\/author\/voca-editorial\/\"}]}<\/script>\n<!-- \/ Yoast SEO plugin. -->","yoast_head_json":{"title":"Did\u00e1ctica de la lengua espa\u00f1ola en educaci\u00f3n primaria &#8211; Voca Editorial","description":"La did\u00e1ctica de la lengua espa\u00f1ola en educaci\u00f3n primaria se puede aprender de la mano del investigador Daniel Cassany.","robots":{"index":"index","follow":"follow","max-snippet":"max-snippet:-1","max-image-preview":"max-image-preview:large","max-video-preview":"max-video-preview:-1"},"canonical":"https:\/\/www.vocaeditorial.com\/blog\/didactica-de-la-lengua-espanola-en-educacion-primaria\/","og_locale":"es_ES","og_type":"article","og_title":"Did\u00e1ctica de la lengua espa\u00f1ola en educaci\u00f3n primaria &#8211; Voca Editorial","og_description":"La did\u00e1ctica de la lengua espa\u00f1ola en educaci\u00f3n primaria se puede aprender de la mano del investigador Daniel Cassany.","og_url":"https:\/\/www.vocaeditorial.com\/blog\/didactica-de-la-lengua-espanola-en-educacion-primaria\/","og_site_name":"Voca Editorial","article_published_time":"2025-02-20T14:00:49+00:00","og_image":[{"width":2560,"height":1070,"url":"https:\/\/www.vocaeditorial.com\/blog\/media\/didactica-de-la-lengua-espanola-en-educacion-primaria-scaled.jpg","type":"image\/jpeg"}],"author":"VOCA Editorial","twitter_card":"summary_large_image","twitter_misc":{"Escrito por":"VOCA Editorial","Tiempo de lectura":"6 minutos"},"schema":{"@context":"https:\/\/schema.org","@graph":[{"@type":"WebPage","@id":"https:\/\/www.vocaeditorial.com\/blog\/didactica-de-la-lengua-espanola-en-educacion-primaria\/","url":"https:\/\/www.vocaeditorial.com\/blog\/didactica-de-la-lengua-espanola-en-educacion-primaria\/","name":"Did\u00e1ctica de la lengua espa\u00f1ola en educaci\u00f3n primaria &#8211; Voca Editorial","isPartOf":{"@id":"https:\/\/www.vocaeditorial.com\/blog\/#website"},"primaryImageOfPage":{"@id":"https:\/\/www.vocaeditorial.com\/blog\/didactica-de-la-lengua-espanola-en-educacion-primaria\/#primaryimage"},"image":{"@id":"https:\/\/www.vocaeditorial.com\/blog\/didactica-de-la-lengua-espanola-en-educacion-primaria\/#primaryimage"},"thumbnailUrl":"https:\/\/www.vocaeditorial.com\/blog\/media\/didactica-de-la-lengua-espanola-en-educacion-primaria-scaled.jpg","datePublished":"2025-02-20T14:00:49+00:00","author":{"@id":"https:\/\/www.vocaeditorial.com\/blog\/#\/schema\/person\/72fba3d6c8a26fba0fee3107fda03438"},"description":"La did\u00e1ctica de la lengua espa\u00f1ola en educaci\u00f3n primaria se puede aprender de la mano del investigador Daniel Cassany.","breadcrumb":{"@id":"https:\/\/www.vocaeditorial.com\/blog\/didactica-de-la-lengua-espanola-en-educacion-primaria\/#breadcrumb"},"inLanguage":"es","potentialAction":[{"@type":"ReadAction","target":["https:\/\/www.vocaeditorial.com\/blog\/didactica-de-la-lengua-espanola-en-educacion-primaria\/"]}]},{"@type":"ImageObject","inLanguage":"es","@id":"https:\/\/www.vocaeditorial.com\/blog\/didactica-de-la-lengua-espanola-en-educacion-primaria\/#primaryimage","url":"https:\/\/www.vocaeditorial.com\/blog\/media\/didactica-de-la-lengua-espanola-en-educacion-primaria-scaled.jpg","contentUrl":"https:\/\/www.vocaeditorial.com\/blog\/media\/didactica-de-la-lengua-espanola-en-educacion-primaria-scaled.jpg","width":2560,"height":1070,"caption":"2GX6P5E USA. A scene from the \u00a9Warner Bros new movie: The Lego Movie (2014). Plot: An ordinary LEGO minifigure, mistakenly thought to be the extraordinary MasterBuilder, is recruited to join a quest to stop an evil LEGO tyrant from gluing the universe together. Ref: LMK106-46258-201213 Supplied by LMKMEDIA. Editorial Only. Landmark Media is not the copyright owner of these Film or TV stills but provides a service only for recognised Media outlets. pictures@lmkmedia.com"},{"@type":"BreadcrumbList","@id":"https:\/\/www.vocaeditorial.com\/blog\/didactica-de-la-lengua-espanola-en-educacion-primaria\/#breadcrumb","itemListElement":[{"@type":"ListItem","position":1,"name":"Portada","item":"https:\/\/www.vocaeditorial.com\/blog\/"},{"@type":"ListItem","position":2,"name":"Did\u00e1ctica de la lengua espa\u00f1ola en educaci\u00f3n primaria"}]},{"@type":"WebSite","@id":"https:\/\/www.vocaeditorial.com\/blog\/#website","url":"https:\/\/www.vocaeditorial.com\/blog\/","name":"Voca Editorial","description":"","potentialAction":[{"@type":"SearchAction","target":{"@type":"EntryPoint","urlTemplate":"https:\/\/www.vocaeditorial.com\/blog\/?s={search_term_string}"},"query-input":{"@type":"PropertyValueSpecification","valueRequired":true,"valueName":"search_term_string"}}],"inLanguage":"es"},{"@type":"Person","@id":"https:\/\/www.vocaeditorial.com\/blog\/#\/schema\/person\/72fba3d6c8a26fba0fee3107fda03438","name":"VOCA Editorial","image":{"@type":"ImageObject","inLanguage":"es","@id":"https:\/\/www.vocaeditorial.com\/blog\/#\/schema\/person\/image\/","url":"https:\/\/secure.gravatar.com\/avatar\/137e7a09ea636684fcf1595563ff145c113f07116d7a29acedf3e545ab378ca3?s=96&d=mm&r=g","contentUrl":"https:\/\/secure.gravatar.com\/avatar\/137e7a09ea636684fcf1595563ff145c113f07116d7a29acedf3e545ab378ca3?s=96&d=mm&r=g","caption":"VOCA Editorial"},"url":"https:\/\/www.vocaeditorial.com\/blog\/author\/voca-editorial\/"}]}},"jetpack_featured_media_url":"https:\/\/www.vocaeditorial.com\/blog\/media\/didactica-de-la-lengua-espanola-en-educacion-primaria-scaled.jpg","jetpack_sharing_enabled":true,"_links":{"self":[{"href":"https:\/\/www.vocaeditorial.com\/blog\/wp-json\/wp\/v2\/posts\/8574","targetHints":{"allow":["GET"]}}],"collection":[{"href":"https:\/\/www.vocaeditorial.com\/blog\/wp-json\/wp\/v2\/posts"}],"about":[{"href":"https:\/\/www.vocaeditorial.com\/blog\/wp-json\/wp\/v2\/types\/post"}],"author":[{"embeddable":true,"href":"https:\/\/www.vocaeditorial.com\/blog\/wp-json\/wp\/v2\/users\/49"}],"replies":[{"embeddable":true,"href":"https:\/\/www.vocaeditorial.com\/blog\/wp-json\/wp\/v2\/comments?post=8574"}],"version-history":[{"count":0,"href":"https:\/\/www.vocaeditorial.com\/blog\/wp-json\/wp\/v2\/posts\/8574\/revisions"}],"wp:featuredmedia":[{"embeddable":true,"href":"https:\/\/www.vocaeditorial.com\/blog\/wp-json\/wp\/v2\/media\/8561"}],"wp:attachment":[{"href":"https:\/\/www.vocaeditorial.com\/blog\/wp-json\/wp\/v2\/media?parent=8574"}],"wp:term":[{"taxonomy":"post_tag","embeddable":true,"href":"https:\/\/www.vocaeditorial.com\/blog\/wp-json\/wp\/v2\/tags?post=8574"}],"curies":[{"name":"wp","href":"https:\/\/api.w.org\/{rel}","templated":true}]}}