{"id":8558,"date":"2025-02-04T15:00:04","date_gmt":"2025-02-04T14:00:04","guid":{"rendered":"https:\/\/www.vocaeditorial.com\/blog\/?p=8558"},"modified":"2025-02-03T13:00:11","modified_gmt":"2025-02-03T12:00:11","slug":"metodos-para-ensenar-lengua-y-literatura-en-primaria","status":"publish","type":"post","link":"https:\/\/www.vocaeditorial.com\/blog\/metodos-para-ensenar-lengua-y-literatura-en-primaria\/","title":{"rendered":"5 m\u00e9todos para ense\u00f1ar Lengua y Literatura en Primaria"},"content":{"rendered":"<p><span style=\"font-weight: 400;\">Hay tantos m\u00e9todos para ense\u00f1ar Lengua y Literatura en Primaria como personas en el mundo. La selecci\u00f3n de los m\u00e9todos did\u00e1cticos adecuados es crucial para que consigamos un aprendizaje efectivo. Por eso, aqu\u00ed te mostramos algunos de los m\u00e9todos did\u00e1cticos m\u00e1s utilizados.<\/span><\/p>\n\n[CtaModule cta_item=\u00bb6766&#8243;]\n<p>&nbsp;<\/p>\n<h2><span style=\"color: #ffa341;\"><b>Los m\u00e9todos para ense\u00f1ar Lengua y Literatura en Primaria<\/b><\/span><\/h2>\n<p><span style=\"font-weight: 400;\">Antes de nada, recordemos que los <\/span><span style=\"text-decoration: underline;\"><a href=\"https:\/\/www.vocaeditorial.com\/blog\/metodos-didacticos\/\" target=\"_blank\" rel=\"noopener\"><b>m\u00e9todos did\u00e1cticos<\/b><\/a><\/span><span style=\"font-weight: 400;\"> son<\/span><span style=\"font-weight: 400;\"> la<\/span><b> manera de ordenar<\/b><span style=\"font-weight: 400;\"> los diferentes <\/span><b>elementos did\u00e1cticos<\/b><span style=\"font-weight: 400;\">:<\/span><\/p>\n<ul>\n<li style=\"font-weight: 400;\" aria-level=\"1\"><span style=\"font-weight: 400;\">Los recursos<\/span><\/li>\n<li style=\"font-weight: 400;\" aria-level=\"1\"><span style=\"font-weight: 400;\">Las <\/span><span style=\"text-decoration: underline;\"><a href=\"https:\/\/www.vocaeditorial.com\/blog\/tecnicas-educativas\/\" target=\"_blank\" rel=\"noopener\"><b>t\u00e9cnicas<\/b><\/a><\/span><\/li>\n<li style=\"font-weight: 400;\" aria-level=\"1\"><span style=\"font-weight: 400;\">Las actividades<\/span><\/li>\n<\/ul>\n<p>&nbsp;<\/p>\n<p><span style=\"font-weight: 400;\">De esta manera, logramos el <\/span><b>objetivo de aprendizaje<\/b><span style=\"font-weight: 400;\"> al ordenar estos elementos did\u00e1cticos de manera<\/span><b> l\u00f3gica y secuencial<\/b><span style=\"font-weight: 400;\">.<\/span><\/p>\n<h3><span style=\"color: #ffa341;\"><b>M\u00e9todo tradicional<\/b><\/span><\/h3>\n<p><span style=\"font-weight: 400;\">En primer lugar, el m\u00e9todo tradicional tiene al <\/span><b>profesor en el centro del proceso<\/b><span style=\"font-weight: 400;\"> de ense\u00f1anza aprendizaje. Adem\u00e1s, el profesor <\/span><b>transmite directamente los conocimientos<\/b><span style=\"font-weight: 400;\">, mientras que el <\/span><b>alumno tiene un papel pasivo<\/b><span style=\"font-weight: 400;\">.<\/span><\/p>\n<p><span style=\"font-weight: 400;\">Por otro lado, este m\u00e9todo did\u00e1ctico <\/span><b>se fundamenta en<\/b><span style=\"font-weight: 400;\">:<\/span><\/p>\n<ol>\n<li style=\"font-weight: 400;\" aria-level=\"1\"><b>Ense\u00f1anza expl\u00edcita<\/b><span style=\"font-weight: 400;\"> de la gram\u00e1tica<\/span><\/li>\n<li style=\"font-weight: 400;\" aria-level=\"1\"><b>Memorizaci\u00f3n de reglas<\/b><\/li>\n<li style=\"font-weight: 400;\" aria-level=\"1\"><span style=\"font-weight: 400;\">Realizaci\u00f3n de <\/span><b>ejercicios repetitivos<\/b><span style=\"font-weight: 400;\">.\u00a0<\/span><\/li>\n<\/ol>\n<p>&nbsp;<\/p>\n<p><span style=\"font-weight: 400;\">Es decir, el m\u00e9todo tradicional para ense\u00f1ar Lengua y Literatura en Primaria se basa en la<\/span><b> transmisi\u00f3n directa de conocimientos<\/b><span style=\"font-weight: 400;\">.<\/span><\/p>\n<h3><span style=\"color: #ffa341;\"><b>Aprendizaje Basado en Proyectos<\/b><\/span><\/h3>\n<p><span style=\"font-weight: 400;\">En segundo lugar, el <\/span><span style=\"text-decoration: underline;\"><a href=\"https:\/\/www.vocaeditorial.com\/blog\/aprendizaje-basado-en-proyectos\/\" target=\"_blank\" rel=\"noopener\"><b>Aprendizaje Basado en Proyectos (ABP)<\/b><\/a><\/span><span style=\"font-weight: 400;\"> organiza el aprendizaje <\/span><b>alrededor de proyectos significativos<\/b><span style=\"font-weight: 400;\">.\u00a0<\/span><\/p>\n<blockquote><p><span style=\"font-weight: 400;\">Los alumnos<\/span><b> investigan, colaboran y crean <\/b><span style=\"font-weight: 400;\">productos finales reales, integrando diferentes aspectos de la lengua y la literatura de forma natural.<\/span><\/p><\/blockquote>\n<p>&nbsp;<\/p>\n<p><span style=\"font-weight: 400;\">Por ejemplo, algunos proyectos para la asignatura de Lengua y Literatura pueden ser:<\/span><\/p>\n<ul>\n<li style=\"font-weight: 400;\" aria-level=\"1\"><span style=\"font-weight: 400;\">Crear un <\/span><b>peri\u00f3dico escolar<\/b><\/li>\n<li style=\"font-weight: 400;\" aria-level=\"1\"><span style=\"font-weight: 400;\">Organizar una <\/span><b>obra de teatro<\/b><\/li>\n<li style=\"font-weight: 400;\" aria-level=\"1\"><span style=\"font-weight: 400;\">Escribir un<\/span><b> libro colectivo<\/b><\/li>\n<\/ul>\n<p>&nbsp;<\/p>\n<p><span style=\"font-weight: 400;\">En resumen, el <\/span><b>Aprendizaje Basado en Proyectos<\/b><span style=\"font-weight: 400;\"> organiza el aprendizaje alrededor de proyectos con un <\/span><b>prop\u00f3sito comunicativo real<\/b><span style=\"font-weight: 400;\">.<\/span><\/p>\n<h3><span style=\"color: #ffa341;\"><b><i>Flipped classroom<\/i><\/b><\/span><\/h3>\n<p><span style=\"font-weight: 400;\">En tercer lugar, el m\u00e9todo del <\/span><span style=\"text-decoration: underline;\"><a href=\"https:\/\/www.theflippedclassroom.es\/what-is-innovacion-educativa\/\" target=\"_blank\" rel=\"noopener\"><b><i>flipped classroom<\/i><\/b><\/a><\/span><span style=\"font-weight: 400;\"> o<\/span> <span style=\"font-weight: 400;\">aprendizaje Invertido le da la vuelta al modelo tradicional. Es decir, los alumnos <\/span><b>acceden a los contenidos te\u00f3ricos por su cuenta en casa.\u00a0<\/b><\/p>\n<p><span style=\"font-weight: 400;\">Adem\u00e1s, puede ser<\/span><b> mediante videos, lecturas, etc.<\/b><span style=\"font-weight: 400;\">, y el tiempo de clase se dedica a:<\/span><\/p>\n<ul>\n<li style=\"font-weight: 400;\" aria-level=\"1\"><span style=\"font-weight: 400;\">Actividades pr\u00e1cticas<\/span><\/li>\n<li style=\"font-weight: 400;\" aria-level=\"1\"><span style=\"font-weight: 400;\">Debates<\/span><\/li>\n<li style=\"font-weight: 400;\" aria-level=\"1\"><span style=\"font-weight: 400;\">Proyectos<\/span><\/li>\n<li style=\"font-weight: 400;\" aria-level=\"1\"><span style=\"font-weight: 400;\">Resoluci\u00f3n de dudas<\/span><\/li>\n<\/ul>\n<p>&nbsp;<\/p>\n<p><span style=\"font-weight: 400;\">Por lo tanto, en un <\/span><span style=\"text-decoration: underline;\"><a href=\"https:\/\/www.vocaeditorial.com\/blog\/aula-invertida\/\" target=\"_blank\" rel=\"noopener\"><b>aula invertida<\/b><\/a><\/span><span style=\"font-weight: 400;\"> utilizamos el <\/span><b>tiempo de casa para la teor\u00eda<\/b><span style=\"font-weight: 400;\"> y dejamos el tiempo en clase para <\/span><b>trabajar de manera pr\u00e1ctica<\/b><span style=\"font-weight: 400;\">. As\u00ed, logramos una atenci\u00f3n m\u00e1s personalizada y un aprendizaje m\u00e1s activo.<\/span><\/p>\n[CtaModule cta_item=\u00bb6208&#8243;]\n<h3><span style=\"color: #ffa341;\"><b>M\u00e9todo gamificado<\/b><\/span><\/h3>\n<p><span style=\"font-weight: 400;\">En cuarto lugar, en el <\/span><b>m\u00e9todo gamificado o <\/b><span style=\"text-decoration: underline;\"><a href=\"https:\/\/www.vocaeditorial.com\/blog\/ejemplos-de-gamificacion-en-el-aula-de-primaria\/\" target=\"_blank\" rel=\"noopener\"><b>gamificaci\u00f3n<\/b><\/a><\/span><span style=\"font-weight: 400;\">, empleamos mec\u00e1nicas de juego. Es decir, se utilizan actividades que contienen:<\/span><\/p>\n<ul>\n<li style=\"font-weight: 400;\" aria-level=\"1\"><span style=\"font-weight: 400;\">Puntos<\/span><\/li>\n<li style=\"font-weight: 400;\" aria-level=\"1\"><span style=\"font-weight: 400;\">Niveles<\/span><\/li>\n<li style=\"font-weight: 400;\" aria-level=\"1\"><span style=\"font-weight: 400;\">Retos<\/span><\/li>\n<li style=\"font-weight: 400;\" aria-level=\"1\"><span style=\"font-weight: 400;\">Recompensas<\/span><\/li>\n<\/ul>\n<p>&nbsp;<\/p>\n<p><span style=\"font-weight: 400;\">En consecuencia, <\/span><span style=\"font-weight: 400;\">las actividades de Lengua y Literatura se convierten en <\/span><b>desaf\u00edos atractivos<\/b><span style=\"font-weight: 400;\"> que los alumnos quieren superar. Gracias a esto, podr\u00e1s conseguir varios beneficios en tu aula.<\/span><\/p>\n<table>\n<tbody>\n<tr>\n<td><span style=\"font-weight: 400;\">Aumento de la <\/span><b>implicaci\u00f3n y motivaci\u00f3n<\/b><span style=\"font-weight: 400;\"> por el aprendizaje.<\/span><\/td>\n<td><b>Tolerancia a la frustraci\u00f3n<\/b><span style=\"font-weight: 400;\">.<\/span><\/td>\n<td><span style=\"font-weight: 400;\">Desarrollo de la capacidad para<\/span><b> trabajar en equipo<\/b><span style=\"font-weight: 400;\">.<\/span><\/td>\n<\/tr>\n<\/tbody>\n<\/table>\n<h3><span style=\"color: #ffa341;\"><b>Aprender haciendo<\/b><\/span><\/h3>\n<p><span style=\"font-weight: 400;\">Por \u00faltimo, veamos el m\u00e9todo de <\/span><b>aprender haciendo o <\/b><b><i>learning by doing<\/i><\/b><span style=\"font-weight: 400;\">. En este caso, se enfatiza la <\/span><b>experiencia pr\u00e1ctica para adquirir conocimientos<\/b><span style=\"font-weight: 400;\">. As\u00ed, sus caracter\u00edsticas principales son:<\/span><\/p>\n<ul>\n<li style=\"font-weight: 400;\" aria-level=\"1\"><span style=\"font-weight: 400;\">Los estudiantes <\/span><b>participan activamente<\/b><span style=\"font-weight: 400;\"> en su aprendizaje.<\/span><\/li>\n<li style=\"font-weight: 400;\" aria-level=\"1\"><span style=\"font-weight: 400;\">Permite experimentar <\/span><b>conceptos de la vida real<\/b><span style=\"font-weight: 400;\">.<\/span><\/li>\n<li style=\"font-weight: 400;\" aria-level=\"1\"><span style=\"font-weight: 400;\">Tambi\u00e9n se fomenta la <\/span><b>reflexi\u00f3n sobre lo aprendido<\/b><span style=\"font-weight: 400;\">, para lograr una <\/span><b>comprensi\u00f3n m\u00e1s profunda<\/b><span style=\"font-weight: 400;\">.<\/span><\/li>\n<li style=\"font-weight: 400;\" aria-level=\"1\"><span style=\"font-weight: 400;\">Asimismo, el aprendizaje se desarrolla dentro de un <\/span><b>contexto real y concreto<\/b><span style=\"font-weight: 400;\"> facilitando la <\/span><b>aplicaci\u00f3n del conocimiento<\/b><span style=\"font-weight: 400;\">.<\/span><\/li>\n<li style=\"font-weight: 400;\" aria-level=\"1\"><span style=\"font-weight: 400;\">Por \u00faltimo, se busca la <\/span><b>colaboraci\u00f3n y el intercambio<\/b><span style=\"font-weight: 400;\"> de ideas.<\/span><\/li>\n<\/ul>\n<p>&nbsp;<\/p>\n<h2><span style=\"color: #ffa341;\"><b>\u00bfQu\u00e9 m\u00e9todos para ense\u00f1ar Lengua y Literatura en Primaria usar?<\/b><\/span><\/h2>\n<p><span style=\"font-weight: 400;\">Finalmente, debemos saber que estos <\/span><b>m\u00e9todos para ense\u00f1ar Lengua y Literatura<\/b><span style=\"font-weight: 400;\"> en Primaria<\/span><b> no son los \u00fanicos que existen<\/b><span style=\"font-weight: 400;\">. Adem\u00e1s, no se suele utilizar \u00fanicamente uno en el aula. De hecho,\u00a0<\/span><\/p>\n<blockquote><p><span style=\"font-weight: 400;\">lo ideal es que utilicemos una <\/span><b>mezcla de m\u00e9todos did\u00e1cticos que se adapte<\/b><span style=\"font-weight: 400;\"> mejor a nuestra aula concreta.<\/span><\/p><\/blockquote>\n<p>&nbsp;<\/p>\n<p><span style=\"font-weight: 400;\">As\u00ed, al <\/span><b>combinar diferentes m\u00e9todos<\/b><span style=\"font-weight: 400;\">, los educadores podemos crear un <\/span><b>ambiente din\u00e1mico y estimulante<\/b><span style=\"font-weight: 400;\"> que nutra la <\/span><b>curiosidad<\/b><span style=\"font-weight: 400;\"> de nuestros estudiantes al mismo tiempo que ense\u00f1amos contenidos.<\/span><\/p>\n<p><span style=\"font-weight: 400;\">Por lo tanto, podemos servirnos de todas las actividades que nos ayuden a<\/span><b> lograr la mejor educaci\u00f3n <\/b><span style=\"font-weight: 400;\">para nuestros alumnos, aunque sean de <\/span><b>varios m\u00e9todos diferentes<\/b><span style=\"font-weight: 400;\">.<\/span><\/p>\n<p>&nbsp;<\/p>\n<p><span style=\"font-weight: 400;\">En conclusi\u00f3n, la diversidad de m\u00e9todos did\u00e1cticos nos ofrece un sinf\u00edn de posibilidades para enriquecer el proceso de aprendizaje. Y es que cada m\u00e9todo es una oportunidad para conectar con nuestros alumnos y poder guiarlos en su viaje ling\u00fc\u00edstico. Ahora te toca a ti buscar aquellos m\u00e9todos que funcionen mejor para ti y para tu clase.<\/span><\/p>\n<p>&nbsp;<\/p>\n<p>&nbsp;<\/p>\n<p><span style=\"color: #ffa341;\"><b>Bibliograf\u00eda<\/b><\/span><\/p>\n<p><span style=\"font-weight: 400;\">Bergmann, J., Sams, A. (2014). <\/span><span style=\"text-decoration: underline;\"><a href=\"https:\/\/blogs.ugto.mx\/wp-content\/uploads\/sites\/66\/2022\/11\/Bergmann-y-Sams-Dale-la-vuelta-a-tu-clase.pdf\" target=\"_blank\" rel=\"noopener\"><i><span style=\"font-weight: 400;\">Dale la vuelta a tu clase: lleva tu clase a cada estudiante, en cualquier momento, en cualquier lugar<\/span><\/i><\/a><\/span><i><span style=\"font-weight: 400;\">. <\/span><\/i><span style=\"font-weight: 400;\">Madrid: Ediciones SM.<\/span><\/p>\n<p><span style=\"font-weight: 400;\">Davini, M. C. (2008). <\/span><span style=\"text-decoration: underline;\"><a href=\"https:\/\/d1wqtxts1xzle7.cloudfront.net\/55091503\/-METODOS-DE-ENSENANZA-davini-with-cover-page-v2.pdf?Expires=1639139910&amp;Signature=BIEsLZe3vIm7XdBbl4FkpIq4ZWqHYPjcnUoy8B3qjVJj5iMnk04PxTtYxI1JoftPr0uV4wag69mVoi4RQI9PbdlbIhPirR0Um8RBlRbvlnMPIpIqw3BxK4Hb2ZjuuNeOizi1TTkOPPM6eMJB5TX~jTQSxcyV9MyqCoDWr44PpA2IKlQIxQyIhJV06GKXt0CFdzlYHVbhkCinNG4X8t0K9X6l8pPCxVTkCgsFReIc6JkpLnUkpFVZuMPPOSdHpOzU27hbybupC9etu6DP3nOBdLFswVmJX2BF9dbzq75LBWyLw-L-xMZwzb9CO69F4lghD1rXCIZX8O7Wy0zh7prFsw__&amp;Key-Pair-Id=APKAJLOHF5GGSLRBV4ZA\" target=\"_blank\" rel=\"noopener\"><i><span style=\"font-weight: 400;\">M\u00e9todos de ense\u00f1anza: did\u00e1ctica general para maestros y profesores<\/span><\/i><\/a><\/span><span style=\"font-weight: 400;\">. Buenos Aires: Santillana.<\/span><\/p>\n<p><span style=\"font-weight: 400;\">G\u00f3mez L\u00f3pez, R. (2002).<\/span> <span style=\"text-decoration: underline;\"><a href=\"https:\/\/revistaseug.ugr.es\/index.php\/publicaciones\/article\/view\/2334\/2495\" target=\"_blank\" rel=\"noopener\"><i><span style=\"font-weight: 400;\">An\u00e1lisis de los m\u00e9todos did\u00e1cticos en la ense\u00f1anza<\/span><\/i><\/a><\/span><span style=\"font-weight: 400;\">. Granada: Revista de la Universidad de Granada.<\/span><\/p>\n","protected":false},"excerpt":{"rendered":"<p>Los m\u00e9todos para ense\u00f1ar Lengua y Literatura en Primaria nos ayudan a ordenar la asignatura y a hacer la educaci\u00f3n individualizada e integral.<\/p>\n","protected":false},"author":49,"featured_media":8559,"comment_status":"closed","ping_status":"closed","sticky":false,"template":"","format":"standard","meta":{"content-type":"","inline_featured_image":false,"_jetpack_memberships_contains_paid_content":false,"footnotes":""},"tags":[623,653,686,694],"class_list":["post-8558","post","type-post","status-publish","format-standard","has-post-thumbnail","hentry","category-comprension-lectora","tag-formacion-docente","tag-primaria","tag-metodos-de-aprendizaje","tag-lengua-castellana-y-literatura"],"yoast_head":"<!-- This site is optimized with the Yoast SEO plugin v26.6 - https:\/\/yoast.com\/wordpress\/plugins\/seo\/ -->\n<title>5 m\u00e9todos para ense\u00f1ar Lengua y Literatura en Primaria &#8211; Voca Editorial<\/title>\n<meta name=\"description\" content=\"Los m\u00e9todos para ense\u00f1ar Lengua y Literatura en Primaria nos ayudan a ordenar la asignatura y a hacer la educaci\u00f3n individualizada e integral.\" \/>\n<meta name=\"robots\" content=\"index, follow, max-snippet:-1, max-image-preview:large, max-video-preview:-1\" \/>\n<link rel=\"canonical\" href=\"https:\/\/www.vocaeditorial.com\/blog\/metodos-para-ensenar-lengua-y-literatura-en-primaria\/\" \/>\n<meta property=\"og:locale\" content=\"es_ES\" \/>\n<meta property=\"og:type\" content=\"article\" \/>\n<meta property=\"og:title\" content=\"5 m\u00e9todos para ense\u00f1ar Lengua y Literatura en Primaria &#8211; Voca Editorial\" \/>\n<meta property=\"og:description\" content=\"Los m\u00e9todos para ense\u00f1ar Lengua y Literatura en Primaria nos ayudan a ordenar la asignatura y a hacer la educaci\u00f3n individualizada e integral.\" \/>\n<meta property=\"og:url\" content=\"https:\/\/www.vocaeditorial.com\/blog\/metodos-para-ensenar-lengua-y-literatura-en-primaria\/\" \/>\n<meta property=\"og:site_name\" content=\"Voca Editorial\" \/>\n<meta property=\"article:published_time\" content=\"2025-02-04T14:00:04+00:00\" \/>\n<meta property=\"og:image\" content=\"https:\/\/www.vocaeditorial.com\/blog\/media\/metodos-para-ensenar-lengua-y-literatura-en-primaria-scaled.jpg\" \/>\n\t<meta property=\"og:image:width\" content=\"2560\" \/>\n\t<meta property=\"og:image:height\" content=\"1707\" \/>\n\t<meta property=\"og:image:type\" content=\"image\/jpeg\" \/>\n<meta name=\"author\" content=\"VOCA Editorial\" \/>\n<meta name=\"twitter:card\" content=\"summary_large_image\" \/>\n<meta name=\"twitter:label1\" content=\"Escrito por\" \/>\n\t<meta name=\"twitter:data1\" content=\"VOCA Editorial\" \/>\n\t<meta name=\"twitter:label2\" content=\"Tiempo de lectura\" \/>\n\t<meta name=\"twitter:data2\" content=\"4 minutos\" \/>\n<script type=\"application\/ld+json\" class=\"yoast-schema-graph\">{\"@context\":\"https:\/\/schema.org\",\"@graph\":[{\"@type\":\"WebPage\",\"@id\":\"https:\/\/www.vocaeditorial.com\/blog\/metodos-para-ensenar-lengua-y-literatura-en-primaria\/\",\"url\":\"https:\/\/www.vocaeditorial.com\/blog\/metodos-para-ensenar-lengua-y-literatura-en-primaria\/\",\"name\":\"5 m\u00e9todos para ense\u00f1ar Lengua y Literatura en Primaria &#8211; Voca Editorial\",\"isPartOf\":{\"@id\":\"https:\/\/www.vocaeditorial.com\/blog\/#website\"},\"primaryImageOfPage\":{\"@id\":\"https:\/\/www.vocaeditorial.com\/blog\/metodos-para-ensenar-lengua-y-literatura-en-primaria\/#primaryimage\"},\"image\":{\"@id\":\"https:\/\/www.vocaeditorial.com\/blog\/metodos-para-ensenar-lengua-y-literatura-en-primaria\/#primaryimage\"},\"thumbnailUrl\":\"https:\/\/www.vocaeditorial.com\/blog\/media\/metodos-para-ensenar-lengua-y-literatura-en-primaria-scaled.jpg\",\"datePublished\":\"2025-02-04T14:00:04+00:00\",\"author\":{\"@id\":\"https:\/\/www.vocaeditorial.com\/blog\/#\/schema\/person\/72fba3d6c8a26fba0fee3107fda03438\"},\"description\":\"Los m\u00e9todos para ense\u00f1ar Lengua y Literatura en Primaria nos ayudan a ordenar la asignatura y a hacer la educaci\u00f3n individualizada e integral.\",\"breadcrumb\":{\"@id\":\"https:\/\/www.vocaeditorial.com\/blog\/metodos-para-ensenar-lengua-y-literatura-en-primaria\/#breadcrumb\"},\"inLanguage\":\"es\",\"potentialAction\":[{\"@type\":\"ReadAction\",\"target\":[\"https:\/\/www.vocaeditorial.com\/blog\/metodos-para-ensenar-lengua-y-literatura-en-primaria\/\"]}]},{\"@type\":\"ImageObject\",\"inLanguage\":\"es\",\"@id\":\"https:\/\/www.vocaeditorial.com\/blog\/metodos-para-ensenar-lengua-y-literatura-en-primaria\/#primaryimage\",\"url\":\"https:\/\/www.vocaeditorial.com\/blog\/media\/metodos-para-ensenar-lengua-y-literatura-en-primaria-scaled.jpg\",\"contentUrl\":\"https:\/\/www.vocaeditorial.com\/blog\/media\/metodos-para-ensenar-lengua-y-literatura-en-primaria-scaled.jpg\",\"width\":2560,\"height\":1707,\"caption\":\"metodos para ense\u00f1ar lengua y literatura en primaria\"},{\"@type\":\"BreadcrumbList\",\"@id\":\"https:\/\/www.vocaeditorial.com\/blog\/metodos-para-ensenar-lengua-y-literatura-en-primaria\/#breadcrumb\",\"itemListElement\":[{\"@type\":\"ListItem\",\"position\":1,\"name\":\"Portada\",\"item\":\"https:\/\/www.vocaeditorial.com\/blog\/\"},{\"@type\":\"ListItem\",\"position\":2,\"name\":\"5 m\u00e9todos para ense\u00f1ar Lengua y Literatura en Primaria\"}]},{\"@type\":\"WebSite\",\"@id\":\"https:\/\/www.vocaeditorial.com\/blog\/#website\",\"url\":\"https:\/\/www.vocaeditorial.com\/blog\/\",\"name\":\"Voca Editorial\",\"description\":\"\",\"potentialAction\":[{\"@type\":\"SearchAction\",\"target\":{\"@type\":\"EntryPoint\",\"urlTemplate\":\"https:\/\/www.vocaeditorial.com\/blog\/?s={search_term_string}\"},\"query-input\":{\"@type\":\"PropertyValueSpecification\",\"valueRequired\":true,\"valueName\":\"search_term_string\"}}],\"inLanguage\":\"es\"},{\"@type\":\"Person\",\"@id\":\"https:\/\/www.vocaeditorial.com\/blog\/#\/schema\/person\/72fba3d6c8a26fba0fee3107fda03438\",\"name\":\"VOCA Editorial\",\"image\":{\"@type\":\"ImageObject\",\"inLanguage\":\"es\",\"@id\":\"https:\/\/www.vocaeditorial.com\/blog\/#\/schema\/person\/image\/\",\"url\":\"https:\/\/secure.gravatar.com\/avatar\/137e7a09ea636684fcf1595563ff145c113f07116d7a29acedf3e545ab378ca3?s=96&d=mm&r=g\",\"contentUrl\":\"https:\/\/secure.gravatar.com\/avatar\/137e7a09ea636684fcf1595563ff145c113f07116d7a29acedf3e545ab378ca3?s=96&d=mm&r=g\",\"caption\":\"VOCA Editorial\"},\"url\":\"https:\/\/www.vocaeditorial.com\/blog\/author\/voca-editorial\/\"}]}<\/script>\n<!-- \/ Yoast SEO plugin. -->","yoast_head_json":{"title":"5 m\u00e9todos para ense\u00f1ar Lengua y Literatura en Primaria &#8211; Voca Editorial","description":"Los m\u00e9todos para ense\u00f1ar Lengua y Literatura en Primaria nos ayudan a ordenar la asignatura y a hacer la educaci\u00f3n individualizada e integral.","robots":{"index":"index","follow":"follow","max-snippet":"max-snippet:-1","max-image-preview":"max-image-preview:large","max-video-preview":"max-video-preview:-1"},"canonical":"https:\/\/www.vocaeditorial.com\/blog\/metodos-para-ensenar-lengua-y-literatura-en-primaria\/","og_locale":"es_ES","og_type":"article","og_title":"5 m\u00e9todos para ense\u00f1ar Lengua y Literatura en Primaria &#8211; Voca Editorial","og_description":"Los m\u00e9todos para ense\u00f1ar Lengua y Literatura en Primaria nos ayudan a ordenar la asignatura y a hacer la educaci\u00f3n individualizada e integral.","og_url":"https:\/\/www.vocaeditorial.com\/blog\/metodos-para-ensenar-lengua-y-literatura-en-primaria\/","og_site_name":"Voca Editorial","article_published_time":"2025-02-04T14:00:04+00:00","og_image":[{"width":2560,"height":1707,"url":"https:\/\/www.vocaeditorial.com\/blog\/media\/metodos-para-ensenar-lengua-y-literatura-en-primaria-scaled.jpg","type":"image\/jpeg"}],"author":"VOCA Editorial","twitter_card":"summary_large_image","twitter_misc":{"Escrito por":"VOCA Editorial","Tiempo de lectura":"4 minutos"},"schema":{"@context":"https:\/\/schema.org","@graph":[{"@type":"WebPage","@id":"https:\/\/www.vocaeditorial.com\/blog\/metodos-para-ensenar-lengua-y-literatura-en-primaria\/","url":"https:\/\/www.vocaeditorial.com\/blog\/metodos-para-ensenar-lengua-y-literatura-en-primaria\/","name":"5 m\u00e9todos para ense\u00f1ar Lengua y Literatura en Primaria &#8211; Voca Editorial","isPartOf":{"@id":"https:\/\/www.vocaeditorial.com\/blog\/#website"},"primaryImageOfPage":{"@id":"https:\/\/www.vocaeditorial.com\/blog\/metodos-para-ensenar-lengua-y-literatura-en-primaria\/#primaryimage"},"image":{"@id":"https:\/\/www.vocaeditorial.com\/blog\/metodos-para-ensenar-lengua-y-literatura-en-primaria\/#primaryimage"},"thumbnailUrl":"https:\/\/www.vocaeditorial.com\/blog\/media\/metodos-para-ensenar-lengua-y-literatura-en-primaria-scaled.jpg","datePublished":"2025-02-04T14:00:04+00:00","author":{"@id":"https:\/\/www.vocaeditorial.com\/blog\/#\/schema\/person\/72fba3d6c8a26fba0fee3107fda03438"},"description":"Los m\u00e9todos para ense\u00f1ar Lengua y Literatura en Primaria nos ayudan a ordenar la asignatura y a hacer la educaci\u00f3n individualizada e integral.","breadcrumb":{"@id":"https:\/\/www.vocaeditorial.com\/blog\/metodos-para-ensenar-lengua-y-literatura-en-primaria\/#breadcrumb"},"inLanguage":"es","potentialAction":[{"@type":"ReadAction","target":["https:\/\/www.vocaeditorial.com\/blog\/metodos-para-ensenar-lengua-y-literatura-en-primaria\/"]}]},{"@type":"ImageObject","inLanguage":"es","@id":"https:\/\/www.vocaeditorial.com\/blog\/metodos-para-ensenar-lengua-y-literatura-en-primaria\/#primaryimage","url":"https:\/\/www.vocaeditorial.com\/blog\/media\/metodos-para-ensenar-lengua-y-literatura-en-primaria-scaled.jpg","contentUrl":"https:\/\/www.vocaeditorial.com\/blog\/media\/metodos-para-ensenar-lengua-y-literatura-en-primaria-scaled.jpg","width":2560,"height":1707,"caption":"metodos para ense\u00f1ar lengua y literatura en primaria"},{"@type":"BreadcrumbList","@id":"https:\/\/www.vocaeditorial.com\/blog\/metodos-para-ensenar-lengua-y-literatura-en-primaria\/#breadcrumb","itemListElement":[{"@type":"ListItem","position":1,"name":"Portada","item":"https:\/\/www.vocaeditorial.com\/blog\/"},{"@type":"ListItem","position":2,"name":"5 m\u00e9todos para ense\u00f1ar Lengua y Literatura en Primaria"}]},{"@type":"WebSite","@id":"https:\/\/www.vocaeditorial.com\/blog\/#website","url":"https:\/\/www.vocaeditorial.com\/blog\/","name":"Voca Editorial","description":"","potentialAction":[{"@type":"SearchAction","target":{"@type":"EntryPoint","urlTemplate":"https:\/\/www.vocaeditorial.com\/blog\/?s={search_term_string}"},"query-input":{"@type":"PropertyValueSpecification","valueRequired":true,"valueName":"search_term_string"}}],"inLanguage":"es"},{"@type":"Person","@id":"https:\/\/www.vocaeditorial.com\/blog\/#\/schema\/person\/72fba3d6c8a26fba0fee3107fda03438","name":"VOCA Editorial","image":{"@type":"ImageObject","inLanguage":"es","@id":"https:\/\/www.vocaeditorial.com\/blog\/#\/schema\/person\/image\/","url":"https:\/\/secure.gravatar.com\/avatar\/137e7a09ea636684fcf1595563ff145c113f07116d7a29acedf3e545ab378ca3?s=96&d=mm&r=g","contentUrl":"https:\/\/secure.gravatar.com\/avatar\/137e7a09ea636684fcf1595563ff145c113f07116d7a29acedf3e545ab378ca3?s=96&d=mm&r=g","caption":"VOCA Editorial"},"url":"https:\/\/www.vocaeditorial.com\/blog\/author\/voca-editorial\/"}]}},"jetpack_featured_media_url":"https:\/\/www.vocaeditorial.com\/blog\/media\/metodos-para-ensenar-lengua-y-literatura-en-primaria-scaled.jpg","jetpack_sharing_enabled":true,"_links":{"self":[{"href":"https:\/\/www.vocaeditorial.com\/blog\/wp-json\/wp\/v2\/posts\/8558","targetHints":{"allow":["GET"]}}],"collection":[{"href":"https:\/\/www.vocaeditorial.com\/blog\/wp-json\/wp\/v2\/posts"}],"about":[{"href":"https:\/\/www.vocaeditorial.com\/blog\/wp-json\/wp\/v2\/types\/post"}],"author":[{"embeddable":true,"href":"https:\/\/www.vocaeditorial.com\/blog\/wp-json\/wp\/v2\/users\/49"}],"replies":[{"embeddable":true,"href":"https:\/\/www.vocaeditorial.com\/blog\/wp-json\/wp\/v2\/comments?post=8558"}],"version-history":[{"count":0,"href":"https:\/\/www.vocaeditorial.com\/blog\/wp-json\/wp\/v2\/posts\/8558\/revisions"}],"wp:featuredmedia":[{"embeddable":true,"href":"https:\/\/www.vocaeditorial.com\/blog\/wp-json\/wp\/v2\/media\/8559"}],"wp:attachment":[{"href":"https:\/\/www.vocaeditorial.com\/blog\/wp-json\/wp\/v2\/media?parent=8558"}],"wp:term":[{"taxonomy":"post_tag","embeddable":true,"href":"https:\/\/www.vocaeditorial.com\/blog\/wp-json\/wp\/v2\/tags?post=8558"}],"curies":[{"name":"wp","href":"https:\/\/api.w.org\/{rel}","templated":true}]}}