{"id":8514,"date":"2024-12-05T15:00:21","date_gmt":"2024-12-05T14:00:21","guid":{"rendered":"https:\/\/www.vocaeditorial.com\/blog\/?p=8514"},"modified":"2024-12-04T09:53:07","modified_gmt":"2024-12-04T08:53:07","slug":"la-inclusion-educativa","status":"publish","type":"post","link":"https:\/\/www.vocaeditorial.com\/blog\/la-inclusion-educativa\/","title":{"rendered":"La inclusi\u00f3n educativa en tu aula"},"content":{"rendered":"<p><span style=\"font-weight: 400;\">Hoy queremos hablar de todo sobre la inclusi\u00f3n educativa en tu aula: qu\u00e9 es, qu\u00e9 modelos existen, cu\u00e1les son las principales legislaciones al respecto y, en especial, algunos casos de \u00e9xito para que te inspires. \u00a1A por ello!<\/span><\/p>\n\n<p><span data-sheets-root=\"1\">[CtaModule cta_item=\u00bb6828&#8243;]<\/span><\/p>\n<p>&nbsp;<\/p>\n<h2><span style=\"color: #ffa341;\"><b>\u00bfQu\u00e9 es la inclusi\u00f3n educativa? \u00bfQu\u00e9 barreras existen?<\/b><\/span><\/h2>\n<p><span style=\"font-weight: 400;\">Para empezar, tenemos que comprender el t\u00e9rmino en cuesti\u00f3n: la inclusi\u00f3n educativa es un <\/span><b>enfoque pedag\u00f3gico y social <\/b><span style=\"font-weight: 400;\">que busca garantizar que\u00a0<\/span><\/p>\n<blockquote><p><span style=\"font-weight: 400;\">todos los estudiantes, independientemente de sus caracter\u00edsticas personales, sociales o culturales, tengan acceso a una educaci\u00f3n de calidad en un entorno com\u00fan.<\/span><\/p><\/blockquote>\n<p>&nbsp;<\/p>\n<p><span style=\"font-weight: 400;\">Es decir, se tienen en cuenta dificultades como la discapacidad, la etnia o la situaci\u00f3n socioecon\u00f3mica, que suponen una desventaja en su educaci\u00f3n. Y, as\u00ed, la inclusi\u00f3n educativa <\/span><b>promueve la igualdad de oportunidades<\/b><span style=\"font-weight: 400;\">, la participaci\u00f3n activa de todos los estudiantes en el aula y el respeto por la diversidad.<\/span><\/p>\n<p><span style=\"font-weight: 400;\">Pero \u00bfpor qu\u00e9 es necesaria la inclusi\u00f3n educativa? As\u00ed que vamos a ver <\/span><b>cuatro tipos de barreras<\/b><span style=\"font-weight: 400;\"> que enfrenta este concepto o este sistema pedag\u00f3gico.<\/span><\/p>\n<h3><span style=\"color: #ffa341;\"><b>Barreras actitudinales<\/b><\/span><\/h3>\n<p><span style=\"font-weight: 400;\">En primer lugar, hablamos de prejuicios, <strong>estereotipos y actitudes negativas<\/strong> hacia ciertos grupos de personas. Y es que estas actitudes ante la discapacidad o las diferencias culturales pueden llevar a la exclusi\u00f3n. Por ello, afectar\u00e1n tambi\u00e9n a la integraci\u00f3n social de los alumnos.<\/span><\/p>\n<h3><span style=\"color: #ffa341;\"><b>Barreras estructurales<\/b><\/span><\/h3>\n<p><span style=\"font-weight: 400;\">Por otra parte, existen algunas<strong> limitaciones en los recursos f\u00edsicos<\/strong>, como:<\/span><\/p>\n<ul>\n<li style=\"font-weight: 400;\" aria-level=\"1\"><span style=\"font-weight: 400;\">Falta de infraestructura adecuada, por ejemplo, para acceder a los edificios (rampas, ascensores, etc.).<\/span><\/li>\n<li style=\"font-weight: 400;\" aria-level=\"1\"><span style=\"font-weight: 400;\">Escasas tecnolog\u00edas de apoyo (refuerzo visual o t\u00e1ctil, se\u00f1ales sonoras\u2026).<\/span><\/li>\n<li style=\"font-weight: 400;\" aria-level=\"1\"><span style=\"font-weight: 400;\">Y la imposibilidad de adaptaciones curriculares en el aula.<\/span><\/li>\n<\/ul>\n<p>&nbsp;<\/p>\n<h3><span style=\"color: #ffa341;\"><b>Barreras pedag\u00f3gicas<\/b><\/span><\/h3>\n<p><span style=\"font-weight: 400;\">Asimismo, en ocasiones el sistema educativo actual puede no ser suficiente para atender la <\/span><b>diversidad de necesidades y ritmos<\/b><span style=\"font-weight: 400;\"> de aprendizaje en un aula inclusiva.\u00a0<\/span><\/p>\n<p><span style=\"font-weight: 400;\">Adem\u00e1s, tambi\u00e9n suele ser habitual que los docentes est\u00e9n <\/span><b>poco capacitados en estrategias pedag\u00f3gicas inclusivas<\/b><span style=\"font-weight: 400;\">, lo cual limita su capacidad para ense\u00f1ar a estudiantes con necesidades educativas diversas.<\/span><\/p>\n<h3><span style=\"color: #ffa341;\"><b>Barreras organizativas y de recursos<\/b><\/span><\/h3>\n<p><span style=\"font-weight: 400;\">En esta l\u00ednea, es un reto para todos los colegios <\/span><b>contar con personal especializado<\/b><span style=\"font-weight: 400;\">, como psicopedagogos, terapeutas o asistentes educativos. A su vez, la insuficiencia de tiempo, materiales y apoyo puede dificultar la implementaci\u00f3n efectiva de pr\u00e1cticas inclusivas.<\/span><\/p>\n<h2><span style=\"color: #ffa341;\"><b>Pol\u00edticas para la inclusi\u00f3n educativa<\/b><\/span><\/h2>\n<p><span style=\"font-weight: 400;\">Con el fin de superar estas barreras y garantizar que todos los estudiantes tengan las mismas oportunidades de aprendizaje y participaci\u00f3n, son muchas las<\/span><b> pol\u00edticas en favor de la inclusi\u00f3n educativa<\/b><span style=\"font-weight: 400;\">. Por ello, veamos algunas de las m\u00e1s relevantes.<\/span><\/p>\n<h3><span style=\"color: #ffa341;\"><b>Espa\u00f1a<\/b><\/span><\/h3>\n<ul>\n<li style=\"font-weight: 400;\" aria-level=\"1\"><b>Ley Org\u00e1nica de Derecho a la Educaci\u00f3n (LODE, 1985)<\/b><span style=\"font-weight: 400;\">: Por un lado, establece el derecho a una educaci\u00f3n p\u00fablica y de calidad para todos los estudiantes, sin discriminaci\u00f3n.<\/span><\/li>\n<li style=\"font-weight: 400;\" aria-level=\"1\"><b>Ley General de Derechos de las Personas con Discapacidad y de su Inclusi\u00f3n Social (2013)<\/b><span style=\"font-weight: 400;\">: Por su parte, refuerza el derecho de los estudiantes con discapacidad a recibir una educaci\u00f3n adaptada a sus necesidades.<\/span><\/li>\n<li style=\"font-weight: 400;\" aria-level=\"1\"><b>Real Decreto 13\/2010<\/b><span style=\"font-weight: 400;\"> sobre atenci\u00f3n a la diversidad: Por otro lado, da directrices para adaptar la ense\u00f1anza a la diversidad del alumnado.<\/span><\/li>\n<\/ul>\n<p>&nbsp;<\/p>\n<h3><span style=\"color: #ffa341;\"><b>M\u00e9xico<\/b><\/span><\/h3>\n<ul>\n<li style=\"font-weight: 400;\" aria-level=\"1\"><b>Ley General de Educaci\u00f3n (1993)<\/b><span style=\"font-weight: 400;\">: Establece que los estudiantes con discapacidad tienen derecho a recibir educaci\u00f3n en el sistema regular, con adaptaciones y apoyos espec\u00edficos.<\/span><\/li>\n<li style=\"font-weight: 400;\" aria-level=\"1\"><b>Pol\u00edtica Nacional de Inclusi\u00f3n Educativa<\/b><span style=\"font-weight: 400;\">: Programas de formaci\u00f3n para los docentes y materiales educativos adaptados.<\/span><\/li>\n<li style=\"font-weight: 400;\" aria-level=\"1\"><b>Programa Nacional de Inclusi\u00f3n y Equidad Educativa (2013)<\/b><span style=\"font-weight: 400;\">: A su vez, promueve la eliminaci\u00f3n de las barreras para el aprendizaje y la participaci\u00f3n, enfoc\u00e1ndose en estudiantes ind\u00edgenas, con discapacidad, y de comunidades marginadas.<\/span><\/li>\n<\/ul>\n<p>&nbsp;<\/p>\n<h3><span style=\"color: #ffa341;\"><b>Colombia<\/b><\/span><\/h3>\n<ul>\n<li style=\"font-weight: 400;\" aria-level=\"1\"><b>Ley 1618 de 2013<\/b><span style=\"font-weight: 400;\">: Promueve pol\u00edticas p\u00fablicas que permitan la participaci\u00f3n plena en los entornos educativos.<\/span><\/li>\n<li style=\"font-weight: 400;\" aria-level=\"1\"><b>Pol\u00edtica Nacional de Educaci\u00f3n Inclusiva<\/b><span style=\"font-weight: 400;\">: En efecto, este enfoque busca garantizar la educaci\u00f3n inclusiva en la vida escolar, incluyendo aquellos con discapacidad.<\/span><\/li>\n<\/ul>\n<p>&nbsp;<\/p>\n<h3><span style=\"color: #ffa341;\"><b>Reino Unido<\/b><\/span><\/h3>\n<ul>\n<li style=\"font-weight: 400;\" aria-level=\"1\"><b><i>Equality Act <\/i><\/b><b>(2010)<\/b><span style=\"font-weight: 400;\">: Proh\u00edbe la discriminaci\u00f3n por motivos de discapacidad y exige que las escuelas adapten sus m\u00e9todos y recursos para asegurarlo.<\/span><\/li>\n<li style=\"font-weight: 400;\" aria-level=\"1\"><b><i>Special Educational Needs and Disability (SEND) Code of Practice<\/i><\/b><span style=\"font-weight: 400;\">: Ofrece directrices claras sobre c\u00f3mo las escuelas deben identificar y apoyar a los estudiantes con <\/span><span style=\"text-decoration: underline;\"><a href=\"https:\/\/www.vocaeditorial.com\/blog\/tipos-de-necesidades-educativas-especiales\/\" target=\"_blank\" rel=\"noopener\"><b>necesidades educativas especiales<\/b><\/a><\/span><span style=\"font-weight: 400;\">.<\/span><\/li>\n<\/ul>\n<p>&nbsp;<\/p>\n<h3><span style=\"color: #ffa341;\"><b>Francia<\/b><\/span><\/h3>\n<ul>\n<li style=\"font-weight: 400;\" aria-level=\"1\"><b>Ley para la Educaci\u00f3n de los Ni\u00f1os con Discapacidad (2005)<\/b><span style=\"font-weight: 400;\">.<\/span><\/li>\n<li style=\"font-weight: 400;\" aria-level=\"1\"><b>Plan Nacional de Inclusi\u00f3n Escolar<\/b><span style=\"font-weight: 400;\">: Fomentar la integraci\u00f3n de los estudiantes en las aulas ordinarias.<\/span><\/li>\n<\/ul>\n<p>&nbsp;<\/p>\n<h3><span style=\"color: #ffa341;\"><b>Suecia<\/b><\/span><\/h3>\n<ul>\n<li style=\"font-weight: 400;\" aria-level=\"1\"><b>Ley de Educaci\u00f3n Especial (2010)<\/b><span style=\"font-weight: 400;\">: As\u00ed es, Suecia tiene una de las pol\u00edticas m\u00e1s avanzadas en cuanto a inclusi\u00f3n educativa, para garantizar el derecho de todos los estudiantes a recibir educaci\u00f3n en escuelas regulares.\u00a0<\/span><\/li>\n<\/ul>\n<p>&nbsp;<\/p>\n<h3><span style=\"color: #ffa341;\"><b>Italia<\/b><\/span><\/h3>\n<ul>\n<li style=\"font-weight: 400;\" aria-level=\"1\"><b>Ley 104\/1992<\/b><span style=\"font-weight: 400;\">: Esta ley establece el derecho a la educaci\u00f3n inclusiva para los estudiantes con discapacidad.<\/span><\/li>\n<li style=\"font-weight: 400;\" aria-level=\"1\"><b>Plan Nacional de Inclusi\u00f3n<\/b><span style=\"font-weight: 400;\">: Italia promueve una educaci\u00f3n sin barreras, que se enfoca en la formaci\u00f3n docente y en la adaptaci\u00f3n de las infraestructuras educativas.<\/span><\/li>\n<\/ul>\n<p>&nbsp;<\/p>\n<p><span data-sheets-root=\"1\">[CtaModule cta_item=\u00bb5415&#8243;]<\/span><\/p>\n<h2><span style=\"color: #ffa341;\"><b>Modelos de inclusi\u00f3n educativa<\/b><\/span><\/h2>\n<p><span style=\"font-weight: 400;\">Visto todo esto, nos queda conocer los <\/span><b>diferentes modelos educativos<\/b><span style=\"font-weight: 400;\"> que surgen en funci\u00f3n del enfoque y de la pol\u00edtica concretos que se utilicen.<\/span><\/p>\n<table>\n<tbody>\n<tr>\n<td><b>MODELO<\/b><\/td>\n<td><b>DESCRIPCI\u00d3N<\/b><\/td>\n<td><b>CARACTER\u00cdSTICAS<\/b><\/td>\n<td><b>VENTAJAS<\/b><\/td>\n<td><b>RETOS<\/b><\/td>\n<\/tr>\n<tr>\n<td><b>Modelo de inclusi\u00f3n total<\/b><\/td>\n<td><span style=\"font-weight: 400;\">Integraci\u00f3n de todos los estudiantes en aulas regulares sin separaci\u00f3n.<\/span><\/td>\n<td><span style=\"font-weight: 400;\">Se integran en el aula regular<\/span><br \/>\n<span style=\"font-weight: 400;\">Con estrategias pedag\u00f3gicas diferenciadas.<\/span><\/td>\n<td><span style=\"font-weight: 400;\">Igualdad de oportunidades.<\/span><br \/>\n<span style=\"font-weight: 400;\">Interacci\u00f3n social.<\/span><\/td>\n<td><span style=\"font-weight: 400;\">Requiere recursos y formaci\u00f3n continua.<\/span><\/td>\n<\/tr>\n<tr>\n<td><b>De inclusi\u00f3n parcial<\/b><\/td>\n<td><span style=\"font-weight: 400;\">Pasan parte del tiempo en aulas regulares y parte, en aulas de apoyo.<\/span><\/td>\n<td><span style=\"font-weight: 400;\">Aulas regulares con apoyo especializado.<\/span><br \/>\n<span style=\"font-weight: 400;\">Adaptaciones curriculares y metodol\u00f3gicas.<\/span><\/td>\n<td><span style=\"font-weight: 400;\">Equilibrio entre integraci\u00f3n y atenci\u00f3n especializada.<\/span><br \/>\n<span style=\"font-weight: 400;\">Facilita transici\u00f3n a inclusi\u00f3n total.<\/span><\/td>\n<td><span style=\"font-weight: 400;\">Separaci\u00f3n f\u00edsica y social en algunos casos.<\/span><br \/>\n<span style=\"font-weight: 400;\">No siempre garantiza participaci\u00f3n plena.<\/span><\/td>\n<\/tr>\n<tr>\n<td><b>Educaci\u00f3n especial<\/b><\/td>\n<td><span style=\"font-weight: 400;\">Educaci\u00f3n en entornos segregados con acceso a actividades comunes cuando sea posible.<\/span><\/td>\n<td><span style=\"font-weight: 400;\">Aulas especiales.<\/span><br \/>\n<span style=\"font-weight: 400;\">Enfocado en habilidades sociales y acad\u00e9micas.<\/span><\/td>\n<td><span style=\"font-weight: 400;\">Atenci\u00f3n intensiva y adaptada a necesidades.<\/span><br \/>\n<span style=\"font-weight: 400;\">Desarrollo de habilidades espec\u00edficas.<\/span><\/td>\n<td><span style=\"font-weight: 400;\">Puede fomentar la segregaci\u00f3n social.<\/span><\/td>\n<\/tr>\n<tr>\n<td><b>De apoyo o soporte inclusivo<\/b><\/td>\n<td><span style=\"font-weight: 400;\">Apoyo adicional dentro del aula regular.<\/span><\/td>\n<td><span style=\"font-weight: 400;\">Asistentes o terapeutas trabajan en el aula regular.<\/span><\/td>\n<td><span style=\"font-weight: 400;\">Mantiene a los estudiantes en el aula regular.<\/span><br \/>\n<span style=\"font-weight: 400;\">Adem\u00e1s, fomenta la colaboraci\u00f3n entre profesionales.<\/span><\/td>\n<td><span style=\"font-weight: 400;\">Requiere recursos adicionales, formaci\u00f3n continua y personal especializado.<\/span><\/td>\n<\/tr>\n<tr>\n<td><b>Educaci\u00f3n personalizada o diferenciada<\/b><\/td>\n<td><span style=\"font-weight: 400;\">Ense\u00f1anza adaptada a las caracter\u00edsticas individuales de cada estudiante.<\/span><\/td>\n<td><span style=\"font-weight: 400;\">Diferenciaci\u00f3n pedag\u00f3gica en contenido y evaluaci\u00f3n.<\/span><\/td>\n<td><span style=\"font-weight: 400;\">Promueve la equidad.<\/span><br \/>\n<span style=\"font-weight: 400;\">Facilita el avance seg\u00fan las capacidades individuales.<\/span><\/td>\n<td><span style=\"font-weight: 400;\">Requiere planificaci\u00f3n detallada y muchos recursos.<\/span><\/td>\n<\/tr>\n<tr>\n<td><b>Enfoque multicultural<\/b><\/td>\n<td><span style=\"font-weight: 400;\">Integraci\u00f3n de la diversidad cultural en el aula.<\/span><\/td>\n<td><span style=\"font-weight: 400;\">Curr\u00edculo adaptado a perspectivas culturales diversas.<\/span><\/td>\n<td><span style=\"font-weight: 400;\">Sensibilidad hacia las diferencias culturales.<\/span><\/td>\n<td><span style=\"font-weight: 400;\">Dificultades de implementaci\u00f3n.<\/span><\/td>\n<\/tr>\n<\/tbody>\n<\/table>\n<h2><span style=\"color: #ffa341;\"><b>Casos de \u00e9xito de la inclusi\u00f3n educativa<\/b><\/span><\/h2>\n<p><span style=\"font-weight: 400;\">Para terminar, vamos a ver algunos casos concretos de <strong>pr\u00e1cticas inclusivas de \u00e9xito<\/strong>.<\/span><\/p>\n<ol>\n<li><b>Sistema Educativo de <span style=\"text-decoration: underline;\"><a href=\"https:\/\/sid-inico.usal.es\/idocs\/F8\/ART14017\/en_pos_educacion_inclusiva_finalandia.pdf\" target=\"_blank\" rel=\"noopener\">Finlandia<\/a><\/span><\/b><span style=\"font-weight: 400;\">. Y es que todos los estudiantes tienen acceso a una educaci\u00f3n de calidad en el aula regular. Para ello, son claves:<\/span>\n<ul>\n<li><span style=\"font-weight: 400;\">Continua formaci\u00f3n docente<\/span><\/li>\n<li><span style=\"font-weight: 400;\">Trabajo colaborativo entre docentes y profesionales de la inclusi\u00f3n<\/span><\/li>\n<li><span style=\"font-weight: 400;\">Adaptaciones curriculares<\/span><\/li>\n<\/ul>\n<\/li>\n<li><span style=\"text-decoration: underline;\"><a href=\"http:\/\/buenosaires.gob.ar\/educacion\/buenos-aires-aprende\/educacion-inclusiva\" target=\"_blank\" rel=\"noopener\"><b>Aulas inclusivas de Buenos Aires<\/b><\/a><\/span><span style=\"font-weight: 400;\">. Es decir, son espacios en los que se integran todos los alumnos, especialmente aquellos con discapacidad intelectual y motriz.<\/span><\/li>\n<li><b>Proyecto<\/b><span style=\"text-decoration: underline;\"><a href=\"https:\/\/www.educacionbogota.edu.co\/portal_institucional\/noticia\/seis-colegios-trabajaran-en-el-modelo-de-educacion-inclusiva-denominado-proyecto-triangular\" target=\"_blank\" rel=\"noopener\"><b><i> Escuelas Inclusivas<\/i><\/b><b> en Colombia<\/b><\/a><\/span><span style=\"font-weight: 400;\">. Por su parte, tras la Ley 1618, comenz\u00f3 un trabajo conjunto, tambi\u00e9n con ONGs, para crear programas educativos inclusivos y proveer de las tecnolog\u00edas de apoyo necesarias.<\/span><\/li>\n<li><b>Modelo de inclusi\u00f3n educativa de <span style=\"text-decoration: underline;\"><a href=\"https:\/\/www.kahaworld.com\/post\/el-curr%C3%ADculo-escolar-de-nueva-zelanda\" target=\"_blank\" rel=\"noopener\">Nueva Zelanda<\/a><\/span>. <\/b><span style=\"font-weight: 400;\">Por \u00faltimo, en este pa\u00eds han conseguido integrar a los alumnos con NEE en las aulas regulares. Para ello:<\/span>\n<ul>\n<li><span style=\"font-weight: 400;\">Personal especializado dentro de las aulas regulares.<\/span><\/li>\n<li><span style=\"font-weight: 400;\">Participaci\u00f3n de los padres en el proceso educativo.<\/span><\/li>\n<li><span style=\"font-weight: 400;\">Fomento de la educaci\u00f3n emocional m\u00e1s all\u00e1 de los meros contenidos acad\u00e9micos.<\/span><\/li>\n<\/ul>\n<\/li>\n<\/ol>\n<p>&nbsp;<\/p>\n<p>&nbsp;<\/p>\n<p>&nbsp;<\/p>\n<p><span style=\"font-weight: 400;\">En fin, esperamos haberte inspirado sobre la realidad de la inclusi\u00f3n educativa, para que puedas tomar las medidas necesarias para incluir a todos tus alumnos de la mejor manera posible.<\/span><\/p>\n","protected":false},"excerpt":{"rendered":"<p>El enfoque de la inclusi\u00f3n educativa promueve la integraci\u00f3n de los alumnos con discapacidad en el sistema de ense\u00f1anza regular<\/p>\n","protected":false},"author":49,"featured_media":8515,"comment_status":"closed","ping_status":"closed","sticky":false,"template":"","format":"standard","meta":{"content-type":"","inline_featured_image":false,"_jetpack_memberships_contains_paid_content":false,"footnotes":""},"tags":[616,623,686],"class_list":["post-8514","post","type-post","status-publish","format-standard","has-post-thumbnail","hentry","category-educacion-emocional","tag-escuela-inclusiva","tag-formacion-docente","tag-metodos-de-aprendizaje"],"yoast_head":"<!-- This site is optimized with the Yoast SEO plugin v26.6 - https:\/\/yoast.com\/wordpress\/plugins\/seo\/ -->\n<title>La inclusi\u00f3n educativa en tu aula &#8211; Voca Editorial<\/title>\n<meta name=\"description\" content=\"El enfoque de la inclusi\u00f3n educativa promueve la integraci\u00f3n de los alumnos con discapacidad en el sistema de ense\u00f1anza regular\" \/>\n<meta name=\"robots\" content=\"index, follow, max-snippet:-1, max-image-preview:large, max-video-preview:-1\" \/>\n<link rel=\"canonical\" href=\"https:\/\/www.vocaeditorial.com\/blog\/la-inclusion-educativa\/\" \/>\n<meta property=\"og:locale\" content=\"es_ES\" \/>\n<meta property=\"og:type\" content=\"article\" \/>\n<meta property=\"og:title\" content=\"La inclusi\u00f3n educativa en tu aula &#8211; Voca Editorial\" \/>\n<meta property=\"og:description\" content=\"El enfoque de la inclusi\u00f3n educativa promueve la integraci\u00f3n de los alumnos con discapacidad en el sistema de ense\u00f1anza regular\" \/>\n<meta property=\"og:url\" content=\"https:\/\/www.vocaeditorial.com\/blog\/la-inclusion-educativa\/\" \/>\n<meta property=\"og:site_name\" content=\"Voca Editorial\" \/>\n<meta property=\"article:published_time\" content=\"2024-12-05T14:00:21+00:00\" \/>\n<meta property=\"og:image\" content=\"https:\/\/www.vocaeditorial.com\/blog\/media\/la-inclusion-educativa-scaled.jpg\" \/>\n\t<meta property=\"og:image:width\" content=\"2560\" \/>\n\t<meta property=\"og:image:height\" content=\"1707\" \/>\n\t<meta property=\"og:image:type\" content=\"image\/jpeg\" \/>\n<meta name=\"author\" content=\"VOCA Editorial\" \/>\n<meta name=\"twitter:card\" content=\"summary_large_image\" \/>\n<meta name=\"twitter:label1\" content=\"Escrito por\" \/>\n\t<meta name=\"twitter:data1\" content=\"VOCA Editorial\" \/>\n\t<meta name=\"twitter:label2\" content=\"Tiempo de lectura\" \/>\n\t<meta name=\"twitter:data2\" content=\"6 minutos\" \/>\n<script type=\"application\/ld+json\" class=\"yoast-schema-graph\">{\"@context\":\"https:\/\/schema.org\",\"@graph\":[{\"@type\":\"WebPage\",\"@id\":\"https:\/\/www.vocaeditorial.com\/blog\/la-inclusion-educativa\/\",\"url\":\"https:\/\/www.vocaeditorial.com\/blog\/la-inclusion-educativa\/\",\"name\":\"La inclusi\u00f3n educativa en tu aula &#8211; Voca Editorial\",\"isPartOf\":{\"@id\":\"https:\/\/www.vocaeditorial.com\/blog\/#website\"},\"primaryImageOfPage\":{\"@id\":\"https:\/\/www.vocaeditorial.com\/blog\/la-inclusion-educativa\/#primaryimage\"},\"image\":{\"@id\":\"https:\/\/www.vocaeditorial.com\/blog\/la-inclusion-educativa\/#primaryimage\"},\"thumbnailUrl\":\"https:\/\/www.vocaeditorial.com\/blog\/media\/la-inclusion-educativa-scaled.jpg\",\"datePublished\":\"2024-12-05T14:00:21+00:00\",\"author\":{\"@id\":\"https:\/\/www.vocaeditorial.com\/blog\/#\/schema\/person\/72fba3d6c8a26fba0fee3107fda03438\"},\"description\":\"El enfoque de la inclusi\u00f3n educativa promueve la integraci\u00f3n de los alumnos con discapacidad en el sistema de ense\u00f1anza regular\",\"breadcrumb\":{\"@id\":\"https:\/\/www.vocaeditorial.com\/blog\/la-inclusion-educativa\/#breadcrumb\"},\"inLanguage\":\"es\",\"potentialAction\":[{\"@type\":\"ReadAction\",\"target\":[\"https:\/\/www.vocaeditorial.com\/blog\/la-inclusion-educativa\/\"]}]},{\"@type\":\"ImageObject\",\"inLanguage\":\"es\",\"@id\":\"https:\/\/www.vocaeditorial.com\/blog\/la-inclusion-educativa\/#primaryimage\",\"url\":\"https:\/\/www.vocaeditorial.com\/blog\/media\/la-inclusion-educativa-scaled.jpg\",\"contentUrl\":\"https:\/\/www.vocaeditorial.com\/blog\/media\/la-inclusion-educativa-scaled.jpg\",\"width\":2560,\"height\":1707,\"caption\":\"2HE9JNP people celebrate chinese new year dressing with zodiac in lunar new year\"},{\"@type\":\"BreadcrumbList\",\"@id\":\"https:\/\/www.vocaeditorial.com\/blog\/la-inclusion-educativa\/#breadcrumb\",\"itemListElement\":[{\"@type\":\"ListItem\",\"position\":1,\"name\":\"Portada\",\"item\":\"https:\/\/www.vocaeditorial.com\/blog\/\"},{\"@type\":\"ListItem\",\"position\":2,\"name\":\"La inclusi\u00f3n educativa en tu aula\"}]},{\"@type\":\"WebSite\",\"@id\":\"https:\/\/www.vocaeditorial.com\/blog\/#website\",\"url\":\"https:\/\/www.vocaeditorial.com\/blog\/\",\"name\":\"Voca Editorial\",\"description\":\"\",\"potentialAction\":[{\"@type\":\"SearchAction\",\"target\":{\"@type\":\"EntryPoint\",\"urlTemplate\":\"https:\/\/www.vocaeditorial.com\/blog\/?s={search_term_string}\"},\"query-input\":{\"@type\":\"PropertyValueSpecification\",\"valueRequired\":true,\"valueName\":\"search_term_string\"}}],\"inLanguage\":\"es\"},{\"@type\":\"Person\",\"@id\":\"https:\/\/www.vocaeditorial.com\/blog\/#\/schema\/person\/72fba3d6c8a26fba0fee3107fda03438\",\"name\":\"VOCA Editorial\",\"image\":{\"@type\":\"ImageObject\",\"inLanguage\":\"es\",\"@id\":\"https:\/\/www.vocaeditorial.com\/blog\/#\/schema\/person\/image\/\",\"url\":\"https:\/\/secure.gravatar.com\/avatar\/137e7a09ea636684fcf1595563ff145c113f07116d7a29acedf3e545ab378ca3?s=96&d=mm&r=g\",\"contentUrl\":\"https:\/\/secure.gravatar.com\/avatar\/137e7a09ea636684fcf1595563ff145c113f07116d7a29acedf3e545ab378ca3?s=96&d=mm&r=g\",\"caption\":\"VOCA Editorial\"},\"url\":\"https:\/\/www.vocaeditorial.com\/blog\/author\/voca-editorial\/\"}]}<\/script>\n<!-- \/ Yoast SEO plugin. -->","yoast_head_json":{"title":"La inclusi\u00f3n educativa en tu aula &#8211; Voca Editorial","description":"El enfoque de la inclusi\u00f3n educativa promueve la integraci\u00f3n de los alumnos con discapacidad en el sistema de ense\u00f1anza regular","robots":{"index":"index","follow":"follow","max-snippet":"max-snippet:-1","max-image-preview":"max-image-preview:large","max-video-preview":"max-video-preview:-1"},"canonical":"https:\/\/www.vocaeditorial.com\/blog\/la-inclusion-educativa\/","og_locale":"es_ES","og_type":"article","og_title":"La inclusi\u00f3n educativa en tu aula &#8211; Voca Editorial","og_description":"El enfoque de la inclusi\u00f3n educativa promueve la integraci\u00f3n de los alumnos con discapacidad en el sistema de ense\u00f1anza regular","og_url":"https:\/\/www.vocaeditorial.com\/blog\/la-inclusion-educativa\/","og_site_name":"Voca Editorial","article_published_time":"2024-12-05T14:00:21+00:00","og_image":[{"width":2560,"height":1707,"url":"https:\/\/www.vocaeditorial.com\/blog\/media\/la-inclusion-educativa-scaled.jpg","type":"image\/jpeg"}],"author":"VOCA Editorial","twitter_card":"summary_large_image","twitter_misc":{"Escrito por":"VOCA Editorial","Tiempo de lectura":"6 minutos"},"schema":{"@context":"https:\/\/schema.org","@graph":[{"@type":"WebPage","@id":"https:\/\/www.vocaeditorial.com\/blog\/la-inclusion-educativa\/","url":"https:\/\/www.vocaeditorial.com\/blog\/la-inclusion-educativa\/","name":"La inclusi\u00f3n educativa en tu aula &#8211; Voca Editorial","isPartOf":{"@id":"https:\/\/www.vocaeditorial.com\/blog\/#website"},"primaryImageOfPage":{"@id":"https:\/\/www.vocaeditorial.com\/blog\/la-inclusion-educativa\/#primaryimage"},"image":{"@id":"https:\/\/www.vocaeditorial.com\/blog\/la-inclusion-educativa\/#primaryimage"},"thumbnailUrl":"https:\/\/www.vocaeditorial.com\/blog\/media\/la-inclusion-educativa-scaled.jpg","datePublished":"2024-12-05T14:00:21+00:00","author":{"@id":"https:\/\/www.vocaeditorial.com\/blog\/#\/schema\/person\/72fba3d6c8a26fba0fee3107fda03438"},"description":"El enfoque de la inclusi\u00f3n educativa promueve la integraci\u00f3n de los alumnos con discapacidad en el sistema de ense\u00f1anza regular","breadcrumb":{"@id":"https:\/\/www.vocaeditorial.com\/blog\/la-inclusion-educativa\/#breadcrumb"},"inLanguage":"es","potentialAction":[{"@type":"ReadAction","target":["https:\/\/www.vocaeditorial.com\/blog\/la-inclusion-educativa\/"]}]},{"@type":"ImageObject","inLanguage":"es","@id":"https:\/\/www.vocaeditorial.com\/blog\/la-inclusion-educativa\/#primaryimage","url":"https:\/\/www.vocaeditorial.com\/blog\/media\/la-inclusion-educativa-scaled.jpg","contentUrl":"https:\/\/www.vocaeditorial.com\/blog\/media\/la-inclusion-educativa-scaled.jpg","width":2560,"height":1707,"caption":"2HE9JNP people celebrate chinese new year dressing with zodiac in lunar new year"},{"@type":"BreadcrumbList","@id":"https:\/\/www.vocaeditorial.com\/blog\/la-inclusion-educativa\/#breadcrumb","itemListElement":[{"@type":"ListItem","position":1,"name":"Portada","item":"https:\/\/www.vocaeditorial.com\/blog\/"},{"@type":"ListItem","position":2,"name":"La inclusi\u00f3n educativa en tu aula"}]},{"@type":"WebSite","@id":"https:\/\/www.vocaeditorial.com\/blog\/#website","url":"https:\/\/www.vocaeditorial.com\/blog\/","name":"Voca Editorial","description":"","potentialAction":[{"@type":"SearchAction","target":{"@type":"EntryPoint","urlTemplate":"https:\/\/www.vocaeditorial.com\/blog\/?s={search_term_string}"},"query-input":{"@type":"PropertyValueSpecification","valueRequired":true,"valueName":"search_term_string"}}],"inLanguage":"es"},{"@type":"Person","@id":"https:\/\/www.vocaeditorial.com\/blog\/#\/schema\/person\/72fba3d6c8a26fba0fee3107fda03438","name":"VOCA Editorial","image":{"@type":"ImageObject","inLanguage":"es","@id":"https:\/\/www.vocaeditorial.com\/blog\/#\/schema\/person\/image\/","url":"https:\/\/secure.gravatar.com\/avatar\/137e7a09ea636684fcf1595563ff145c113f07116d7a29acedf3e545ab378ca3?s=96&d=mm&r=g","contentUrl":"https:\/\/secure.gravatar.com\/avatar\/137e7a09ea636684fcf1595563ff145c113f07116d7a29acedf3e545ab378ca3?s=96&d=mm&r=g","caption":"VOCA Editorial"},"url":"https:\/\/www.vocaeditorial.com\/blog\/author\/voca-editorial\/"}]}},"jetpack_featured_media_url":"https:\/\/www.vocaeditorial.com\/blog\/media\/la-inclusion-educativa-scaled.jpg","jetpack_sharing_enabled":true,"_links":{"self":[{"href":"https:\/\/www.vocaeditorial.com\/blog\/wp-json\/wp\/v2\/posts\/8514","targetHints":{"allow":["GET"]}}],"collection":[{"href":"https:\/\/www.vocaeditorial.com\/blog\/wp-json\/wp\/v2\/posts"}],"about":[{"href":"https:\/\/www.vocaeditorial.com\/blog\/wp-json\/wp\/v2\/types\/post"}],"author":[{"embeddable":true,"href":"https:\/\/www.vocaeditorial.com\/blog\/wp-json\/wp\/v2\/users\/49"}],"replies":[{"embeddable":true,"href":"https:\/\/www.vocaeditorial.com\/blog\/wp-json\/wp\/v2\/comments?post=8514"}],"version-history":[{"count":0,"href":"https:\/\/www.vocaeditorial.com\/blog\/wp-json\/wp\/v2\/posts\/8514\/revisions"}],"wp:featuredmedia":[{"embeddable":true,"href":"https:\/\/www.vocaeditorial.com\/blog\/wp-json\/wp\/v2\/media\/8515"}],"wp:attachment":[{"href":"https:\/\/www.vocaeditorial.com\/blog\/wp-json\/wp\/v2\/media?parent=8514"}],"wp:term":[{"taxonomy":"post_tag","embeddable":true,"href":"https:\/\/www.vocaeditorial.com\/blog\/wp-json\/wp\/v2\/tags?post=8514"}],"curies":[{"name":"wp","href":"https:\/\/api.w.org\/{rel}","templated":true}]}}