{"id":8509,"date":"2024-11-28T15:00:35","date_gmt":"2024-11-28T14:00:35","guid":{"rendered":"https:\/\/www.vocaeditorial.com\/blog\/?p=8509"},"modified":"2024-11-28T08:41:05","modified_gmt":"2024-11-28T07:41:05","slug":"dislexia-atencional","status":"publish","type":"post","link":"https:\/\/www.vocaeditorial.com\/blog\/dislexia-atencional\/","title":{"rendered":"Dislexia atencional: rasgos y trabajo en el aula"},"content":{"rendered":"<p><span style=\"font-weight: 400;\">Si est\u00e1s detectando algunas dificultades en tus alumnos al leer y al escribir, pero no sabes exactamente si sufren alg\u00fan trastorno o es que simplemente les cuesta concentrarse, hoy hablamos de dislexia atencional. <\/span><\/p>\n\n<p><span data-sheets-root=\"1\">[CtaModule cta_item=\u00bb6826&#8243;]<\/span><\/p>\n<p>&nbsp;<\/p>\n<h2><span style=\"color: #ffa341;\"><b>\u00bfQu\u00e9 es la dislexia atencional?<\/b><\/span><\/h2>\n<p><span style=\"font-weight: 400;\">Para comenzar, definamos qu\u00e9 engloba la dislexia atencional:<\/span><\/p>\n<blockquote><p><span style=\"font-weight: 400;\">Trastorno del aprendizaje que afecta la capacidad de concentrarse en la lectura y escritura<\/span><\/p><\/blockquote>\n<p>&nbsp;<\/p>\n<p><span style=\"font-weight: 400;\">En concreto, este trastorno <\/span><b>dificulta la atenci\u00f3n y la organizaci\u00f3n de la informaci\u00f3n<\/b><span style=\"font-weight: 400;\">. Adem\u00e1s, podemos describir la dislexia atencional con estas cinco caracter\u00edsticas:<\/span><\/p>\n<ol>\n<li style=\"font-weight: 400;\" aria-level=\"1\"><b>Dificultad para concentrarse<\/b><span style=\"font-weight: 400;\">. Es decir, les cuesta mantener la atenci\u00f3n en la tarea de lectura o en la escritura que est\u00e1n realizando.<\/span><\/li>\n<li style=\"font-weight: 400;\" aria-level=\"1\"><b>Errores de transcripci\u00f3n<\/b><span style=\"font-weight: 400;\">. En consecuencia, cometen errores al copiar o escribir palabras, como omitir letras o invertirlas.<\/span><\/li>\n<li style=\"font-weight: 400;\" aria-level=\"1\"><b>Lectura lenta<\/b><span style=\"font-weight: 400;\">. En general, como su atenci\u00f3n se dispersa con facilidad, necesitan m\u00e1s tiempo para leer.<\/span><\/li>\n<li style=\"font-weight: 400;\" aria-level=\"1\"><b>Inestabilidad en el rendimiento<\/b><span style=\"font-weight: 400;\">. Por todo esto, su desempe\u00f1o puede variar mucho dependiendo de la situaci\u00f3n y del nivel de distracci\u00f3n.<\/span><\/li>\n<li style=\"font-weight: 400;\" aria-level=\"1\"><b>Problemas con la secuenciaci\u00f3n<\/b><span style=\"font-weight: 400;\">. De este modo, tienen dificultades para organizar los elementos de una palabra o de una secuencia de ideas.<\/span><\/li>\n<\/ol>\n<p>&nbsp;<\/p>\n<p><span style=\"font-weight: 400;\">En resumen, la dislexia atencional est\u00e1 relacionada con <\/span><b>problemas en la atenci\u00f3n sostenida<\/b><span style=\"font-weight: 400;\">, pero no necesariamente con la inteligencia.<\/span><\/p>\n<h2><span style=\"color: #ffa341;\"><b>\u00bfEs lo mismo dislexia que dislexia atencional?<\/b><\/span><\/h2>\n<p><span style=\"font-weight: 400;\">Aunque son similares, la <\/span><span style=\"text-decoration: underline;\"><a href=\"https:\/\/www.vocaeditorial.com\/blog\/dislexia-deteccion-temprana-tratamiento\/\" target=\"_blank\" rel=\"noopener\"><b>dislexia<\/b><\/a><\/span><span style=\"font-weight: 400;\"> y la dislexia atencional presentan <\/span><b>algunas diferencias<\/b><span style=\"font-weight: 400;\">.<\/span><\/p>\n<table>\n<tbody>\n<tr>\n<td><b>Aspecto<\/b><\/td>\n<td><b>Dislexia<\/b><\/td>\n<td><b>Dislexia atencional<\/b><\/td>\n<\/tr>\n<tr>\n<td><b>Causa principal<\/b><\/td>\n<td><span style=\"font-weight: 400;\">Dificultades en el procesamiento del lenguaje (decodificaci\u00f3n y fluidez lectora).<\/span><\/td>\n<td><span style=\"font-weight: 400;\">Problemas de atenci\u00f3n y concentraci\u00f3n que afectan el aprendizaje.<\/span><\/td>\n<\/tr>\n<tr>\n<td><b>Tipo de dificultades<\/b><\/td>\n<td><span style=\"font-weight: 400;\">Lectura, escritura y el reconocimiento de palabras.<\/span><\/td>\n<td><span style=\"font-weight: 400;\">Lectura y escritura causadas por la falta de concentraci\u00f3n.<\/span><\/td>\n<\/tr>\n<tr>\n<td><b>Consistencia en los errores<\/b><\/td>\n<td><span style=\"font-weight: 400;\">Consistentes, como inversi\u00f3n de letras u omisi\u00f3n de s\u00edlabas.<\/span><\/td>\n<td><span style=\"font-weight: 400;\">Var\u00edan dependiendo de la atenci\u00f3n del estudiante.<\/span><\/td>\n<\/tr>\n<tr>\n<td><b>Rendimiento en otras \u00e1reas<\/b><\/td>\n<td><span style=\"font-weight: 400;\">No afecta a otras \u00e1reas.<\/span><\/td>\n<td><span style=\"font-weight: 400;\">Problemas de atenci\u00f3n en varias tareas acad\u00e9micas.<\/span><\/td>\n<\/tr>\n<tr>\n<td><b>Impacto en la velocidad<\/b><\/td>\n<td><span style=\"font-weight: 400;\">Lectura lenta debido a la decodificaci\u00f3n, pero no por la atenci\u00f3n.<\/span><\/td>\n<td><span style=\"font-weight: 400;\">M\u00e1s lenta debido a distracciones constantes y a la falta de concentraci\u00f3n.<\/span><\/td>\n<\/tr>\n<\/tbody>\n<\/table>\n[CtaModule cta_item=\u00bb6208&#8243;]\n<p>&nbsp;<\/p>\n<h2><span style=\"color: #ffa341;\"><b>C\u00f3mo tratar la dislexia atencional en el aula<\/b><\/span><\/h2>\n<p><span style=\"font-weight: 400;\">Aunque detectarla en el aula es, sin duda, un reto, s\u00ed que se pueden <\/span><b>observar esos rasgos <\/b><span style=\"font-weight: 400;\">durante los procesos de lectura y escritura.\u00a0<\/span><\/p>\n<p><span style=\"font-weight: 400;\">Asimismo, se recomienda hacerlo a lo largo del tiempo. Es decir, <\/span><\/p>\n<blockquote><p><span style=\"font-weight: 400;\">comparando el desempe\u00f1o del estudiante en<\/span><b> situaciones m\u00e1s tranquilas y en otras con m\u00e1s distracciones<\/b><span style=\"font-weight: 400;\">.<\/span><\/p><\/blockquote>\n<p>&nbsp;<\/p>\n<p><span style=\"font-weight: 400;\">Y, en cuanto al tratamiento de la dislexia atencional, es preferible un <\/span><b>enfoque integral<\/b><span style=\"font-weight: 400;\"> de las dificultades en la atenci\u00f3n y las relacionadas con la lectura y escritura. En concreto, puedes ayudarles con estas pautas:<\/span><\/p>\n<ul>\n<li style=\"font-weight: 400;\" aria-level=\"1\"><span style=\"font-weight: 400;\">Ambiente libre de distracciones: crear <\/span><b>un espacio de trabajo tranquilo y sin distracciones<\/b><span style=\"font-weight: 400;\"> visuales o auditivas, para facilitar la concentraci\u00f3n.<\/span><\/li>\n<li style=\"font-weight: 400;\" aria-level=\"1\"><b>Tiempos cortos y descansos frecuentes<\/b><span style=\"font-weight: 400;\">: dividir las tareas largas en segmentos m\u00e1s peque\u00f1os y permitir descansos para evitar la fatiga.<\/span><\/li>\n<li style=\"font-weight: 400;\" aria-level=\"1\"><span style=\"font-weight: 400;\">Ayudas visuales y auditivas: con recursos como im\u00e1genes, diagramas y grabaciones para <\/span><b>apoyar la comprensi\u00f3n<\/b><span style=\"font-weight: 400;\">.<\/span><\/li>\n<li style=\"font-weight: 400;\" aria-level=\"1\"><span style=\"font-weight: 400;\">Informaci\u00f3n ordenada: ense\u00f1ar al estudiante a <\/span><b>organizar la informaci\u00f3n<\/b><span style=\"font-weight: 400;\"> de manera clara, utilizando mapas conceptuales, listas y esquemas.<\/span><\/li>\n<li style=\"font-weight: 400;\" aria-level=\"1\"><b>Tecnolog\u00eda<\/b><span style=\"font-weight: 400;\">: algunas herramientas, como aplicaciones para la lectura en voz alta, correctores ortogr\u00e1ficos, y grabadoras pueden ayudar a mantener la atenci\u00f3n en la tarea.<\/span><\/li>\n<li style=\"font-weight: 400;\" aria-level=\"1\"><b>Refuerzo positivo y metas claras<\/b><span style=\"font-weight: 400;\">: los objetivos accesibles ayudan a mejorar la motivaci\u00f3n.<\/span><\/li>\n<\/ul>\n<p>&nbsp;<\/p>\n<h3><span style=\"color: #ffa341;\">Otras pautas para trabajarla en el aula<\/span><\/h3>\n<p><span style=\"font-weight: 400;\">Por si fuera poco, tambi\u00e9n puedes tener en cuenta <\/span><b>otros <\/b><span style=\"text-decoration: underline;\"><a href=\"https:\/\/www.fundaciontelefonica.co\/noticias\/dislexia-en-el-aula\/\" target=\"_blank\" rel=\"noopener\"><b>refuerzos adicionales<\/b><\/a><\/span><span style=\"font-weight: 400;\">:<\/span><\/p>\n<ul>\n<li aria-level=\"1\"><b>Trabajo individualizado<\/b><\/li>\n<\/ul>\n<p style=\"padding-left: 40px;\"><span style=\"font-weight: 400;\">El acompa\u00f1amiento individual puede ser clave para ajustar las tareas y establecer un ritmo adecuado a cada alumno. Adem\u00e1s, te permitir\u00e1 valorar su proceso de forma personalizada.<\/span><\/p>\n<ul>\n<li aria-level=\"1\"><b>Proyectos y terapias ocupacionales<\/b><\/li>\n<\/ul>\n<p style=\"padding-left: 40px;\"><span style=\"font-weight: 400;\">A veces, los terapeutas ocupacionales pueden ayudar a mejorar la organizaci\u00f3n y la coordinaci\u00f3n motriz, lo que impacta positivamente en las habilidades de lectura y escritura.<\/span><\/p>\n<ul>\n<li aria-level=\"1\"><b>Colaboraci\u00f3n con otros profesionales<\/b><\/li>\n<\/ul>\n<p style=\"padding-left: 40px;\"><span style=\"font-weight: 400;\">La intervenci\u00f3n de psicopedagogos, logopedas y otros profesionales de la educaci\u00f3n ser\u00e1 un apoyo en tu plan de atenci\u00f3n individualizada.<\/span><\/p>\n<p><span style=\"font-weight: 400;\">\u00a0<\/span><\/p>\n<p>&nbsp;<\/p>\n<p><span style=\"font-weight: 400;\">En definitiva, para minimizar la dislexia atencional ser\u00e1 fundamental crear espacios y rutinas de estudio libres de distracciones, que den herramientas al alumno para leer y escribir con mayor motivaci\u00f3n y concentraci\u00f3n.<\/span><\/p>\n","protected":false},"excerpt":{"rendered":"<p>La dislexia atencional es un trastorno del aprendizaje que afecta la capacidad de concentrarse en la lectura y escritura, porque dificulta la atenci\u00f3n y la organizaci\u00f3n de la informaci\u00f3n.<\/p>\n","protected":false},"author":49,"featured_media":8510,"comment_status":"closed","ping_status":"closed","sticky":false,"template":"","format":"standard","meta":{"content-type":"","inline_featured_image":false,"_jetpack_memberships_contains_paid_content":false,"footnotes":""},"tags":[611,658,663],"class_list":["post-8509","post","type-post","status-publish","format-standard","has-post-thumbnail","hentry","category-comprension-lectora","tag-motivacion","tag-dificultades-de-lectura","tag-dificultades-de-comprension"],"yoast_head":"<!-- This site is optimized with the Yoast SEO plugin v26.6 - https:\/\/yoast.com\/wordpress\/plugins\/seo\/ -->\n<title>Dislexia atencional: rasgos y trabajo en el aula &#8211; Voca Editorial<\/title>\n<meta name=\"description\" content=\"La dislexia atencional es un trastorno del aprendizaje que afecta la capacidad de concentrarse en la lectura y escritura.\" \/>\n<meta name=\"robots\" content=\"index, follow, max-snippet:-1, max-image-preview:large, max-video-preview:-1\" \/>\n<link rel=\"canonical\" href=\"https:\/\/www.vocaeditorial.com\/blog\/dislexia-atencional\/\" \/>\n<meta property=\"og:locale\" content=\"es_ES\" \/>\n<meta property=\"og:type\" content=\"article\" \/>\n<meta property=\"og:title\" content=\"Dislexia atencional: rasgos y trabajo en el aula &#8211; Voca Editorial\" \/>\n<meta property=\"og:description\" content=\"La dislexia atencional es un trastorno del aprendizaje que afecta la capacidad de concentrarse en la lectura y escritura.\" \/>\n<meta property=\"og:url\" content=\"https:\/\/www.vocaeditorial.com\/blog\/dislexia-atencional\/\" \/>\n<meta property=\"og:site_name\" content=\"Voca Editorial\" \/>\n<meta property=\"article:published_time\" content=\"2024-11-28T14:00:35+00:00\" \/>\n<meta property=\"og:image\" content=\"https:\/\/www.vocaeditorial.com\/blog\/media\/dislexia-atencional-scaled.jpeg\" \/>\n\t<meta property=\"og:image:width\" content=\"2560\" \/>\n\t<meta property=\"og:image:height\" content=\"1707\" \/>\n\t<meta property=\"og:image:type\" content=\"image\/jpeg\" \/>\n<meta name=\"author\" content=\"VOCA Editorial\" \/>\n<meta name=\"twitter:card\" content=\"summary_large_image\" \/>\n<meta name=\"twitter:label1\" content=\"Escrito por\" \/>\n\t<meta name=\"twitter:data1\" content=\"VOCA Editorial\" \/>\n\t<meta name=\"twitter:label2\" content=\"Tiempo de lectura\" \/>\n\t<meta name=\"twitter:data2\" content=\"4 minutos\" \/>\n<script type=\"application\/ld+json\" class=\"yoast-schema-graph\">{\"@context\":\"https:\/\/schema.org\",\"@graph\":[{\"@type\":\"WebPage\",\"@id\":\"https:\/\/www.vocaeditorial.com\/blog\/dislexia-atencional\/\",\"url\":\"https:\/\/www.vocaeditorial.com\/blog\/dislexia-atencional\/\",\"name\":\"Dislexia atencional: rasgos y trabajo en el aula &#8211; Voca Editorial\",\"isPartOf\":{\"@id\":\"https:\/\/www.vocaeditorial.com\/blog\/#website\"},\"primaryImageOfPage\":{\"@id\":\"https:\/\/www.vocaeditorial.com\/blog\/dislexia-atencional\/#primaryimage\"},\"image\":{\"@id\":\"https:\/\/www.vocaeditorial.com\/blog\/dislexia-atencional\/#primaryimage\"},\"thumbnailUrl\":\"https:\/\/www.vocaeditorial.com\/blog\/media\/dislexia-atencional-scaled.jpeg\",\"datePublished\":\"2024-11-28T14:00:35+00:00\",\"author\":{\"@id\":\"https:\/\/www.vocaeditorial.com\/blog\/#\/schema\/person\/72fba3d6c8a26fba0fee3107fda03438\"},\"description\":\"La dislexia atencional es un trastorno del aprendizaje que afecta la capacidad de concentrarse en la lectura y escritura.\",\"breadcrumb\":{\"@id\":\"https:\/\/www.vocaeditorial.com\/blog\/dislexia-atencional\/#breadcrumb\"},\"inLanguage\":\"es\",\"potentialAction\":[{\"@type\":\"ReadAction\",\"target\":[\"https:\/\/www.vocaeditorial.com\/blog\/dislexia-atencional\/\"]}]},{\"@type\":\"ImageObject\",\"inLanguage\":\"es\",\"@id\":\"https:\/\/www.vocaeditorial.com\/blog\/dislexia-atencional\/#primaryimage\",\"url\":\"https:\/\/www.vocaeditorial.com\/blog\/media\/dislexia-atencional-scaled.jpeg\",\"contentUrl\":\"https:\/\/www.vocaeditorial.com\/blog\/media\/dislexia-atencional-scaled.jpeg\",\"width\":2560,\"height\":1707,\"caption\":\"dislexia atencional\"},{\"@type\":\"BreadcrumbList\",\"@id\":\"https:\/\/www.vocaeditorial.com\/blog\/dislexia-atencional\/#breadcrumb\",\"itemListElement\":[{\"@type\":\"ListItem\",\"position\":1,\"name\":\"Portada\",\"item\":\"https:\/\/www.vocaeditorial.com\/blog\/\"},{\"@type\":\"ListItem\",\"position\":2,\"name\":\"Dislexia atencional: rasgos y trabajo en el aula\"}]},{\"@type\":\"WebSite\",\"@id\":\"https:\/\/www.vocaeditorial.com\/blog\/#website\",\"url\":\"https:\/\/www.vocaeditorial.com\/blog\/\",\"name\":\"Voca Editorial\",\"description\":\"\",\"potentialAction\":[{\"@type\":\"SearchAction\",\"target\":{\"@type\":\"EntryPoint\",\"urlTemplate\":\"https:\/\/www.vocaeditorial.com\/blog\/?s={search_term_string}\"},\"query-input\":{\"@type\":\"PropertyValueSpecification\",\"valueRequired\":true,\"valueName\":\"search_term_string\"}}],\"inLanguage\":\"es\"},{\"@type\":\"Person\",\"@id\":\"https:\/\/www.vocaeditorial.com\/blog\/#\/schema\/person\/72fba3d6c8a26fba0fee3107fda03438\",\"name\":\"VOCA Editorial\",\"image\":{\"@type\":\"ImageObject\",\"inLanguage\":\"es\",\"@id\":\"https:\/\/www.vocaeditorial.com\/blog\/#\/schema\/person\/image\/\",\"url\":\"https:\/\/secure.gravatar.com\/avatar\/137e7a09ea636684fcf1595563ff145c113f07116d7a29acedf3e545ab378ca3?s=96&d=mm&r=g\",\"contentUrl\":\"https:\/\/secure.gravatar.com\/avatar\/137e7a09ea636684fcf1595563ff145c113f07116d7a29acedf3e545ab378ca3?s=96&d=mm&r=g\",\"caption\":\"VOCA Editorial\"},\"url\":\"https:\/\/www.vocaeditorial.com\/blog\/author\/voca-editorial\/\"}]}<\/script>\n<!-- \/ Yoast SEO plugin. -->","yoast_head_json":{"title":"Dislexia atencional: rasgos y trabajo en el aula &#8211; Voca Editorial","description":"La dislexia atencional es un trastorno del aprendizaje que afecta la capacidad de concentrarse en la lectura y escritura.","robots":{"index":"index","follow":"follow","max-snippet":"max-snippet:-1","max-image-preview":"max-image-preview:large","max-video-preview":"max-video-preview:-1"},"canonical":"https:\/\/www.vocaeditorial.com\/blog\/dislexia-atencional\/","og_locale":"es_ES","og_type":"article","og_title":"Dislexia atencional: rasgos y trabajo en el aula &#8211; Voca Editorial","og_description":"La dislexia atencional es un trastorno del aprendizaje que afecta la capacidad de concentrarse en la lectura y escritura.","og_url":"https:\/\/www.vocaeditorial.com\/blog\/dislexia-atencional\/","og_site_name":"Voca Editorial","article_published_time":"2024-11-28T14:00:35+00:00","og_image":[{"width":2560,"height":1707,"url":"https:\/\/www.vocaeditorial.com\/blog\/media\/dislexia-atencional-scaled.jpeg","type":"image\/jpeg"}],"author":"VOCA Editorial","twitter_card":"summary_large_image","twitter_misc":{"Escrito por":"VOCA Editorial","Tiempo de lectura":"4 minutos"},"schema":{"@context":"https:\/\/schema.org","@graph":[{"@type":"WebPage","@id":"https:\/\/www.vocaeditorial.com\/blog\/dislexia-atencional\/","url":"https:\/\/www.vocaeditorial.com\/blog\/dislexia-atencional\/","name":"Dislexia atencional: rasgos y trabajo en el aula &#8211; Voca Editorial","isPartOf":{"@id":"https:\/\/www.vocaeditorial.com\/blog\/#website"},"primaryImageOfPage":{"@id":"https:\/\/www.vocaeditorial.com\/blog\/dislexia-atencional\/#primaryimage"},"image":{"@id":"https:\/\/www.vocaeditorial.com\/blog\/dislexia-atencional\/#primaryimage"},"thumbnailUrl":"https:\/\/www.vocaeditorial.com\/blog\/media\/dislexia-atencional-scaled.jpeg","datePublished":"2024-11-28T14:00:35+00:00","author":{"@id":"https:\/\/www.vocaeditorial.com\/blog\/#\/schema\/person\/72fba3d6c8a26fba0fee3107fda03438"},"description":"La dislexia atencional es un trastorno del aprendizaje que afecta la capacidad de concentrarse en la lectura y escritura.","breadcrumb":{"@id":"https:\/\/www.vocaeditorial.com\/blog\/dislexia-atencional\/#breadcrumb"},"inLanguage":"es","potentialAction":[{"@type":"ReadAction","target":["https:\/\/www.vocaeditorial.com\/blog\/dislexia-atencional\/"]}]},{"@type":"ImageObject","inLanguage":"es","@id":"https:\/\/www.vocaeditorial.com\/blog\/dislexia-atencional\/#primaryimage","url":"https:\/\/www.vocaeditorial.com\/blog\/media\/dislexia-atencional-scaled.jpeg","contentUrl":"https:\/\/www.vocaeditorial.com\/blog\/media\/dislexia-atencional-scaled.jpeg","width":2560,"height":1707,"caption":"dislexia atencional"},{"@type":"BreadcrumbList","@id":"https:\/\/www.vocaeditorial.com\/blog\/dislexia-atencional\/#breadcrumb","itemListElement":[{"@type":"ListItem","position":1,"name":"Portada","item":"https:\/\/www.vocaeditorial.com\/blog\/"},{"@type":"ListItem","position":2,"name":"Dislexia atencional: rasgos y trabajo en el aula"}]},{"@type":"WebSite","@id":"https:\/\/www.vocaeditorial.com\/blog\/#website","url":"https:\/\/www.vocaeditorial.com\/blog\/","name":"Voca Editorial","description":"","potentialAction":[{"@type":"SearchAction","target":{"@type":"EntryPoint","urlTemplate":"https:\/\/www.vocaeditorial.com\/blog\/?s={search_term_string}"},"query-input":{"@type":"PropertyValueSpecification","valueRequired":true,"valueName":"search_term_string"}}],"inLanguage":"es"},{"@type":"Person","@id":"https:\/\/www.vocaeditorial.com\/blog\/#\/schema\/person\/72fba3d6c8a26fba0fee3107fda03438","name":"VOCA Editorial","image":{"@type":"ImageObject","inLanguage":"es","@id":"https:\/\/www.vocaeditorial.com\/blog\/#\/schema\/person\/image\/","url":"https:\/\/secure.gravatar.com\/avatar\/137e7a09ea636684fcf1595563ff145c113f07116d7a29acedf3e545ab378ca3?s=96&d=mm&r=g","contentUrl":"https:\/\/secure.gravatar.com\/avatar\/137e7a09ea636684fcf1595563ff145c113f07116d7a29acedf3e545ab378ca3?s=96&d=mm&r=g","caption":"VOCA Editorial"},"url":"https:\/\/www.vocaeditorial.com\/blog\/author\/voca-editorial\/"}]}},"jetpack_featured_media_url":"https:\/\/www.vocaeditorial.com\/blog\/media\/dislexia-atencional-scaled.jpeg","jetpack_sharing_enabled":true,"_links":{"self":[{"href":"https:\/\/www.vocaeditorial.com\/blog\/wp-json\/wp\/v2\/posts\/8509","targetHints":{"allow":["GET"]}}],"collection":[{"href":"https:\/\/www.vocaeditorial.com\/blog\/wp-json\/wp\/v2\/posts"}],"about":[{"href":"https:\/\/www.vocaeditorial.com\/blog\/wp-json\/wp\/v2\/types\/post"}],"author":[{"embeddable":true,"href":"https:\/\/www.vocaeditorial.com\/blog\/wp-json\/wp\/v2\/users\/49"}],"replies":[{"embeddable":true,"href":"https:\/\/www.vocaeditorial.com\/blog\/wp-json\/wp\/v2\/comments?post=8509"}],"version-history":[{"count":0,"href":"https:\/\/www.vocaeditorial.com\/blog\/wp-json\/wp\/v2\/posts\/8509\/revisions"}],"wp:featuredmedia":[{"embeddable":true,"href":"https:\/\/www.vocaeditorial.com\/blog\/wp-json\/wp\/v2\/media\/8510"}],"wp:attachment":[{"href":"https:\/\/www.vocaeditorial.com\/blog\/wp-json\/wp\/v2\/media?parent=8509"}],"wp:term":[{"taxonomy":"post_tag","embeddable":true,"href":"https:\/\/www.vocaeditorial.com\/blog\/wp-json\/wp\/v2\/tags?post=8509"}],"curies":[{"name":"wp","href":"https:\/\/api.w.org\/{rel}","templated":true}]}}