{"id":8285,"date":"2024-04-18T15:00:18","date_gmt":"2024-04-18T13:00:18","guid":{"rendered":"https:\/\/www.vocaeditorial.com\/blog\/?p=8285"},"modified":"2024-04-18T13:05:13","modified_gmt":"2024-04-18T11:05:13","slug":"educar-en-el-asombro","status":"publish","type":"post","link":"https:\/\/www.vocaeditorial.com\/blog\/educar-en-el-asombro\/","title":{"rendered":"Educar en el asombro: un libro sobre la ilusi\u00f3n"},"content":{"rendered":"<p><span style=\"font-weight: 400;\">Seguramente habr\u00e1s o\u00eddo hablar del libro <\/span><b><i>Educar en el asombro<\/i><\/b><span style=\"font-weight: 400;\"> y todas las ideas que defiende sobre la educaci\u00f3n de los ni\u00f1os. \u00bfC\u00f3mo que no? Tranquilo, que nosotros te contamos todo lo que necesitas saber. <\/span><\/p>\n\n<p><span style=\"font-weight: 400;\">[CtaModule cta_item=\u00bb6818&#8243;]<\/span><\/p>\n<p>&nbsp;<\/p>\n<h2><span style=\"color: #ffa341;\"><b>Educar en el asombro: Catherine L\u2019Ecuyer<\/b><\/span><\/h2>\n<p><span style=\"font-weight: 400;\">As\u00ed es, <\/span><i><span style=\"font-weight: 400;\">Educar en el asombro<\/span><\/i><span style=\"font-weight: 400;\"> es un libro escrito por<\/span><b> Catherine L\u2019Ecuyer<\/b><span style=\"font-weight: 400;\">. Pero\u2026 \u00bfqui\u00e9n es Catherine L\u2019Ecuyer?\u00a0<\/span><\/p>\n<ul>\n<li><b>Doctora en Educaci\u00f3n y Psicolog\u00eda<\/b><span style=\"font-weight: 400;\">\u00a0<\/span><\/li>\n<li><b>Investigadora<\/b><\/li>\n<li><b>Autora<\/b><\/li>\n<\/ul>\n<p>&nbsp;<\/p>\n<p><span style=\"font-weight: 400;\">Ha publicado varios libros sobre <\/span><b>m\u00e9todos de educaci\u00f3n<\/b><span style=\"font-weight: 400;\"> y sus repercusiones en los ni\u00f1os. Adem\u00e1s, ha recibido varios reconocimientos con participaciones en eventos como:\u00a0<\/span><\/p>\n<ul>\n<li style=\"font-weight: 400;\" aria-level=\"1\"><b>Miembro honor\u00edfico <\/b><span style=\"font-weight: 400;\">del cap\u00edtulo espa\u00f1ol de la Asociaci\u00f3n <\/span>Montessori<span style=\"font-weight: 400;\"> Internationale en 2020<\/span><\/li>\n<li style=\"font-weight: 400;\" aria-level=\"1\"><span style=\"font-weight: 400;\">Ponente en la<\/span><b> Comisi\u00f3n de Educaci\u00f3n <\/b><span style=\"font-weight: 400;\">del Congreso de los Diputados de Espa\u00f1a<\/span><\/li>\n<li style=\"font-weight: 400;\" aria-level=\"1\"><span style=\"font-weight: 400;\">Asesora de <\/span><b>Gobiernos en educaci\u00f3n\u00a0<\/b><\/li>\n<li style=\"font-weight: 400;\" aria-level=\"1\"><span style=\"font-weight: 400;\">Participante en el informe de <\/span><b>lectura digital para el CERLALC <\/b><span style=\"font-weight: 400;\">de la UNESCO<\/span><\/li>\n<\/ul>\n<p>&nbsp;<\/p>\n<p><span style=\"font-weight: 400;\">Y sus ideas han dado la vuelta al mundo, con sus libros traducidos a <\/span><b>ocho idiomas<\/b><span style=\"font-weight: 400;\"> y publicados en sesenta pa\u00edses:\u00a0<\/span><\/p>\n<table>\n<tbody>\n<tr>\n<td><span style=\"text-decoration: underline;\"><a href=\"https:\/\/www.amazon.es\/Educar-en-el-asombro-Actual-ebook\/dp\/B01IBQ2FMU?ref_=ast_author_dp&amp;dib=eyJ2IjoiMSJ9.JQwMAHz098iKZDs7OkO1phnEIn79FvNJvP3hchDqhGQZrSATk8KqTBgWYpEI_vwCD5RyL5nC0QR2t8oC1fVdp3Ao3csQXFqF2aJiNI_cIfrt-YWkSfWZ4FomzXiJfBz4Ni1AvRYu2FhfbzYta4dzJ0HuCRNG96DnZQEUVmF8C_kshRy8aJ6TmElpl7daC2UiwotoGNupUlxtB62rhwYrcE92U3wb0N-jPxd957ZYgDk.Jfo4t1Ps2ZCbm5f0-HOO0HzjuRAPgA-vmZsBYH7nJO8&amp;dib_tag=AUTHOR\" target=\"_blank\" rel=\"noopener\"><b><i>Educar en el asombro<\/i><\/b><\/a><\/span><\/td>\n<td><span style=\"text-decoration: underline;\"><a href=\"https:\/\/www.amazon.es\/Educar-en-realidad-Plataforma-Actual-ebook\/dp\/B01IBPQRUM?ref_=ast_author_dp&amp;dib=eyJ2IjoiMSJ9.JQwMAHz098iKZDs7OkO1phnEIn79FvNJvP3hchDqhGQZrSATk8KqTBgWYpEI_vwCD5RyL5nC0QR2t8oC1fVdp3Ao3csQXFqF2aJiNI_cIfrt-YWkSfWZ4FomzXiJfBz4Ni1AvRYu2FhfbzYta4dzJ0HuCRNG96DnZQEUVmF8C_kshRy8aJ6TmElpl7daC2UiwotoGNupUlxtB62rhwYrcE92U3wb0N-jPxd957ZYgDk.Jfo4t1Ps2ZCbm5f0-HOO0HzjuRAPgA-vmZsBYH7nJO8&amp;dib_tag=AUTHOR\" target=\"_blank\" rel=\"noopener\"><b><i>Educar en la realidad<\/i><\/b><\/a><\/span><\/td>\n<td><a href=\"https:\/\/www.amazon.es\/Conversaciones-maestra-certezas-educaci%C3%B3n-COLECCION-ebook\/dp\/B097J4776Q?ref_=ast_author_dp&amp;dib=eyJ2IjoiMSJ9.JQwMAHz098iKZDs7OkO1phnEIn79FvNJvP3hchDqhGQZrSATk8KqTBgWYpEI_vwCD5RyL5nC0QR2t8oC1fVdp3Ao3csQXFqF2aJiNI_cIfrt-YWkSfWZ4FomzXiJfBz4Ni1AvRYu2FhfbzYta4dzJ0HuCRNG96DnZQEUVmF8C_kshRy8aJ6TmElpl7daC2UiwotoGNupUlxtB62rhwYrcE92U3wb0N-jPxd957ZYgDk.Jfo4t1Ps2ZCbm5f0-HOO0HzjuRAPgA-vmZsBYH7nJO8&amp;dib_tag=AUTHOR\" target=\"_blank\" rel=\"noopener\"><b><i><span style=\"text-decoration: underline;\">Conversaciones con mi maestra<\/span><\/i><\/b><\/a><\/td>\n<\/tr>\n<\/tbody>\n<\/table>\n<p><span style=\"font-weight: 400;\">Si quieres saber <\/span><b>m\u00e1s sobre ella y su biograf\u00eda<\/b><span style=\"font-weight: 400;\">, <\/span><span style=\"text-decoration: underline;\"><a href=\"https:\/\/www.vocaeditorial.com\/blog\/catherine-lecuyer\/\" target=\"_blank\" rel=\"noopener\"><b>aqu\u00ed<\/b><\/a><\/span><span style=\"font-weight: 400;\"> te dejamos otro <\/span><i><span style=\"font-weight: 400;\">post<\/span><\/i><span style=\"font-weight: 400;\"> sobre su trayectoria. <\/span><\/p>\n<p>&nbsp;<\/p>\n<h2><span style=\"color: #ffa341;\"><b>\u00bfDe qu\u00e9 trata <\/b><b><i>Educar en el asombro<\/i><\/b><b>?<\/b><\/span><\/h2>\n<p><span style=\"font-weight: 400;\">En efecto, el libro se <\/span><b>public\u00f3 en 2012<\/b><span style=\"font-weight: 400;\"> y ya se ha publicado su decimos\u00e9ptima edici\u00f3n. As\u00ed que veamos de qu\u00e9 habla.<\/span><\/p>\n<h3><span style=\"color: #ffa341;\"><b>Resumen<\/b><\/span><\/h3>\n<p><span style=\"font-weight: 400;\">En <\/span><span style=\"text-decoration: underline;\"><a href=\"https:\/\/mariana-martinez.es\/blog\/resena-educar-en-el-asombro\/\" target=\"_blank\" rel=\"noopener\"><b>resumen<\/b><\/a><\/span><span style=\"font-weight: 400;\">, el libro se divide en <\/span><b>dos partes<\/b><span style=\"font-weight: 400;\">:\u00a0<\/span><\/p>\n<ol>\n<li style=\"font-weight: 400;\" aria-level=\"1\"><b>Qu\u00e9 es el asombro:<\/b><span style=\"font-weight: 400;\"> por qu\u00e9 los ni\u00f1os se asombran y la importancia que tiene en su desarrollo y educaci\u00f3n.\u00a0<\/span><\/li>\n<li style=\"font-weight: 400;\" aria-level=\"1\"><span style=\"font-weight: 400;\">Qu\u00e9 podemos hacer para<\/span><b> cuidar la infancia<\/b><span style=\"font-weight: 400;\"> educando en el asombro.<\/span><\/li>\n<\/ol>\n<p><span style=\"font-weight: 400;\">As\u00ed, define el asombro como una emoci\u00f3n que despierta la <\/span><b>curiosidad, la creatividad y el aprendizaje <\/b><span style=\"font-weight: 400;\">en los ni\u00f1os. Por eso, es fundamental en la educaci\u00f3n, ya que ayuda a los ni\u00f1os a:\u00a0<\/span><\/p>\n<ul>\n<li><b>Hacer conexiones<\/b><\/li>\n<li><span style=\"font-weight: 400;\">Desarrollar <\/span><b>la creatividad\u00a0<\/b><\/li>\n<li><span style=\"font-weight: 400;\">Mantener un sentido de<\/span><b> admiraci\u00f3n por el mundo<\/b><\/li>\n<\/ul>\n<p>&nbsp;<\/p>\n<p><span style=\"font-weight: 400;\">Adem\u00e1s, aclara la importancia del papel tanto de los <\/span><b>padres como del colegio <\/b><span style=\"font-weight: 400;\">para mantener esa ilusi\u00f3n y curiosidad en los m\u00e1s peque\u00f1os.\u00a0<\/span><\/p>\n<p><span style=\"font-weight: 400;\">Asimismo, critica la educaci\u00f3n actual que se centra en la <\/span><b>memorizaci\u00f3n de informaci\u00f3n <\/b><span style=\"font-weight: 400;\">y la realizaci\u00f3n de ex\u00e1menes. Esto perjudica la creatividad y puede suponer la p\u00e9rdida del asombro. Por eso, la autora propone crear un sistema de educaci\u00f3n que incluya el asombro.\u00a0<\/span><\/p>\n<p><span style=\"font-weight: 400;\">Catherine L\u2019Ecuyer plantea<\/span><b> tres claves<\/b><span style=\"font-weight: 400;\"> para esta educaci\u00f3n en el <\/span><span style=\"text-decoration: underline;\"><a href=\"https:\/\/aventurerosdelaeducacion.com\/resumen-de-educar-en-el-asombro-desata-la-curiosidad-desde-casa\/\" target=\"_blank\" rel=\"noopener\"><b>asombro<\/b><\/a><\/span><span style=\"font-weight: 400;\">:\u00a0<\/span><\/p>\n<ol>\n<li style=\"font-weight: 400;\" aria-level=\"1\"><span style=\"font-weight: 400;\">La<\/span> <span style=\"text-decoration: underline;\"><a href=\"https:\/\/www.vocaeditorial.com\/blog\/educacion-emocional\/\" target=\"_blank\" rel=\"noopener\"><b>educaci\u00f3n emocional<\/b><\/a><\/span><span style=\"font-weight: 400;\"> \u2192 Ayuda a<\/span><b> conectar con el entorno<\/b><span style=\"font-weight: 400;\">.<\/span><\/li>\n<li style=\"font-weight: 400;\" aria-level=\"1\"><span style=\"font-weight: 400;\">La <\/span><b>curiosidad como base<\/b><span style=\"font-weight: 400;\"> del aprendizaje \u2192 Promovida por los padres y docentes.<\/span><\/li>\n<li style=\"font-weight: 400;\" aria-level=\"1\"><b>Limitaci\u00f3n de la tecnolog\u00eda<\/b><span style=\"font-weight: 400;\"> \u2192 Ya que puede perjudicar a la concentraci\u00f3n y el asombro.<\/span><\/li>\n<\/ol>\n<p>&nbsp;<\/p>\n<p><span style=\"font-weight: 400;\">De hecho, <\/span><b>la sobreestimulaci\u00f3n<\/b><span style=\"font-weight: 400;\"> es uno de los mayores peligros en la educaci\u00f3n, puesto que puede hacer que los ni\u00f1os pierdan la capacidad de asombro, de motivaci\u00f3n y de inter\u00e9s por aprender.\u00a0<\/span><\/p>\n<p><span style=\"font-weight: 400;\">Es decir, el asombro es una emoci\u00f3n fuertemente <\/span><b>ligada a la infancia<\/b><span style=\"font-weight: 400;\">, ya que sin ella los ni\u00f1os podr\u00edan perder una parte muy importante de su desarrollo.<\/span><\/p>\n<h3><span style=\"color: #ffa341;\"><b>Ideas principales\u00a0<\/b><\/span><\/h3>\n<p><span style=\"font-weight: 400;\">Estas ser\u00edan algunas de las<\/span><b> ideas principales<\/b><span style=\"font-weight: 400;\"> que la autora defiende en el libro:\u00a0<\/span><\/p>\n<ul>\n<li style=\"font-weight: 400;\" aria-level=\"1\"><b>Reimaginar una educaci\u00f3n<\/b><span style=\"font-weight: 400;\"> que cuente con el asombro<\/span><\/li>\n<li style=\"font-weight: 400;\" aria-level=\"1\"><span style=\"font-weight: 400;\">El<\/span><b> ni\u00f1o como protagonista<\/b><span style=\"font-weight: 400;\"> de su educaci\u00f3n<\/span><\/li>\n<li style=\"font-weight: 400;\" aria-level=\"1\"><span style=\"font-weight: 400;\">Defensa del <\/span><b>juego libre, la naturaleza, el arte <\/b><span style=\"font-weight: 400;\">y las experiencias como formas de mantener la curiosidad <\/span><\/li>\n<li style=\"font-weight: 400;\" aria-level=\"1\"><b>Asombro como motor <\/b><span>del aprendizaje<\/span><\/li>\n<\/ul>\n<p>&nbsp;<\/p>\n<h3><span style=\"color: #ffa341;\"><b>Frases<\/b><\/span><\/h3>\n<p><span style=\"font-weight: 400;\">Si a\u00fan tienes ganas de conocerlo m\u00e1s en detalle, entresacamos algunas de las <strong>mejores frases del libro<\/strong>.<\/span><b>\u00a0<\/b><\/p>\n<blockquote><p><span style=\"font-weight: 400;\">\u00abEl sentido del asombro del ni\u00f1o es lo que le lleva a descubrir el mundo. Es la <\/span><b>motivaci\u00f3n interna del ni\u00f1o<\/b><span style=\"font-weight: 400;\">, su estimulaci\u00f3n temprana natural. Las cosas peque\u00f1as que mueven al ni\u00f1o a aprender, a satisfacer su curiosidad\u2026\u00bb.<\/span><\/p><\/blockquote>\n<p>&nbsp;<\/p>\n<blockquote><p><span style=\"font-weight: 400;\">\u00abEducar en el asombro consiste en <\/span><b>respetar la libertad interior<\/b><span style=\"font-weight: 400;\">, contando con el ni\u00f1o en el proceso educativo, respetar sus ritmos, fomentar el silencio, el juego libre, respetar las etapas de la infancia, rodear al ni\u00f1o de belleza y sin saturar los sentidos\u2026\u00bb.<\/span><\/p><\/blockquote>\n<p>&nbsp;<\/p>\n<h3><span style=\"color: #ffa341;\"><b>Conclusiones sobre\u00a0<em>Educar en el asombro<\/em><\/b><\/span><\/h3>\n<p><span style=\"font-weight: 400;\">En definitiva, este libro plantea la creaci\u00f3n de un modo de educaci\u00f3n que fomente la conexi\u00f3n de los ni\u00f1os con su entorno mediante la <\/span><b>experiencia, m\u00e1s all\u00e1 de las pantallas.<\/b><span style=\"font-weight: 400;\"> Y as\u00ed, defiende la curiosidad y el aprendizaje en relaci\u00f3n con el mundo como forma de <\/span><b>conservaci\u00f3n del esp\u00edritu infantil<\/b><span style=\"font-weight: 400;\"> y la ilusi\u00f3n.\u00a0<\/span><\/p>\n<p><span style=\"font-weight: 400;\">Est\u00e1 dirigido a todos aquellos que tengan un papel en la educaci\u00f3n infantil, es decir, tanto para<\/span><b> padres como para profesores<\/b><span style=\"font-weight: 400;\">.<\/span><\/p>\n<p>&nbsp;<\/p>\n<p><span style=\"font-weight: 400;\">[CtaModule cta_item=\u00bb6208&#8243;]<\/span><\/p>\n<h2><span style=\"color: #ffa341;\"><b>Otras formas de educar en el asombro<\/b><\/span><\/h2>\n<p><span style=\"font-weight: 400;\">Si te ha gustado la estrategia de <\/span><span style=\"text-decoration: underline;\"><a href=\"https:\/\/catherinelecuyer.com\/\" target=\"_blank\" rel=\"noopener\"><b>Catherine L\u2019Ecuyer<\/b><\/a><\/span><span style=\"font-weight: 400;\">, seguramente te estar\u00e1s preguntando: \u00bfC\u00f3mo trasladar estas<\/span><b> ideas al aula<\/b><span style=\"font-weight: 400;\">?\u00a0<\/span><\/p>\n<p><span style=\"font-weight: 400;\">Pues bien, la <\/span><b>educaci\u00f3n emocional<\/b> <b>y los cuentos<\/b><span style=\"font-weight: 400;\"> les har\u00e1n mantener esa chispa e ilusi\u00f3n por la vida y por descubrir cosas nuevas.\u00a0<\/span><\/p>\n<p><span style=\"font-weight: 400;\">Tambi\u00e9n puedes realizar <\/span><b>proyectos que les conecten<\/b><span style=\"font-weight: 400;\"> con la vida real m\u00e1s all\u00e1 de las pantallas, como la creaci\u00f3n de un huerto.\u00a0<\/span><\/p>\n<p><span style=\"font-weight: 400;\">Pero la mejor forma de <\/span><b>conectar con el mundo <\/b><span style=\"font-weight: 400;\">sin la necesidad de un tel\u00e9fono siempre ser\u00e1n los libros, una forma \u00fanica de descubrir todas las aventuras y las emociones que el mundo tiene para ofrecernos.\u00a0<\/span><span style=\"font-weight: 400;\">Por eso, te queremos ofrecer libros que fomenten la <\/span><b>curiosidad y emoci\u00f3n infantil<\/b><span style=\"font-weight: 400;\"> y la conserven para todo su desarrollo.<\/span><\/p>\n<h3><span style=\"color: #ffa341;\"><b>Programa de educaci\u00f3n emocional\u00a0\u00a0<\/b><\/span><\/h3>\n<p><span style=\"text-decoration: underline;\"><a href=\"https:\/\/www.vocaeditorial.com\/be-happy\/\" target=\"_blank\" rel=\"noopener\"><b>Be Happy<\/b><\/a><\/span> <span style=\"font-weight: 400;\">es un programa de <\/span><b>educaci\u00f3n emocional para Primaria<\/b><span style=\"font-weight: 400;\"> con el que los ni\u00f1os\u00a0<\/span><\/p>\n<ul>\n<li style=\"font-weight: 400;\" aria-level=\"1\"><span style=\"font-weight: 400;\">Se <\/span><b>conocer\u00e1n a s\u00ed mismos\u00a0<\/b><\/li>\n<li style=\"font-weight: 400;\" aria-level=\"1\"><b>Y al mundo<\/b><span style=\"font-weight: 400;\"> que les rodea\u00a0<\/span><\/li>\n<\/ul>\n<p><span style=\"font-weight: 400;\">Porque antes de empezar a relacionarse con los dem\u00e1s, es importante aprender a <\/span><b>hablar con el yo interior.<\/b><\/p>\n<p>&nbsp;<\/p>\n<p><span style=\"font-weight: 400;\">Echa un vistazo a todo lo que <\/span><b>Be Happy <\/b><span style=\"font-weight: 400;\">ofrece:\u00a0<\/span><\/p>\n<div style=\"position:relative;padding-top:max(60%,326px);height:0;width:100%\"><iframe allow=\"clipboard-write\" sandbox=\"allow-top-navigation allow-top-navigation-by-user-activation allow-downloads allow-scripts allow-same-origin allow-popups allow-modals allow-popups-to-escape-sandbox allow-forms\" allowfullscreen=\"true\" style=\"position:absolute;border:none;width:100%;height:100%;left:0;right:0;top:0;bottom:0;\" src=\"https:\/\/e.issuu.com\/embed.html?d=folleto_be_happy__p_ginas__943252468f3fa8&u=editorialacp\"><\/iframe><\/div>\n<p>&nbsp;<\/p>\n<h3><span style=\"color: #ffa341;\"><b>Cuentos infantiles<\/b><\/span><\/h3>\n<p><span style=\"font-weight: 400;\">La mayor <\/span><b>fuente de ilusi\u00f3n <\/b><span style=\"font-weight: 400;\">en la infancia siempre son los cuentos, por lo que <\/span><span style=\"text-decoration: underline;\"><a href=\"https:\/\/www.vocaeditorial.com\/colorin-colorado\/\" target=\"_blank\" rel=\"noopener\"><b>Color\u00edn Colorado<\/b><\/a><\/span><span style=\"font-weight: 400;\"> ofrece una gran variedad de historias llenas de magia, aventuras, tradici\u00f3n y amistad.\u00a0<\/span><\/p>\n<p><span style=\"font-weight: 400;\">Con ellos, los ni\u00f1os crecer\u00e1n rodeados de <\/span><b>fantas\u00eda y asombro<\/b><span style=\"font-weight: 400;\">:<\/span><\/p>\n<table>\n<tbody>\n<tr>\n<td><img loading=\"lazy\" decoding=\"async\" class=\"aligncenter wp-image-6483 size-medium_large\" src=\"https:\/\/www.vocaeditorial.com\/blog\/media\/cuentos-clasicos-como-nunca-1-345x385.jpg\" alt=\"cuentos-clasicos-1\" width=\"345\" height=\"385\" srcset=\"https:\/\/www.vocaeditorial.com\/blog\/media\/cuentos-clasicos-como-nunca-1-345x385.jpg 345w, https:\/\/www.vocaeditorial.com\/blog\/media\/cuentos-clasicos-como-nunca-1-590x658.jpg 590w, https:\/\/www.vocaeditorial.com\/blog\/media\/cuentos-clasicos-como-nunca-1-709x791.jpg 709w, https:\/\/www.vocaeditorial.com\/blog\/media\/cuentos-clasicos-como-nunca-1-284x317.jpg 284w, https:\/\/www.vocaeditorial.com\/blog\/media\/cuentos-clasicos-como-nunca-1.jpg 1000w\" sizes=\"auto, (max-width: 345px) 100vw, 345px\" \/><\/td>\n<td><img loading=\"lazy\" decoding=\"async\" class=\"aligncenter wp-image-6484 size-medium_large\" src=\"https:\/\/www.vocaeditorial.com\/blog\/media\/cuentos-clasicos-como-nunca-2-345x385.jpg\" alt=\"\" width=\"345\" height=\"385\" srcset=\"https:\/\/www.vocaeditorial.com\/blog\/media\/cuentos-clasicos-como-nunca-2-345x385.jpg 345w, https:\/\/www.vocaeditorial.com\/blog\/media\/cuentos-clasicos-como-nunca-2-590x658.jpg 590w, https:\/\/www.vocaeditorial.com\/blog\/media\/cuentos-clasicos-como-nunca-2-709x791.jpg 709w, https:\/\/www.vocaeditorial.com\/blog\/media\/cuentos-clasicos-como-nunca-2-284x317.jpg 284w, https:\/\/www.vocaeditorial.com\/blog\/media\/cuentos-clasicos-como-nunca-2.jpg 1000w\" sizes=\"auto, (max-width: 345px) 100vw, 345px\" \/><\/td>\n<td><img loading=\"lazy\" decoding=\"async\" class=\"aligncenter wp-image-7891 size-medium_large\" src=\"https:\/\/www.vocaeditorial.com\/blog\/media\/Cuentos-clasicos-III-272x385.jpg\" alt=\"\" width=\"272\" height=\"385\" srcset=\"https:\/\/www.vocaeditorial.com\/blog\/media\/Cuentos-clasicos-III-272x385.jpg 272w, https:\/\/www.vocaeditorial.com\/blog\/media\/Cuentos-clasicos-III-465x658.jpg 465w, https:\/\/www.vocaeditorial.com\/blog\/media\/Cuentos-clasicos-III-559x791.jpg 559w, https:\/\/www.vocaeditorial.com\/blog\/media\/Cuentos-clasicos-III-224x317.jpg 224w, https:\/\/www.vocaeditorial.com\/blog\/media\/Cuentos-clasicos-III.jpg 724w\" sizes=\"auto, (max-width: 272px) 100vw, 272px\" \/><\/td>\n<\/tr>\n<tr>\n<td><i><span style=\"font-weight: 400;\">1. <\/span><\/i><a href=\"https:\/\/www.vocaeditorial.com\/cuentosclasicos1\/\" target=\"_blank\" rel=\"noopener\"><i><span style=\"font-weight: 400;\">Cuentos cl\u00e1sicos como nunca I<\/span><\/i><\/a><\/td>\n<td><i><span style=\"font-weight: 400;\">2. <\/span><\/i><a href=\"https:\/\/www.vocaeditorial.com\/cuentosclasicos2\/\" target=\"_blank\" rel=\"noopener\"><i><span style=\"font-weight: 400;\">Cuentos cl\u00e1sicos como nunca II<\/span><\/i><\/a><\/td>\n<td><i><span style=\"font-weight: 400;\">3. <\/span><\/i><a href=\"https:\/\/www.vocaeditorial.com\/cuentosclasicos3\/\" target=\"_blank\" rel=\"noopener\"><i><span style=\"font-weight: 400;\">Cuentos cl\u00e1sicos como nunca III<\/span><\/i><\/a><\/td>\n<\/tr>\n<\/tbody>\n<\/table>\n<table>\n<tbody>\n<tr>\n<td><img loading=\"lazy\" decoding=\"async\" class=\"aligncenter wp-image-6609 size-min_large\" src=\"https:\/\/www.vocaeditorial.com\/blog\/media\/F\u00e1bulas_portada_cta-e1616574347380-337x317.jpg\" alt=\"\" width=\"337\" height=\"317\" srcset=\"https:\/\/www.vocaeditorial.com\/blog\/media\/F\u00e1bulas_portada_cta-e1616574347380-337x317.jpg 337w, https:\/\/www.vocaeditorial.com\/blog\/media\/F\u00e1bulas_portada_cta-e1616574347380-409x385.jpg 409w, https:\/\/www.vocaeditorial.com\/blog\/media\/F\u00e1bulas_portada_cta-e1616574347380.jpg 649w\" sizes=\"auto, (max-width: 337px) 100vw, 337px\" \/><\/td>\n<td><img loading=\"lazy\" decoding=\"async\" class=\"aligncenter wp-image-7655 size-min_large\" src=\"https:\/\/www.vocaeditorial.com\/blog\/media\/audiolibro-ESPANA-CASTELLANO-feiyr-317x317.jpg\" alt=\"\" width=\"317\" height=\"317\" srcset=\"https:\/\/www.vocaeditorial.com\/blog\/media\/audiolibro-ESPANA-CASTELLANO-feiyr-317x317.jpg 317w, https:\/\/www.vocaeditorial.com\/blog\/media\/audiolibro-ESPANA-CASTELLANO-feiyr-658x658.jpg 658w, https:\/\/www.vocaeditorial.com\/blog\/media\/audiolibro-ESPANA-CASTELLANO-feiyr-791x791.jpg 791w, https:\/\/www.vocaeditorial.com\/blog\/media\/audiolibro-ESPANA-CASTELLANO-feiyr-385x385.jpg 385w, https:\/\/www.vocaeditorial.com\/blog\/media\/audiolibro-ESPANA-CASTELLANO-feiyr-1536x1536.jpg 1536w, https:\/\/www.vocaeditorial.com\/blog\/media\/audiolibro-ESPANA-CASTELLANO-feiyr-2048x2048.jpg 2048w\" sizes=\"auto, (max-width: 317px) 100vw, 317px\" \/><\/td>\n<td><img loading=\"lazy\" decoding=\"async\" class=\"aligncenter wp-image-7654 size-min_large\" src=\"https:\/\/www.vocaeditorial.com\/blog\/media\/audiolibro-PERU-LATINO-feiyr-317x317.jpg\" alt=\"\" width=\"317\" height=\"317\" srcset=\"https:\/\/www.vocaeditorial.com\/blog\/media\/audiolibro-PERU-LATINO-feiyr-317x317.jpg 317w, https:\/\/www.vocaeditorial.com\/blog\/media\/audiolibro-PERU-LATINO-feiyr-658x658.jpg 658w, https:\/\/www.vocaeditorial.com\/blog\/media\/audiolibro-PERU-LATINO-feiyr-791x791.jpg 791w, https:\/\/www.vocaeditorial.com\/blog\/media\/audiolibro-PERU-LATINO-feiyr-385x385.jpg 385w, https:\/\/www.vocaeditorial.com\/blog\/media\/audiolibro-PERU-LATINO-feiyr-1536x1536.jpg 1536w, https:\/\/www.vocaeditorial.com\/blog\/media\/audiolibro-PERU-LATINO-feiyr-2048x2048.jpg 2048w\" sizes=\"auto, (max-width: 317px) 100vw, 317px\" \/><\/td>\n<\/tr>\n<tr>\n<td><a href=\"https:\/\/www.vocaeditorial.com\/fabulasdeesopo\/\" target=\"_blank\" rel=\"noopener\"><i><span style=\"font-weight: 400;\">F\u00e1bulas de Esopo como nunca<\/span><\/i><\/a><\/td>\n<td><a href=\"https:\/\/www.vocaeditorial.com\/cuentosespana\/\" target=\"_blank\" rel=\"noopener\"><i><span style=\"font-weight: 400;\">25 cuentos populares de Espa\u00f1a para descubrir su historia<\/span><\/i><\/a><\/td>\n<td><a href=\"https:\/\/www.vocaeditorial.com\/cuentosperu\/\" target=\"_blank\" rel=\"noopener\"><i><span style=\"font-weight: 400;\">25 cuentos populares de Per\u00fa para crecer juntos<\/span><\/i><\/a><\/td>\n<\/tr>\n<\/tbody>\n<\/table>\n<p><span style=\"font-weight: 400;\">En suma, <\/span><i><span style=\"font-weight: 400;\">Educar en el asombro<\/span><\/i><span style=\"font-weight: 400;\"> es un libro que defiende la<\/span><b> curiosidad infantil, el descubrimiento<\/b><span style=\"font-weight: 400;\"> por uno mismo y la conexi\u00f3n de los ni\u00f1os con la naturaleza, el arte y las experiencias fuera de las pantallas. <\/span><\/p>\n","protected":false},"excerpt":{"rendered":"<p>Catherine L&#8217;Ecuyer trabajar esta emoci\u00f3n que despierta la curiosidad, la creatividad y el aprendizaje en los ni\u00f1os, para educar en el asombro<\/p>\n","protected":false},"author":49,"featured_media":8211,"comment_status":"closed","ping_status":"closed","sticky":false,"template":"","format":"standard","meta":{"content-type":"","inline_featured_image":false,"_jetpack_memberships_contains_paid_content":false,"footnotes":""},"tags":[585,587,594,602,686],"class_list":["post-8285","post","type-post","status-publish","format-standard","has-post-thumbnail","hentry","category-educacion-en-valores","tag-aprendizaje-significativo","tag-creatividad","tag-learning-by-doing","tag-metodologias-activas","tag-metodos-de-aprendizaje"],"yoast_head":"<!-- This site is optimized with the Yoast SEO plugin v26.6 - https:\/\/yoast.com\/wordpress\/plugins\/seo\/ -->\n<title>Educar en el asombro: un libro sobre la ilusi\u00f3n &#8211; Voca Editorial<\/title>\n<meta name=\"description\" content=\"Catherine L&#039;Ecuyer trabajar esta emoci\u00f3n que despierta la curiosidad, la creatividad y el aprendizaje en los ni\u00f1os, para educar en el asombro\" \/>\n<meta name=\"robots\" content=\"index, follow, max-snippet:-1, max-image-preview:large, max-video-preview:-1\" \/>\n<link rel=\"canonical\" href=\"https:\/\/www.vocaeditorial.com\/blog\/educar-en-el-asombro\/\" \/>\n<meta property=\"og:locale\" content=\"es_ES\" \/>\n<meta property=\"og:type\" content=\"article\" \/>\n<meta property=\"og:title\" content=\"Educar en el asombro: un libro sobre la ilusi\u00f3n &#8211; Voca Editorial\" \/>\n<meta property=\"og:description\" content=\"Catherine L&#039;Ecuyer trabajar esta emoci\u00f3n que despierta la curiosidad, la creatividad y el aprendizaje en los ni\u00f1os, para educar en el asombro\" \/>\n<meta property=\"og:url\" content=\"https:\/\/www.vocaeditorial.com\/blog\/educar-en-el-asombro\/\" \/>\n<meta property=\"og:site_name\" content=\"Voca Editorial\" \/>\n<meta property=\"article:published_time\" content=\"2024-04-18T13:00:18+00:00\" \/>\n<meta property=\"og:image\" content=\"https:\/\/www.vocaeditorial.com\/blog\/media\/Educar-en-el-asombro-scaled.jpeg\" \/>\n\t<meta property=\"og:image:width\" content=\"2560\" \/>\n\t<meta property=\"og:image:height\" content=\"1689\" \/>\n\t<meta property=\"og:image:type\" content=\"image\/jpeg\" \/>\n<meta name=\"author\" content=\"VOCA Editorial\" \/>\n<meta name=\"twitter:card\" content=\"summary_large_image\" \/>\n<meta name=\"twitter:label1\" content=\"Escrito por\" \/>\n\t<meta name=\"twitter:data1\" content=\"VOCA Editorial\" \/>\n\t<meta name=\"twitter:label2\" content=\"Tiempo de lectura\" \/>\n\t<meta name=\"twitter:data2\" content=\"6 minutos\" \/>\n<script type=\"application\/ld+json\" class=\"yoast-schema-graph\">{\"@context\":\"https:\/\/schema.org\",\"@graph\":[{\"@type\":\"WebPage\",\"@id\":\"https:\/\/www.vocaeditorial.com\/blog\/educar-en-el-asombro\/\",\"url\":\"https:\/\/www.vocaeditorial.com\/blog\/educar-en-el-asombro\/\",\"name\":\"Educar en el asombro: un libro sobre la ilusi\u00f3n &#8211; Voca Editorial\",\"isPartOf\":{\"@id\":\"https:\/\/www.vocaeditorial.com\/blog\/#website\"},\"primaryImageOfPage\":{\"@id\":\"https:\/\/www.vocaeditorial.com\/blog\/educar-en-el-asombro\/#primaryimage\"},\"image\":{\"@id\":\"https:\/\/www.vocaeditorial.com\/blog\/educar-en-el-asombro\/#primaryimage\"},\"thumbnailUrl\":\"https:\/\/www.vocaeditorial.com\/blog\/media\/Educar-en-el-asombro-scaled.jpeg\",\"datePublished\":\"2024-04-18T13:00:18+00:00\",\"author\":{\"@id\":\"https:\/\/www.vocaeditorial.com\/blog\/#\/schema\/person\/72fba3d6c8a26fba0fee3107fda03438\"},\"description\":\"Catherine L'Ecuyer trabajar esta emoci\u00f3n que despierta la curiosidad, la creatividad y el aprendizaje en los ni\u00f1os, para educar en el asombro\",\"breadcrumb\":{\"@id\":\"https:\/\/www.vocaeditorial.com\/blog\/educar-en-el-asombro\/#breadcrumb\"},\"inLanguage\":\"es\",\"potentialAction\":[{\"@type\":\"ReadAction\",\"target\":[\"https:\/\/www.vocaeditorial.com\/blog\/educar-en-el-asombro\/\"]}]},{\"@type\":\"ImageObject\",\"inLanguage\":\"es\",\"@id\":\"https:\/\/www.vocaeditorial.com\/blog\/educar-en-el-asombro\/#primaryimage\",\"url\":\"https:\/\/www.vocaeditorial.com\/blog\/media\/Educar-en-el-asombro-scaled.jpeg\",\"contentUrl\":\"https:\/\/www.vocaeditorial.com\/blog\/media\/Educar-en-el-asombro-scaled.jpeg\",\"width\":2560,\"height\":1689,\"caption\":\"Educar en el asombro\"},{\"@type\":\"BreadcrumbList\",\"@id\":\"https:\/\/www.vocaeditorial.com\/blog\/educar-en-el-asombro\/#breadcrumb\",\"itemListElement\":[{\"@type\":\"ListItem\",\"position\":1,\"name\":\"Portada\",\"item\":\"https:\/\/www.vocaeditorial.com\/blog\/\"},{\"@type\":\"ListItem\",\"position\":2,\"name\":\"Educar en el asombro: un libro sobre la ilusi\u00f3n\"}]},{\"@type\":\"WebSite\",\"@id\":\"https:\/\/www.vocaeditorial.com\/blog\/#website\",\"url\":\"https:\/\/www.vocaeditorial.com\/blog\/\",\"name\":\"Voca Editorial\",\"description\":\"\",\"potentialAction\":[{\"@type\":\"SearchAction\",\"target\":{\"@type\":\"EntryPoint\",\"urlTemplate\":\"https:\/\/www.vocaeditorial.com\/blog\/?s={search_term_string}\"},\"query-input\":{\"@type\":\"PropertyValueSpecification\",\"valueRequired\":true,\"valueName\":\"search_term_string\"}}],\"inLanguage\":\"es\"},{\"@type\":\"Person\",\"@id\":\"https:\/\/www.vocaeditorial.com\/blog\/#\/schema\/person\/72fba3d6c8a26fba0fee3107fda03438\",\"name\":\"VOCA Editorial\",\"image\":{\"@type\":\"ImageObject\",\"inLanguage\":\"es\",\"@id\":\"https:\/\/www.vocaeditorial.com\/blog\/#\/schema\/person\/image\/\",\"url\":\"https:\/\/secure.gravatar.com\/avatar\/137e7a09ea636684fcf1595563ff145c113f07116d7a29acedf3e545ab378ca3?s=96&d=mm&r=g\",\"contentUrl\":\"https:\/\/secure.gravatar.com\/avatar\/137e7a09ea636684fcf1595563ff145c113f07116d7a29acedf3e545ab378ca3?s=96&d=mm&r=g\",\"caption\":\"VOCA Editorial\"},\"url\":\"https:\/\/www.vocaeditorial.com\/blog\/author\/voca-editorial\/\"}]}<\/script>\n<!-- \/ Yoast SEO plugin. -->","yoast_head_json":{"title":"Educar en el asombro: un libro sobre la ilusi\u00f3n &#8211; Voca Editorial","description":"Catherine L'Ecuyer trabajar esta emoci\u00f3n que despierta la curiosidad, la creatividad y el aprendizaje en los ni\u00f1os, para educar en el asombro","robots":{"index":"index","follow":"follow","max-snippet":"max-snippet:-1","max-image-preview":"max-image-preview:large","max-video-preview":"max-video-preview:-1"},"canonical":"https:\/\/www.vocaeditorial.com\/blog\/educar-en-el-asombro\/","og_locale":"es_ES","og_type":"article","og_title":"Educar en el asombro: un libro sobre la ilusi\u00f3n &#8211; Voca Editorial","og_description":"Catherine L'Ecuyer trabajar esta emoci\u00f3n que despierta la curiosidad, la creatividad y el aprendizaje en los ni\u00f1os, para educar en el asombro","og_url":"https:\/\/www.vocaeditorial.com\/blog\/educar-en-el-asombro\/","og_site_name":"Voca Editorial","article_published_time":"2024-04-18T13:00:18+00:00","og_image":[{"width":2560,"height":1689,"url":"https:\/\/www.vocaeditorial.com\/blog\/media\/Educar-en-el-asombro-scaled.jpeg","type":"image\/jpeg"}],"author":"VOCA Editorial","twitter_card":"summary_large_image","twitter_misc":{"Escrito por":"VOCA Editorial","Tiempo de lectura":"6 minutos"},"schema":{"@context":"https:\/\/schema.org","@graph":[{"@type":"WebPage","@id":"https:\/\/www.vocaeditorial.com\/blog\/educar-en-el-asombro\/","url":"https:\/\/www.vocaeditorial.com\/blog\/educar-en-el-asombro\/","name":"Educar en el asombro: un libro sobre la ilusi\u00f3n &#8211; Voca Editorial","isPartOf":{"@id":"https:\/\/www.vocaeditorial.com\/blog\/#website"},"primaryImageOfPage":{"@id":"https:\/\/www.vocaeditorial.com\/blog\/educar-en-el-asombro\/#primaryimage"},"image":{"@id":"https:\/\/www.vocaeditorial.com\/blog\/educar-en-el-asombro\/#primaryimage"},"thumbnailUrl":"https:\/\/www.vocaeditorial.com\/blog\/media\/Educar-en-el-asombro-scaled.jpeg","datePublished":"2024-04-18T13:00:18+00:00","author":{"@id":"https:\/\/www.vocaeditorial.com\/blog\/#\/schema\/person\/72fba3d6c8a26fba0fee3107fda03438"},"description":"Catherine L'Ecuyer trabajar esta emoci\u00f3n que despierta la curiosidad, la creatividad y el aprendizaje en los ni\u00f1os, para educar en el asombro","breadcrumb":{"@id":"https:\/\/www.vocaeditorial.com\/blog\/educar-en-el-asombro\/#breadcrumb"},"inLanguage":"es","potentialAction":[{"@type":"ReadAction","target":["https:\/\/www.vocaeditorial.com\/blog\/educar-en-el-asombro\/"]}]},{"@type":"ImageObject","inLanguage":"es","@id":"https:\/\/www.vocaeditorial.com\/blog\/educar-en-el-asombro\/#primaryimage","url":"https:\/\/www.vocaeditorial.com\/blog\/media\/Educar-en-el-asombro-scaled.jpeg","contentUrl":"https:\/\/www.vocaeditorial.com\/blog\/media\/Educar-en-el-asombro-scaled.jpeg","width":2560,"height":1689,"caption":"Educar en el asombro"},{"@type":"BreadcrumbList","@id":"https:\/\/www.vocaeditorial.com\/blog\/educar-en-el-asombro\/#breadcrumb","itemListElement":[{"@type":"ListItem","position":1,"name":"Portada","item":"https:\/\/www.vocaeditorial.com\/blog\/"},{"@type":"ListItem","position":2,"name":"Educar en el asombro: un libro sobre la ilusi\u00f3n"}]},{"@type":"WebSite","@id":"https:\/\/www.vocaeditorial.com\/blog\/#website","url":"https:\/\/www.vocaeditorial.com\/blog\/","name":"Voca Editorial","description":"","potentialAction":[{"@type":"SearchAction","target":{"@type":"EntryPoint","urlTemplate":"https:\/\/www.vocaeditorial.com\/blog\/?s={search_term_string}"},"query-input":{"@type":"PropertyValueSpecification","valueRequired":true,"valueName":"search_term_string"}}],"inLanguage":"es"},{"@type":"Person","@id":"https:\/\/www.vocaeditorial.com\/blog\/#\/schema\/person\/72fba3d6c8a26fba0fee3107fda03438","name":"VOCA Editorial","image":{"@type":"ImageObject","inLanguage":"es","@id":"https:\/\/www.vocaeditorial.com\/blog\/#\/schema\/person\/image\/","url":"https:\/\/secure.gravatar.com\/avatar\/137e7a09ea636684fcf1595563ff145c113f07116d7a29acedf3e545ab378ca3?s=96&d=mm&r=g","contentUrl":"https:\/\/secure.gravatar.com\/avatar\/137e7a09ea636684fcf1595563ff145c113f07116d7a29acedf3e545ab378ca3?s=96&d=mm&r=g","caption":"VOCA Editorial"},"url":"https:\/\/www.vocaeditorial.com\/blog\/author\/voca-editorial\/"}]}},"jetpack_featured_media_url":"https:\/\/www.vocaeditorial.com\/blog\/media\/Educar-en-el-asombro-scaled.jpeg","jetpack_sharing_enabled":true,"_links":{"self":[{"href":"https:\/\/www.vocaeditorial.com\/blog\/wp-json\/wp\/v2\/posts\/8285","targetHints":{"allow":["GET"]}}],"collection":[{"href":"https:\/\/www.vocaeditorial.com\/blog\/wp-json\/wp\/v2\/posts"}],"about":[{"href":"https:\/\/www.vocaeditorial.com\/blog\/wp-json\/wp\/v2\/types\/post"}],"author":[{"embeddable":true,"href":"https:\/\/www.vocaeditorial.com\/blog\/wp-json\/wp\/v2\/users\/49"}],"replies":[{"embeddable":true,"href":"https:\/\/www.vocaeditorial.com\/blog\/wp-json\/wp\/v2\/comments?post=8285"}],"version-history":[{"count":0,"href":"https:\/\/www.vocaeditorial.com\/blog\/wp-json\/wp\/v2\/posts\/8285\/revisions"}],"wp:featuredmedia":[{"embeddable":true,"href":"https:\/\/www.vocaeditorial.com\/blog\/wp-json\/wp\/v2\/media\/8211"}],"wp:attachment":[{"href":"https:\/\/www.vocaeditorial.com\/blog\/wp-json\/wp\/v2\/media?parent=8285"}],"wp:term":[{"taxonomy":"post_tag","embeddable":true,"href":"https:\/\/www.vocaeditorial.com\/blog\/wp-json\/wp\/v2\/tags?post=8285"}],"curies":[{"name":"wp","href":"https:\/\/api.w.org\/{rel}","templated":true}]}}