{"id":8222,"date":"2024-02-13T15:00:40","date_gmt":"2024-02-13T14:00:40","guid":{"rendered":"https:\/\/www.vocaeditorial.com\/blog\/?p=8222"},"modified":"2024-02-12T14:36:32","modified_gmt":"2024-02-12T13:36:32","slug":"como-educar-la-autoestima","status":"publish","type":"post","link":"https:\/\/www.vocaeditorial.com\/blog\/como-educar-la-autoestima\/","title":{"rendered":"C\u00f3mo educar la autoestima con historias"},"content":{"rendered":"<p><span style=\"font-weight: 400;\">Descubre <\/span><b>c\u00f3mo educar la autoestima<\/b><span style=\"font-weight: 400;\"> en tus alumnos para que se conviertan en personas llenas de confianza y seguridad, de la mano de historias inspiradoras que les ense\u00f1en a creer en s\u00ed mismos. <\/span><\/p>\n\n<p><span style=\"font-weight: 400;\">[CtaModule cta_item=\u00bb6733&#8243;]<\/span><\/p>\n<p>&nbsp;<\/p>\n<h2><span style=\"color: #ffa341;\"><b>C\u00f3mo educar la autoestima: \u00bfqu\u00e9 es?<\/b><\/span><\/h2>\n<p><span style=\"font-weight: 400;\">En primer lugar, la <\/span><span style=\"text-decoration: underline;\"><a href=\"https:\/\/psicologiaymente.com\/personalidad\/como-se-construye-autoestima\" target=\"_blank\" rel=\"noopener\"><b>autoestima<\/b><\/a><\/span><span style=\"font-weight: 400;\"> es un factor fundamental en el desarrollo de los alumnos, especialmente en la <\/span><b>infancia y la adolescencia<\/b><span style=\"font-weight: 400;\">. En consecuencia, esta puede marcar sus actitudes y comportamientos en el futuro.\u00a0<\/span><\/p>\n<blockquote><p><span style=\"font-weight: 400;\">La autoestima es la visi\u00f3n que tenemos de nosotros mismos\u00a0<\/span><\/p><\/blockquote>\n<p>&nbsp;<\/p>\n<p><span style=\"font-weight: 400;\">Pero \u00bfde<\/span><b> d\u00f3nde proviene<\/b><span style=\"font-weight: 400;\"> la autoestima? Podemos reconocer, principalmente, dos fuentes:<\/span><\/p>\n<ol>\n<li style=\"font-weight: 400;\" aria-level=\"1\"><b>Relaci\u00f3n con el entorno<\/b><span style=\"font-weight: 400;\"> \u2192 c\u00f3mo se sienten en su entorno, si son valorados y respetados puede afectar mucho a la visi\u00f3n de s\u00ed mismo.<\/span><\/li>\n<li style=\"font-weight: 400;\" aria-level=\"1\"><b>Vivencias pasadas<\/b><span style=\"font-weight: 400;\"> \u2192 pero la autoestima se forma, esencialmente, en la infancia.\u00a0<\/span><\/li>\n<\/ol>\n<p>&nbsp;<\/p>\n<p><span style=\"font-weight: 400;\">Es decir, la forma en la que se trata a los ni\u00f1os en la infancia tiene repercusiones en la vida adulta y en c\u00f3mo afrontar\u00e1n sus situaciones. Aquellos que<\/span><b> reciban mensajes que fomenten la seguridad y confianza<\/b><span style=\"font-weight: 400;\">, tendr\u00e1n una autoestima mayor en el futuro.\u00a0<\/span><\/p>\n<p><span style=\"font-weight: 400;\">En resumen, la autoestima se forma en las <\/span><b>primeras etapas de la vida<\/b><span style=\"font-weight: 400;\"> y esta juega un papel fundamental en las actitudes posteriores de la persona. <\/span><\/p>\n<p>&nbsp;<\/p>\n<h2><span style=\"color: #ffa341;\"><b>C\u00f3mo educar la autoestima en los alumnos con historias<\/b><\/span><\/h2>\n<p><span style=\"font-weight: 400;\">Ahora bien, existen diferentes materiales que se pueden utilizar para <\/span><b>fomentar la autoestima <\/b><span style=\"font-weight: 400;\">de los ni\u00f1os, como por ejemplo, las historias.\u00a0<\/span><\/p>\n<p><span style=\"font-weight: 400;\">Con ellas, se sentir\u00e1n<\/span><b> identificados con personajes<\/b><span style=\"font-weight: 400;\"> que son capaces de lograr sus retos y aprender\u00e1n a afrontar las adversidades con confianza y valor. Y, por si fuera poco, podemos encontrar historias en muy distintos formatos. Veamos algunas pel\u00edculas y libros para lograrlo.<\/span><\/p>\n<h3><span style=\"color: #ffa341;\"><b>Pel\u00edculas para educar la autoestima<\/b><\/span><\/h3>\n<p>&nbsp;<\/p>\n<p><span style=\"color: #ffa341;\"><b>\ud83d\udc09 C\u00f3mo<i> entrenar a tu drag\u00f3n<\/i><\/b><\/span><\/p>\n<p><span style=\"font-weight: 400;\">Hipo es el hijo del jefe vikingo, pero <\/span><b>no encaja con los est\u00e1ndares<\/b><span style=\"font-weight: 400;\">. En la pel\u00edcula, se embarca en una investigaci\u00f3n que le permitir\u00e1 descubrir que es mucho m\u00e1s valiente de lo que imaginaba. <\/span><\/p>\n<p><span style=\"color: #ffa341;\"><b>\ud83e\ude70 Ballerina<\/b><\/span><\/p>\n<p><span style=\"font-weight: 400;\">En este caso, Felicia es una ni\u00f1a hu\u00e9rfana que <\/span><b>sue\u00f1a con ser bailarina<\/b><span style=\"font-weight: 400;\">, por lo que se escapr\u00e1 a Par\u00eds a luchar por su sue\u00f1o. <\/span><\/p>\n<p><span style=\"color: #ffa341;\"><b>\ud83d\udcd6 Matilda<\/b><\/span><\/p>\n<p><span style=\"font-weight: 400;\">En efecto, esta historia m\u00edtica, cuenta las aventuras de una ni\u00f1a con una mente brillante que <\/span><b>encuentra su hogar entre libros<\/b><span style=\"font-weight: 400;\">. <\/span><\/p>\n<p><span style=\"color: #ffa341;\"><b>\ud83d\udc3c Kung<i> Fu Panda<\/i><\/b><\/span><\/p>\n<p><span style=\"font-weight: 400;\">Tambi\u00e9n Po sue\u00f1a, en su caso, con triunfar en las artes marciales. Adem\u00e1s, <\/span><b>una profec\u00eda le convertir\u00e1<\/b><span style=\"font-weight: 400;\"> en la \u00fanica opci\u00f3n para salvarlos a todos. <\/span><\/p>\n<p><span style=\"color: #ffa341;\"><b>\ud83d\uded5 Tadeo<i> Jones\u00a0<\/i><\/b><\/span><\/p>\n<p><span style=\"font-weight: 400;\">Una historia sobre el <\/span><b>valor y el poder de luchar por su vocaci\u00f3n<\/b><span style=\"font-weight: 400;\">. As\u00ed, Tadeo Jones se ver\u00e1 involucrado en una gran aventura en Egipto. <\/span><\/p>\n<p><span style=\"color: #ffa341;\"><b>\ud83e\udd4b K\u00e1rate<i> kid<\/i><\/b><\/span><\/p>\n<p><span style=\"font-weight: 400;\">Por otra parte, Dre se muda a China por el trabajo de su madre, donde conocer\u00e1 al se\u00f1or Han. \u00c9l le dar\u00e1 lecciones de gran valor y aprender\u00e1 a <\/span><b>enfrentarse a su nueva realidad<\/b><span style=\"font-weight: 400;\">. <\/span><\/p>\n<p><span style=\"color: #ffa341;\"><b>\ud83d\udd7a Billy<i> Elliot\u00a0<\/i><\/b><\/span><\/p>\n<p><span style=\"font-weight: 400;\">En contra de los deseos de su padre, Billy <\/span><b>se enamora del ballet<\/b><span style=\"font-weight: 400;\"> y hace todo lo posible por seguir bailando a sus espaldas.<\/span><\/p>\n<p>&nbsp;<\/p>\n<h3><span style=\"color: #ffa341;\"><b>Libros y cuentos\u00a0<\/b><\/span><\/h3>\n<p>&nbsp;<\/p>\n<p><span style=\"color: #ffa341;\"><b>\ud83d\udcd2 La<i> historia interminable<\/i><\/b><b>, Michael Ende\u00a0<\/b><\/span><\/p>\n<p><span style=\"font-weight: 400;\">Un <\/span><span style=\"text-decoration: underline;\"><a href=\"https:\/\/www.amazon.es\/Historia-Interminable-Alfaguara-Cl%C3%A1sicos\/dp\/8420471542\/ref=sr_1_1?__mk_es_ES=%C3%85M%C3%85%C5%BD%C3%95%C3%91&amp;crid=3OBLYR840ZYPO&amp;keywords=la+historia+interminable&amp;qid=1707697031&amp;sprefix=la+historia+interminable%2Caps%2C131&amp;sr=8-1\" target=\"_blank\" rel=\"noopener\"><b>ni\u00f1o solitario<\/b><\/a><\/span><span style=\"font-weight: 400;\"> descubre <\/span><b>un libro que parece hablarle <\/b><span style=\"font-weight: 400;\">directamente a \u00e9l y solicita su ayuda para que les ayude contra una gran amenaza.\u00a0<\/span><\/p>\n<p><span style=\"color: #ffa341;\"><b>\ud83d\udc69\ud83c\udffd\u200d\ud83d\ude80 La<i> lecci\u00f3n de August,<\/i><\/b><b> R. J. Palacio<\/b><\/span><\/p>\n<p><span style=\"font-weight: 400;\">Cuando August comienza el colegio muchos ni\u00f1os <\/span><b>se burlan de su aspecto<\/b><span style=\"font-weight: 400;\">. Sin embargo, todos iniciar\u00e1n un <\/span><a href=\"https:\/\/www.amazon.es\/Wonder-lecci%C3%B3n-August-NUBE-TINTA\/dp\/841559402X\/ref=sr_1_1?crid=8XFIKENDS8QS&amp;keywords=la+leccion+de+august&amp;qid=1707697010&amp;sprefix=la+leccion+de+%2Caps%2C142&amp;sr=8-1\" target=\"_blank\" rel=\"noopener\"><b><span style=\"text-decoration: underline;\">proceso de aprendizaje<\/span><\/b><\/a><span style=\"font-weight: 400;\"> en el que su visi\u00f3n del mundo cambiar\u00e1 por completo.\u00a0<\/span><\/p>\n<p><span style=\"color: #ffa341;\"><b>\ud83e\udd29 De<i> mayor quiero ser\u2026 feliz, <\/i><\/b><b>Anna Morat\u00f3 Garc\u00eda\u00a0\u00a0<\/b><\/span><\/p>\n<p><span style=\"font-weight: 400;\">Esta colecci\u00f3n de cuentos contiene diferentes historias para <\/span><b>potenciar el optimismo y la <\/b><span style=\"text-decoration: underline;\"><a href=\"https:\/\/www.amazon.es\/mayor-quiero-ser-feliz-positividad\/dp\/8448850610?&amp;linkCode=sl1&amp;tag=bookk-21&amp;linkId=1e45c7a2bfa3866c3e62fd0abc2b2d26&amp;language=es_ES&amp;ref_=as_li_ss_tl\" target=\"_blank\" rel=\"noopener\"><b>autoestima de los ni\u00f1os<\/b><\/a><\/span><span style=\"font-weight: 400;\">.\u00a0<\/span><\/p>\n<p><span style=\"color: #ffa341;\"><b>\ud83e\udde0 Yo<i> pienso, yo soy<\/i><\/b><b>, Louise L. Hay<\/b><\/span><\/p>\n<p><span style=\"font-weight: 400;\">El pensamiento tiene un gran poder sobre nuestra visi\u00f3n de nosotros mismos. As\u00ed, este libro trata de mostrar a los m\u00e1s peque\u00f1os<\/span> <span style=\"text-decoration: underline;\"><a href=\"https:\/\/www.amazon.es\/Yo-pienso-soy-Louise-Hay\/dp\/8416082995\/ref=as_li_ss_tl?ie=UTF8&amp;qid=1502660488&amp;sr=8-7&amp;keywords=Louise+hay&amp;linkCode=sl1&amp;tag=natuytera-21&amp;linkId=11e5e39424153aeabb3f33bb0741bc60\" target=\"_blank\" rel=\"noopener\"><b>formas positivas de hablarse<\/b><\/a><\/span><span style=\"font-weight: 400;\">.\u00a0<\/span><\/p>\n<p><span style=\"color: #ffa341;\"><b>\ud83e\udd8b Orejas<i> de mariposa<\/i><\/b><b>, Luisa Aguilar y Andr\u00e9 Neves<\/b><\/span><\/p>\n<p><span style=\"font-weight: 400;\">En este caso, las <\/span><b>diferencias no tienen por qu\u00e9 ser negativas<\/b><span style=\"font-weight: 400;\">, este es el mensaje que pretende transmitir este <\/span><span style=\"text-decoration: underline;\"><a href=\"https:\/\/www.amazon.es\/Orejas-mariposa-libros-para-so%C3%B1ar\/dp\/8496388727\/ref=as_li_ss_tl?s=books&amp;ie=UTF8&amp;qid=1474270603&amp;sr=1-1&amp;keywords=orejas+de+mariposa&amp;linkCode=sl1&amp;tag=clubpequlect-21&amp;linkId=8035fda58573ccfeca00ec83027aa58b\" target=\"_blank\" rel=\"noopener\"><b>cuento<\/b><\/a><\/span><span style=\"font-weight: 400;\">, que muestra la importancia de aceptarlas y reinvindicarlas.<\/span><\/p>\n<p><span style=\"color: #ffa341;\"><b>\ud83c\udf80 Guapa<\/b><b>, Harold Jim\u00e9nez Canizales<\/b><\/span><\/p>\n<p><span style=\"font-weight: 400;\">Una bruja se dirige a una cita, pero durante el camino se encuentra con amigos que le <\/span><b>aconsejan c\u00f3mo estar <\/b><span style=\"text-decoration: underline;\"><a href=\"http:\/\/amzn.to\/2mIgSw3\" target=\"_blank\" rel=\"noopener\"><b>m\u00e1s guapa<\/b><\/a><\/span><span style=\"font-weight: 400;\">. Cuando llega, est\u00e1 tan cambiada que el ogro no la reconoce, y se va. <\/span><\/p>\n<p><span style=\"color: #ffa341;\"><b>\ud83e\udd86<i> El patito feo\u00a0<\/i><\/b><\/span><\/p>\n<p><span style=\"font-weight: 400;\">En efecto, este es el <\/span><span style=\"text-decoration: underline;\"><a href=\"https:\/\/www.vocaeditorial.com\/blog\/cuento-el-patito-feo\/\" target=\"_blank\" rel=\"noopener\"><b>cuento cl\u00e1sico<\/b><\/a><\/span><span style=\"font-weight: 400;\"> que muestra la importancia de <\/span><b>conocerse a uno mismo <\/b><span style=\"font-weight: 400;\">y encontrar tu lugar en el mundo, haciendo de aquello de lo que la gente se r\u00ede tu mayor atributo.<\/span><\/p>\n<p><span style=\"color: #ffa341;\"><b>\ud83c\udf39 La<i> bella y la bestia\u00a0<\/i><\/b><\/span><\/p>\n<p><span style=\"font-weight: 400;\">La <\/span><span style=\"text-decoration: underline;\"><a href=\"https:\/\/www.vocaeditorial.com\/blog\/cuento-la-bella-y-la-bestia\/\" target=\"_blank\" rel=\"noopener\"><b>belleza no es solo algo exterior<\/b><\/a><\/span><span style=\"font-weight: 400;\">, sino que se encuentra en el<\/span><b> interior de las personas y sus acciones<\/b><span style=\"font-weight: 400;\">.<\/span><\/p>\n<p>&nbsp;<\/p>\n<p><span style=\"font-weight: 400;\">[CtaModule cta_item=\u00bb6208&#8243;]<\/span><\/p>\n<h2><span style=\"color: #ffa341;\"><b>C\u00f3mo educar la autoestima: educaci\u00f3n emocional<\/b><\/span><\/h2>\n<p><span style=\"font-weight: 400;\">Asimismo, las <\/span><b>actividades de educaci\u00f3n emociona<\/b><span style=\"font-weight: 400;\">l tambi\u00e9n pueden ser muy \u00fatiles a la hora de saber c\u00f3mo educar la autoestima.\u00a0<\/span><\/p>\n<h3><span style=\"color: #ffa341;\"><b>\u00bfC\u00f3mo te hablas a ti mismo?\u00a0<\/b><\/span><\/h3>\n<p><span style=\"font-weight: 400;\">Primero, pide a los ni\u00f1os que reflexionen sobre c\u00f3mo se hablan a s\u00ed mismos en su cabeza y si podr\u00edan <\/span><b>mejorarla de alguna manera<\/b><span style=\"font-weight: 400;\">.\u00a0<\/span><\/p>\n<ul>\n<li style=\"font-weight: 400;\" aria-level=\"2\"><span style=\"font-weight: 400;\">Explicarles el <\/span><b>poder de los pensamientos<\/b><span style=\"font-weight: 400;\"> de uno mismo\u00a0<\/span><\/li>\n<li style=\"font-weight: 400;\" aria-level=\"2\"><span style=\"font-weight: 400;\">Dar pautas sobre c\u00f3mo<\/span><b> enfocarlos hacia el optimismo<\/b><\/li>\n<\/ul>\n<p>&nbsp;<\/p>\n<h3><span style=\"color: #ffa341;\"><b>Las comparaciones son odiosas<\/b><\/span><\/h3>\n<p><span style=\"font-weight: 400;\">En segundo lugar, como bien dice esta conocida frase, las comparaciones son las peores enemigas para la autoestima. Por ello, es importante explicarles que las diferencias no suponen que alguien <\/span><b>sea mejor que el otro<\/b><span style=\"font-weight: 400;\">.\u00a0<\/span><\/p>\n<h3><span style=\"color: #ffa341;\"><b>\u00bfQu\u00e9 me hace diferente y especial?<\/b><\/span><\/h3>\n<p><span style=\"font-weight: 400;\">Tercero, al hilo de las comparaciones, puedes pedirles que hagan una <\/span><b>lista de:\u00a0<\/b><\/p>\n<ul>\n<li style=\"font-weight: 400;\" aria-level=\"1\"><b>cualidades<\/b><\/li>\n<li style=\"font-weight: 400;\" aria-level=\"1\"><b>habilidades<\/b><\/li>\n<li style=\"font-weight: 400;\" aria-level=\"1\"><b>caracter\u00edsticas<\/b><span style=\"font-weight: 400;\">\u00a0<\/span><\/li>\n<\/ul>\n<p><span style=\"font-weight: 400;\">que los diferencien de los dem\u00e1s. Aprender a aceptar esas diferencias es un paso muy grande para<\/span><b> verlas como una riqueza<\/b><span style=\"font-weight: 400;\"> en vez de como un problema.\u00a0\u00a0<\/span><\/p>\n<h3><span style=\"color: #ffa341;\"><b>Frase del d\u00eda<\/b><\/span><\/h3>\n<p><span style=\"font-weight: 400;\">Tambi\u00e9n es posible incorporar un espacio dedicado a la frase del d\u00eda, para motivarlos y hacerles<\/span><b> plantear el d\u00eda con energ\u00eda y positividad<\/b><span style=\"font-weight: 400;\">. Luego, ellos pueden reflexionar sobre lo que creen que significa.\u00a0<\/span><\/p>\n<h3><span style=\"color: #ffa341;\"><b>Gafas positivas<\/b><\/span><\/h3>\n<p><span style=\"font-weight: 400;\">Cuatro: estas gafas son un invento m\u00e1gico que, cuando se las pongan, <\/span><b>solo pueden ver las cosas positivas<\/b><span style=\"font-weight: 400;\"> de su alrededor. Se puede utilizar como recurso cuando un ni\u00f1o est\u00e1 teniendo un mal d\u00eda.\u00a0<\/span><\/p>\n<h3><span style=\"color: #ffa341;\"><b>Querido yo<\/b><\/span><\/h3>\n<p><span style=\"font-weight: 400;\">Por \u00faltimo, <\/span><b>escribirse una carta<\/b><span style=\"font-weight: 400;\"> a uno mismo puede ser muy enriquecedor y ayudarles a conectar con su mundo interior.<\/span><\/p>\n<h3><span style=\"color: #ffa341;\"><b>Programa de educaci\u00f3n emocional\u00a0<\/b><\/span><\/h3>\n<p><span style=\"font-weight: 400;\">Pero si quieres un programa que recoja todas estas actividades y herramientas, entonces necesitas conocer <\/span><span style=\"text-decoration: underline;\"><a href=\"https:\/\/www.vocaeditorial.com\/be-happy\/\" target=\"_blank\" rel=\"noopener\"><b>Be Happy<\/b><\/a><\/span><span style=\"font-weight: 400;\">. Un programa de educaci\u00f3n emocional para primaria con un <\/span><b>libro para cada curso<\/b><span style=\"font-weight: 400;\">, para acompa\u00f1ar a los alumnos por cada fase.\u00a0<\/span><\/p>\n<ul>\n<li><b>10 competencias emocionales<\/b><\/li>\n<li><b>8 herramientas\u00a0<\/b><\/li>\n<li><b>2 recursos extras<\/b><\/li>\n<li><b><\/b><b>3 dimensiones<\/b><span style=\"font-weight: 400;\">: cabeza, mano, coraz\u00f3n<\/span><\/li>\n<\/ul>\n<p>&nbsp;<\/p>\n<div style=\"position:relative;padding-top:max(60%,326px);height:0;width:100%\"><iframe allow=\"clipboard-write\" sandbox=\"allow-top-navigation allow-top-navigation-by-user-activation allow-downloads allow-scripts allow-same-origin allow-popups allow-modals allow-popups-to-escape-sandbox allow-forms\" allowfullscreen=\"true\" style=\"position:absolute;border:none;width:100%;height:100%;left:0;right:0;top:0;bottom:0;\" src=\"https:\/\/e.issuu.com\/embed.html?d=unidad_l4_para_onepage&u=editorialacp\"><\/iframe><\/div>\n<p>&nbsp;<\/p>\n<p><span style=\"font-weight: 400;\">\u00a1No te quedes sin el tuyo! Con \u00e9l, tus alumnos crecer\u00e1n <\/span><b>rodeados de energ\u00eda, confianza y\u2026 \u00a1autoestima!<\/b><\/p>\n<p>&nbsp;<\/p>\n<p><span style=\"font-weight: 400;\">En suma, si quieres saber c\u00f3mo educar la autoestima de tus alumnos, las historias son una<\/span><b> herramienta con mucha fuerza y conexi\u00f3n <\/b><span style=\"font-weight: 400;\">que les animar\u00e1 a creer en ellos mismos.\u00a0<\/span><\/p>\n","protected":false},"excerpt":{"rendered":"<p>La forma en la que se trata a los ni\u00f1os en la infancia tiene repercusiones en la vida adulta y en c\u00f3mo afrontar\u00e1n sus situaciones.<\/p>\n","protected":false},"author":49,"featured_media":8205,"comment_status":"closed","ping_status":"closed","sticky":false,"template":"","format":"standard","meta":{"content-type":"","inline_featured_image":false,"_jetpack_memberships_contains_paid_content":false,"footnotes":""},"tags":[588,597,600,687],"class_list":["post-8222","post","type-post","status-publish","format-standard","has-post-thumbnail","hentry","category-educacion-emocional","tag-educacion-emocional","tag-storytelling","tag-emociones","tag-autoestima"],"yoast_head":"<!-- This site is optimized with the Yoast SEO plugin v26.6 - https:\/\/yoast.com\/wordpress\/plugins\/seo\/ -->\n<title>C\u00f3mo educar la autoestima con historias &#8211; Voca Editorial<\/title>\n<meta name=\"description\" content=\"La forma en la que se trata a los ni\u00f1os en la infancia tiene repercusiones en la vida adulta y en c\u00f3mo educar la autoestima para toda la vida\" \/>\n<meta name=\"robots\" content=\"index, follow, max-snippet:-1, max-image-preview:large, max-video-preview:-1\" \/>\n<link rel=\"canonical\" href=\"https:\/\/www.vocaeditorial.com\/blog\/como-educar-la-autoestima\/\" \/>\n<meta property=\"og:locale\" content=\"es_ES\" \/>\n<meta property=\"og:type\" content=\"article\" \/>\n<meta property=\"og:title\" content=\"C\u00f3mo educar la autoestima con historias &#8211; Voca Editorial\" \/>\n<meta property=\"og:description\" content=\"La forma en la que se trata a los ni\u00f1os en la infancia tiene repercusiones en la vida adulta y en c\u00f3mo educar la autoestima para toda la vida\" \/>\n<meta property=\"og:url\" content=\"https:\/\/www.vocaeditorial.com\/blog\/como-educar-la-autoestima\/\" \/>\n<meta property=\"og:site_name\" content=\"Voca Editorial\" \/>\n<meta property=\"article:published_time\" content=\"2024-02-13T14:00:40+00:00\" \/>\n<meta property=\"og:image\" content=\"https:\/\/www.vocaeditorial.com\/blog\/media\/Como-educar-la-autoestima-scaled.jpeg\" \/>\n\t<meta property=\"og:image:width\" content=\"2560\" \/>\n\t<meta property=\"og:image:height\" content=\"1707\" \/>\n\t<meta property=\"og:image:type\" content=\"image\/jpeg\" \/>\n<meta name=\"author\" content=\"VOCA Editorial\" \/>\n<meta name=\"twitter:card\" content=\"summary_large_image\" \/>\n<meta name=\"twitter:label1\" content=\"Escrito por\" \/>\n\t<meta name=\"twitter:data1\" content=\"VOCA Editorial\" \/>\n\t<meta name=\"twitter:label2\" content=\"Tiempo de lectura\" \/>\n\t<meta name=\"twitter:data2\" content=\"6 minutos\" \/>\n<script type=\"application\/ld+json\" class=\"yoast-schema-graph\">{\"@context\":\"https:\/\/schema.org\",\"@graph\":[{\"@type\":\"WebPage\",\"@id\":\"https:\/\/www.vocaeditorial.com\/blog\/como-educar-la-autoestima\/\",\"url\":\"https:\/\/www.vocaeditorial.com\/blog\/como-educar-la-autoestima\/\",\"name\":\"C\u00f3mo educar la autoestima con historias &#8211; Voca Editorial\",\"isPartOf\":{\"@id\":\"https:\/\/www.vocaeditorial.com\/blog\/#website\"},\"primaryImageOfPage\":{\"@id\":\"https:\/\/www.vocaeditorial.com\/blog\/como-educar-la-autoestima\/#primaryimage\"},\"image\":{\"@id\":\"https:\/\/www.vocaeditorial.com\/blog\/como-educar-la-autoestima\/#primaryimage\"},\"thumbnailUrl\":\"https:\/\/www.vocaeditorial.com\/blog\/media\/Como-educar-la-autoestima-scaled.jpeg\",\"datePublished\":\"2024-02-13T14:00:40+00:00\",\"author\":{\"@id\":\"https:\/\/www.vocaeditorial.com\/blog\/#\/schema\/person\/72fba3d6c8a26fba0fee3107fda03438\"},\"description\":\"La forma en la que se trata a los ni\u00f1os en la infancia tiene repercusiones en la vida adulta y en c\u00f3mo educar la autoestima para toda la vida\",\"breadcrumb\":{\"@id\":\"https:\/\/www.vocaeditorial.com\/blog\/como-educar-la-autoestima\/#breadcrumb\"},\"inLanguage\":\"es\",\"potentialAction\":[{\"@type\":\"ReadAction\",\"target\":[\"https:\/\/www.vocaeditorial.com\/blog\/como-educar-la-autoestima\/\"]}]},{\"@type\":\"ImageObject\",\"inLanguage\":\"es\",\"@id\":\"https:\/\/www.vocaeditorial.com\/blog\/como-educar-la-autoestima\/#primaryimage\",\"url\":\"https:\/\/www.vocaeditorial.com\/blog\/media\/Como-educar-la-autoestima-scaled.jpeg\",\"contentUrl\":\"https:\/\/www.vocaeditorial.com\/blog\/media\/Como-educar-la-autoestima-scaled.jpeg\",\"width\":2560,\"height\":1707,\"caption\":\"C\u00f3mo educar la autoestima\"},{\"@type\":\"BreadcrumbList\",\"@id\":\"https:\/\/www.vocaeditorial.com\/blog\/como-educar-la-autoestima\/#breadcrumb\",\"itemListElement\":[{\"@type\":\"ListItem\",\"position\":1,\"name\":\"Portada\",\"item\":\"https:\/\/www.vocaeditorial.com\/blog\/\"},{\"@type\":\"ListItem\",\"position\":2,\"name\":\"C\u00f3mo educar la autoestima con historias\"}]},{\"@type\":\"WebSite\",\"@id\":\"https:\/\/www.vocaeditorial.com\/blog\/#website\",\"url\":\"https:\/\/www.vocaeditorial.com\/blog\/\",\"name\":\"Voca Editorial\",\"description\":\"\",\"potentialAction\":[{\"@type\":\"SearchAction\",\"target\":{\"@type\":\"EntryPoint\",\"urlTemplate\":\"https:\/\/www.vocaeditorial.com\/blog\/?s={search_term_string}\"},\"query-input\":{\"@type\":\"PropertyValueSpecification\",\"valueRequired\":true,\"valueName\":\"search_term_string\"}}],\"inLanguage\":\"es\"},{\"@type\":\"Person\",\"@id\":\"https:\/\/www.vocaeditorial.com\/blog\/#\/schema\/person\/72fba3d6c8a26fba0fee3107fda03438\",\"name\":\"VOCA Editorial\",\"image\":{\"@type\":\"ImageObject\",\"inLanguage\":\"es\",\"@id\":\"https:\/\/www.vocaeditorial.com\/blog\/#\/schema\/person\/image\/\",\"url\":\"https:\/\/secure.gravatar.com\/avatar\/137e7a09ea636684fcf1595563ff145c113f07116d7a29acedf3e545ab378ca3?s=96&d=mm&r=g\",\"contentUrl\":\"https:\/\/secure.gravatar.com\/avatar\/137e7a09ea636684fcf1595563ff145c113f07116d7a29acedf3e545ab378ca3?s=96&d=mm&r=g\",\"caption\":\"VOCA Editorial\"},\"url\":\"https:\/\/www.vocaeditorial.com\/blog\/author\/voca-editorial\/\"}]}<\/script>\n<!-- \/ Yoast SEO plugin. -->","yoast_head_json":{"title":"C\u00f3mo educar la autoestima con historias &#8211; Voca Editorial","description":"La forma en la que se trata a los ni\u00f1os en la infancia tiene repercusiones en la vida adulta y en c\u00f3mo educar la autoestima para toda la vida","robots":{"index":"index","follow":"follow","max-snippet":"max-snippet:-1","max-image-preview":"max-image-preview:large","max-video-preview":"max-video-preview:-1"},"canonical":"https:\/\/www.vocaeditorial.com\/blog\/como-educar-la-autoestima\/","og_locale":"es_ES","og_type":"article","og_title":"C\u00f3mo educar la autoestima con historias &#8211; Voca Editorial","og_description":"La forma en la que se trata a los ni\u00f1os en la infancia tiene repercusiones en la vida adulta y en c\u00f3mo educar la autoestima para toda la vida","og_url":"https:\/\/www.vocaeditorial.com\/blog\/como-educar-la-autoestima\/","og_site_name":"Voca Editorial","article_published_time":"2024-02-13T14:00:40+00:00","og_image":[{"width":2560,"height":1707,"url":"https:\/\/www.vocaeditorial.com\/blog\/media\/Como-educar-la-autoestima-scaled.jpeg","type":"image\/jpeg"}],"author":"VOCA Editorial","twitter_card":"summary_large_image","twitter_misc":{"Escrito por":"VOCA Editorial","Tiempo de lectura":"6 minutos"},"schema":{"@context":"https:\/\/schema.org","@graph":[{"@type":"WebPage","@id":"https:\/\/www.vocaeditorial.com\/blog\/como-educar-la-autoestima\/","url":"https:\/\/www.vocaeditorial.com\/blog\/como-educar-la-autoestima\/","name":"C\u00f3mo educar la autoestima con historias &#8211; Voca Editorial","isPartOf":{"@id":"https:\/\/www.vocaeditorial.com\/blog\/#website"},"primaryImageOfPage":{"@id":"https:\/\/www.vocaeditorial.com\/blog\/como-educar-la-autoestima\/#primaryimage"},"image":{"@id":"https:\/\/www.vocaeditorial.com\/blog\/como-educar-la-autoestima\/#primaryimage"},"thumbnailUrl":"https:\/\/www.vocaeditorial.com\/blog\/media\/Como-educar-la-autoestima-scaled.jpeg","datePublished":"2024-02-13T14:00:40+00:00","author":{"@id":"https:\/\/www.vocaeditorial.com\/blog\/#\/schema\/person\/72fba3d6c8a26fba0fee3107fda03438"},"description":"La forma en la que se trata a los ni\u00f1os en la infancia tiene repercusiones en la vida adulta y en c\u00f3mo educar la autoestima para toda la vida","breadcrumb":{"@id":"https:\/\/www.vocaeditorial.com\/blog\/como-educar-la-autoestima\/#breadcrumb"},"inLanguage":"es","potentialAction":[{"@type":"ReadAction","target":["https:\/\/www.vocaeditorial.com\/blog\/como-educar-la-autoestima\/"]}]},{"@type":"ImageObject","inLanguage":"es","@id":"https:\/\/www.vocaeditorial.com\/blog\/como-educar-la-autoestima\/#primaryimage","url":"https:\/\/www.vocaeditorial.com\/blog\/media\/Como-educar-la-autoestima-scaled.jpeg","contentUrl":"https:\/\/www.vocaeditorial.com\/blog\/media\/Como-educar-la-autoestima-scaled.jpeg","width":2560,"height":1707,"caption":"C\u00f3mo educar la autoestima"},{"@type":"BreadcrumbList","@id":"https:\/\/www.vocaeditorial.com\/blog\/como-educar-la-autoestima\/#breadcrumb","itemListElement":[{"@type":"ListItem","position":1,"name":"Portada","item":"https:\/\/www.vocaeditorial.com\/blog\/"},{"@type":"ListItem","position":2,"name":"C\u00f3mo educar la autoestima con historias"}]},{"@type":"WebSite","@id":"https:\/\/www.vocaeditorial.com\/blog\/#website","url":"https:\/\/www.vocaeditorial.com\/blog\/","name":"Voca Editorial","description":"","potentialAction":[{"@type":"SearchAction","target":{"@type":"EntryPoint","urlTemplate":"https:\/\/www.vocaeditorial.com\/blog\/?s={search_term_string}"},"query-input":{"@type":"PropertyValueSpecification","valueRequired":true,"valueName":"search_term_string"}}],"inLanguage":"es"},{"@type":"Person","@id":"https:\/\/www.vocaeditorial.com\/blog\/#\/schema\/person\/72fba3d6c8a26fba0fee3107fda03438","name":"VOCA Editorial","image":{"@type":"ImageObject","inLanguage":"es","@id":"https:\/\/www.vocaeditorial.com\/blog\/#\/schema\/person\/image\/","url":"https:\/\/secure.gravatar.com\/avatar\/137e7a09ea636684fcf1595563ff145c113f07116d7a29acedf3e545ab378ca3?s=96&d=mm&r=g","contentUrl":"https:\/\/secure.gravatar.com\/avatar\/137e7a09ea636684fcf1595563ff145c113f07116d7a29acedf3e545ab378ca3?s=96&d=mm&r=g","caption":"VOCA Editorial"},"url":"https:\/\/www.vocaeditorial.com\/blog\/author\/voca-editorial\/"}]}},"jetpack_featured_media_url":"https:\/\/www.vocaeditorial.com\/blog\/media\/Como-educar-la-autoestima-scaled.jpeg","jetpack_sharing_enabled":true,"_links":{"self":[{"href":"https:\/\/www.vocaeditorial.com\/blog\/wp-json\/wp\/v2\/posts\/8222","targetHints":{"allow":["GET"]}}],"collection":[{"href":"https:\/\/www.vocaeditorial.com\/blog\/wp-json\/wp\/v2\/posts"}],"about":[{"href":"https:\/\/www.vocaeditorial.com\/blog\/wp-json\/wp\/v2\/types\/post"}],"author":[{"embeddable":true,"href":"https:\/\/www.vocaeditorial.com\/blog\/wp-json\/wp\/v2\/users\/49"}],"replies":[{"embeddable":true,"href":"https:\/\/www.vocaeditorial.com\/blog\/wp-json\/wp\/v2\/comments?post=8222"}],"version-history":[{"count":0,"href":"https:\/\/www.vocaeditorial.com\/blog\/wp-json\/wp\/v2\/posts\/8222\/revisions"}],"wp:featuredmedia":[{"embeddable":true,"href":"https:\/\/www.vocaeditorial.com\/blog\/wp-json\/wp\/v2\/media\/8205"}],"wp:attachment":[{"href":"https:\/\/www.vocaeditorial.com\/blog\/wp-json\/wp\/v2\/media?parent=8222"}],"wp:term":[{"taxonomy":"post_tag","embeddable":true,"href":"https:\/\/www.vocaeditorial.com\/blog\/wp-json\/wp\/v2\/tags?post=8222"}],"curies":[{"name":"wp","href":"https:\/\/api.w.org\/{rel}","templated":true}]}}