{"id":8192,"date":"2024-01-25T15:00:05","date_gmt":"2024-01-25T14:00:05","guid":{"rendered":"https:\/\/www.vocaeditorial.com\/blog\/?p=8192"},"modified":"2024-01-22T12:05:38","modified_gmt":"2024-01-22T11:05:38","slug":"alumnos-con-altas-capacidades","status":"publish","type":"post","link":"https:\/\/www.vocaeditorial.com\/blog\/alumnos-con-altas-capacidades\/","title":{"rendered":"Alumnos con altas capacidades: proyectos educativos e integraci\u00f3n"},"content":{"rendered":"<p><span style=\"font-weight: 400;\">Los <\/span><b>alumnos con altas capacidades<\/b><span style=\"font-weight: 400;\"> pueden desarrollar desinter\u00e9s por el programa educativo si no se les estimula con proyectos apropiados y retos que los motiven. Veamos algunas ideas para lograrlo.<\/span><\/p>\n\n<p><span style=\"font-weight: 400;\">[CtaModule cta_item=\u00bb6733&#8243;]<\/span><\/p>\n<p>&nbsp;<\/p>\n<h2><span style=\"color: #ffa341;\"><b>Alumnos con altas capacidades: caracter\u00edsticas<\/b><\/span><\/h2>\n<p><span style=\"font-weight: 400;\">En efecto, a pesar de necesitar <\/span><b>realizar una pruebas<\/b><span style=\"font-weight: 400;\"> para confirmar si un alumno tiene ciertas capacidades, hay ciertas <\/span><span style=\"text-decoration: underline;\"><a href=\"https:\/\/www.vocaeditorial.com\/blog\/altas-capacidades-caracteristicas\/\" target=\"_blank\" rel=\"noopener\"><b>caracter\u00edsticas<\/b><\/a><\/span> <span style=\"font-weight: 400;\">que pueden ayudarnos a identificarlo:<\/span><\/p>\n<ol>\n<li><b>Rapidez de aprendizaje\u00a0<\/b><\/li>\n<li><span style=\"font-weight: 400;\">Desarrollo avanzado\u00a0<\/span><\/li>\n<li><span style=\"font-weight: 400;\">Curiosidad\u00a0<\/span><\/li>\n<li><b>Perfeccionismo\u00a0<\/b><\/li>\n<li><span style=\"font-weight: 400;\">Desinter\u00e9s por cosas propias de su edad\u00a0<\/span><\/li>\n<li><b>Aislamiento<\/b><span style=\"font-weight: 400;\">: dificultad para encontrar personas afines<\/span><\/li>\n<li><span style=\"font-weight: 400;\">Fuerte capacidad de empat\u00eda y sensibilidad\u00a0<\/span><\/li>\n<\/ol>\n<p>&nbsp;<\/p>\n<p><span style=\"font-weight: 400;\">En conclusi\u00f3n, los <\/span><b>alumnos con altas capacidades<\/b><span style=\"font-weight: 400;\"> son\u00a0<\/span><\/p>\n<blockquote><p><span style=\"font-weight: 400;\">alumnos con un aprendizaje m\u00e1s r\u00e1pido que necesitan metodolog\u00edas diferentes en el aula<\/span><\/p><\/blockquote>\n<p>&nbsp;<\/p>\n<h2><span style=\"color: #ffa341;\"><b>Alumnos con altas capacidades: gesti\u00f3n en el aula<\/b><\/span><\/h2>\n<p><span style=\"font-weight: 400;\">Adem\u00e1s, cuando se da el caso de tener alumnos con altas capacidades en clase, se debe buscar un <\/span><b>m\u00e9todo para gestionarlo<\/b><span style=\"font-weight: 400;\"> en el \u00e1mbito\u00a0<\/span><\/p>\n<ul>\n<li style=\"font-weight: 400;\" aria-level=\"1\"><span style=\"text-decoration: underline;\"><a href=\"https:\/\/www.altascapacidadesytalentos.com\/como-trabajar-con-ninos-de-aacc\/\" target=\"_blank\" rel=\"noopener\"><b>Educativo<\/b><\/a><\/span><span style=\"font-weight: 400;\">: plan de estudios, asignaturas, metodolog\u00eda, etc.\u00a0<\/span><\/li>\n<li style=\"font-weight: 400;\" aria-level=\"1\"><b>Personal<\/b><span style=\"font-weight: 400;\">: por parte del docente y de los dem\u00e1s alumnos.\u00a0<\/span><\/li>\n<\/ul>\n<p>&nbsp;<\/p>\n<p><span style=\"font-weight: 400;\">En concreto, en el<\/span><b> plano personal<\/b><span style=\"font-weight: 400;\">, encontramos tres aspectos fundamentales:\u00a0<\/span><\/p>\n<table>\n<tbody>\n<tr>\n<td><b>Empat\u00eda<\/b><\/td>\n<td><b>Comunicaci\u00f3n<\/b><\/td>\n<td><b>Integraci\u00f3n<\/b><\/td>\n<\/tr>\n<\/tbody>\n<\/table>\n<p><span style=\"font-weight: 400;\">En ocasiones, a los ni\u00f1os les cuesta comprender<\/span><b> por qu\u00e9 hay personas que act\u00faan de manera diferente<\/b><span style=\"font-weight: 400;\"> y esto les puede llevar a desplazarlos o ignorarlos.\u00a0<\/span><\/p>\n<p><span style=\"font-weight: 400;\">Por ello, ser\u00e1 esencial <\/span><b>la comunicaci\u00f3n y la transparencia<\/b><span style=\"font-weight: 400;\"> con ellos para evitar dos riegos:<\/span><\/p>\n<ul>\n<li><b>Discriminaci\u00f3n<\/b><span style=\"font-weight: 400;\"> de los alumnos con altas capacidades\u00a0<\/span><\/li>\n<li><span style=\"font-weight: 400;\">Que resto de los alumnos<\/span><b> se sientan menos listos<\/b><span style=\"font-weight: 400;\"> que ellos<\/span><\/li>\n<\/ul>\n<p>&nbsp;<\/p>\n<p><span style=\"font-weight: 400;\">Es decir, lo ideal es explicarles que cada uno tenemos maneras <\/span><b>diferentes de aprender y todas son igual de v\u00e1lidas<\/b><span style=\"font-weight: 400;\">. Al igual que uno aprende de una manera determinada y a un ritmo, otras personas necesitan modos diferentes, y eso no supone que unos sean m\u00e1s listos o no.\u00a0<\/span><\/p>\n<p><span style=\"font-weight: 400;\">As\u00ed, <\/span><b>sentir\u00e1n m\u00e1s empat\u00eda<\/b><span style=\"font-weight: 400;\"> hacia su compa\u00f1ero y estar\u00e1 m\u00e1s integrado en el grupo. La clave es explicarles a los ni\u00f1os la situaci\u00f3n para que lo comprendan.\u00a0<\/span><\/p>\n<p><span style=\"font-weight: 400;\">Por eso, el <\/span><b>docente tendr\u00e1 un papel de mediador <\/b><span style=\"font-weight: 400;\">y ayudar\u00e1 a que ambas partes se sientan c\u00f3modas.\u00a0<\/span><\/p>\n<h3><span style=\"color: #ffa341;\"><b>Plan acad\u00e9mico ajustado<\/b><\/span><\/h3>\n<p><span style=\"font-weight: 400;\">En lo que respecta al <\/span><b>plan acad\u00e9mico<\/b><span style=\"font-weight: 400;\">, aqu\u00ed te dejamos un art\u00edculo en el que te proponemos diferentes <\/span><span style=\"text-decoration: underline;\"><a href=\"https:\/\/www.vocaeditorial.com\/blog\/altas-capacidades\/\" target=\"_blank\" rel=\"noopener\"><b>m\u00e9todos y recursos<\/b><\/a><\/span><span style=\"font-weight: 400;\"> para adaptar el plan escolar a los alumnos con altas capacidades, as\u00ed como especialistas y libros.\u00a0<\/span><\/p>\n<p><span style=\"font-weight: 400;\">Esto <\/span><b>evitar\u00e1 la desmotivaci\u00f3n acad\u00e9mica<\/b><span style=\"font-weight: 400;\"> y que se mantenga el inter\u00e9s en el colegio. Puede aplicarse a los distintos elementos que los componen:\u00a0<\/span><span style=\"font-weight: 400;\"><br \/>\n<\/span><\/p>\n<ul>\n<li style=\"font-weight: 400;\" aria-level=\"1\"><span style=\"font-weight: 400;\">Grupos de alto rendimiento<\/span><\/li>\n<li style=\"font-weight: 400;\" aria-level=\"1\"><span style=\"font-weight: 400;\">Ampliaci\u00f3n de contenidos<\/span><\/li>\n<li style=\"font-weight: 400;\" aria-level=\"1\"><span style=\"font-weight: 400;\">Aceleraci\u00f3n del curso<\/span><\/li>\n<li style=\"font-weight: 400;\" aria-level=\"1\"><span style=\"font-weight: 400;\">Proyectos personalizados<\/span><span style=\"font-weight: 400;\"><br \/>\n<\/span><\/li>\n<\/ul>\n<p>&nbsp;<\/p>\n<p><span style=\"font-weight: 400;\">En definitiva, se deber\u00e1 elaborar <\/span><b>un plan individualizado<\/b><span style=\"font-weight: 400;\"> que tenga en cuenta sus propias necesidades. Recuerda que es importante la comunicaci\u00f3n y coordinaci\u00f3n con la familia para que el plan sea completo y efectivo. <\/span><\/p>\n<p><span style=\"font-weight: 400;\">[CtaModule cta_item=\u00bb6208&#8243;]<\/span><\/p>\n<h2><span style=\"color: #ffa341;\"><b>Alumnos con altas capacidades: proyectos educativos\u00a0<\/b><\/span><\/h2>\n<p><span style=\"font-weight: 400;\">Concretamente, una de estas opciones para adaptar el plan escolar es la realizaci\u00f3n de proyectos educativos. Los alumnos con altas capacidades pueden tener <\/span><b>perfiles muy variados<\/b><span style=\"font-weight: 400;\">, por lo que el primer paso ser\u00e1 preguntarse:\u00a0<\/span><\/p>\n<blockquote><p><span style=\"font-weight: 400;\">\u00bfQu\u00e9 temas le interesan?<\/span><\/p><\/blockquote>\n<p>&nbsp;<\/p>\n<table>\n<tbody>\n<tr>\n<td><span style=\"font-weight: 400;\">Comunicaci\u00f3n\u00a0<\/span><\/td>\n<td><span style=\"font-weight: 400;\">Deporte\u00a0<\/span><\/td>\n<td><span style=\"font-weight: 400;\">M\u00fasica\u00a0<\/span><\/td>\n<td><span style=\"font-weight: 400;\">Biolog\u00eda\u00a0<\/span><\/td>\n<\/tr>\n<tr>\n<td><span style=\"font-weight: 400;\">Lectura<\/span><\/td>\n<td><span style=\"font-weight: 400;\">Arte<\/span><\/td>\n<td><span style=\"font-weight: 400;\">Cocina\u00a0<\/span><\/td>\n<td><span style=\"font-weight: 400;\">Tecnolog\u00eda\u00a0<\/span><\/td>\n<\/tr>\n<tr>\n<td><span style=\"font-weight: 400;\">Proyectos<\/span><\/td>\n<td><span style=\"font-weight: 400;\">Moda\u00a0<\/span><\/td>\n<td><span style=\"font-weight: 400;\">Estrategia\u00a0<\/span><\/td>\n<td><span style=\"font-weight: 400;\">Qu\u00edmica\u00a0<\/span><\/td>\n<\/tr>\n<\/tbody>\n<\/table>\n<p><span style=\"font-weight: 400;\">Con eso, se le puede proponer al alumno <\/span><span style=\"text-decoration: underline;\"><a href=\"https:\/\/www.educaciontrespuntocero.com\/recursos\/primaria\/altas-capacidades-actividades\/\" target=\"_blank\" rel=\"noopener\"><b>actividades<\/b><\/a><\/span><span style=\"font-weight: 400;\"> que susciten su inter\u00e9s y <\/span><b>ampl\u00eden sus conocimientos sobre un campo que le motiva<\/b><span style=\"font-weight: 400;\">. Estos son algunos ejemplos de proyectos que se pueden llevar a cabo.<\/span><\/p>\n<h3><span style=\"color: #ffa341;\"><b>Crear un programa de radio\u00a0<\/b><\/span><\/h3>\n<p><span style=\"font-weight: 400;\">Por ejemplo, si le interesa la comunicaci\u00f3n, puede desarrollar un programa de radio para el colegio en el que se expongan las <\/span><b>noticias del d\u00eda, avisos escolares, proyectos <\/b><span style=\"font-weight: 400;\">educativos, etc.<\/span><\/p>\n<h3><span style=\"color: #ffa341;\"><b>Club de lectura\u00a0<\/b><\/span><\/h3>\n<p><span style=\"font-weight: 400;\">En el caso de la lectura, puede <\/span><b>conectar con otros alumnos<\/b><span style=\"font-weight: 400;\"> con sus mismos intereses a trav\u00e9s de un club de lectura, en el que comenten y debatan determinados libros cada mes. Esto tambi\u00e9n les ayudar\u00e1 a socializar y a abrirse con otros compa\u00f1eros.<\/span><\/p>\n<h3><span style=\"color: #ffa341;\"><b>Blog de rese\u00f1as\u00a0<\/b><\/span><\/h3>\n<p><span style=\"font-weight: 400;\">Continuando con la lectura, el alumno puede realizar un blog en el que<\/span><b> escriba rese\u00f1as de algunas de sus lecturas<\/b><span style=\"font-weight: 400;\"> favoritas, aunque esto tambi\u00e9n puede aplicarse a\u00a0<\/span><\/p>\n<ul>\n<li><b>Cine\u00a0<\/b><\/li>\n<li><b>Videojuegos\u00a0<\/b><\/li>\n<li><span style=\"font-weight: 400;\">Gastronom\u00eda\u00a0<\/span><\/li>\n<li><span style=\"font-weight: 400;\">Obras de teatro<\/span><\/li>\n<\/ul>\n<p>&nbsp;<\/p>\n<h3><span style=\"color: #ffa341;\"><b>Ajedrez\u00a0<\/b><\/span><\/h3>\n<p><span style=\"font-weight: 400;\">En efecto, el ajedrez es una actividad que se basa en <\/span><b>la estrategia y la anticipaci\u00f3n <\/b><span style=\"font-weight: 400;\">al oponente, lo que puede resultar muy satisfactorio intelectualmente.<\/span><\/p>\n<h3><span style=\"color: #ffa341;\"><b>Actividades de rob\u00f3tica\u00a0<\/b><\/span><\/h3>\n<p><span style=\"font-weight: 400;\">Tambi\u00e9n se pueden tener en cuenta otros proyectos relacionados con la tecnolog\u00eda, con clubes de<\/span><b> rob\u00f3tica o actividades de programaci\u00f3n<\/b><span style=\"font-weight: 400;\">. Esto le aportar\u00e1 conocimientos diferentes a los establecidos en el plan acad\u00e9mico.<\/span><\/p>\n<h3><span style=\"color: #ffa341;\"><b>Colaboraci\u00f3n en el huerto\u00a0<\/b><\/span><\/h3>\n<p><span style=\"font-weight: 400;\">En caso de que el colegio disponga de un huerto, puede ser una opci\u00f3n excelente para que el alumno tenga un proyecto que le exige <\/span><b>perseverancia, responsabilidad y cuidado<\/b><span style=\"font-weight: 400;\">. Adem\u00e1s, lo podr\u00e1n realizar al aire libre y ser\u00e1 muy satisfactorio ver c\u00f3mo da sus frutos.<\/span><\/p>\n<h3><span style=\"color: #ffa341;\"><b>Teatro\u00a0<\/b><\/span><\/h3>\n<p><span style=\"font-weight: 400;\">Si le interesan las <\/span><b>artes dram\u00e1ticas<\/b><span style=\"font-weight: 400;\">, se pueden buscar actividades en relaci\u00f3n al teatro que pueden ser\u00a0<\/span><\/p>\n<ul>\n<li><b>Interpretaci\u00f3n\u00a0<\/b><\/li>\n<li><b>Lectura de obras\u00a0<\/b><\/li>\n<li><b>Escritura o planteamiento<\/b><span style=\"font-weight: 400;\"> de argumentos dram\u00e1ticos\u00a0<\/span><\/li>\n<li><b>Ir al teatro<\/b><span style=\"font-weight: 400;\"> y rese\u00f1ar\u00a0<\/span><\/li>\n<\/ul>\n<p>&nbsp;<\/p>\n<p><span style=\"font-weight: 400;\">En definitiva, son muchos los proyectos educativos que se pueden llevar a cabo para que <\/span><b>el alumno se sienta retado<\/b><span style=\"font-weight: 400;\">, todo depende de los temas que despierten su inter\u00e9s.<\/span><\/p>\n<p>&nbsp;<\/p>\n<p><span style=\"font-weight: 400;\">En suma, para posibilitar la integraci\u00f3n de los alumnos con altas capacidades,<\/span><b> la comunicaci\u00f3n con los alumnos es clave<\/b><span style=\"font-weight: 400;\">. Tanto con sus compa\u00f1eros, para que comprendan la situaci\u00f3n; como con el propio alumno, para poder lograr que se sienta c\u00f3modo y tenga un plan educativo personalizado y adecuado<\/span><\/p>\n","protected":false},"excerpt":{"rendered":"<p>La comunicaci\u00f3n con los alumnos con altas capacidades es clave. Tanto con sus compa\u00f1eros, para que comprendan la situaci\u00f3n; como con el propio alumno, para poder lograr que se sienta c\u00f3modo y tenga un plan educativo personalizado y adecuado.<\/p>\n","protected":false},"author":49,"featured_media":8193,"comment_status":"closed","ping_status":"closed","sticky":false,"template":"","format":"standard","meta":{"content-type":"","inline_featured_image":false,"_jetpack_memberships_contains_paid_content":false,"footnotes":""},"tags":[596,602,685],"class_list":["post-8192","post","type-post","status-publish","format-standard","has-post-thumbnail","hentry","category-educacion-en-valores","tag-mejora-personal","tag-metodologias-activas","tag-altas-capacidades"],"yoast_head":"<!-- This site is optimized with the Yoast SEO plugin v26.6 - https:\/\/yoast.com\/wordpress\/plugins\/seo\/ -->\n<title>Alumnos con altas capacidades: proyectos educativos e integraci\u00f3n<\/title>\n<meta name=\"description\" content=\"La comunicaci\u00f3n con los alumnos con altas capacidades es clave, para poder lograr un plan educativo personalizado y adecuado.\" \/>\n<meta name=\"robots\" content=\"index, follow, max-snippet:-1, max-image-preview:large, max-video-preview:-1\" \/>\n<link rel=\"canonical\" href=\"https:\/\/www.vocaeditorial.com\/blog\/alumnos-con-altas-capacidades\/\" \/>\n<meta property=\"og:locale\" content=\"es_ES\" \/>\n<meta property=\"og:type\" content=\"article\" \/>\n<meta property=\"og:title\" content=\"Alumnos con altas capacidades: proyectos educativos e integraci\u00f3n\" \/>\n<meta property=\"og:description\" content=\"La comunicaci\u00f3n con los alumnos con altas capacidades es clave, para poder lograr un plan educativo personalizado y adecuado.\" \/>\n<meta property=\"og:url\" content=\"https:\/\/www.vocaeditorial.com\/blog\/alumnos-con-altas-capacidades\/\" \/>\n<meta property=\"og:site_name\" content=\"Voca Editorial\" \/>\n<meta property=\"article:published_time\" content=\"2024-01-25T14:00:05+00:00\" \/>\n<meta property=\"og:image\" content=\"https:\/\/www.vocaeditorial.com\/blog\/media\/alumnos-con-altas-capacidades-scaled.jpg\" \/>\n\t<meta property=\"og:image:width\" content=\"2560\" \/>\n\t<meta property=\"og:image:height\" content=\"1707\" \/>\n\t<meta property=\"og:image:type\" content=\"image\/jpeg\" \/>\n<meta name=\"author\" content=\"VOCA Editorial\" \/>\n<meta name=\"twitter:card\" content=\"summary_large_image\" \/>\n<meta name=\"twitter:label1\" content=\"Escrito por\" \/>\n\t<meta name=\"twitter:data1\" content=\"VOCA Editorial\" \/>\n\t<meta name=\"twitter:label2\" content=\"Tiempo de lectura\" \/>\n\t<meta name=\"twitter:data2\" content=\"4 minutos\" \/>\n<script type=\"application\/ld+json\" class=\"yoast-schema-graph\">{\"@context\":\"https:\/\/schema.org\",\"@graph\":[{\"@type\":\"WebPage\",\"@id\":\"https:\/\/www.vocaeditorial.com\/blog\/alumnos-con-altas-capacidades\/\",\"url\":\"https:\/\/www.vocaeditorial.com\/blog\/alumnos-con-altas-capacidades\/\",\"name\":\"Alumnos con altas capacidades: proyectos educativos e integraci\u00f3n\",\"isPartOf\":{\"@id\":\"https:\/\/www.vocaeditorial.com\/blog\/#website\"},\"primaryImageOfPage\":{\"@id\":\"https:\/\/www.vocaeditorial.com\/blog\/alumnos-con-altas-capacidades\/#primaryimage\"},\"image\":{\"@id\":\"https:\/\/www.vocaeditorial.com\/blog\/alumnos-con-altas-capacidades\/#primaryimage\"},\"thumbnailUrl\":\"https:\/\/www.vocaeditorial.com\/blog\/media\/alumnos-con-altas-capacidades-scaled.jpg\",\"datePublished\":\"2024-01-25T14:00:05+00:00\",\"author\":{\"@id\":\"https:\/\/www.vocaeditorial.com\/blog\/#\/schema\/person\/72fba3d6c8a26fba0fee3107fda03438\"},\"description\":\"La comunicaci\u00f3n con los alumnos con altas capacidades es clave, para poder lograr un plan educativo personalizado y adecuado.\",\"breadcrumb\":{\"@id\":\"https:\/\/www.vocaeditorial.com\/blog\/alumnos-con-altas-capacidades\/#breadcrumb\"},\"inLanguage\":\"es\",\"potentialAction\":[{\"@type\":\"ReadAction\",\"target\":[\"https:\/\/www.vocaeditorial.com\/blog\/alumnos-con-altas-capacidades\/\"]}]},{\"@type\":\"ImageObject\",\"inLanguage\":\"es\",\"@id\":\"https:\/\/www.vocaeditorial.com\/blog\/alumnos-con-altas-capacidades\/#primaryimage\",\"url\":\"https:\/\/www.vocaeditorial.com\/blog\/media\/alumnos-con-altas-capacidades-scaled.jpg\",\"contentUrl\":\"https:\/\/www.vocaeditorial.com\/blog\/media\/alumnos-con-altas-capacidades-scaled.jpg\",\"width\":2560,\"height\":1707,\"caption\":\"alumnos con altas capacidades\"},{\"@type\":\"BreadcrumbList\",\"@id\":\"https:\/\/www.vocaeditorial.com\/blog\/alumnos-con-altas-capacidades\/#breadcrumb\",\"itemListElement\":[{\"@type\":\"ListItem\",\"position\":1,\"name\":\"Portada\",\"item\":\"https:\/\/www.vocaeditorial.com\/blog\/\"},{\"@type\":\"ListItem\",\"position\":2,\"name\":\"Alumnos con altas capacidades: proyectos educativos e integraci\u00f3n\"}]},{\"@type\":\"WebSite\",\"@id\":\"https:\/\/www.vocaeditorial.com\/blog\/#website\",\"url\":\"https:\/\/www.vocaeditorial.com\/blog\/\",\"name\":\"Voca Editorial\",\"description\":\"\",\"potentialAction\":[{\"@type\":\"SearchAction\",\"target\":{\"@type\":\"EntryPoint\",\"urlTemplate\":\"https:\/\/www.vocaeditorial.com\/blog\/?s={search_term_string}\"},\"query-input\":{\"@type\":\"PropertyValueSpecification\",\"valueRequired\":true,\"valueName\":\"search_term_string\"}}],\"inLanguage\":\"es\"},{\"@type\":\"Person\",\"@id\":\"https:\/\/www.vocaeditorial.com\/blog\/#\/schema\/person\/72fba3d6c8a26fba0fee3107fda03438\",\"name\":\"VOCA Editorial\",\"image\":{\"@type\":\"ImageObject\",\"inLanguage\":\"es\",\"@id\":\"https:\/\/www.vocaeditorial.com\/blog\/#\/schema\/person\/image\/\",\"url\":\"https:\/\/secure.gravatar.com\/avatar\/137e7a09ea636684fcf1595563ff145c113f07116d7a29acedf3e545ab378ca3?s=96&d=mm&r=g\",\"contentUrl\":\"https:\/\/secure.gravatar.com\/avatar\/137e7a09ea636684fcf1595563ff145c113f07116d7a29acedf3e545ab378ca3?s=96&d=mm&r=g\",\"caption\":\"VOCA Editorial\"},\"url\":\"https:\/\/www.vocaeditorial.com\/blog\/author\/voca-editorial\/\"}]}<\/script>\n<!-- \/ Yoast SEO plugin. -->","yoast_head_json":{"title":"Alumnos con altas capacidades: proyectos educativos e integraci\u00f3n","description":"La comunicaci\u00f3n con los alumnos con altas capacidades es clave, para poder lograr un plan educativo personalizado y adecuado.","robots":{"index":"index","follow":"follow","max-snippet":"max-snippet:-1","max-image-preview":"max-image-preview:large","max-video-preview":"max-video-preview:-1"},"canonical":"https:\/\/www.vocaeditorial.com\/blog\/alumnos-con-altas-capacidades\/","og_locale":"es_ES","og_type":"article","og_title":"Alumnos con altas capacidades: proyectos educativos e integraci\u00f3n","og_description":"La comunicaci\u00f3n con los alumnos con altas capacidades es clave, para poder lograr un plan educativo personalizado y adecuado.","og_url":"https:\/\/www.vocaeditorial.com\/blog\/alumnos-con-altas-capacidades\/","og_site_name":"Voca Editorial","article_published_time":"2024-01-25T14:00:05+00:00","og_image":[{"width":2560,"height":1707,"url":"https:\/\/www.vocaeditorial.com\/blog\/media\/alumnos-con-altas-capacidades-scaled.jpg","type":"image\/jpeg"}],"author":"VOCA Editorial","twitter_card":"summary_large_image","twitter_misc":{"Escrito por":"VOCA Editorial","Tiempo de lectura":"4 minutos"},"schema":{"@context":"https:\/\/schema.org","@graph":[{"@type":"WebPage","@id":"https:\/\/www.vocaeditorial.com\/blog\/alumnos-con-altas-capacidades\/","url":"https:\/\/www.vocaeditorial.com\/blog\/alumnos-con-altas-capacidades\/","name":"Alumnos con altas capacidades: proyectos educativos e integraci\u00f3n","isPartOf":{"@id":"https:\/\/www.vocaeditorial.com\/blog\/#website"},"primaryImageOfPage":{"@id":"https:\/\/www.vocaeditorial.com\/blog\/alumnos-con-altas-capacidades\/#primaryimage"},"image":{"@id":"https:\/\/www.vocaeditorial.com\/blog\/alumnos-con-altas-capacidades\/#primaryimage"},"thumbnailUrl":"https:\/\/www.vocaeditorial.com\/blog\/media\/alumnos-con-altas-capacidades-scaled.jpg","datePublished":"2024-01-25T14:00:05+00:00","author":{"@id":"https:\/\/www.vocaeditorial.com\/blog\/#\/schema\/person\/72fba3d6c8a26fba0fee3107fda03438"},"description":"La comunicaci\u00f3n con los alumnos con altas capacidades es clave, para poder lograr un plan educativo personalizado y adecuado.","breadcrumb":{"@id":"https:\/\/www.vocaeditorial.com\/blog\/alumnos-con-altas-capacidades\/#breadcrumb"},"inLanguage":"es","potentialAction":[{"@type":"ReadAction","target":["https:\/\/www.vocaeditorial.com\/blog\/alumnos-con-altas-capacidades\/"]}]},{"@type":"ImageObject","inLanguage":"es","@id":"https:\/\/www.vocaeditorial.com\/blog\/alumnos-con-altas-capacidades\/#primaryimage","url":"https:\/\/www.vocaeditorial.com\/blog\/media\/alumnos-con-altas-capacidades-scaled.jpg","contentUrl":"https:\/\/www.vocaeditorial.com\/blog\/media\/alumnos-con-altas-capacidades-scaled.jpg","width":2560,"height":1707,"caption":"alumnos con altas capacidades"},{"@type":"BreadcrumbList","@id":"https:\/\/www.vocaeditorial.com\/blog\/alumnos-con-altas-capacidades\/#breadcrumb","itemListElement":[{"@type":"ListItem","position":1,"name":"Portada","item":"https:\/\/www.vocaeditorial.com\/blog\/"},{"@type":"ListItem","position":2,"name":"Alumnos con altas capacidades: proyectos educativos e integraci\u00f3n"}]},{"@type":"WebSite","@id":"https:\/\/www.vocaeditorial.com\/blog\/#website","url":"https:\/\/www.vocaeditorial.com\/blog\/","name":"Voca Editorial","description":"","potentialAction":[{"@type":"SearchAction","target":{"@type":"EntryPoint","urlTemplate":"https:\/\/www.vocaeditorial.com\/blog\/?s={search_term_string}"},"query-input":{"@type":"PropertyValueSpecification","valueRequired":true,"valueName":"search_term_string"}}],"inLanguage":"es"},{"@type":"Person","@id":"https:\/\/www.vocaeditorial.com\/blog\/#\/schema\/person\/72fba3d6c8a26fba0fee3107fda03438","name":"VOCA Editorial","image":{"@type":"ImageObject","inLanguage":"es","@id":"https:\/\/www.vocaeditorial.com\/blog\/#\/schema\/person\/image\/","url":"https:\/\/secure.gravatar.com\/avatar\/137e7a09ea636684fcf1595563ff145c113f07116d7a29acedf3e545ab378ca3?s=96&d=mm&r=g","contentUrl":"https:\/\/secure.gravatar.com\/avatar\/137e7a09ea636684fcf1595563ff145c113f07116d7a29acedf3e545ab378ca3?s=96&d=mm&r=g","caption":"VOCA Editorial"},"url":"https:\/\/www.vocaeditorial.com\/blog\/author\/voca-editorial\/"}]}},"jetpack_featured_media_url":"https:\/\/www.vocaeditorial.com\/blog\/media\/alumnos-con-altas-capacidades-scaled.jpg","jetpack_sharing_enabled":true,"_links":{"self":[{"href":"https:\/\/www.vocaeditorial.com\/blog\/wp-json\/wp\/v2\/posts\/8192","targetHints":{"allow":["GET"]}}],"collection":[{"href":"https:\/\/www.vocaeditorial.com\/blog\/wp-json\/wp\/v2\/posts"}],"about":[{"href":"https:\/\/www.vocaeditorial.com\/blog\/wp-json\/wp\/v2\/types\/post"}],"author":[{"embeddable":true,"href":"https:\/\/www.vocaeditorial.com\/blog\/wp-json\/wp\/v2\/users\/49"}],"replies":[{"embeddable":true,"href":"https:\/\/www.vocaeditorial.com\/blog\/wp-json\/wp\/v2\/comments?post=8192"}],"version-history":[{"count":0,"href":"https:\/\/www.vocaeditorial.com\/blog\/wp-json\/wp\/v2\/posts\/8192\/revisions"}],"wp:featuredmedia":[{"embeddable":true,"href":"https:\/\/www.vocaeditorial.com\/blog\/wp-json\/wp\/v2\/media\/8193"}],"wp:attachment":[{"href":"https:\/\/www.vocaeditorial.com\/blog\/wp-json\/wp\/v2\/media?parent=8192"}],"wp:term":[{"taxonomy":"post_tag","embeddable":true,"href":"https:\/\/www.vocaeditorial.com\/blog\/wp-json\/wp\/v2\/tags?post=8192"}],"curies":[{"name":"wp","href":"https:\/\/api.w.org\/{rel}","templated":true}]}}