{"id":8190,"date":"2024-01-18T15:00:23","date_gmt":"2024-01-18T14:00:23","guid":{"rendered":"https:\/\/www.vocaeditorial.com\/blog\/?p=8190"},"modified":"2024-01-18T12:02:39","modified_gmt":"2024-01-18T11:02:39","slug":"autoestima-ninos","status":"publish","type":"post","link":"https:\/\/www.vocaeditorial.com\/blog\/autoestima-ninos\/","title":{"rendered":"Autoestima ni\u00f1os: actividades y libros"},"content":{"rendered":"<p><span style=\"font-weight: 400;\">La autoestima ni\u00f1os es un factor fundamental en su desarrollo y puede<\/span><b> afectar en su vida personal y acad\u00e9mica<\/b><span style=\"font-weight: 400;\">. Por ello, debe trabajarse para evitar problemas asociados a ella.\u00a0<\/span><\/p>\n\n<p><span style=\"font-weight: 400;\">[CtaModule cta_item=\u00bb6818&#8243;]<\/span><\/p>\n<p>&nbsp;<\/p>\n<h2><span style=\"color: #ffa341;\"><b>Autoestima ni\u00f1os: \u00bfqu\u00e9 es?<\/b><\/span><\/h2>\n<p><span style=\"font-weight: 400;\">En efecto, la autoestima ni\u00f1os es de gran <\/span><b>importancia durante su crecimiento<\/b><span style=\"font-weight: 400;\"> y debe ser tratada con mucho cuidado. En primer lugar, \u00bfqu\u00e9 es la autoestima?<\/span><\/p>\n<blockquote><p><span style=\"font-weight: 400;\">La autoestima es la confianza en uno mismo y en sus capacidades\u00a0<\/span><\/p><\/blockquote>\n<p>&nbsp;<\/p>\n<p><span style=\"font-weight: 400;\">En consecuencia, un <\/span><b>ni\u00f1o con una buena autoestima<\/b><span style=\"font-weight: 400;\">:<\/span><\/p>\n<ul>\n<li><span style=\"font-weight: 400;\">Ser\u00e1 <\/span><b>m\u00e1s <\/b><span style=\"text-decoration: underline;\"><a href=\"https:\/\/www.vocaeditorial.com\/blog\/felicidad\/\" target=\"_blank\" rel=\"noopener\"><b>feliz<\/b><\/a><\/span><b> y seguro<\/b><span style=\"font-weight: 400;\"> de s\u00ed mismo<\/span><\/li>\n<li><span style=\"font-weight: 400;\">Tendr\u00e1 <\/span><b>menos inseguridades\u00a0<\/b><\/li>\n<li><b>Actuar\u00e1 con confianza<\/b><\/li>\n<li><span style=\"font-weight: 400;\">Se sentir\u00e1 <\/span><b>m\u00e1s integrado\u00a0<\/b><\/li>\n<li><b>Sabr\u00e1 pedir ayuda<\/b><span style=\"font-weight: 400;\"> cuando lo necesite\u00a0<\/span><\/li>\n<li><b>Aceptar\u00e1 los desaf\u00edos<\/b><span style=\"font-weight: 400;\"> y sus metas<\/span><\/li>\n<\/ul>\n<p>&nbsp;<\/p>\n<p><span style=\"font-weight: 400;\">Adem\u00e1s, esta afectar\u00e1 directamente <\/span><b>al rendimiento acad\u00e9mico<\/b><span style=\"font-weight: 400;\">, ya que puede tener fuertes repercusiones en el concepto de su propia capacidad y en su motivaci\u00f3n en clase.\u00a0<\/span><\/p>\n<p><span style=\"font-weight: 400;\">Sus repercusiones se manifiestan <\/span><b>especialmente en la adolescencia<\/b><span style=\"font-weight: 400;\">, por lo que es importante trabajarla desde la ni\u00f1ez, tanto en casa como en el aula.\u00a0<\/span><\/p>\n<h2><span style=\"color: #ffa341;\"><b>Actividades autoestima ni\u00f1os<\/b><\/span><\/h2>\n<p><span style=\"font-weight: 400;\">En efecto, existen diferentes<\/span><b> estrategias de <\/b><span style=\"text-decoration: underline;\"><a href=\"https:\/\/www.vocaeditorial.com\/blog\/actividades-para-trabajar-la-empatia-en-primaria\/\" target=\"_blank\" rel=\"noopener\"><b>actividades<\/b><\/a><\/span><span style=\"font-weight: 400;\"> que puedes poner en pr\u00e1ctica para mejorar la autoestima ni\u00f1os. Puedes destinar determinadas horas de educaci\u00f3n emocional para llevar a cabo talleres de autoestima con tareas acorde a los objetivos.\u00a0<\/span><\/p>\n<p><span style=\"font-weight: 400;\">De esta forma, es importante tener en cuenta unas <\/span><b>pautas generales <\/b><span style=\"font-weight: 400;\">para que las actividades sean efectivas, ya que sin ellas los ni\u00f1os no podr\u00e1n alcanzar esa autoestima.\u00a0<\/span><\/p>\n<ol>\n<li style=\"font-weight: 400;\" aria-level=\"1\"><span style=\"font-weight: 400;\">Cuidar la<\/span><b> forma en la que se les habla<\/b><span style=\"font-weight: 400;\"> \u2192 Especialmente en momentos de enfado, se tiende a decir frases negativas o que recalcan su mal comportamiento. Esto puede tener consecuencias sobre su visi\u00f3n de s\u00ed mismo y su autoestima.\u00a0<\/span><\/li>\n<li style=\"font-weight: 400;\" aria-level=\"1\"><b>Motivarlos <\/b><span style=\"font-weight: 400;\">\u2192 A veces uno necesita que una persona crea en \u00e9l para empezar a creer en s\u00ed mismo. Por ello, hay que motivarlos y apoyarlos con sus metas.\u00a0<\/span><\/li>\n<li style=\"font-weight: 400;\" aria-level=\"1\"><b>Normalizar y exteriorizar emociones <\/b><span style=\"font-weight: 400;\">\u2192 Crear un espacio seguro en el que <\/span><span style=\"text-decoration: underline;\"><a href=\"https:\/\/www.vocaeditorial.com\/blog\/manualidades-para-trabajar-las-emociones\/\" target=\"_blank\" rel=\"noopener\"><b>manifestar las emociones<\/b><\/a><\/span><span style=\"font-weight: 400;\"> es esencial para que est\u00e9n c\u00f3modos. Adem\u00e1s, es importante que vean que es normal hablar de c\u00f3mo se sienten. Por eso mismo, tener un referente, profesor o padre, que normalice hablar de ello les ser\u00e1 de gran ayuda.\u00a0<\/span><\/li>\n<\/ol>\n<p>&nbsp;<\/p>\n<p><span style=\"font-weight: 400;\">As\u00ed que te dejamos <\/span><b>5 actividades<\/b><span style=\"font-weight: 400;\"> que puedes llevar a cabo con tus alumnos para mejorar la autoestima.<\/span><\/p>\n<h3><span style=\"color: #ffa341;\"><b>Yo ideal<\/b><\/span><\/h3>\n<p><span style=\"font-weight: 400;\">Consiste en imaginarse la persona que quieren ser, con <\/span><b>las cualidades que les gustar\u00eda<\/b><span style=\"font-weight: 400;\">. Pueden dibujarlo en una hoja con su foto o hacer un papelito y guardarlo en un tarro para consultarlo con el paso del tiempo.<\/span><\/p>\n<ol>\n<li style=\"font-weight: 400;\" aria-level=\"1\"><span style=\"font-weight: 400;\">\u00bfC\u00f3mo es la <\/span><b>persona que me gustar\u00eda <\/b><span style=\"font-weight: 400;\">llegar a ser?<\/span><\/li>\n<li style=\"font-weight: 400;\" aria-level=\"1\"><span style=\"font-weight: 400;\">\u00bfQu\u00e9 tengo que hacer para <\/span><b>alcanzar esa versi\u00f3n<\/b><span style=\"font-weight: 400;\">?\u00a0<\/span><\/li>\n<li style=\"font-weight: 400;\" aria-level=\"1\"><span style=\"font-weight: 400;\">\u00bfDe qu\u00e9 manera puedo<\/span><b> poner en pr\u00e1ctica<\/b><span style=\"font-weight: 400;\"> estos pasos?<\/span><\/li>\n<\/ol>\n<p>&nbsp;<\/p>\n<h3><span style=\"color: #ffa341;\"><b>Tarro o mural de momentos felices<\/b><\/span><\/h3>\n<p><span style=\"font-weight: 400;\">En este caso, cada uno escribe una cosa que le ha hecho feliz ese d\u00eda. Se pueden poner los <\/span><b>peque\u00f1os detalles<\/b><span style=\"font-weight: 400;\"> que dan felicidad, como comer macarrones, escuchar su canci\u00f3n favorita, etc. As\u00ed, ser\u00e1n m\u00e1s conscientes de los aspectos positivos y los tendr\u00e1n m\u00e1s presentes.\u00a0<\/span><\/p>\n<h3><span style=\"color: #ffa341;\"><b>Porque yo lo valgo<\/b><\/span><\/h3>\n<blockquote><p><span style=\"font-weight: 400;\">\u00bfEn qu\u00e9 cosas soy bueno? \u00bfQu\u00e9 se me da bien?<\/span><\/p><\/blockquote>\n<p>&nbsp;<\/p>\n<p><span style=\"font-weight: 400;\">A veces nos enfocamos en pensar que no se nos da nada bien y obviamos todo aquello en lo que destacamos. Si alguno no sabe qu\u00e9 responder, puede preguntar a sus compa\u00f1eros y estos pueden aportar algo de lo que<\/span><b> \u00e9l no sea consciente<\/b><span style=\"font-weight: 400;\">. <\/span><\/p>\n<h3><span style=\"color: #ffa341;\"><b>Cadena de cumplidos\u00a0<\/b><\/span><\/h3>\n<p><span style=\"font-weight: 400;\">Por otra parte, puedes probar a asignar un d\u00eda para que los ni\u00f1os digan a lo largo del d\u00eda <\/span><b>algo que les gusta de uno de sus compa\u00f1eros<\/b><span style=\"font-weight: 400;\">. Una vez que le digan algo bueno, entonces les toca a ellos dec\u00edrselo a otro compa\u00f1ero. As\u00ed, crear\u00e1n una cadena para resaltar las cosas positivas de cada uno.\u00a0<\/span><\/p>\n<h3><span style=\"color: #ffa341;\"><b>Abrir los o\u00eddos\u00a0<\/b><\/span><\/h3>\n<ul>\n<li style=\"font-weight: 400;\" aria-level=\"1\"><span style=\"font-weight: 400;\">\u00bfDe <\/span><b>qu\u00e9 forma hablo<\/b><span style=\"font-weight: 400;\"> a los dem\u00e1s?\u00a0<\/span><\/li>\n<li style=\"font-weight: 400;\" aria-level=\"1\"><span style=\"font-weight: 400;\">\u00bfDigo \u00ab<\/span><b>gracias\u00bb y \u00abpor favor\u00bb<\/b><span style=\"font-weight: 400;\">?\u00a0<\/span><\/li>\n<li style=\"font-weight: 400;\" aria-level=\"1\"><span style=\"font-weight: 400;\">\u00bfUso el<\/span><b> tono adecuado<\/b><span style=\"font-weight: 400;\"> con las personas?\u00a0<\/span><\/li>\n<\/ul>\n<p>&nbsp;<\/p>\n<p><span style=\"font-weight: 400;\">Y es que nuestros comportamientos tambi\u00e9n pueden <\/span><b>afectar en la autoestima de los dem\u00e1s<\/b><span style=\"font-weight: 400;\">, por lo que plantearse estas preguntas tambi\u00e9n puede ser muy importante. Lograr\u00e1n:\u00a0<\/span><\/p>\n<ul>\n<li style=\"font-weight: 400;\" aria-level=\"1\"><span style=\"font-weight: 400;\">Ser conscientes de <\/span><b>c\u00f3mo nos comunicamos<\/b><span style=\"font-weight: 400;\">.<\/span><\/li>\n<li style=\"font-weight: 400;\" aria-level=\"1\"><span style=\"font-weight: 400;\">Entender c\u00f3mo <\/span><b>los dem\u00e1s reciben<\/b><span style=\"font-weight: 400;\"> nuestras palabras.<\/span><\/li>\n<\/ul>\n<p>&nbsp;<\/p>\n<p><span style=\"font-weight: 400;\">En fin, recuerda que es importante que <\/span><b>mantengan estos actos y costumbres en casa<\/b><span style=\"font-weight: 400;\"> con su familia para que el trabajo sea completo y efectivo. Por ello, siempre ser\u00e1 muy provechoso involucrar a las familias en el proceso de desarrollo.\u00a0<\/span><\/p>\n<p><span style=\"font-weight: 400;\">[CtaModule cta_item=\u00bb6208&#8243;]<\/span><\/p>\n<h2><span style=\"color: #ffa341;\"><b>Libros de autoestima ni\u00f1os\u00a0<\/b><\/span><\/h2>\n<p><span style=\"font-weight: 400;\">Por supuesto, existe una gran variedad de <\/span><b>libros sobre la autoestima<\/b><span style=\"font-weight: 400;\"> ni\u00f1os, tanto para\u00a0<\/span><\/p>\n<table>\n<tbody>\n<tr>\n<td><span style=\"font-weight: 400;\">Padres<\/span><\/td>\n<td><span style=\"font-weight: 400;\">Docentes<\/span><\/td>\n<td><span style=\"font-weight: 400;\">Ni\u00f1os<\/span><\/td>\n<\/tr>\n<\/tbody>\n<\/table>\n<p><span style=\"font-weight: 400;\">Estos pueden ser muy \u00fatiles para entender su importancia y el papel de la autoestima en el desarrollo infantil, as\u00ed como para <\/span><b>conocer m\u00e1s estrategias<\/b><span style=\"font-weight: 400;\"> para mejorarla. As\u00ed que aqu\u00ed enumeramos algunos recursos que te pueden ser de ayuda.<\/span><\/p>\n<h3><span style=\"color: #ffa341;\"><b>Libros\u00a0<\/b><\/span><\/h3>\n<ul>\n<li><span style=\"text-decoration: underline;\"><a href=\"https:\/\/www.amazon.es\/Eres-una-estrella-aumenten-autoestima\/dp\/8491647457\/ref=sr_1_1?adgrpid=1307319761830923&amp;hvadid=81707574032661&amp;hvbmt=bb&amp;hvdev=c&amp;hvlocphy=164400&amp;hvnetw=o&amp;hvqmt=b&amp;hvtargid=kwd-81707724361958%3Aloc-170&amp;hydadcr=20938_1844221&amp;keywords=libros+para+la+autoestima+ni%C3%B1os&amp;qid=1705516659&amp;sr=8-1\" target=\"_blank\" rel=\"noopener\"><b><i>Eres una estrella<\/i><\/b><\/a><\/span><\/li>\n<li><span style=\"text-decoration: underline;\"><a href=\"https:\/\/www.amazon.es\/Dibujando-autoestima-conocerte-descubrir-potencial\/dp\/8419421804\/ref=sr_1_8?adgrpid=1307319761830923&amp;hvadid=81707574032661&amp;hvbmt=bb&amp;hvdev=c&amp;hvlocphy=164400&amp;hvnetw=o&amp;hvqmt=b&amp;hvtargid=kwd-81707724361958%3Aloc-170&amp;hydadcr=20938_1844221&amp;keywords=libros+para+la+autoestima+ni%C3%B1os&amp;qid=1705516696&amp;sr=8-8\" target=\"_blank\" rel=\"noopener\"><b><i>Dibujando tu autoestima<\/i><\/b><\/a><\/span><\/li>\n<li><span style=\"text-decoration: underline;\"><a href=\"https:\/\/www.amazon.es\/ni%C3%B1o-seguro-mismo-reforzar-autoestima\/dp\/8491114831\/ref=sr_1_10?adgrpid=1307319761830923&amp;hvadid=81707574032661&amp;hvbmt=bb&amp;hvdev=c&amp;hvlocphy=164400&amp;hvnetw=o&amp;hvqmt=b&amp;hvtargid=kwd-81707724361958%3Aloc-170&amp;hydadcr=20938_1844221&amp;keywords=libros+para+la+autoestima+ni%C3%B1os&amp;qid=1705516696&amp;sr=8-10\" target=\"_blank\" rel=\"noopener\"><b><i>Un ni\u00f1o seguro de s\u00ed mismo<\/i><\/b><\/a><\/span><\/li>\n<li><span style=\"text-decoration: underline;\"><a href=\"https:\/\/www.amazon.es\/libro-ojal%C3%A1-padres-hubieran-le%C3%ADdo\/dp\/8408222430\/ref=pd_sbs_d_sccl_3_3\/261-4604361-1026550?pd_rd_w=9IqBa&amp;content-id=amzn1.sym.5361c8f8-f11e-4bfa-91f1-8c7de1eb4cca&amp;pf_rd_p=5361c8f8-f11e-4bfa-91f1-8c7de1eb4cca&amp;pf_rd_r=WWKRD8443MJ9EK0KJTDV&amp;pd_rd_wg=zYOB7&amp;pd_rd_r=98370fb1-8277-403d-b0d4-14dd8cd23c79&amp;pd_rd_i=8408222430&amp;psc=1\" target=\"_blank\" rel=\"noopener\"><b><i>El libro que ojal\u00e1 tus padres hubieran le\u00eddo<\/i><\/b><\/a><\/span><\/li>\n<\/ul>\n<p>&nbsp;<\/p>\n<h3><span style=\"color: #ffa341;\"><b>Cuentos infantiles\u00a0<\/b><\/span><\/h3>\n<ul>\n<li><span style=\"text-decoration: underline;\"><a href=\"https:\/\/www.guiainfantil.com\/ocio\/cuentos-infantiles\/el-potrillo-cojo-cuento-infantil-sobre-la-superacion-y-la-autoestima\/\" target=\"_blank\" rel=\"noopener\"><b><i>El potrillo cojo<\/i><\/b><\/a><\/span><\/li>\n<li><span style=\"text-decoration: underline;\"><a href=\"https:\/\/www.guiainfantil.com\/ocio\/cuentos-infantiles\/la-historia-de-nadia-cuento-para-ninos-que-no-creen-en-ellos-mismos\/\" target=\"_blank\" rel=\"noopener\"><b><i>La historia de Nadia<\/i><\/b><\/a><\/span><\/li>\n<li><span style=\"text-decoration: underline;\"><a href=\"https:\/\/www.guiainfantil.com\/articulos\/ocio\/cuentos-infantiles\/estrella-de-mar-cuento-infantil-sobre-la-aceptacion-personal\/\" target=\"_blank\" rel=\"noopener\"><b><i>Estrella de mar<\/i><\/b><\/a><\/span><\/li>\n<\/ul>\n<p>&nbsp;<\/p>\n<h3><span style=\"color: #ffa341;\"><b>Programas de educaci\u00f3n emocional<\/b><\/span><\/h3>\n<p><span style=\"font-weight: 400;\">Efectivamente, un buen programa de educaci\u00f3n puede ser fundamental para afianzar todos estos conocimientos y conseguir que tus alumnos <\/span><b>alcancen su mejor versi\u00f3n<\/b><span style=\"font-weight: 400;\">, tanto en la autoestima como en otros \u00e1mbitos del mundo emocional.\u00a0<\/span><\/p>\n<p><span style=\"text-decoration: underline;\"><a href=\"https:\/\/www.vocaeditorial.com\/be-happy\/\"><b>Be Happy<\/b><\/a><\/span><\/p>\n<p><span style=\"font-weight: 400;\">Con los libros de Be Happy, los ni\u00f1os crecer\u00e1n de la mano de actividades formativas \u00fatiles y entretenidas que les ayudar\u00e1n a conocerse a s\u00ed mismos y a <\/span><b>aprender a relacionarse con ellos y con el mundo<\/b><span style=\"font-weight: 400;\">.\u00a0<\/span><\/p>\n<div style=\"position:relative;padding-top:max(60%,326px);height:0;width:100%\"><iframe allow=\"clipboard-write\" sandbox=\"allow-top-navigation allow-top-navigation-by-user-activation allow-downloads allow-scripts allow-same-origin allow-popups allow-modals allow-popups-to-escape-sandbox allow-forms\" allowfullscreen=\"true\" style=\"position:absolute;border:none;width:100%;height:100%;left:0;right:0;top:0;bottom:0;\" src=\"https:\/\/e.issuu.com\/embed.html?d=muestra_l2_be_happy&u=editorialacp\"><\/iframe><\/div>\n<p>&nbsp;<\/p>\n<p><span style=\"font-weight: 400;\">En suma, la autoestima ni\u00f1os puede suponer un <\/span><b>cambio en el futuro de los peque\u00f1os<\/b><span style=\"font-weight: 400;\"> y en su \u00e9xito acad\u00e9mico y profesional, por lo que incorporar pr\u00e1cticas que la fomenten supondr\u00e1 un gran beneficio en su desarrollo.\u00a0<\/span><\/p>\n","protected":false},"excerpt":{"rendered":"<p>En este art\u00edculo, encontrar\u00e1s actividades, libros e indicaciones para cuidar la autoestima ni\u00f1os y animarles a seguir creciendo.<\/p>\n","protected":false},"author":49,"featured_media":8191,"comment_status":"closed","ping_status":"closed","sticky":false,"template":"","format":"standard","meta":{"content-type":"","inline_featured_image":false,"_jetpack_memberships_contains_paid_content":false,"footnotes":""},"tags":[588,600,633],"class_list":["post-8190","post","type-post","status-publish","format-standard","has-post-thumbnail","hentry","category-educacion-emocional","tag-educacion-emocional","tag-emociones","tag-actividades"],"yoast_head":"<!-- This site is optimized with the Yoast SEO plugin v26.6 - https:\/\/yoast.com\/wordpress\/plugins\/seo\/ -->\n<title>Autoestima ni\u00f1os: actividades y libros &#8211; Voca Editorial<\/title>\n<meta name=\"description\" content=\"En este art\u00edculo, encontrar\u00e1s actividades, libros e indicaciones para cuidar la autoestima ni\u00f1os y animarles a seguir creciendo.\" \/>\n<meta name=\"robots\" content=\"index, follow, max-snippet:-1, max-image-preview:large, max-video-preview:-1\" \/>\n<link rel=\"canonical\" href=\"https:\/\/www.vocaeditorial.com\/blog\/autoestima-ninos\/\" \/>\n<meta property=\"og:locale\" content=\"es_ES\" \/>\n<meta property=\"og:type\" content=\"article\" \/>\n<meta property=\"og:title\" content=\"Autoestima ni\u00f1os: actividades y libros &#8211; Voca Editorial\" \/>\n<meta property=\"og:description\" content=\"En este art\u00edculo, encontrar\u00e1s actividades, libros e indicaciones para cuidar la autoestima ni\u00f1os y animarles a seguir creciendo.\" \/>\n<meta property=\"og:url\" content=\"https:\/\/www.vocaeditorial.com\/blog\/autoestima-ninos\/\" \/>\n<meta property=\"og:site_name\" content=\"Voca Editorial\" \/>\n<meta property=\"article:published_time\" content=\"2024-01-18T14:00:23+00:00\" \/>\n<meta property=\"og:image\" content=\"https:\/\/www.vocaeditorial.com\/blog\/media\/autoestima-ninos-scaled.jpg\" \/>\n\t<meta property=\"og:image:width\" content=\"2560\" \/>\n\t<meta property=\"og:image:height\" content=\"1707\" \/>\n\t<meta property=\"og:image:type\" content=\"image\/jpeg\" \/>\n<meta name=\"author\" content=\"VOCA Editorial\" \/>\n<meta name=\"twitter:card\" content=\"summary_large_image\" \/>\n<meta name=\"twitter:label1\" content=\"Escrito por\" \/>\n\t<meta name=\"twitter:data1\" content=\"VOCA Editorial\" \/>\n\t<meta name=\"twitter:label2\" content=\"Tiempo de lectura\" \/>\n\t<meta name=\"twitter:data2\" content=\"5 minutos\" \/>\n<script type=\"application\/ld+json\" class=\"yoast-schema-graph\">{\"@context\":\"https:\/\/schema.org\",\"@graph\":[{\"@type\":\"WebPage\",\"@id\":\"https:\/\/www.vocaeditorial.com\/blog\/autoestima-ninos\/\",\"url\":\"https:\/\/www.vocaeditorial.com\/blog\/autoestima-ninos\/\",\"name\":\"Autoestima ni\u00f1os: actividades y libros &#8211; Voca Editorial\",\"isPartOf\":{\"@id\":\"https:\/\/www.vocaeditorial.com\/blog\/#website\"},\"primaryImageOfPage\":{\"@id\":\"https:\/\/www.vocaeditorial.com\/blog\/autoestima-ninos\/#primaryimage\"},\"image\":{\"@id\":\"https:\/\/www.vocaeditorial.com\/blog\/autoestima-ninos\/#primaryimage\"},\"thumbnailUrl\":\"https:\/\/www.vocaeditorial.com\/blog\/media\/autoestima-ninos-scaled.jpg\",\"datePublished\":\"2024-01-18T14:00:23+00:00\",\"author\":{\"@id\":\"https:\/\/www.vocaeditorial.com\/blog\/#\/schema\/person\/72fba3d6c8a26fba0fee3107fda03438\"},\"description\":\"En este art\u00edculo, encontrar\u00e1s actividades, libros e indicaciones para cuidar la autoestima ni\u00f1os y animarles a seguir creciendo.\",\"breadcrumb\":{\"@id\":\"https:\/\/www.vocaeditorial.com\/blog\/autoestima-ninos\/#breadcrumb\"},\"inLanguage\":\"es\",\"potentialAction\":[{\"@type\":\"ReadAction\",\"target\":[\"https:\/\/www.vocaeditorial.com\/blog\/autoestima-ninos\/\"]}]},{\"@type\":\"ImageObject\",\"inLanguage\":\"es\",\"@id\":\"https:\/\/www.vocaeditorial.com\/blog\/autoestima-ninos\/#primaryimage\",\"url\":\"https:\/\/www.vocaeditorial.com\/blog\/media\/autoestima-ninos-scaled.jpg\",\"contentUrl\":\"https:\/\/www.vocaeditorial.com\/blog\/media\/autoestima-ninos-scaled.jpg\",\"width\":2560,\"height\":1707,\"caption\":\"autoestima ni\u00f1os\"},{\"@type\":\"BreadcrumbList\",\"@id\":\"https:\/\/www.vocaeditorial.com\/blog\/autoestima-ninos\/#breadcrumb\",\"itemListElement\":[{\"@type\":\"ListItem\",\"position\":1,\"name\":\"Portada\",\"item\":\"https:\/\/www.vocaeditorial.com\/blog\/\"},{\"@type\":\"ListItem\",\"position\":2,\"name\":\"Autoestima ni\u00f1os: actividades y libros\"}]},{\"@type\":\"WebSite\",\"@id\":\"https:\/\/www.vocaeditorial.com\/blog\/#website\",\"url\":\"https:\/\/www.vocaeditorial.com\/blog\/\",\"name\":\"Voca Editorial\",\"description\":\"\",\"potentialAction\":[{\"@type\":\"SearchAction\",\"target\":{\"@type\":\"EntryPoint\",\"urlTemplate\":\"https:\/\/www.vocaeditorial.com\/blog\/?s={search_term_string}\"},\"query-input\":{\"@type\":\"PropertyValueSpecification\",\"valueRequired\":true,\"valueName\":\"search_term_string\"}}],\"inLanguage\":\"es\"},{\"@type\":\"Person\",\"@id\":\"https:\/\/www.vocaeditorial.com\/blog\/#\/schema\/person\/72fba3d6c8a26fba0fee3107fda03438\",\"name\":\"VOCA Editorial\",\"image\":{\"@type\":\"ImageObject\",\"inLanguage\":\"es\",\"@id\":\"https:\/\/www.vocaeditorial.com\/blog\/#\/schema\/person\/image\/\",\"url\":\"https:\/\/secure.gravatar.com\/avatar\/137e7a09ea636684fcf1595563ff145c113f07116d7a29acedf3e545ab378ca3?s=96&d=mm&r=g\",\"contentUrl\":\"https:\/\/secure.gravatar.com\/avatar\/137e7a09ea636684fcf1595563ff145c113f07116d7a29acedf3e545ab378ca3?s=96&d=mm&r=g\",\"caption\":\"VOCA Editorial\"},\"url\":\"https:\/\/www.vocaeditorial.com\/blog\/author\/voca-editorial\/\"}]}<\/script>\n<!-- \/ Yoast SEO plugin. -->","yoast_head_json":{"title":"Autoestima ni\u00f1os: actividades y libros &#8211; Voca Editorial","description":"En este art\u00edculo, encontrar\u00e1s actividades, libros e indicaciones para cuidar la autoestima ni\u00f1os y animarles a seguir creciendo.","robots":{"index":"index","follow":"follow","max-snippet":"max-snippet:-1","max-image-preview":"max-image-preview:large","max-video-preview":"max-video-preview:-1"},"canonical":"https:\/\/www.vocaeditorial.com\/blog\/autoestima-ninos\/","og_locale":"es_ES","og_type":"article","og_title":"Autoestima ni\u00f1os: actividades y libros &#8211; Voca Editorial","og_description":"En este art\u00edculo, encontrar\u00e1s actividades, libros e indicaciones para cuidar la autoestima ni\u00f1os y animarles a seguir creciendo.","og_url":"https:\/\/www.vocaeditorial.com\/blog\/autoestima-ninos\/","og_site_name":"Voca Editorial","article_published_time":"2024-01-18T14:00:23+00:00","og_image":[{"width":2560,"height":1707,"url":"https:\/\/www.vocaeditorial.com\/blog\/media\/autoestima-ninos-scaled.jpg","type":"image\/jpeg"}],"author":"VOCA Editorial","twitter_card":"summary_large_image","twitter_misc":{"Escrito por":"VOCA Editorial","Tiempo de lectura":"5 minutos"},"schema":{"@context":"https:\/\/schema.org","@graph":[{"@type":"WebPage","@id":"https:\/\/www.vocaeditorial.com\/blog\/autoestima-ninos\/","url":"https:\/\/www.vocaeditorial.com\/blog\/autoestima-ninos\/","name":"Autoestima ni\u00f1os: actividades y libros &#8211; Voca Editorial","isPartOf":{"@id":"https:\/\/www.vocaeditorial.com\/blog\/#website"},"primaryImageOfPage":{"@id":"https:\/\/www.vocaeditorial.com\/blog\/autoestima-ninos\/#primaryimage"},"image":{"@id":"https:\/\/www.vocaeditorial.com\/blog\/autoestima-ninos\/#primaryimage"},"thumbnailUrl":"https:\/\/www.vocaeditorial.com\/blog\/media\/autoestima-ninos-scaled.jpg","datePublished":"2024-01-18T14:00:23+00:00","author":{"@id":"https:\/\/www.vocaeditorial.com\/blog\/#\/schema\/person\/72fba3d6c8a26fba0fee3107fda03438"},"description":"En este art\u00edculo, encontrar\u00e1s actividades, libros e indicaciones para cuidar la autoestima ni\u00f1os y animarles a seguir creciendo.","breadcrumb":{"@id":"https:\/\/www.vocaeditorial.com\/blog\/autoestima-ninos\/#breadcrumb"},"inLanguage":"es","potentialAction":[{"@type":"ReadAction","target":["https:\/\/www.vocaeditorial.com\/blog\/autoestima-ninos\/"]}]},{"@type":"ImageObject","inLanguage":"es","@id":"https:\/\/www.vocaeditorial.com\/blog\/autoestima-ninos\/#primaryimage","url":"https:\/\/www.vocaeditorial.com\/blog\/media\/autoestima-ninos-scaled.jpg","contentUrl":"https:\/\/www.vocaeditorial.com\/blog\/media\/autoestima-ninos-scaled.jpg","width":2560,"height":1707,"caption":"autoestima ni\u00f1os"},{"@type":"BreadcrumbList","@id":"https:\/\/www.vocaeditorial.com\/blog\/autoestima-ninos\/#breadcrumb","itemListElement":[{"@type":"ListItem","position":1,"name":"Portada","item":"https:\/\/www.vocaeditorial.com\/blog\/"},{"@type":"ListItem","position":2,"name":"Autoestima ni\u00f1os: actividades y libros"}]},{"@type":"WebSite","@id":"https:\/\/www.vocaeditorial.com\/blog\/#website","url":"https:\/\/www.vocaeditorial.com\/blog\/","name":"Voca Editorial","description":"","potentialAction":[{"@type":"SearchAction","target":{"@type":"EntryPoint","urlTemplate":"https:\/\/www.vocaeditorial.com\/blog\/?s={search_term_string}"},"query-input":{"@type":"PropertyValueSpecification","valueRequired":true,"valueName":"search_term_string"}}],"inLanguage":"es"},{"@type":"Person","@id":"https:\/\/www.vocaeditorial.com\/blog\/#\/schema\/person\/72fba3d6c8a26fba0fee3107fda03438","name":"VOCA Editorial","image":{"@type":"ImageObject","inLanguage":"es","@id":"https:\/\/www.vocaeditorial.com\/blog\/#\/schema\/person\/image\/","url":"https:\/\/secure.gravatar.com\/avatar\/137e7a09ea636684fcf1595563ff145c113f07116d7a29acedf3e545ab378ca3?s=96&d=mm&r=g","contentUrl":"https:\/\/secure.gravatar.com\/avatar\/137e7a09ea636684fcf1595563ff145c113f07116d7a29acedf3e545ab378ca3?s=96&d=mm&r=g","caption":"VOCA Editorial"},"url":"https:\/\/www.vocaeditorial.com\/blog\/author\/voca-editorial\/"}]}},"jetpack_featured_media_url":"https:\/\/www.vocaeditorial.com\/blog\/media\/autoestima-ninos-scaled.jpg","jetpack_sharing_enabled":true,"_links":{"self":[{"href":"https:\/\/www.vocaeditorial.com\/blog\/wp-json\/wp\/v2\/posts\/8190","targetHints":{"allow":["GET"]}}],"collection":[{"href":"https:\/\/www.vocaeditorial.com\/blog\/wp-json\/wp\/v2\/posts"}],"about":[{"href":"https:\/\/www.vocaeditorial.com\/blog\/wp-json\/wp\/v2\/types\/post"}],"author":[{"embeddable":true,"href":"https:\/\/www.vocaeditorial.com\/blog\/wp-json\/wp\/v2\/users\/49"}],"replies":[{"embeddable":true,"href":"https:\/\/www.vocaeditorial.com\/blog\/wp-json\/wp\/v2\/comments?post=8190"}],"version-history":[{"count":0,"href":"https:\/\/www.vocaeditorial.com\/blog\/wp-json\/wp\/v2\/posts\/8190\/revisions"}],"wp:featuredmedia":[{"embeddable":true,"href":"https:\/\/www.vocaeditorial.com\/blog\/wp-json\/wp\/v2\/media\/8191"}],"wp:attachment":[{"href":"https:\/\/www.vocaeditorial.com\/blog\/wp-json\/wp\/v2\/media?parent=8190"}],"wp:term":[{"taxonomy":"post_tag","embeddable":true,"href":"https:\/\/www.vocaeditorial.com\/blog\/wp-json\/wp\/v2\/tags?post=8190"}],"curies":[{"name":"wp","href":"https:\/\/api.w.org\/{rel}","templated":true}]}}