{"id":8130,"date":"2023-11-28T15:00:32","date_gmt":"2023-11-28T14:00:32","guid":{"rendered":"https:\/\/www.vocaeditorial.com\/blog\/?p=8130"},"modified":"2023-11-27T09:45:47","modified_gmt":"2023-11-27T08:45:47","slug":"la-ratita-presumida","status":"publish","type":"post","link":"https:\/\/www.vocaeditorial.com\/blog\/la-ratita-presumida\/","title":{"rendered":"La ratita presumida: amar m\u00e1s all\u00e1 de los defectos"},"content":{"rendered":"<p><span style=\"font-weight: 400;\">\u00a0Seguro que ya conoces el cuento de <\/span><i><span style=\"font-weight: 400;\">La ratita presumida<\/span><\/i><span style=\"font-weight: 400;\">, pero \u00bfte has parado a pensar en todas las ense\u00f1anzas que contiene? \u00bfY sus muchas posibilidades en el aula? Te presentamos a la ratita presumida.<\/span><\/p>\n\n<p><span style=\"font-weight: 400;\">[CtaModule cta_item=\u00bb6758&#8243;]<\/span><\/p>\n<p>&nbsp;<\/p>\n<h2><span style=\"color: #ffa341;\"><b>La ratita presumida: \u00bfqu\u00e9 nos ense\u00f1a?<\/b><\/span><\/h2>\n<p><span style=\"font-weight: 400;\">En efecto, <\/span><i><span style=\"font-weight: 400;\">La ratita presumida<\/span><\/i><span style=\"font-weight: 400;\"> es la historia de c\u00f3mo una ratita egoc\u00e9ntrica descubre que lo verdaderamente<\/span><b> importante va m\u00e1s all\u00e1 de las apariencias<\/b><span style=\"font-weight: 400;\"> (\u00a1o de tus ronquidos!). \u00bfQu\u00e9 aprender\u00e1n los ni\u00f1os con esta historia?<\/span><\/p>\n<ul>\n<li style=\"font-weight: 400;\" aria-level=\"1\"><b>Amor <\/b><span style=\"font-weight: 400;\">\u2192 El verdadero amor va m\u00e1s all\u00e1 de las apariencias.<\/span><\/li>\n<li style=\"font-weight: 400;\" aria-level=\"1\"><b>Aceptaci\u00f3n <\/b><span style=\"font-weight: 400;\">\u2192 La ratita acepta al rat\u00f3n tal y como es, aunque ronque.\u00a0<\/span><\/li>\n<li style=\"font-weight: 400;\" aria-level=\"1\"><b>Valent\u00eda <\/b><span style=\"font-weight: 400;\">\u2192 El rat\u00f3n se enfrenta a un malvado gato a pesar del miedo para proteger a la ratita.<\/span><\/li>\n<li style=\"font-weight: 400;\" aria-level=\"1\"><b>Criterio <\/b><span style=\"font-weight: 400;\">\u2192 Hay razones m\u00e1s importantes por las que valorar si quieres a una persona a tu lado, adem\u00e1s de los ruidos que haga al dormir.<\/span><\/li>\n<li style=\"font-weight: 400;\" aria-level=\"1\"><b>Lucha <\/b><span style=\"font-weight: 400;\">\u2192\u00a0 El rat\u00f3n no se rinde ante los muchos admiradores de la ratita, sino que lucha por ella y por su amor.\u00a0<\/span><\/li>\n<\/ul>\n<p>&nbsp;<\/p>\n<p><span style=\"font-weight: 400;\">Es decir, el cuento de la ratita presumida critica los estereotipos y el peligro de prejuzgar a las personas, as\u00ed como quererlas por razones superficiales. Demuestra el <\/span><b>verdadero valor del amor<\/b><span style=\"font-weight: 400;\"> y c\u00f3mo este es capaz de superar cualquier prueba.\u00a0<\/span><\/p>\n<p><span style=\"font-weight: 400;\">\u00bfNo recuerdas la historia completa? Aqu\u00ed<strong> hemos preparado un microrrelato<\/strong>.<\/span><\/p>\n<h2><span style=\"color: #ffa341;\"><b>Microrrelato\u00a0<\/b><\/span><\/h2>\n<p><span style=\"font-weight: 400;\">\u00c9rase una vez una<\/span><b> ratita muy presumida<\/b><span style=\"font-weight: 400;\"> que ten\u00eda muchos admiradores. Todos quer\u00edan casarse con ella.\u00a0<\/span><\/p>\n<p><span style=\"font-weight: 400;\">\u2013Ratita, ratita, <\/span><b>\u00bfquieres casarte conmigo? <\/b><span style=\"font-weight: 400;\">\u2013pregunt\u00f3 el perro.\u00a0<\/span><\/p>\n<p><span style=\"font-weight: 400;\">\u2013Y, por la noche, \u00bfqu\u00e9 ruido har\u00e1s?<\/span><\/p>\n<p><span style=\"font-weight: 400;\">\u2013<\/span><b>\u00a1Guau, guau, guau!\u00a0<\/b><\/p>\n<p><span style=\"font-weight: 400;\">\u2013 <\/span><b>\u00a1Ay, no! Me asustar\u00e1s.\u00a0<\/b><\/p>\n<p><span style=\"font-weight: 400;\">El perro se fue, triste, y un burro que pasaba por all\u00ed le pregunt\u00f3:\u00a0<\/span><\/p>\n<p><span style=\"font-weight: 400;\">\u2013Ratita, ratita, \u00bfquieres casarte conmigo?<\/span><\/p>\n<p><span style=\"font-weight: 400;\">\u2013Y, por la noche, \u00bfqu\u00e9 ruido har\u00e1s?<\/span><\/p>\n<p><span style=\"font-weight: 400;\">\u2013<\/span><b>Hi, haaa, hi, haaa, hi, haaa\u2026<\/b><\/p>\n<p><span style=\"font-weight: 400;\">\u2013 \u00a1Ay, no! Me asustar\u00e1s.\u00a0<\/span><\/p>\n<p><span style=\"font-weight: 400;\">Entonces, un apuesto gato le hizo la misma pregunta y <\/span><b>embauc\u00f3 a la ratita con sus maullidos<\/b><span style=\"font-weight: 400;\">. Acept\u00f3 casarse con \u00e9l, y el gato insisti\u00f3 en prepararle un banquete de bodas.<\/span><\/p>\n<p><span style=\"font-weight: 400;\">Cuando lleg\u00f3, su prometido estaba <\/span><b>preparando el fuego<\/b><span style=\"font-weight: 400;\">, pero no hab\u00eda nada de comida. La ratita se oli\u00f3 que pasaba algo raro y, al preguntarle al gato por la comida, este le respondi\u00f3:\u00a0<\/span><\/p>\n<p><span style=\"font-weight: 400;\">\u2013T\u00fa, peque\u00f1a ratita,<\/span><b> \u00a1ser\u00e1s mi comida!<\/b><\/p>\n<p><span style=\"font-weight: 400;\">Y, en efecto, aquel gato se hubiera comido a la ratita de no haberse <\/span><b>interpuesto de repente un valiente rat\u00f3n<\/b><span style=\"font-weight: 400;\">.\u00a0<\/span><\/p>\n<p><span style=\"font-weight: 400;\">\u2013No tan r\u00e1pido, gato traidor. Antes tendr\u00e1s que v\u00e9rtelas conmigo.<\/span><\/p>\n<p><span style=\"font-weight: 400;\">El gato se rio de su osad\u00eda y se abalanz\u00f3 sobre la ratita. Entonces, el ratoncito tom\u00f3 una rama de la hoguera y<\/span><b> prendi\u00f3 fuego a la cola del gato<\/b><span style=\"font-weight: 400;\">.\u00a0<\/span><\/p>\n<p><span style=\"font-weight: 400;\">\u00a1C\u00f3mo gritaba el gato! Aullando de dolor, <\/span><b>sali\u00f3 huyendo<\/b><span style=\"font-weight: 400;\">. La ratita, emocionada, le pregunt\u00f3 al ratoncito por qu\u00e9 lo hab\u00eda hecho.\u00a0<\/span><\/p>\n<p><span style=\"font-weight: 400;\">\u2013<\/span><b>Lo hice\u2026 porque te quiero.\u00a0<\/b><\/p>\n<p><span style=\"font-weight: 400;\">\u2013Pues contigo me casar\u00e9, ratoncito. <\/span><b>Y si roncas, me dar\u00e1 igual porque s\u00e9 que me quieres de verdad.<\/b><\/p>\n<h2><span style=\"color: #ffa341;\"><b><i>La ratita presumida<\/i><\/b><b>: actividades<\/b><\/span><\/h2>\n<p><span style=\"font-weight: 400;\">A continuaci\u00f3n, ahora que tienes fresca la trama, te traemos <\/span><b>algunas actividades<\/b><span style=\"font-weight: 400;\"> que podr\u00e1s llevar a cabo en clase.\u00a0<\/span><\/p>\n<h3><span style=\"color: #ffa341;\"><b>Animales de la granja y onomatopeyas<\/b><\/span><\/h3>\n<p><span style=\"font-weight: 400;\">Por supuesto, es una excelente oportunidad para repasar el nombre de los animales y sus correspondientes onomatopeyas. Puedes pedirles que hagan una <\/span><b>lista de todos los animales que conocen y el ruido<\/b><span style=\"font-weight: 400;\"> que hacen, para despu\u00e9s ponerlos en com\u00fan con sus compa\u00f1eros. \u00a1Seguro que se saben <\/span><i><span style=\"font-weight: 400;\">muuuuh-<\/span><\/i><span style=\"font-weight: 400;\">chos!<\/span><\/p>\n<h3><span style=\"color: #ffa341;\"><b>Animales de plastilina<\/b><\/span><\/h3>\n<p><span style=\"font-weight: 400;\">Y para trabajar las<\/span><b> capacidades psicomotoras y la creatividad<\/b><span style=\"font-weight: 400;\">, nada mejor que un paquete de plastilina. Construir una granja o la historia de la ratita entre todos puede ser un proyecto de lo m\u00e1s divertido. Despu\u00e9s, se podr\u00e1 exponer para ense\u00f1\u00e1rselo a los dem\u00e1s.<\/span><\/p>\n<h3><span style=\"color: #ffa341;\"><b>Careta de la ratita\u00a0<\/b><\/span><\/h3>\n<p><span style=\"font-weight: 400;\">Asimismo, pueden hacer <\/span><b>caretas de los diferentes animales y crear un teatro con ellas<\/b><span style=\"font-weight: 400;\">, en el que cada uno representa a uno. \u00a1Haz el cuento interactivo! Aqu\u00ed te dejamos una plantilla para la careta de la ratita para que puedan decorarla a su gusto. \u00a1Con lazo y todo!<\/span><\/p>\n<p><span style=\"font-weight: 400;\"><img loading=\"lazy\" decoding=\"async\" class=\"aligncenter wp-image-8132 size-medium_large\" src=\"https:\/\/www.vocaeditorial.com\/blog\/media\/Cuento-la-ratita-presumida-careta-482x385.png\" alt=\"la ratita presumida\" width=\"482\" height=\"385\" srcset=\"https:\/\/www.vocaeditorial.com\/blog\/media\/Cuento-la-ratita-presumida-careta-482x385.png 482w, https:\/\/www.vocaeditorial.com\/blog\/media\/Cuento-la-ratita-presumida-careta-775x619.png 775w, https:\/\/www.vocaeditorial.com\/blog\/media\/Cuento-la-ratita-presumida-careta-990x791.png 990w, https:\/\/www.vocaeditorial.com\/blog\/media\/Cuento-la-ratita-presumida-careta-375x300.png 375w, https:\/\/www.vocaeditorial.com\/blog\/media\/Cuento-la-ratita-presumida-careta.png 1179w\" sizes=\"auto, (max-width: 482px) 100vw, 482px\" \/><\/span><\/p>\n<p style=\"text-align: center;\"><span style=\"font-weight: 400;\">Fuente: Teatro la Paca\u00a0<\/span><\/p>\n<h3><span style=\"color: #ffa341;\"><b>Preguntas de reflexi\u00f3n\u00a0<\/b><\/span><\/h3>\n<p><span style=\"font-weight: 400;\">Como mencion\u00e1bamos, esta historia tiene un trasfondo sobre <\/span><b>qu\u00e9 es el amor y el peligro de dejarse llevar por lo superficial<\/b><span style=\"font-weight: 400;\"> y las apariencias, por lo que puedes aprovechar para proponerles preguntas que les hagan pensar sobre el significado del cuento.\u00a0<\/span><\/p>\n<ul>\n<li><b>\u00bfPor qu\u00e9 crees que la ratita se queda con el rat\u00f3n?<\/b><\/li>\n<li><b>\u00bfPor qu\u00e9 no le hac\u00eda caso al principio?\u00a0<\/b><\/li>\n<li><span style=\"font-weight: 400;\">\u00bfC\u00f3mo demuestra el ratoncito lo que siente por ella?<\/span><\/li>\n<li><span style=\"font-weight: 400;\">\u00bfQu\u00e9 te ha hecho sentir esta historia?<\/span><\/li>\n<\/ul>\n<p>&nbsp;<\/p>\n<p><span style=\"font-weight: 400;\">[CtaModule cta_item=\u00bb5415&#8243;]<\/span><\/p>\n<h2><span style=\"color: #ffa341;\"><b>\u00a1M\u00e1s cuentos!<\/b><\/span><\/h2>\n<p><span style=\"font-weight: 400;\">Y si te ha gustado la ratita presumida, no te puedes perder <\/span><b>todas las historias que te esperan<\/b><span style=\"font-weight: 400;\">. Con<\/span> <span style=\"text-decoration: underline;\"><a href=\"https:\/\/www.vocaeditorial.com\/colorin-colorado\/\" target=\"_blank\" rel=\"noopener\"><b>Color\u00edn Colorado<\/b><\/a><\/span><span style=\"font-weight: 400;\">, alumnos y profes:\u00a0<\/span><\/p>\n<ol>\n<li><b>Viajar\u00e9is a nuevos mundos\u00a0<\/b><\/li>\n<li><b>Conocer\u00e9is personajes<\/b><span style=\"font-weight: 400;\"> maravillosos\u00a0<\/span><\/li>\n<li><b>Descubr\u00e9is la magia<\/b><span style=\"font-weight: 400;\"> de primera mano\u00a0<\/span><\/li>\n<\/ol>\n<p>&nbsp;<\/p>\n<p><span style=\"font-weight: 400;\">Adem\u00e1s, cada cuento tiene<\/span><b> preguntas de comprensi\u00f3n lectora ya preparadas<\/b><span style=\"font-weight: 400;\">, para que llevar la magia al aula sea m\u00e1s f\u00e1cil que nunca. Estas son algunas de sus preciosas ilustraciones.<\/span><\/p>\n<img loading=\"lazy\" decoding=\"async\" width=\"480\" height=\"360\" class=\"size-full wp-image-7800 aligncenter\" src=\"https:\/\/www.vocaeditorial.com\/blog\/media\/GIF-audiocuentos.gif\" alt=\"\" \/>\n<p><span style=\"font-weight: 400;\">Y, si lo que necesitas son<\/span><b> m\u00e1s ideas para utilizarlos en clase<\/b><span style=\"font-weight: 400;\">, aqu\u00ed te dejamos una gu\u00eda con propuestas para cada historia:\u00a0<\/span><\/p>\n<ul>\n<li><span style=\"text-decoration: underline;\"><a href=\"https:\/\/www.vocaeditorial.com\/blog\/la-tortuga-y-la-liebre\/\"><b><i>La tortuga y la liebre<\/i><\/b><\/a><\/span><\/li>\n<li><span style=\"text-decoration: underline;\"><a href=\"https:\/\/www.vocaeditorial.com\/blog\/la-cigarra-y-la-hormiga\/\"><b><i>La cigarra y la hormiga<\/i><\/b><\/a><\/span><\/li>\n<li><span style=\"text-decoration: underline;\"><a href=\"https:\/\/www.vocaeditorial.com\/blog\/cuento-el-soldadito-de-plomo\/\"><b><i>El soldadito de plomo<\/i><\/b><\/a><\/span><\/li>\n<li><span style=\"text-decoration: underline;\"><a href=\"https:\/\/www.vocaeditorial.com\/blog\/cuento-la-bella-y-la-bestia\/\"><b><i>La bella y la bestia<\/i><\/b><\/a><\/span><\/li>\n<li><span style=\"text-decoration: underline;\"><a href=\"https:\/\/www.vocaeditorial.com\/blog\/cuento-blancanieves\/\"><b><i>Blancanieves<\/i><\/b><\/a><\/span><\/li>\n<li><span style=\"text-decoration: underline;\"><a href=\"https:\/\/www.vocaeditorial.com\/blog\/el-traje-nuevo-del-emperador-\/\"><b><i>El traje nuevo del emperador<\/i><\/b><\/a><\/span><\/li>\n<\/ul>\n<p>&nbsp;<\/p>\n<p><span style=\"font-weight: 400;\">Descubre los <\/span><b>cuentos cl\u00e1sicos contados como nunca antes<\/b><span style=\"font-weight: 400;\">:\u00a0<\/span><\/p>\n<table>\n<tbody>\n<tr>\n<td><a href=\"https:\/\/www.vocaeditorial.com\/cuentosclasicos1\/\" target=\"_blank\" rel=\"noopener\"><img loading=\"lazy\" decoding=\"async\" class=\"aligncenter wp-image-6483 size-min_large\" src=\"https:\/\/www.vocaeditorial.com\/blog\/media\/cuentos-clasicos-como-nunca-1-284x317.jpg\" alt=\"cuentos-clasicos-1\" width=\"284\" height=\"317\" srcset=\"https:\/\/www.vocaeditorial.com\/blog\/media\/cuentos-clasicos-como-nunca-1-284x317.jpg 284w, https:\/\/www.vocaeditorial.com\/blog\/media\/cuentos-clasicos-como-nunca-1-590x658.jpg 590w, https:\/\/www.vocaeditorial.com\/blog\/media\/cuentos-clasicos-como-nunca-1-345x385.jpg 345w, https:\/\/www.vocaeditorial.com\/blog\/media\/cuentos-clasicos-como-nunca-1-709x791.jpg 709w, https:\/\/www.vocaeditorial.com\/blog\/media\/cuentos-clasicos-como-nunca-1.jpg 1000w\" sizes=\"auto, (max-width: 284px) 100vw, 284px\" \/><\/a><\/td>\n<td><a href=\"https:\/\/www.vocaeditorial.com\/cuentosclasicos2\/\" target=\"_blank\" rel=\"noopener\"><img loading=\"lazy\" decoding=\"async\" class=\"aligncenter wp-image-6484 size-min_large\" src=\"https:\/\/www.vocaeditorial.com\/blog\/media\/cuentos-clasicos-como-nunca-2-284x317.jpg\" alt=\"\" width=\"284\" height=\"317\" srcset=\"https:\/\/www.vocaeditorial.com\/blog\/media\/cuentos-clasicos-como-nunca-2-284x317.jpg 284w, https:\/\/www.vocaeditorial.com\/blog\/media\/cuentos-clasicos-como-nunca-2-590x658.jpg 590w, https:\/\/www.vocaeditorial.com\/blog\/media\/cuentos-clasicos-como-nunca-2-345x385.jpg 345w, https:\/\/www.vocaeditorial.com\/blog\/media\/cuentos-clasicos-como-nunca-2-709x791.jpg 709w, https:\/\/www.vocaeditorial.com\/blog\/media\/cuentos-clasicos-como-nunca-2.jpg 1000w\" sizes=\"auto, (max-width: 284px) 100vw, 284px\" \/><\/a><\/td>\n<td><a href=\"https:\/\/www.vocaeditorial.com\/cuentosclasicos3\/\" target=\"_blank\" rel=\"noopener\"><img loading=\"lazy\" decoding=\"async\" class=\"aligncenter wp-image-7891 size-medium_large\" src=\"https:\/\/www.vocaeditorial.com\/blog\/media\/Cuentos-clasicos-III-272x385.jpg\" alt=\"\" width=\"272\" height=\"385\" srcset=\"https:\/\/www.vocaeditorial.com\/blog\/media\/Cuentos-clasicos-III-272x385.jpg 272w, https:\/\/www.vocaeditorial.com\/blog\/media\/Cuentos-clasicos-III-465x658.jpg 465w, https:\/\/www.vocaeditorial.com\/blog\/media\/Cuentos-clasicos-III-559x791.jpg 559w, https:\/\/www.vocaeditorial.com\/blog\/media\/Cuentos-clasicos-III-224x317.jpg 224w, https:\/\/www.vocaeditorial.com\/blog\/media\/Cuentos-clasicos-III.jpg 724w\" sizes=\"auto, (max-width: 272px) 100vw, 272px\" \/><\/a><\/td>\n<\/tr>\n<\/tbody>\n<\/table>\n<p><span style=\"font-weight: 400;\">Disponibles en varios formatos:<\/span><\/p>\n<ul>\n<li><b>Audiolibro\u00a0<\/b><\/li>\n<li><b>F\u00edsico\u00a0<\/b><\/li>\n<li><b>Formato <\/b><b><i>ebook\u00a0<\/i><\/b><\/li>\n<\/ul>\n<table>\n<tbody>\n<tr>\n<td><span style=\"font-weight: 400;\">Cuentos Cl\u00e1sicos Como Nunca 1<\/span><\/td>\n<td><a href=\"https:\/\/books.apple.com\/es\/book\/cuentos-cl%C3%A1sicos-como-nunca-i\/id6448310913\"><span style=\"font-weight: 400;\">Apple<\/span><\/a><\/td>\n<td><a href=\"https:\/\/www.kobo.com\/es\/es\/ebook\/cuentos-clasicos-como-nunca-i\"><span style=\"font-weight: 400;\">Kobo<\/span><\/a><\/td>\n<td><span style=\"font-weight: 400;\">Scribd<\/span><\/td>\n<\/tr>\n<tr>\n<td><span style=\"font-weight: 400;\">Cuentos Cl\u00e1sicos Como Nunca 1 con audio<\/span><\/td>\n<td><a href=\"https:\/\/books.apple.com\/es\/book\/cuentos-cl%C3%A1sicos-como-nunca-i-audio-en-castellano\/id6448644543\"><span style=\"font-weight: 400;\">Apple<\/span><\/a><\/td>\n<td><a href=\"https:\/\/www.kobo.com\/es\/es\/ebook\/cuentos-clasicos-como-nunca-i-audio-en-castellano\"><span style=\"font-weight: 400;\">Kobo<\/span><\/a><\/td>\n<td><a href=\"https:\/\/es.scribd.com\/book\/640515024\/Cuentos-clasicos-como-nunca-I-Audio-en-castellano\"><span style=\"font-weight: 400;\">Scribd<\/span><\/a><\/td>\n<\/tr>\n<tr>\n<td><span style=\"font-weight: 400;\">Cuentos Cl\u00e1sicos Como Nunca 2<\/span><\/td>\n<td><a href=\"https:\/\/books.apple.com\/es\/book\/cuentos-cl%C3%A1sicos-como-nunca-ii\/id6448310966\"><span style=\"font-weight: 400;\">Apple<\/span><\/a><\/td>\n<td><a href=\"https:\/\/www.kobo.com\/es\/es\/ebook\/cuentos-clasicos-como-nunca-ii\"><span style=\"font-weight: 400;\">Kobo<\/span><\/a><\/td>\n<td><a href=\"https:\/\/es.scribd.com\/book\/640515168\/Cuentos-Clasicos-Como-Nunca-II\"><span style=\"font-weight: 400;\">Scribd<\/span><\/a><\/td>\n<\/tr>\n<tr>\n<td><span style=\"font-weight: 400;\">Cuentos Cl\u00e1sicos Como Nunca 3<\/span><\/td>\n<td><a href=\"https:\/\/books.apple.com\/es\/book\/cuentos-cl%C3%A1sicos-como-nunca-iii\/id6448644593\"><span style=\"font-weight: 400;\">Apple<\/span><\/a><\/td>\n<td><a href=\"https:\/\/www.kobo.com\/es\/es\/ebook\/cuentos-clasicos-como-nunca-iii\"><span style=\"font-weight: 400;\">Kobo<\/span><\/a><\/td>\n<td><a href=\"https:\/\/es.scribd.com\/book\/641504244\/Cuentos-Clasicos-Como-Nunca-III\"><span style=\"font-weight: 400;\">Scribd<\/span><\/a><\/td>\n<\/tr>\n<tr>\n<td><span style=\"font-weight: 400;\">F\u00e1bulas de Esopo Como Nunca<\/span><\/td>\n<td><a href=\"https:\/\/books.apple.com\/es\/book\/f%C3%A1bulas-de-esopo-como-nunca\/id6448310927\"><span style=\"font-weight: 400;\">Apple<\/span><\/a><\/td>\n<td><a href=\"https:\/\/www.kobo.com\/es\/es\/ebook\/fabulas-de-esopo-como-nunca-4\"><span style=\"font-weight: 400;\">Kobo<\/span><\/a><\/td>\n<td><a href=\"https:\/\/es.scribd.com\/book\/642754300\/Fabulas-de-Esopo-como-nunca\"><span style=\"font-weight: 400;\">Scribd<\/span><\/a><\/td>\n<\/tr>\n<tr>\n<td><span style=\"font-weight: 400;\">F\u00e1bulas de Esopo Como Nunca con audio latino\u00a0<\/span><\/td>\n<td><a href=\"https:\/\/books.apple.com\/es\/book\/f%C3%A1bulas-de-esopo-como-nunca-audio-en-latino\/id6449135502\"><span style=\"font-weight: 400;\">Apple<\/span><\/a><\/td>\n<td><a href=\"https:\/\/www.kobo.com\/es\/es\/ebook\/fabulas-de-esopo-como-nunca-audio-en-latino\"><span style=\"font-weight: 400;\">Kobo<\/span><\/a><\/td>\n<td><a href=\"https:\/\/es.scribd.com\/book\/640515164\/Fabulas-de-Esopo-como-nunca-Audio-en-latino\"><span style=\"font-weight: 400;\">Scribd<\/span><\/a><\/td>\n<\/tr>\n<tr>\n<td><span style=\"font-weight: 400;\">25 cuentos populares de Per\u00fa para crecer juntos<\/span><\/td>\n<td><a href=\"https:\/\/books.apple.com\/es\/book\/25-cuentos-populares-de-per%C3%BA-para-crecer-juntos\/id6448644483\"><span style=\"font-weight: 400;\">Apple<\/span><\/a><\/td>\n<td><a href=\"https:\/\/www.kobo.com\/es\/es\/ebook\/25-cuentos-populares-de-peru-para-crecer-juntos-2\"><span style=\"font-weight: 400;\">Kobo<\/span><\/a><\/td>\n<td><a href=\"https:\/\/es.scribd.com\/book\/641504184\/25-Cuentos-populares-de-Peru-para-crecer-juntos\"><span style=\"font-weight: 400;\">Scribd<\/span><\/a><\/td>\n<\/tr>\n<tr>\n<td><span style=\"font-weight: 400;\">25 cuentos populares de Espa\u00f1a para descubrir su historia<\/span><\/td>\n<td><span style=\"font-weight: 400;\"> \u00a0 <\/span><a href=\"https:\/\/books.apple.com\/es\/book\/25-cuentos-populares-de-espa%C3%B1a-para-descubrir-su-historia\/id6448646506\"><span style=\"font-weight: 400;\">Apple<\/span><\/a><span style=\"font-weight: 400;\">\u00a0<\/span><\/td>\n<td><a href=\"https:\/\/www.kobo.com\/es\/es\/ebook\/25-cuentos-populares-de-espana-para-descubrir-su-historia-1\"><span style=\"font-weight: 400;\">Kobo<\/span><\/a><\/td>\n<td><a href=\"https:\/\/es.scribd.com\/book\/641504204\/25-Cuentos-populares-de-Espana-para-descubrir-su-historia\"><span style=\"font-weight: 400;\">Scribd<\/span><\/a><span style=\"font-weight: 400;\">\u00a0<\/span><\/td>\n<\/tr>\n<tr>\n<td><span style=\"font-weight: 400;\">25 cuentos populares de M\u00e9xico para conocer sus or\u00edgenes<\/span><\/td>\n<td><a href=\"https:\/\/books.apple.com\/es\/book\/25-cuentos-populares-de-m%C3%A9xico-para-conocer-sus-or%C3%ADgenes\/id6448645178\"><span style=\"font-weight: 400;\">Apple<\/span><\/a><\/td>\n<td><a href=\"https:\/\/www.kobo.com\/es\/es\/ebook\/25-cuentos-populares-de-mexico-para-conocer-sus-origenes\"><span style=\"font-weight: 400;\">Kobo<\/span><\/a><span style=\"font-weight: 400;\">\u00a0<\/span><\/td>\n<td><span style=\"font-weight: 400;\">Scribd<\/span><\/td>\n<\/tr>\n<\/tbody>\n<\/table>\n<p>&nbsp;<\/p>\n<p><span style=\"font-weight: 400;\">En suma<\/span><i><span style=\"font-weight: 400;\">, La ratita presumida<\/span><\/i><span style=\"font-weight: 400;\"> es una historia con un gran trasfondo para que los ni\u00f1os reflexionen y descubran, no solo los animales de la magia, sino el<\/span><b> significado del amor y la humildad<\/b><span style=\"font-weight: 400;\">.\u00a0<\/span><\/p>\n","protected":false},"excerpt":{"rendered":"<p>El cuento de la ratita presumida critica los estereotipos y el peligro de prejuzgar a las personas, as\u00ed como quererlas por razones superficiales. Demuestra el verdadero valor del amor y c\u00f3mo este es capaz de superar cualquier prueba. <\/p>\n","protected":false},"author":49,"featured_media":8131,"comment_status":"closed","ping_status":"closed","sticky":false,"template":"","format":"standard","meta":{"content-type":"","inline_featured_image":false,"_jetpack_memberships_contains_paid_content":false,"footnotes":""},"tags":[676,677,672],"class_list":["post-8130","post","type-post","status-publish","format-standard","has-post-thumbnail","hentry","category-cuentos-infantiles","tag-cuentos-con-valores","tag-cuentos-clasicos","tag-cuentos-populares"],"yoast_head":"<!-- This site is optimized with the Yoast SEO plugin v26.6 - https:\/\/yoast.com\/wordpress\/plugins\/seo\/ -->\n<title>La ratita presumida: amar m\u00e1s all\u00e1 de los defectos &#8211; Voca Editorial<\/title>\n<meta name=\"description\" content=\"El cuento de la ratita presumida demuestra el verdadero valor del amor y c\u00f3mo este es capaz de superar cualquier prueba.\" \/>\n<meta name=\"robots\" content=\"index, follow, max-snippet:-1, max-image-preview:large, max-video-preview:-1\" \/>\n<link rel=\"canonical\" href=\"https:\/\/www.vocaeditorial.com\/blog\/la-ratita-presumida\/\" \/>\n<meta property=\"og:locale\" content=\"es_ES\" \/>\n<meta property=\"og:type\" content=\"article\" \/>\n<meta property=\"og:title\" content=\"La ratita presumida: amar m\u00e1s all\u00e1 de los defectos &#8211; Voca Editorial\" \/>\n<meta property=\"og:description\" content=\"El cuento de la ratita presumida demuestra el verdadero valor del amor y c\u00f3mo este es capaz de superar cualquier prueba.\" \/>\n<meta property=\"og:url\" content=\"https:\/\/www.vocaeditorial.com\/blog\/la-ratita-presumida\/\" \/>\n<meta property=\"og:site_name\" content=\"Voca Editorial\" \/>\n<meta property=\"article:published_time\" content=\"2023-11-28T14:00:32+00:00\" \/>\n<meta property=\"og:image\" content=\"https:\/\/www.vocaeditorial.com\/blog\/media\/la-ratita-presumida.jpg\" \/>\n\t<meta property=\"og:image:width\" content=\"908\" \/>\n\t<meta property=\"og:image:height\" content=\"297\" \/>\n\t<meta property=\"og:image:type\" content=\"image\/jpeg\" \/>\n<meta name=\"author\" content=\"VOCA Editorial\" \/>\n<meta name=\"twitter:card\" content=\"summary_large_image\" \/>\n<meta name=\"twitter:label1\" content=\"Escrito por\" \/>\n\t<meta name=\"twitter:data1\" content=\"VOCA Editorial\" \/>\n\t<meta name=\"twitter:label2\" content=\"Tiempo de lectura\" \/>\n\t<meta name=\"twitter:data2\" content=\"6 minutos\" \/>\n<script type=\"application\/ld+json\" class=\"yoast-schema-graph\">{\"@context\":\"https:\/\/schema.org\",\"@graph\":[{\"@type\":\"WebPage\",\"@id\":\"https:\/\/www.vocaeditorial.com\/blog\/la-ratita-presumida\/\",\"url\":\"https:\/\/www.vocaeditorial.com\/blog\/la-ratita-presumida\/\",\"name\":\"La ratita presumida: amar m\u00e1s all\u00e1 de los defectos &#8211; Voca Editorial\",\"isPartOf\":{\"@id\":\"https:\/\/www.vocaeditorial.com\/blog\/#website\"},\"primaryImageOfPage\":{\"@id\":\"https:\/\/www.vocaeditorial.com\/blog\/la-ratita-presumida\/#primaryimage\"},\"image\":{\"@id\":\"https:\/\/www.vocaeditorial.com\/blog\/la-ratita-presumida\/#primaryimage\"},\"thumbnailUrl\":\"https:\/\/www.vocaeditorial.com\/blog\/media\/la-ratita-presumida.jpg\",\"datePublished\":\"2023-11-28T14:00:32+00:00\",\"author\":{\"@id\":\"https:\/\/www.vocaeditorial.com\/blog\/#\/schema\/person\/72fba3d6c8a26fba0fee3107fda03438\"},\"description\":\"El cuento de la ratita presumida demuestra el verdadero valor del amor y c\u00f3mo este es capaz de superar cualquier prueba.\",\"breadcrumb\":{\"@id\":\"https:\/\/www.vocaeditorial.com\/blog\/la-ratita-presumida\/#breadcrumb\"},\"inLanguage\":\"es\",\"potentialAction\":[{\"@type\":\"ReadAction\",\"target\":[\"https:\/\/www.vocaeditorial.com\/blog\/la-ratita-presumida\/\"]}]},{\"@type\":\"ImageObject\",\"inLanguage\":\"es\",\"@id\":\"https:\/\/www.vocaeditorial.com\/blog\/la-ratita-presumida\/#primaryimage\",\"url\":\"https:\/\/www.vocaeditorial.com\/blog\/media\/la-ratita-presumida.jpg\",\"contentUrl\":\"https:\/\/www.vocaeditorial.com\/blog\/media\/la-ratita-presumida.jpg\",\"width\":908,\"height\":297,\"caption\":\"la ratita presumida\"},{\"@type\":\"BreadcrumbList\",\"@id\":\"https:\/\/www.vocaeditorial.com\/blog\/la-ratita-presumida\/#breadcrumb\",\"itemListElement\":[{\"@type\":\"ListItem\",\"position\":1,\"name\":\"Portada\",\"item\":\"https:\/\/www.vocaeditorial.com\/blog\/\"},{\"@type\":\"ListItem\",\"position\":2,\"name\":\"La ratita presumida: amar m\u00e1s all\u00e1 de los defectos\"}]},{\"@type\":\"WebSite\",\"@id\":\"https:\/\/www.vocaeditorial.com\/blog\/#website\",\"url\":\"https:\/\/www.vocaeditorial.com\/blog\/\",\"name\":\"Voca Editorial\",\"description\":\"\",\"potentialAction\":[{\"@type\":\"SearchAction\",\"target\":{\"@type\":\"EntryPoint\",\"urlTemplate\":\"https:\/\/www.vocaeditorial.com\/blog\/?s={search_term_string}\"},\"query-input\":{\"@type\":\"PropertyValueSpecification\",\"valueRequired\":true,\"valueName\":\"search_term_string\"}}],\"inLanguage\":\"es\"},{\"@type\":\"Person\",\"@id\":\"https:\/\/www.vocaeditorial.com\/blog\/#\/schema\/person\/72fba3d6c8a26fba0fee3107fda03438\",\"name\":\"VOCA Editorial\",\"image\":{\"@type\":\"ImageObject\",\"inLanguage\":\"es\",\"@id\":\"https:\/\/www.vocaeditorial.com\/blog\/#\/schema\/person\/image\/\",\"url\":\"https:\/\/secure.gravatar.com\/avatar\/137e7a09ea636684fcf1595563ff145c113f07116d7a29acedf3e545ab378ca3?s=96&d=mm&r=g\",\"contentUrl\":\"https:\/\/secure.gravatar.com\/avatar\/137e7a09ea636684fcf1595563ff145c113f07116d7a29acedf3e545ab378ca3?s=96&d=mm&r=g\",\"caption\":\"VOCA Editorial\"},\"url\":\"https:\/\/www.vocaeditorial.com\/blog\/author\/voca-editorial\/\"}]}<\/script>\n<!-- \/ Yoast SEO plugin. -->","yoast_head_json":{"title":"La ratita presumida: amar m\u00e1s all\u00e1 de los defectos &#8211; Voca Editorial","description":"El cuento de la ratita presumida demuestra el verdadero valor del amor y c\u00f3mo este es capaz de superar cualquier prueba.","robots":{"index":"index","follow":"follow","max-snippet":"max-snippet:-1","max-image-preview":"max-image-preview:large","max-video-preview":"max-video-preview:-1"},"canonical":"https:\/\/www.vocaeditorial.com\/blog\/la-ratita-presumida\/","og_locale":"es_ES","og_type":"article","og_title":"La ratita presumida: amar m\u00e1s all\u00e1 de los defectos &#8211; Voca Editorial","og_description":"El cuento de la ratita presumida demuestra el verdadero valor del amor y c\u00f3mo este es capaz de superar cualquier prueba.","og_url":"https:\/\/www.vocaeditorial.com\/blog\/la-ratita-presumida\/","og_site_name":"Voca Editorial","article_published_time":"2023-11-28T14:00:32+00:00","og_image":[{"width":908,"height":297,"url":"https:\/\/www.vocaeditorial.com\/blog\/media\/la-ratita-presumida.jpg","type":"image\/jpeg"}],"author":"VOCA Editorial","twitter_card":"summary_large_image","twitter_misc":{"Escrito por":"VOCA Editorial","Tiempo de lectura":"6 minutos"},"schema":{"@context":"https:\/\/schema.org","@graph":[{"@type":"WebPage","@id":"https:\/\/www.vocaeditorial.com\/blog\/la-ratita-presumida\/","url":"https:\/\/www.vocaeditorial.com\/blog\/la-ratita-presumida\/","name":"La ratita presumida: amar m\u00e1s all\u00e1 de los defectos &#8211; Voca Editorial","isPartOf":{"@id":"https:\/\/www.vocaeditorial.com\/blog\/#website"},"primaryImageOfPage":{"@id":"https:\/\/www.vocaeditorial.com\/blog\/la-ratita-presumida\/#primaryimage"},"image":{"@id":"https:\/\/www.vocaeditorial.com\/blog\/la-ratita-presumida\/#primaryimage"},"thumbnailUrl":"https:\/\/www.vocaeditorial.com\/blog\/media\/la-ratita-presumida.jpg","datePublished":"2023-11-28T14:00:32+00:00","author":{"@id":"https:\/\/www.vocaeditorial.com\/blog\/#\/schema\/person\/72fba3d6c8a26fba0fee3107fda03438"},"description":"El cuento de la ratita presumida demuestra el verdadero valor del amor y c\u00f3mo este es capaz de superar cualquier prueba.","breadcrumb":{"@id":"https:\/\/www.vocaeditorial.com\/blog\/la-ratita-presumida\/#breadcrumb"},"inLanguage":"es","potentialAction":[{"@type":"ReadAction","target":["https:\/\/www.vocaeditorial.com\/blog\/la-ratita-presumida\/"]}]},{"@type":"ImageObject","inLanguage":"es","@id":"https:\/\/www.vocaeditorial.com\/blog\/la-ratita-presumida\/#primaryimage","url":"https:\/\/www.vocaeditorial.com\/blog\/media\/la-ratita-presumida.jpg","contentUrl":"https:\/\/www.vocaeditorial.com\/blog\/media\/la-ratita-presumida.jpg","width":908,"height":297,"caption":"la ratita presumida"},{"@type":"BreadcrumbList","@id":"https:\/\/www.vocaeditorial.com\/blog\/la-ratita-presumida\/#breadcrumb","itemListElement":[{"@type":"ListItem","position":1,"name":"Portada","item":"https:\/\/www.vocaeditorial.com\/blog\/"},{"@type":"ListItem","position":2,"name":"La ratita presumida: amar m\u00e1s all\u00e1 de los defectos"}]},{"@type":"WebSite","@id":"https:\/\/www.vocaeditorial.com\/blog\/#website","url":"https:\/\/www.vocaeditorial.com\/blog\/","name":"Voca Editorial","description":"","potentialAction":[{"@type":"SearchAction","target":{"@type":"EntryPoint","urlTemplate":"https:\/\/www.vocaeditorial.com\/blog\/?s={search_term_string}"},"query-input":{"@type":"PropertyValueSpecification","valueRequired":true,"valueName":"search_term_string"}}],"inLanguage":"es"},{"@type":"Person","@id":"https:\/\/www.vocaeditorial.com\/blog\/#\/schema\/person\/72fba3d6c8a26fba0fee3107fda03438","name":"VOCA Editorial","image":{"@type":"ImageObject","inLanguage":"es","@id":"https:\/\/www.vocaeditorial.com\/blog\/#\/schema\/person\/image\/","url":"https:\/\/secure.gravatar.com\/avatar\/137e7a09ea636684fcf1595563ff145c113f07116d7a29acedf3e545ab378ca3?s=96&d=mm&r=g","contentUrl":"https:\/\/secure.gravatar.com\/avatar\/137e7a09ea636684fcf1595563ff145c113f07116d7a29acedf3e545ab378ca3?s=96&d=mm&r=g","caption":"VOCA Editorial"},"url":"https:\/\/www.vocaeditorial.com\/blog\/author\/voca-editorial\/"}]}},"jetpack_featured_media_url":"https:\/\/www.vocaeditorial.com\/blog\/media\/la-ratita-presumida.jpg","jetpack_sharing_enabled":true,"_links":{"self":[{"href":"https:\/\/www.vocaeditorial.com\/blog\/wp-json\/wp\/v2\/posts\/8130","targetHints":{"allow":["GET"]}}],"collection":[{"href":"https:\/\/www.vocaeditorial.com\/blog\/wp-json\/wp\/v2\/posts"}],"about":[{"href":"https:\/\/www.vocaeditorial.com\/blog\/wp-json\/wp\/v2\/types\/post"}],"author":[{"embeddable":true,"href":"https:\/\/www.vocaeditorial.com\/blog\/wp-json\/wp\/v2\/users\/49"}],"replies":[{"embeddable":true,"href":"https:\/\/www.vocaeditorial.com\/blog\/wp-json\/wp\/v2\/comments?post=8130"}],"version-history":[{"count":0,"href":"https:\/\/www.vocaeditorial.com\/blog\/wp-json\/wp\/v2\/posts\/8130\/revisions"}],"wp:featuredmedia":[{"embeddable":true,"href":"https:\/\/www.vocaeditorial.com\/blog\/wp-json\/wp\/v2\/media\/8131"}],"wp:attachment":[{"href":"https:\/\/www.vocaeditorial.com\/blog\/wp-json\/wp\/v2\/media?parent=8130"}],"wp:term":[{"taxonomy":"post_tag","embeddable":true,"href":"https:\/\/www.vocaeditorial.com\/blog\/wp-json\/wp\/v2\/tags?post=8130"}],"curies":[{"name":"wp","href":"https:\/\/api.w.org\/{rel}","templated":true}]}}