{"id":8079,"date":"2023-09-26T15:00:35","date_gmt":"2023-09-26T13:00:35","guid":{"rendered":"https:\/\/www.vocaeditorial.com\/blog\/?p=8079"},"modified":"2023-09-26T12:58:51","modified_gmt":"2023-09-26T10:58:51","slug":"fabulas-cortas-de-esopo","status":"publish","type":"post","link":"https:\/\/www.vocaeditorial.com\/blog\/fabulas-cortas-de-esopo\/","title":{"rendered":"F\u00e1bulas cortas de Esopo: su valor did\u00e1ctico"},"content":{"rendered":"<p><span style=\"font-weight: 400;\">Las f\u00e1bulas cortas de Esopo cuentan con un elemento clave: <\/span><b>las moralejas<\/b><span style=\"font-weight: 400;\">. Son una enorme fuente de ense\u00f1anzas y descubrimientos que pueden ser de ayuda a los ni\u00f1os en su desarrollo. \u00bfQuieres saber c\u00f3mo potenciar este valor did\u00e1ctico de las f\u00e1bulas? Sigue leyendo.<\/span><\/p>\n\n<p><span style=\"font-weight: 400;\">[CtaModule cta_item=\u00bb6733&#8243;]<\/span><\/p>\n<p>&nbsp;<\/p>\n<h2><span style=\"color: #ffa341;\"><b>F\u00e1bulas cortas de Esopo: \u00bfqu\u00e9 aportan?<\/b><\/span><\/h2>\n<p><span style=\"font-weight: 400;\">El factor did\u00e1ctico de las f\u00e1bulas hace de ellas una gran herramienta en la educaci\u00f3n de los m\u00e1s peque\u00f1os. Sus moralejas les acompa\u00f1ar\u00e1n durante toda su vida, gracias a su <\/span><b>explicaci\u00f3n con ejemplos pr\u00e1cticos en la vida de los animales <\/b><span style=\"font-weight: 400;\">que las protagonizan.\u00a0<\/span><\/p>\n<p><span style=\"font-weight: 400;\">\u00bfQu\u00e9 les pueden<\/span><b> aportar las <\/b><a href=\"https:\/\/www.vocaeditorial.com\/blog\/15-fabulas-de-esopo-para-ninos\/\" target=\"_blank\" rel=\"noopener\"><b><span style=\"text-decoration: underline;\">f\u00e1bulas cortas de Esopo<\/span><\/b><\/a><span style=\"font-weight: 400;\">?<\/span><\/p>\n<ul>\n<li style=\"font-weight: 400;\" aria-level=\"1\"><span style=\"font-weight: 400;\">Valores\u00a0<\/span><\/li>\n<li style=\"font-weight: 400;\" aria-level=\"1\"><span style=\"font-weight: 400;\">Educaci\u00f3n emocional\u00a0<\/span><\/li>\n<li style=\"font-weight: 400;\" aria-level=\"1\"><span style=\"font-weight: 400;\">Empat\u00eda\u00a0<\/span><\/li>\n<li style=\"font-weight: 400;\" aria-level=\"1\"><span style=\"font-weight: 400;\">Desarrollo del mundo interior<\/span><\/li>\n<li style=\"font-weight: 400;\" aria-level=\"1\"><span style=\"font-weight: 400;\">Entretenimiento\u00a0<\/span><\/li>\n<\/ul>\n<p><span style=\"font-weight: 400;\">As\u00ed, adem\u00e1s, les ser\u00e1 mucho m\u00e1s f\u00e1cil <\/span><b>comprender el mensaje <\/b><span style=\"font-weight: 400;\">que transmite la historia y, a su vez, continuar alimentando su esp\u00edritu infantil.<\/span><\/p>\n<h2><span style=\"color: #ffa341;\"><b>Descubrir la moraleja de cada f\u00e1bula<\/b><\/span><\/h2>\n<p><span style=\"font-weight: 400;\">Efectivamente, las formas de poner en pr\u00e1ctica todas las ense\u00f1anzas que ofrecen las f\u00e1bulas son infinitas. Sin embargo, la mejor forma de aprender es siempre <\/span><b>mediante la pr\u00e1ctica<\/b><span style=\"font-weight: 400;\">.\u00a0<\/span><\/p>\n<p><span style=\"font-weight: 400;\">Por ello, te proponemos una actividad con las f\u00e1bulas cortas de Esopo<\/span> <span style=\"font-weight: 400;\">basada en <\/span><b>comprender y aplicar.<\/b><\/p>\n<p><span style=\"font-weight: 400;\">\u00bfCu\u00e1les son los pasos que seguir?<\/span><\/p>\n<ol>\n<li style=\"font-weight: 400;\" aria-level=\"1\"><b>Leer una f\u00e1bula<\/b><span style=\"font-weight: 400;\">, pero sin leer la moraleja final\u00a0<\/span><\/li>\n<li style=\"font-weight: 400;\" aria-level=\"1\"><span style=\"font-weight: 400;\">Pedir a los ni\u00f1os que piensen<\/span><b> cu\u00e1l creen que es la moraleja<\/b><span style=\"font-weight: 400;\">\u00a0<\/span><\/li>\n<li style=\"font-weight: 400;\" aria-level=\"1\"><b>Ponerla en pr\u00e1ctica<\/b><span style=\"font-weight: 400;\"> durante esa semana\u00a0<\/span><\/li>\n<\/ol>\n<p><span style=\"font-weight: 400;\">Con esta din\u00e1mica, conseguir\u00e1s que los ni\u00f1os reflexionen sobre el mensaje de la historia e <\/span><b>interpreten las acciones y sus repercusiones<\/b><span style=\"font-weight: 400;\"> en los personajes.\u00a0<\/span><\/p>\n<p><span style=\"font-weight: 400;\">Y como la mejor forma de mantener un acto es mediante el h\u00e1bito, intentar aplicar la moraleja durante esa semana har\u00e1 que <\/span><b>lleven las ense\u00f1anzas de la historia a su vida diaria<\/b><span style=\"font-weight: 400;\">.\u00a0<\/span><\/p>\n<p><span style=\"font-weight: 400;\">Estas son algunas <\/span><b>f\u00e1bulas que puedes utilizar<\/b><span style=\"font-weight: 400;\"> para la actividad. Primero deb\u00e9is leerlas en voz alta y debatir sobre sus posibles lecciones vitales. Despu\u00e9s, \u00a1llega la hora de aplicar lo aprendido!<\/span><\/p>\n<h3><span style=\"color: #ffa341;\"><a style=\"color: #ffa341;\" href=\"https:\/\/www.vocaeditorial.com\/blog\/la-tortuga-y-la-liebre\/\" target=\"_blank\" rel=\"noopener\"><b><i>La liebre y la tortuga<\/i><\/b><\/a><\/span><\/h3>\n<blockquote><p><span style=\"font-weight: 400;\">De poco vale el talento sin esfuerzo<\/span><\/p><\/blockquote>\n<p>&nbsp;<\/p>\n<p><span style=\"font-weight: 400;\">Esta es la moraleja de esta f\u00e1bula, por lo que pueden utilizar la semana para reflexionar sobre:<\/span><\/p>\n<ul>\n<li style=\"font-weight: 400;\" aria-level=\"1\"><span style=\"font-weight: 400;\">Recompensa del <\/span><b>trabajo duro\u00a0<\/b><\/li>\n<li style=\"font-weight: 400;\" aria-level=\"1\"><span style=\"font-weight: 400;\">El <\/span><b>camino f\u00e1cil no es siempre el mejor\u00a0<\/b><\/li>\n<\/ul>\n<p><span style=\"font-weight: 400;\">Una actividad que pueden realizar para aplicarlo es una<\/span><b> carrera de obst\u00e1culos<\/b><span style=\"font-weight: 400;\">. Con ella ver\u00e1n que, aunque haya dificultades en el camino, con el esfuerzo necesario uno obtiene su recompensa.\u00a0<\/span><\/p>\n<p><span style=\"font-weight: 400;\">Pero, por supuesto, la idea es que esta ense\u00f1anza no se quede solo en la carrera, sino que deben tenerla presente durante esa semana: cuando se<\/span><b> enfrenten a un ejercicio complicado, a leer un texto largo<\/b><span style=\"font-weight: 400;\"> o a cualquier reto.<\/span><\/p>\n<p><span style=\"font-weight: 400;\">Una vez conseguido, antes de tirar la toalla, a partir de ahora se <\/span><b>parar\u00e1n y pensar\u00e1n en esta lecci\u00f3n<\/b><span style=\"font-weight: 400;\">.<\/span><\/p>\n<h3><span style=\"color: #ffa341;\"><a style=\"color: #ffa341;\" href=\"https:\/\/www.vocaeditorial.com\/blog\/la-cigarra-y-la-hormiga\/\" target=\"_blank\" rel=\"noopener\"><b><i>La cigarra y la hormiga<\/i><\/b><\/a><\/span><\/h3>\n<p><span style=\"font-weight: 400;\">La <\/span><b>lecci\u00f3n de esta segunda f\u00e1bula <\/b><span style=\"font-weight: 400;\">es:\u00a0<\/span><\/p>\n<blockquote><p><span style=\"font-weight: 400;\">No dejes para ma\u00f1ana lo que puedas hacer hoy<\/span><\/p><\/blockquote>\n<p>&nbsp;<\/p>\n<p><span style=\"font-weight: 400;\">Con esta historia ver\u00e1n:<\/span><\/p>\n<ul>\n<li style=\"font-weight: 400;\" aria-level=\"1\"><span style=\"font-weight: 400;\">Los <\/span><b>peligros de la <\/b><span style=\"text-decoration: underline;\"><a href=\"https:\/\/jefferson.edu.co\/que-tus-hijos-derroten-la-procrastinacion-es-mas-facil-de-lo-que-piensas\/\" target=\"_blank\" rel=\"noopener\"><b>procrastinaci\u00f3n<\/b><\/a><\/span><\/li>\n<li style=\"font-weight: 400;\" aria-level=\"1\"><span style=\"font-weight: 400;\">La importancia de<\/span><b> escuchar los consejos <\/b><span style=\"font-weight: 400;\">ajenos\u00a0<\/span><\/li>\n<li style=\"font-weight: 400;\" aria-level=\"1\"><span style=\"font-weight: 400;\">El<\/span><b> trabajo de hoy es la recompensa<\/b><span style=\"font-weight: 400;\"> de ma\u00f1ana\u00a0<\/span><\/li>\n<\/ul>\n<p><span style=\"font-weight: 400;\">\u00bfQu\u00e9 pueden hacer para representarlo? <\/span><b>Plantar lentejas en un vaso de yogur<\/b><span style=\"font-weight: 400;\">. Su tarea durante esa semana ser\u00e1 regarla y cuidarla, de tal forma que en un tiempo vean los frutos de su trabajo.\u00a0<\/span><\/p>\n<h3><span style=\"color: #ffa341;\"><b><i>El caballo y el asno<\/i><\/b><\/span><\/h3>\n<blockquote><p><span style=\"font-weight: 400;\">Cuando ayudas a los dem\u00e1s, tu propio bien cosechar\u00e1s<\/span><\/p><\/blockquote>\n<p>&nbsp;<\/p>\n<p><span style=\"font-weight: 400;\">Esta lecci\u00f3n habla de <\/span><b>generosidad, compa\u00f1erismo, empat\u00eda y trabajo en equipo<\/b><span style=\"font-weight: 400;\">.\u00a0<\/span><\/p>\n<p><span style=\"font-weight: 400;\">Y es que las cosas siempre son m\u00e1s f\u00e1ciles entre varios. Esto lo descubrir\u00e1n durante su <\/span><b>carrera con mochilas de peso.<\/b><span style=\"font-weight: 400;\">\u00a0<\/span><\/p>\n<p><span style=\"font-weight: 400;\">Al correr con toda la carga, se cansar\u00e1n pronto y no podr\u00e1n conseguir el objetivo. Sin embargo, si <\/span><b>reparten el peso entre varias mochilas<\/b><span style=\"font-weight: 400;\">, ser\u00e1n capaces de llegar todos juntos a la meta.\u00a0<\/span><\/p>\n<p><span style=\"font-weight: 400;\">Esto puede ser especialmente \u00fatil, por ejemplo, a la hora de<\/span><b> realizar trabajos en grupo<\/b><span style=\"font-weight: 400;\">. Se acab\u00f3 el trabajo en el que uno hace todo y los dem\u00e1s miran: con esta f\u00e1bula corta de Esopo descubrir\u00e1n que repartir la carga les beneficia a todos.<\/span><\/p>\n<h3><span style=\"color: #ffa341;\"><b><i>El lobo disfrazado de cordero<\/i><\/b><\/span><\/h3>\n<p><span style=\"font-weight: 400;\">Esta famosa f\u00e1bula muestra que\u00a0<\/span><\/p>\n<blockquote><p><span style=\"font-weight: 400;\">Quien muchas trampas hace, termina por caer en ellas<\/span><\/p><\/blockquote>\n<p>&nbsp;<\/p>\n<p><span style=\"font-weight: 400;\">En definitiva, las mentiras y el enga\u00f1o siempre se vuelven en nuestra contra. As\u00ed que esta ser\u00e1 una semana enfocada en la <\/span><b>honestidad, el valor de la verdad y la confianza<\/b><span style=\"font-weight: 400;\">.\u00a0<\/span><\/p>\n<p><span style=\"font-weight: 400;\">Como juego, pueden realizar un<\/span><b> teatro con m\u00e1scaras de la historia <\/b><span style=\"font-weight: 400;\">para que, al igual que el lobo, vean las consecuencias del enga\u00f1o.\u00a0<\/span><\/p>\n<p><span style=\"font-weight: 400;\">Deben estar <\/span><b>atentos a sus interacciones con los dem\u00e1s<\/b><span style=\"font-weight: 400;\"> y preguntarse:\u00a0<\/span><\/p>\n<ul>\n<li aria-level=\"1\"><b>\u00bfSoy sincero con mis amigos?<\/b><\/li>\n<li aria-level=\"1\"><span style=\"font-weight: 400;\">\u00bfEn qu\u00e9 momentos miento?<\/span><\/li>\n<li aria-level=\"1\"><span style=\"font-weight: 400;\">\u00bfCon qu\u00e9 fines lo hago?\u00a0<\/span><\/li>\n<\/ul>\n<p><span style=\"font-weight: 400;\">As\u00ed ser\u00e1n <\/span><b>conscientes de cu\u00e1ndo y para qu\u00e9 utilizan la mentira<\/b><span style=\"font-weight: 400;\">, adem\u00e1s de que a lo mejor hay veces que recurren a ella sin ser siquiera conscientes. <\/span><\/p>\n<p><span style=\"font-weight: 400;\">[CtaModule cta_item=\u00bb5415&#8243;]<\/span><\/p>\n<p><span style=\"font-weight: 400;\">En definitiva, estas <\/span><b>din\u00e1micas que proponemos se basar\u00edan <\/b><span style=\"font-weight: 400;\">en tres pasos:<\/span><\/p>\n<ol>\n<li style=\"font-weight: 400;\" aria-level=\"1\"><span style=\"font-weight: 400;\">Lo veo en el texto<\/span><\/li>\n<li style=\"font-weight: 400;\" aria-level=\"1\"><span style=\"font-weight: 400;\">Lo extrapolo a otras situaciones\u00a0<\/span><\/li>\n<li style=\"font-weight: 400;\" aria-level=\"1\"><span style=\"font-weight: 400;\">Reflexiono sobre mi propio comportamiento en el d\u00eda a d\u00eda<\/span><\/li>\n<\/ol>\n<p><span style=\"font-weight: 400;\">Con ello, <\/span><b>traer\u00e1n las ense\u00f1anzas de las f\u00e1bulas cortas de Esopo a su vida cotidiana<\/b><span style=\"font-weight: 400;\">, y ser\u00e1n m\u00e1s conscientes de su propio actuar. Y es que ya lo dec\u00eda Arist\u00f3teles: la virtud se trabaja mediante el h\u00e1bito.<\/span><\/p>\n<h2><span style=\"color: #ffa341;\"><b>M\u00e1s f\u00e1bulas cortas de Esopo<\/b><\/span><\/h2>\n<p><span style=\"font-weight: 400;\">Pero el juego no termina aqu\u00ed. El mundo de las f\u00e1bulas de Esopo es enorme y <\/span><b>puedes utilizar muchas otras <\/b><span style=\"font-weight: 400;\">para las din\u00e1micas.<\/span><\/p>\n<ul>\n<li style=\"font-weight: 400;\" aria-level=\"1\"><i><span style=\"font-weight: 400;\">El le\u00f3n y el rat\u00f3n<\/span><\/i><\/li>\n<li style=\"font-weight: 400;\" aria-level=\"1\"><i><span style=\"font-weight: 400;\">El \u00e1varo\u00a0<\/span><\/i><\/li>\n<li style=\"font-weight: 400;\" aria-level=\"1\"><i><span style=\"font-weight: 400;\">El cuervo y la jarra<\/span><\/i><\/li>\n<li style=\"font-weight: 400;\" aria-level=\"1\"><i><span style=\"font-weight: 400;\">El pastor y el lobo<\/span><\/i><\/li>\n<\/ul>\n<p><span style=\"font-weight: 400;\">Adem\u00e1s, no se limita al desarrollo de las virtudes, sino que tambi\u00e9n pueden aplicarse a diferentes \u00e1mbitos: <\/span><b>comprensi\u00f3n lectora, valores, <\/b><span style=\"text-decoration: underline;\"><a href=\"https:\/\/www.vocaeditorial.com\/blog\/fabulas-de-esopo-cortas\/\" target=\"_blank\" rel=\"noopener\"><b>juegos<\/b><\/a><\/span><b>, creatividad, compa\u00f1erismo<\/b><span style=\"font-weight: 400;\">, etc.\u00a0<\/span><\/p>\n<p><span style=\"font-weight: 400;\">En la recopilaci\u00f3n de<\/span> <span style=\"text-decoration: underline;\"><a href=\"https:\/\/www.vocaeditorial.com\/colorin-colorado\/fabulas-de-esopo-como-nunca\/\" target=\"_blank\" rel=\"noopener\"><b><i>25 f\u00e1bulas de Esopo como nunca<\/i><\/b><\/a><\/span><span style=\"font-weight: 400;\">, encontrar\u00e1s multitud de historias para trabajar con tus alumnos de manera sencilla y eficaz gracias a su variedad de formatos:<\/span><\/p>\n<table>\n<tbody>\n<tr>\n<td><span style=\"text-decoration: underline;\"><a href=\"https:\/\/www.vocaeditorial.com\/colorin-colorado\/fabulas-de-esopo-como-nunca\/\" target=\"_blank\" rel=\"noopener\"><b>\u00c1lbum ilustrado<\/b><\/a><b>\u00a0<\/b><\/span><\/td>\n<td><b><i>Ebook\u00a0<\/i><\/b><\/td>\n<td><span style=\"text-decoration: underline;\"><a href=\"https:\/\/open.spotify.com\/album\/6eWW9r57gJwLM81FJmb86X?si=mHd2K2KFSlGKwK-7dartHw\" target=\"_blank\" rel=\"noopener\"><b>Audiocuento\u00a0<\/b><\/a><\/span><\/td>\n<\/tr>\n<\/tbody>\n<\/table>\n<p><span style=\"font-weight: 400;\">En suma, <\/span><b>las f\u00e1bulas cortas de Esopo <\/b><span style=\"font-weight: 400;\">no tienen por qu\u00e9 quedarse en la lectura, sino que pueden aplicarse a la vida real de los alumnos. \u00bfTe atreves a dar vida a sus ense\u00f1anzas?<\/span><\/p>\n","protected":false},"excerpt":{"rendered":"<p>Las formas de poner en pr\u00e1ctica todas las ense\u00f1anzas que ofrecen las f\u00e1bulas son infinitas. Sin embargo, la mejor forma de aprender es siempre mediante la pr\u00e1ctica.\u00a0<\/p>\n","protected":false},"author":49,"featured_media":8080,"comment_status":"closed","ping_status":"closed","sticky":false,"template":"","format":"standard","meta":{"content-type":"","inline_featured_image":false,"_jetpack_memberships_contains_paid_content":false,"footnotes":""},"tags":[585,597,604,605],"class_list":["post-8079","post","type-post","status-publish","format-standard","has-post-thumbnail","hentry","category-cuentos-infantiles","tag-aprendizaje-significativo","tag-storytelling","tag-lecturas-para-ninos","tag-fabulas-de-esopo"],"yoast_head":"<!-- This site is optimized with the Yoast SEO plugin v26.6 - https:\/\/yoast.com\/wordpress\/plugins\/seo\/ -->\n<title>F\u00e1bulas cortas de Esopo: su valor did\u00e1ctico &#8211; Voca Editorial<\/title>\n<meta name=\"description\" content=\"El factor did\u00e1ctico de las f\u00e1bulas cortas de Esopo hace que sus moralejas les acompa\u00f1en durante toda su vida.\" \/>\n<meta name=\"robots\" content=\"index, follow, max-snippet:-1, max-image-preview:large, max-video-preview:-1\" \/>\n<link rel=\"canonical\" href=\"https:\/\/www.vocaeditorial.com\/blog\/fabulas-cortas-de-esopo\/\" \/>\n<meta property=\"og:locale\" content=\"es_ES\" \/>\n<meta property=\"og:type\" content=\"article\" \/>\n<meta property=\"og:title\" content=\"F\u00e1bulas cortas de Esopo: su valor did\u00e1ctico &#8211; Voca Editorial\" \/>\n<meta property=\"og:description\" content=\"El factor did\u00e1ctico de las f\u00e1bulas cortas de Esopo hace que sus moralejas les acompa\u00f1en durante toda su vida.\" \/>\n<meta property=\"og:url\" content=\"https:\/\/www.vocaeditorial.com\/blog\/fabulas-cortas-de-esopo\/\" \/>\n<meta property=\"og:site_name\" content=\"Voca Editorial\" \/>\n<meta property=\"article:published_time\" content=\"2023-09-26T13:00:35+00:00\" \/>\n<meta property=\"og:image\" content=\"https:\/\/www.vocaeditorial.com\/blog\/media\/fabulas-cortas-de-esopo-scaled.jpeg\" \/>\n\t<meta property=\"og:image:width\" content=\"2560\" \/>\n\t<meta property=\"og:image:height\" content=\"1709\" \/>\n\t<meta property=\"og:image:type\" content=\"image\/jpeg\" \/>\n<meta name=\"author\" content=\"VOCA Editorial\" \/>\n<meta name=\"twitter:card\" content=\"summary_large_image\" \/>\n<meta name=\"twitter:label1\" content=\"Escrito por\" \/>\n\t<meta name=\"twitter:data1\" content=\"VOCA Editorial\" \/>\n\t<meta name=\"twitter:label2\" content=\"Tiempo de lectura\" \/>\n\t<meta name=\"twitter:data2\" content=\"5 minutos\" \/>\n<script type=\"application\/ld+json\" class=\"yoast-schema-graph\">{\"@context\":\"https:\/\/schema.org\",\"@graph\":[{\"@type\":\"WebPage\",\"@id\":\"https:\/\/www.vocaeditorial.com\/blog\/fabulas-cortas-de-esopo\/\",\"url\":\"https:\/\/www.vocaeditorial.com\/blog\/fabulas-cortas-de-esopo\/\",\"name\":\"F\u00e1bulas cortas de Esopo: su valor did\u00e1ctico &#8211; Voca Editorial\",\"isPartOf\":{\"@id\":\"https:\/\/www.vocaeditorial.com\/blog\/#website\"},\"primaryImageOfPage\":{\"@id\":\"https:\/\/www.vocaeditorial.com\/blog\/fabulas-cortas-de-esopo\/#primaryimage\"},\"image\":{\"@id\":\"https:\/\/www.vocaeditorial.com\/blog\/fabulas-cortas-de-esopo\/#primaryimage\"},\"thumbnailUrl\":\"https:\/\/www.vocaeditorial.com\/blog\/media\/fabulas-cortas-de-esopo-scaled.jpeg\",\"datePublished\":\"2023-09-26T13:00:35+00:00\",\"author\":{\"@id\":\"https:\/\/www.vocaeditorial.com\/blog\/#\/schema\/person\/72fba3d6c8a26fba0fee3107fda03438\"},\"description\":\"El factor did\u00e1ctico de las f\u00e1bulas cortas de Esopo hace que sus moralejas les acompa\u00f1en durante toda su vida.\",\"breadcrumb\":{\"@id\":\"https:\/\/www.vocaeditorial.com\/blog\/fabulas-cortas-de-esopo\/#breadcrumb\"},\"inLanguage\":\"es\",\"potentialAction\":[{\"@type\":\"ReadAction\",\"target\":[\"https:\/\/www.vocaeditorial.com\/blog\/fabulas-cortas-de-esopo\/\"]}]},{\"@type\":\"ImageObject\",\"inLanguage\":\"es\",\"@id\":\"https:\/\/www.vocaeditorial.com\/blog\/fabulas-cortas-de-esopo\/#primaryimage\",\"url\":\"https:\/\/www.vocaeditorial.com\/blog\/media\/fabulas-cortas-de-esopo-scaled.jpeg\",\"contentUrl\":\"https:\/\/www.vocaeditorial.com\/blog\/media\/fabulas-cortas-de-esopo-scaled.jpeg\",\"width\":2560,\"height\":1709,\"caption\":\"fabulas cortas de esopo\"},{\"@type\":\"BreadcrumbList\",\"@id\":\"https:\/\/www.vocaeditorial.com\/blog\/fabulas-cortas-de-esopo\/#breadcrumb\",\"itemListElement\":[{\"@type\":\"ListItem\",\"position\":1,\"name\":\"Portada\",\"item\":\"https:\/\/www.vocaeditorial.com\/blog\/\"},{\"@type\":\"ListItem\",\"position\":2,\"name\":\"F\u00e1bulas cortas de Esopo: su valor did\u00e1ctico\"}]},{\"@type\":\"WebSite\",\"@id\":\"https:\/\/www.vocaeditorial.com\/blog\/#website\",\"url\":\"https:\/\/www.vocaeditorial.com\/blog\/\",\"name\":\"Voca Editorial\",\"description\":\"\",\"potentialAction\":[{\"@type\":\"SearchAction\",\"target\":{\"@type\":\"EntryPoint\",\"urlTemplate\":\"https:\/\/www.vocaeditorial.com\/blog\/?s={search_term_string}\"},\"query-input\":{\"@type\":\"PropertyValueSpecification\",\"valueRequired\":true,\"valueName\":\"search_term_string\"}}],\"inLanguage\":\"es\"},{\"@type\":\"Person\",\"@id\":\"https:\/\/www.vocaeditorial.com\/blog\/#\/schema\/person\/72fba3d6c8a26fba0fee3107fda03438\",\"name\":\"VOCA Editorial\",\"image\":{\"@type\":\"ImageObject\",\"inLanguage\":\"es\",\"@id\":\"https:\/\/www.vocaeditorial.com\/blog\/#\/schema\/person\/image\/\",\"url\":\"https:\/\/secure.gravatar.com\/avatar\/137e7a09ea636684fcf1595563ff145c113f07116d7a29acedf3e545ab378ca3?s=96&d=mm&r=g\",\"contentUrl\":\"https:\/\/secure.gravatar.com\/avatar\/137e7a09ea636684fcf1595563ff145c113f07116d7a29acedf3e545ab378ca3?s=96&d=mm&r=g\",\"caption\":\"VOCA Editorial\"},\"url\":\"https:\/\/www.vocaeditorial.com\/blog\/author\/voca-editorial\/\"}]}<\/script>\n<!-- \/ Yoast SEO plugin. -->","yoast_head_json":{"title":"F\u00e1bulas cortas de Esopo: su valor did\u00e1ctico &#8211; Voca Editorial","description":"El factor did\u00e1ctico de las f\u00e1bulas cortas de Esopo hace que sus moralejas les acompa\u00f1en durante toda su vida.","robots":{"index":"index","follow":"follow","max-snippet":"max-snippet:-1","max-image-preview":"max-image-preview:large","max-video-preview":"max-video-preview:-1"},"canonical":"https:\/\/www.vocaeditorial.com\/blog\/fabulas-cortas-de-esopo\/","og_locale":"es_ES","og_type":"article","og_title":"F\u00e1bulas cortas de Esopo: su valor did\u00e1ctico &#8211; Voca Editorial","og_description":"El factor did\u00e1ctico de las f\u00e1bulas cortas de Esopo hace que sus moralejas les acompa\u00f1en durante toda su vida.","og_url":"https:\/\/www.vocaeditorial.com\/blog\/fabulas-cortas-de-esopo\/","og_site_name":"Voca Editorial","article_published_time":"2023-09-26T13:00:35+00:00","og_image":[{"width":2560,"height":1709,"url":"https:\/\/www.vocaeditorial.com\/blog\/media\/fabulas-cortas-de-esopo-scaled.jpeg","type":"image\/jpeg"}],"author":"VOCA Editorial","twitter_card":"summary_large_image","twitter_misc":{"Escrito por":"VOCA Editorial","Tiempo de lectura":"5 minutos"},"schema":{"@context":"https:\/\/schema.org","@graph":[{"@type":"WebPage","@id":"https:\/\/www.vocaeditorial.com\/blog\/fabulas-cortas-de-esopo\/","url":"https:\/\/www.vocaeditorial.com\/blog\/fabulas-cortas-de-esopo\/","name":"F\u00e1bulas cortas de Esopo: su valor did\u00e1ctico &#8211; Voca Editorial","isPartOf":{"@id":"https:\/\/www.vocaeditorial.com\/blog\/#website"},"primaryImageOfPage":{"@id":"https:\/\/www.vocaeditorial.com\/blog\/fabulas-cortas-de-esopo\/#primaryimage"},"image":{"@id":"https:\/\/www.vocaeditorial.com\/blog\/fabulas-cortas-de-esopo\/#primaryimage"},"thumbnailUrl":"https:\/\/www.vocaeditorial.com\/blog\/media\/fabulas-cortas-de-esopo-scaled.jpeg","datePublished":"2023-09-26T13:00:35+00:00","author":{"@id":"https:\/\/www.vocaeditorial.com\/blog\/#\/schema\/person\/72fba3d6c8a26fba0fee3107fda03438"},"description":"El factor did\u00e1ctico de las f\u00e1bulas cortas de Esopo hace que sus moralejas les acompa\u00f1en durante toda su vida.","breadcrumb":{"@id":"https:\/\/www.vocaeditorial.com\/blog\/fabulas-cortas-de-esopo\/#breadcrumb"},"inLanguage":"es","potentialAction":[{"@type":"ReadAction","target":["https:\/\/www.vocaeditorial.com\/blog\/fabulas-cortas-de-esopo\/"]}]},{"@type":"ImageObject","inLanguage":"es","@id":"https:\/\/www.vocaeditorial.com\/blog\/fabulas-cortas-de-esopo\/#primaryimage","url":"https:\/\/www.vocaeditorial.com\/blog\/media\/fabulas-cortas-de-esopo-scaled.jpeg","contentUrl":"https:\/\/www.vocaeditorial.com\/blog\/media\/fabulas-cortas-de-esopo-scaled.jpeg","width":2560,"height":1709,"caption":"fabulas cortas de esopo"},{"@type":"BreadcrumbList","@id":"https:\/\/www.vocaeditorial.com\/blog\/fabulas-cortas-de-esopo\/#breadcrumb","itemListElement":[{"@type":"ListItem","position":1,"name":"Portada","item":"https:\/\/www.vocaeditorial.com\/blog\/"},{"@type":"ListItem","position":2,"name":"F\u00e1bulas cortas de Esopo: su valor did\u00e1ctico"}]},{"@type":"WebSite","@id":"https:\/\/www.vocaeditorial.com\/blog\/#website","url":"https:\/\/www.vocaeditorial.com\/blog\/","name":"Voca Editorial","description":"","potentialAction":[{"@type":"SearchAction","target":{"@type":"EntryPoint","urlTemplate":"https:\/\/www.vocaeditorial.com\/blog\/?s={search_term_string}"},"query-input":{"@type":"PropertyValueSpecification","valueRequired":true,"valueName":"search_term_string"}}],"inLanguage":"es"},{"@type":"Person","@id":"https:\/\/www.vocaeditorial.com\/blog\/#\/schema\/person\/72fba3d6c8a26fba0fee3107fda03438","name":"VOCA Editorial","image":{"@type":"ImageObject","inLanguage":"es","@id":"https:\/\/www.vocaeditorial.com\/blog\/#\/schema\/person\/image\/","url":"https:\/\/secure.gravatar.com\/avatar\/137e7a09ea636684fcf1595563ff145c113f07116d7a29acedf3e545ab378ca3?s=96&d=mm&r=g","contentUrl":"https:\/\/secure.gravatar.com\/avatar\/137e7a09ea636684fcf1595563ff145c113f07116d7a29acedf3e545ab378ca3?s=96&d=mm&r=g","caption":"VOCA Editorial"},"url":"https:\/\/www.vocaeditorial.com\/blog\/author\/voca-editorial\/"}]}},"jetpack_featured_media_url":"https:\/\/www.vocaeditorial.com\/blog\/media\/fabulas-cortas-de-esopo-scaled.jpeg","jetpack_sharing_enabled":true,"_links":{"self":[{"href":"https:\/\/www.vocaeditorial.com\/blog\/wp-json\/wp\/v2\/posts\/8079","targetHints":{"allow":["GET"]}}],"collection":[{"href":"https:\/\/www.vocaeditorial.com\/blog\/wp-json\/wp\/v2\/posts"}],"about":[{"href":"https:\/\/www.vocaeditorial.com\/blog\/wp-json\/wp\/v2\/types\/post"}],"author":[{"embeddable":true,"href":"https:\/\/www.vocaeditorial.com\/blog\/wp-json\/wp\/v2\/users\/49"}],"replies":[{"embeddable":true,"href":"https:\/\/www.vocaeditorial.com\/blog\/wp-json\/wp\/v2\/comments?post=8079"}],"version-history":[{"count":0,"href":"https:\/\/www.vocaeditorial.com\/blog\/wp-json\/wp\/v2\/posts\/8079\/revisions"}],"wp:featuredmedia":[{"embeddable":true,"href":"https:\/\/www.vocaeditorial.com\/blog\/wp-json\/wp\/v2\/media\/8080"}],"wp:attachment":[{"href":"https:\/\/www.vocaeditorial.com\/blog\/wp-json\/wp\/v2\/media?parent=8079"}],"wp:term":[{"taxonomy":"post_tag","embeddable":true,"href":"https:\/\/www.vocaeditorial.com\/blog\/wp-json\/wp\/v2\/tags?post=8079"}],"curies":[{"name":"wp","href":"https:\/\/api.w.org\/{rel}","templated":true}]}}