{"id":7936,"date":"2023-07-13T15:00:03","date_gmt":"2023-07-13T13:00:03","guid":{"rendered":"https:\/\/www.vocaeditorial.com\/blog\/?p=7936"},"modified":"2023-07-07T14:29:53","modified_gmt":"2023-07-07T12:29:53","slug":"cuentos-de-espana","status":"publish","type":"post","link":"https:\/\/www.vocaeditorial.com\/blog\/cuentos-de-espana\/","title":{"rendered":"Cuentos de Espa\u00f1a: edici\u00f3n pasapalabra"},"content":{"rendered":"<p><span style=\"font-weight: 400;\">8 letras y<\/span><b> 8 personajes<\/b> <b>de los cuentos de Espa\u00f1a<\/b><span style=\"font-weight: 400;\">. \u00bfCu\u00e1ntos ser\u00e1s capaz de adivinar? \u00a1Comienza <\/span><i><span style=\"font-weight: 400;\">Pasapalabra<\/span><\/i><span style=\"font-weight: 400;\">! <\/span><\/p>\n\n<p><span style=\"font-weight: 400;\">[CtaModule cta_item=\u00bb6758&#8243;]<\/span><\/p>\n<p>&nbsp;<\/p>\n<h2><span style=\"color: #ffa341;\"><b>Los cuentos populares de Espa\u00f1a: un tesoro por descubrir\u00a0<\/b><\/span><\/h2>\n<p><span style=\"font-weight: 400;\">\u00bfT\u00fa tambi\u00e9n eres fan de los cuentos tradicionales? Sin duda, la diversidad de los cuentos populares es una muestra de la <\/span><b>riqueza cultural de nuestra literatura<\/b><span style=\"font-weight: 400;\">. Y es que reflejan la propia tradici\u00f3n de cada pueblo: llena de m\u00fasica, comida, arte, historia o incluso del <\/span><span style=\"text-decoration: underline;\"><a href=\"https:\/\/www.vocaeditorial.com\/blog\/aprender-espanol-con-cuentos-populares-de-espana\/\" target=\"_blank\" rel=\"noopener\"><b>idioma<\/b><\/a><\/span><span style=\"font-weight: 400;\">.\u00a0<\/span><\/p>\n<blockquote><p><span style=\"font-weight: 400;\">Son una <\/span><b>muestra de la identidad y recogen el pasado<\/b><span style=\"font-weight: 400;\"> del pa\u00eds.\u00a0<\/span><\/p><\/blockquote>\n<p>&nbsp;<\/p>\n<p><span style=\"font-weight: 400;\">Precisamente, uno de los requisitos para participar en este concurso es haber <\/span><b>crecido con las historias populares espa\u00f1olas<\/b><span style=\"font-weight: 400;\">. Si te han acompa\u00f1ado mientras crec\u00edas, has aprendido de ellas y has podido conocer las tradiciones de las generaciones pasadas, los cuentos de Espa\u00f1a forman parte de ti.\u00a0\u00a0<\/span><\/p>\n<p><span style=\"font-weight: 400;\">Y, c\u00f3mo no, tendr\u00e1s que <\/span><b>conocer a sus personajes.<\/b><span style=\"font-weight: 400;\"> Son una pieza esencial de los cuentos. Si t\u00fa tambi\u00e9n les tienes cari\u00f1o y los guardas en tu memoria, no habr\u00e1 quien te supere en este <\/span><i><span style=\"font-weight: 400;\">Pasapalabra<\/span><\/i><span style=\"font-weight: 400;\">. \u00bfEst\u00e1s preparado?<\/span><\/p>\n<h2><span style=\"color: #ffa341;\"><b>Pasapalabra de cuentos de Espa\u00f1a\u00a0<\/b><\/span><\/h2>\n<p><span style=\"font-weight: 400;\">En fin, ha llegado el momento de demostrar que dominas los<\/span> <span style=\"text-decoration: underline;\"><a href=\"https:\/\/www.vocaeditorial.com\/blog\/cuentos-espanoles-populares-2\/\" target=\"_blank\" rel=\"noopener\"><b>cuentos de Espa\u00f1a<\/b><\/a><\/span><span style=\"font-weight: 400;\">. Y si te gusta, \u00a1puedes jugar tambi\u00e9n en clase con tus alumnos! \u00a1Comienza la partida!<\/span><\/p>\n<ul>\n<li aria-level=\"1\">\n<h3><span style=\"color: #ffa341;\"><b>Con la letra A<\/b><\/span><\/h3>\n<\/li>\n<\/ul>\n<p><span style=\"font-weight: 400;\">El primer personaje representa una<\/span><b> figura de poder en un pueblo de Murcia<\/b><span style=\"font-weight: 400;\">. Era una persona con muy mal genio y bastante egoc\u00e9ntrico. Todos utilizaban un apodo a sus espaldas, hasta que un maestro se atrevi\u00f3 a llamarlo as\u00ed durante una comida.\u00a0<\/span><\/p>\n<p><span style=\"font-weight: 400;\">Ese apodo era el de\u2026\u00a0<\/span><\/p>\n<p><span style=\"font-weight: 400;\"><img loading=\"lazy\" decoding=\"async\" width=\"1426\" height=\"789\" class=\"size-full wp-image-7937 aligncenter\" src=\"https:\/\/www.vocaeditorial.com\/blog\/media\/Cuentos-de-Espana_-el-alcaldico-.jpg\" alt=\"cuentos de espa\u00f1a\" srcset=\"https:\/\/www.vocaeditorial.com\/blog\/media\/Cuentos-de-Espana_-el-alcaldico-.jpg 1426w, https:\/\/www.vocaeditorial.com\/blog\/media\/Cuentos-de-Espana_-el-alcaldico--775x429.jpg 775w, https:\/\/www.vocaeditorial.com\/blog\/media\/Cuentos-de-Espana_-el-alcaldico--1175x650.jpg 1175w, https:\/\/www.vocaeditorial.com\/blog\/media\/Cuentos-de-Espana_-el-alcaldico--696x385.jpg 696w, https:\/\/www.vocaeditorial.com\/blog\/media\/Cuentos-de-Espana_-el-alcaldico--375x207.jpg 375w\" sizes=\"auto, (max-width: 1426px) 100vw, 1426px\" \/><\/span><\/p>\n<p><b>Soluci\u00f3n<\/b><span style=\"font-weight: 400;\">: Alcadico.\u00a0<\/span><\/p>\n<ul>\n<li aria-level=\"1\">\n<h3><span style=\"color: #ffa341;\"><b>Con la letra G<\/b><\/span><\/h3>\n<\/li>\n<\/ul>\n<p><span style=\"font-weight: 400;\">Este ni\u00f1o<\/span><b> debe su nombre a su baja estatura<\/b><span style=\"font-weight: 400;\">. Era tan peque\u00f1o que se lo comi\u00f3 un buey. Su familia intent\u00f3 ayudarle, con la suerte de que el peque\u00f1o logr\u00f3 escapar y, adem\u00e1s, encontr\u00f3 un gran bot\u00edn escondido dentro de una mula.\u00a0<\/span><\/p>\n<p><span style=\"font-weight: 400;\">\u00bfC\u00f3mo se llama este famoso personaje?<\/span><\/p>\n<p><b><img loading=\"lazy\" decoding=\"async\" width=\"1426\" height=\"794\" class=\"size-full wp-image-7942 aligncenter\" src=\"https:\/\/www.vocaeditorial.com\/blog\/media\/Cuentos-Espana_-Garbancito.jpg\" alt=\"\" srcset=\"https:\/\/www.vocaeditorial.com\/blog\/media\/Cuentos-Espana_-Garbancito.jpg 1426w, https:\/\/www.vocaeditorial.com\/blog\/media\/Cuentos-Espana_-Garbancito-775x432.jpg 775w, https:\/\/www.vocaeditorial.com\/blog\/media\/Cuentos-Espana_-Garbancito-1175x654.jpg 1175w, https:\/\/www.vocaeditorial.com\/blog\/media\/Cuentos-Espana_-Garbancito-691x385.jpg 691w, https:\/\/www.vocaeditorial.com\/blog\/media\/Cuentos-Espana_-Garbancito-375x209.jpg 375w\" sizes=\"auto, (max-width: 1426px) 100vw, 1426px\" \/>Soluci\u00f3n<\/b><span style=\"font-weight: 400;\">: Garbancito\u00a0<\/span><\/p>\n<ul>\n<li aria-level=\"1\">\n<h3><span style=\"color: #ffa341;\"><b>Con la letra H<\/b><\/span><\/h3>\n<\/li>\n<\/ul>\n<p><span style=\"font-weight: 400;\">Este es, sin duda,<\/span><b> uno de los personajes m\u00e1s conocidos <\/b><span style=\"font-weight: 400;\">de la tradici\u00f3n espa\u00f1ola. Escondi\u00f3 a una ni\u00f1a de voz hermosa dentro de su saco y enga\u00f1\u00f3 a la gente para hacerles creer que era su saco el que cantaba.\u00a0<\/span><\/p>\n<p><span style=\"font-weight: 400;\">\u00bfSabes de qui\u00e9n estamos hablando?<\/span><\/p>\n<p><b><img loading=\"lazy\" decoding=\"async\" width=\"1420\" height=\"789\" class=\"size-full wp-image-7941 aligncenter\" src=\"https:\/\/www.vocaeditorial.com\/blog\/media\/Cuentos-de-Espana_-el-hombre-del-saco.jpg\" alt=\"\" srcset=\"https:\/\/www.vocaeditorial.com\/blog\/media\/Cuentos-de-Espana_-el-hombre-del-saco.jpg 1420w, https:\/\/www.vocaeditorial.com\/blog\/media\/Cuentos-de-Espana_-el-hombre-del-saco-775x431.jpg 775w, https:\/\/www.vocaeditorial.com\/blog\/media\/Cuentos-de-Espana_-el-hombre-del-saco-1175x653.jpg 1175w, https:\/\/www.vocaeditorial.com\/blog\/media\/Cuentos-de-Espana_-el-hombre-del-saco-693x385.jpg 693w, https:\/\/www.vocaeditorial.com\/blog\/media\/Cuentos-de-Espana_-el-hombre-del-saco-375x208.jpg 375w\" sizes=\"auto, (max-width: 1420px) 100vw, 1420px\" \/>Soluci\u00f3n<\/b><span style=\"font-weight: 400;\">: El hombre del saco.<\/span><\/p>\n<ul>\n<li aria-level=\"1\">\n<h3><span style=\"color: #ffa341;\"><b>Con la letra L<\/b><\/span><\/h3>\n<\/li>\n<\/ul>\n<p><span style=\"font-weight: 400;\">Ya estamos a mitad de partida, as\u00ed que\u2026 <\/span><b>\u00a1ronda especial!\u00a0<\/b><\/p>\n<p><span style=\"font-weight: 400;\">Es la inicial de un personaje muy popular entre los cuentos de Espa\u00f1a y aparece en varios de ellos. En uno de estos, <\/span><b>confunde a la luna con un trozo de queso<\/b><span style=\"font-weight: 400;\">, y en otro va a <\/span><b>comer gallinas con una zorra.\u00a0<\/b><\/p>\n<p><span style=\"font-weight: 400;\">\u00bfYa sabes a qu\u00e9 personaje nos referimos?<\/span><\/p>\n<p><b><img loading=\"lazy\" decoding=\"async\" width=\"1420\" height=\"787\" class=\"size-full wp-image-7940 aligncenter\" src=\"https:\/\/www.vocaeditorial.com\/blog\/media\/Cuentos-de-Espana_-el-lobo-que-creia-que-la-luna-era-un-queso.jpg\" alt=\"cuentos de espa\u00f1a\" srcset=\"https:\/\/www.vocaeditorial.com\/blog\/media\/Cuentos-de-Espana_-el-lobo-que-creia-que-la-luna-era-un-queso.jpg 1420w, https:\/\/www.vocaeditorial.com\/blog\/media\/Cuentos-de-Espana_-el-lobo-que-creia-que-la-luna-era-un-queso-775x430.jpg 775w, https:\/\/www.vocaeditorial.com\/blog\/media\/Cuentos-de-Espana_-el-lobo-que-creia-que-la-luna-era-un-queso-1175x651.jpg 1175w, https:\/\/www.vocaeditorial.com\/blog\/media\/Cuentos-de-Espana_-el-lobo-que-creia-que-la-luna-era-un-queso-695x385.jpg 695w, https:\/\/www.vocaeditorial.com\/blog\/media\/Cuentos-de-Espana_-el-lobo-que-creia-que-la-luna-era-un-queso-375x208.jpg 375w\" sizes=\"auto, (max-width: 1420px) 100vw, 1420px\" \/>Soluci\u00f3n<\/b><span style=\"font-weight: 400;\">: El lobo\u00a0<\/span><b><\/b><\/p>\n<ul>\n<li aria-level=\"1\">\n<h3><span style=\"color: #ffa341;\"><b>Con la letra P<\/b><\/span><\/h3>\n<\/li>\n<\/ul>\n<p><span style=\"font-weight: 400;\">Este personaje se encuentra bajo un<\/span><b> hechizo que lo hace dormir todo el a\u00f1o<\/b><span style=\"font-weight: 400;\">. Solo se despierta durante la noche de san Juan, y la \u00fanica manera de romper el maleficio es que en ese momento se encuentre una joven a su lado.<\/span><\/p>\n<p><span style=\"font-weight: 400;\">\u00a1Piensa r\u00e1pido! 3, 2, 1\u2026<\/span><\/p>\n<p><b><img loading=\"lazy\" decoding=\"async\" width=\"1419\" height=\"787\" class=\"size-full wp-image-7938 aligncenter\" src=\"https:\/\/www.vocaeditorial.com\/blog\/media\/Cuentos-de-Espana_-el-principe-durmiente.jpg\" alt=\"\" srcset=\"https:\/\/www.vocaeditorial.com\/blog\/media\/Cuentos-de-Espana_-el-principe-durmiente.jpg 1419w, https:\/\/www.vocaeditorial.com\/blog\/media\/Cuentos-de-Espana_-el-principe-durmiente-775x430.jpg 775w, https:\/\/www.vocaeditorial.com\/blog\/media\/Cuentos-de-Espana_-el-principe-durmiente-1175x652.jpg 1175w, https:\/\/www.vocaeditorial.com\/blog\/media\/Cuentos-de-Espana_-el-principe-durmiente-694x385.jpg 694w, https:\/\/www.vocaeditorial.com\/blog\/media\/Cuentos-de-Espana_-el-principe-durmiente-375x208.jpg 375w\" sizes=\"auto, (max-width: 1419px) 100vw, 1419px\" \/>Soluci\u00f3n<\/b><span style=\"font-weight: 400;\">: El pr\u00edncipe durmiente.\u00a0<\/span><b><\/b><\/p>\n<ul>\n<li aria-level=\"1\">\n<h3><span style=\"color: #ffa341;\"><b>Con la letra S<\/b><\/span><\/h3>\n<\/li>\n<\/ul>\n<p><span style=\"font-weight: 400;\">Su nombre hace referencia a su profesi\u00f3n, y era un hombre de lo m\u00e1s asustadizo. Tanto que<\/span> <span style=\"font-weight: 400;\">lleg\u00f3 a<\/span> <span style=\"font-weight: 400;\">\u00a1<\/span><b>confundir una zarza con un ladr\u00f3n<\/b><span style=\"font-weight: 400;\">!\u00a0<\/span><\/p>\n<p><span style=\"font-weight: 400;\">Por supuesto, nos referimos al\u2026<\/span><\/p>\n<p><span style=\"font-weight: 400;\"><img loading=\"lazy\" decoding=\"async\" width=\"1424\" height=\"792\" class=\"size-full wp-image-7939 aligncenter\" src=\"https:\/\/www.vocaeditorial.com\/blog\/media\/Cuentos-de-Espana_-el-sastre-y-la-zarza.jpg\" alt=\"\" srcset=\"https:\/\/www.vocaeditorial.com\/blog\/media\/Cuentos-de-Espana_-el-sastre-y-la-zarza.jpg 1424w, https:\/\/www.vocaeditorial.com\/blog\/media\/Cuentos-de-Espana_-el-sastre-y-la-zarza-775x431.jpg 775w, https:\/\/www.vocaeditorial.com\/blog\/media\/Cuentos-de-Espana_-el-sastre-y-la-zarza-1175x654.jpg 1175w, https:\/\/www.vocaeditorial.com\/blog\/media\/Cuentos-de-Espana_-el-sastre-y-la-zarza-692x385.jpg 692w, https:\/\/www.vocaeditorial.com\/blog\/media\/Cuentos-de-Espana_-el-sastre-y-la-zarza-375x209.jpg 375w\" sizes=\"auto, (max-width: 1424px) 100vw, 1424px\" \/><\/span><\/p>\n<p><b>Soluci\u00f3n<\/b><span style=\"font-weight: 400;\">: Sastre\u00a0<\/span><\/p>\n<p>&nbsp;<\/p>\n<p><span style=\"font-weight: 400;\">[CtaModule cta_item=\u00bb6208&#8243;]<\/span><\/p>\n<p>&nbsp;<\/p>\n<ul>\n<li aria-level=\"1\">\n<h3><span style=\"color: #ffa341;\"><b>Con la letra T<\/b><\/span><\/h3>\n<\/li>\n<\/ul>\n<p><span style=\"font-weight: 400;\">Es un hombre que<\/span><b> finge ser adivino para ganarse la vida<\/b><span style=\"font-weight: 400;\">, hasta que el rey le encomienda una misi\u00f3n que \u00e9l no es capaz de realizar. Debe encontrar su anillo perdido antes de tres d\u00edas, o de lo contrario, ser\u00e1 hombre muerto.\u00a0<\/span><\/p>\n<p><span style=\"font-weight: 400;\">Este adivino se llamaba\u2026<\/span><\/p>\n<img loading=\"lazy\" decoding=\"async\" width=\"1427\" height=\"794\" class=\"size-full wp-image-7943 aligncenter\" src=\"https:\/\/www.vocaeditorial.com\/blog\/media\/Cuentos-de-Espana_-tio-grillo.jpg\" alt=\"\" srcset=\"https:\/\/www.vocaeditorial.com\/blog\/media\/Cuentos-de-Espana_-tio-grillo.jpg 1427w, https:\/\/www.vocaeditorial.com\/blog\/media\/Cuentos-de-Espana_-tio-grillo-775x431.jpg 775w, https:\/\/www.vocaeditorial.com\/blog\/media\/Cuentos-de-Espana_-tio-grillo-1175x654.jpg 1175w, https:\/\/www.vocaeditorial.com\/blog\/media\/Cuentos-de-Espana_-tio-grillo-692x385.jpg 692w, https:\/\/www.vocaeditorial.com\/blog\/media\/Cuentos-de-Espana_-tio-grillo-375x209.jpg 375w\" sizes=\"auto, (max-width: 1427px) 100vw, 1427px\" \/>\n<p><b>Soluci\u00f3n<\/b><span style=\"font-weight: 400;\">: T\u00edo grillo, el adivino.\u00a0<\/span><\/p>\n<ul>\n<li aria-level=\"1\">\n<h3><span style=\"color: #ffa341;\"><b>Con la letra Z<\/b><\/span><\/h3>\n<\/li>\n<\/ul>\n<p><b>\u00a1\u00daltima ronda! <\/b><span style=\"font-weight: 400;\">Mucho ojo, que esta es la pregunta decisiva\u2026\u00a0<\/span><\/p>\n<p><span style=\"font-weight: 400;\">Su nombre tambi\u00e9n proviene de su profesi\u00f3n, o por lo menos de aquella que ejerc\u00eda antes de que una pareja muy rica<\/span><b> les ofreciera vivir en su enorme casa<\/b><span style=\"font-weight: 400;\">. Este se mud\u00f3 all\u00ed con todos sus hijos, pero viv\u00edan constantemente preocupados y no disfrutaban.\u00a0<\/span><\/p>\n<p><span style=\"font-weight: 400;\">Finalmente, decidi\u00f3 volver a su oficio, en el que era feliz. As\u00ed se origin\u00f3 el refr\u00e1n\u2026<\/span><\/p>\n<p><b><img loading=\"lazy\" decoding=\"async\" width=\"1424\" height=\"787\" class=\"size-full wp-image-7944 aligncenter\" src=\"https:\/\/www.vocaeditorial.com\/blog\/media\/Cuentos-de-Espana_-Zapatero-a-tus-zapatos.jpg\" alt=\"\" srcset=\"https:\/\/www.vocaeditorial.com\/blog\/media\/Cuentos-de-Espana_-Zapatero-a-tus-zapatos.jpg 1424w, https:\/\/www.vocaeditorial.com\/blog\/media\/Cuentos-de-Espana_-Zapatero-a-tus-zapatos-775x428.jpg 775w, https:\/\/www.vocaeditorial.com\/blog\/media\/Cuentos-de-Espana_-Zapatero-a-tus-zapatos-1175x649.jpg 1175w, https:\/\/www.vocaeditorial.com\/blog\/media\/Cuentos-de-Espana_-Zapatero-a-tus-zapatos-697x385.jpg 697w, https:\/\/www.vocaeditorial.com\/blog\/media\/Cuentos-de-Espana_-Zapatero-a-tus-zapatos-375x207.jpg 375w\" sizes=\"auto, (max-width: 1424px) 100vw, 1424px\" \/>Soluci\u00f3n<\/b><span style=\"font-weight: 400;\">: Zapatero, a tus zapatos.\u00a0<\/span><\/p>\n<p>&nbsp;<\/p>\n<p><span style=\"font-weight: 400;\">\u00a1Fin de partida! \u00bfHas sido capaz de aguantar el ritmo? Si hab\u00eda alguna que no sab\u00edas\u2026 <\/span><b>\u00a1tenemos la soluci\u00f3n perfecta!\u00a0<\/b><\/p>\n<h2><span style=\"color: #ffa341;\"><b>25 cuentos populares de Espa\u00f1a\u00a0<\/b><\/span><\/h2>\n<p><span style=\"font-weight: 400;\">Si tienes que seguir practicando, el libro <\/span><span style=\"text-decoration: underline;\"><a href=\"https:\/\/www.vocaeditorial.com\/cuentosespana\/\" target=\"_blank\" rel=\"noopener\"><b><i>25 cuentos populares de Espa\u00f1a para descubrir su historia<\/i><\/b><\/a><\/span><span style=\"font-weight: 400;\"> es para ti. En \u00e9l encontrar\u00e1s a todos los personajes de este <\/span><i><span style=\"font-weight: 400;\">Pasapalabra <\/span><\/i><span style=\"font-weight: 400;\">y a muchos m\u00e1s que forman parte de la tradici\u00f3n espa\u00f1ola.\u00a0<\/span><\/p>\n<p><span style=\"font-weight: 400;\">Est\u00e1 lleno de <\/span><b>historias impregnadas en nuestra cultura<\/b><span style=\"font-weight: 400;\"> y, por eso, te transportar\u00e1 a un mundo lleno de magia. \u00a1Por no hablar de sus preciosas ilustraciones!<\/span><\/p>\n<p><span style=\"font-weight: 400;\">De igual manera, puedes encontrarlo en formato <em>ebook<\/em> en <\/span><span style=\"text-decoration: underline;\"><a href=\"https:\/\/books.apple.com\/es\/book\/25-cuentos-populares-de-espa%C3%B1a-para-descubrir-su-historia\/id6448646506\" target=\"_blank\" rel=\"noopener\"><b>Apple<\/b><\/a><\/span><span style=\"font-weight: 400;\">, <\/span><span style=\"text-decoration: underline;\"><a href=\"https:\/\/www.kobo.com\/es\/es\/ebook\/25-cuentos-populares-de-espana-para-descubrir-su-historia-1\" target=\"_blank\" rel=\"noopener\"><b>Kobo<\/b><\/a><\/span> <span style=\"font-weight: 400;\">y <\/span><span style=\"text-decoration: underline;\"><a href=\"https:\/\/es.scribd.com\/book\/641504204\/25-Cuentos-populares-de-Espana-para-descubrir-su-historia\" target=\"_blank\" rel=\"noopener\"><b>Scribd<\/b><\/a><\/span><span style=\"font-weight: 400;\">. y en <\/span><span style=\"text-decoration: underline;\"><a href=\"https:\/\/www.feiyr.com\/x\/cuentos-populares-de-espana-para-descubrir-su-historia\" target=\"_blank\" rel=\"noopener\"><b>audiolibro<\/b><\/a><\/span><span style=\"font-weight: 400;\">. \u00a1As\u00ed las historias te acompa\u00f1ar\u00e1n a donde quiera que vayas!\u00a0<\/span><\/p>\n<p>&nbsp;<\/p>\n<p><strong><span style=\"font-weight: 400;\">\u00bfTe atreves a poner a prueba a tus alumnos con los personajes de los cuentos de Espa\u00f1a? <\/span><b>\u00a1Utilizando juegos en el aula todo es m\u00e1s divertido!<\/b><\/strong><\/p>\n","protected":false},"excerpt":{"rendered":"<p>Los cuentos de Espa\u00f1a muestran la riqueza cultural de nuestro pa\u00eds y la tradici\u00f3n de los pueblos: m\u00fasica, comida, arte, historia&#8230;\u00a0<\/p>\n","protected":false},"author":49,"featured_media":7864,"comment_status":"closed","ping_status":"closed","sticky":false,"template":"","format":"standard","meta":{"content-type":"","inline_featured_image":false,"_jetpack_memberships_contains_paid_content":false,"footnotes":""},"tags":[604,606,672,678],"class_list":["post-7936","post","type-post","status-publish","format-standard","has-post-thumbnail","hentry","category-cuentos-infantiles","tag-lecturas-para-ninos","tag-audiocuentos","tag-cuentos-populares","tag-cuentos-de-espana"],"yoast_head":"<!-- This site is optimized with the Yoast SEO plugin v26.6 - https:\/\/yoast.com\/wordpress\/plugins\/seo\/ -->\n<title>Cuentos de Espa\u00f1a: edici\u00f3n pasapalabra &#8211; Voca Editorial<\/title>\n<meta name=\"description\" content=\"Los cuentos de Espa\u00f1a muestran la riqueza cultural de nuestro pa\u00eds y la tradici\u00f3n de los pueblos: m\u00fasica, comida, arte, historia...\u00a0\" \/>\n<meta name=\"robots\" content=\"index, follow, max-snippet:-1, max-image-preview:large, max-video-preview:-1\" \/>\n<link rel=\"canonical\" href=\"https:\/\/www.vocaeditorial.com\/blog\/cuentos-de-espana\/\" \/>\n<meta property=\"og:locale\" content=\"es_ES\" \/>\n<meta property=\"og:type\" content=\"article\" \/>\n<meta property=\"og:title\" content=\"Cuentos de Espa\u00f1a: edici\u00f3n pasapalabra &#8211; Voca Editorial\" \/>\n<meta property=\"og:description\" content=\"Los cuentos de Espa\u00f1a muestran la riqueza cultural de nuestro pa\u00eds y la tradici\u00f3n de los pueblos: m\u00fasica, comida, arte, historia...\u00a0\" \/>\n<meta property=\"og:url\" content=\"https:\/\/www.vocaeditorial.com\/blog\/cuentos-de-espana\/\" \/>\n<meta property=\"og:site_name\" content=\"Voca Editorial\" \/>\n<meta property=\"article:published_time\" content=\"2023-07-13T13:00:03+00:00\" \/>\n<meta property=\"og:image\" content=\"https:\/\/www.vocaeditorial.com\/blog\/media\/cuentos-espana-pasapalabra.jpg\" \/>\n\t<meta property=\"og:image:width\" content=\"2048\" \/>\n\t<meta property=\"og:image:height\" content=\"1437\" \/>\n\t<meta property=\"og:image:type\" content=\"image\/jpeg\" \/>\n<meta name=\"author\" content=\"VOCA Editorial\" \/>\n<meta name=\"twitter:card\" content=\"summary_large_image\" \/>\n<meta name=\"twitter:label1\" content=\"Escrito por\" \/>\n\t<meta name=\"twitter:data1\" content=\"VOCA Editorial\" \/>\n\t<meta name=\"twitter:label2\" content=\"Tiempo de lectura\" \/>\n\t<meta name=\"twitter:data2\" content=\"6 minutos\" \/>\n<script type=\"application\/ld+json\" class=\"yoast-schema-graph\">{\"@context\":\"https:\/\/schema.org\",\"@graph\":[{\"@type\":\"WebPage\",\"@id\":\"https:\/\/www.vocaeditorial.com\/blog\/cuentos-de-espana\/\",\"url\":\"https:\/\/www.vocaeditorial.com\/blog\/cuentos-de-espana\/\",\"name\":\"Cuentos de Espa\u00f1a: edici\u00f3n pasapalabra &#8211; Voca Editorial\",\"isPartOf\":{\"@id\":\"https:\/\/www.vocaeditorial.com\/blog\/#website\"},\"primaryImageOfPage\":{\"@id\":\"https:\/\/www.vocaeditorial.com\/blog\/cuentos-de-espana\/#primaryimage\"},\"image\":{\"@id\":\"https:\/\/www.vocaeditorial.com\/blog\/cuentos-de-espana\/#primaryimage\"},\"thumbnailUrl\":\"https:\/\/www.vocaeditorial.com\/blog\/media\/cuentos-espana-pasapalabra.jpg\",\"datePublished\":\"2023-07-13T13:00:03+00:00\",\"author\":{\"@id\":\"https:\/\/www.vocaeditorial.com\/blog\/#\/schema\/person\/72fba3d6c8a26fba0fee3107fda03438\"},\"description\":\"Los cuentos de Espa\u00f1a muestran la riqueza cultural de nuestro pa\u00eds y la tradici\u00f3n de los pueblos: m\u00fasica, comida, arte, historia...\u00a0\",\"breadcrumb\":{\"@id\":\"https:\/\/www.vocaeditorial.com\/blog\/cuentos-de-espana\/#breadcrumb\"},\"inLanguage\":\"es\",\"potentialAction\":[{\"@type\":\"ReadAction\",\"target\":[\"https:\/\/www.vocaeditorial.com\/blog\/cuentos-de-espana\/\"]}]},{\"@type\":\"ImageObject\",\"inLanguage\":\"es\",\"@id\":\"https:\/\/www.vocaeditorial.com\/blog\/cuentos-de-espana\/#primaryimage\",\"url\":\"https:\/\/www.vocaeditorial.com\/blog\/media\/cuentos-espana-pasapalabra.jpg\",\"contentUrl\":\"https:\/\/www.vocaeditorial.com\/blog\/media\/cuentos-espana-pasapalabra.jpg\",\"width\":2048,\"height\":1437,\"caption\":\"cuentos de espa\u00f1a\"},{\"@type\":\"BreadcrumbList\",\"@id\":\"https:\/\/www.vocaeditorial.com\/blog\/cuentos-de-espana\/#breadcrumb\",\"itemListElement\":[{\"@type\":\"ListItem\",\"position\":1,\"name\":\"Portada\",\"item\":\"https:\/\/www.vocaeditorial.com\/blog\/\"},{\"@type\":\"ListItem\",\"position\":2,\"name\":\"Cuentos de Espa\u00f1a: edici\u00f3n pasapalabra\"}]},{\"@type\":\"WebSite\",\"@id\":\"https:\/\/www.vocaeditorial.com\/blog\/#website\",\"url\":\"https:\/\/www.vocaeditorial.com\/blog\/\",\"name\":\"Voca Editorial\",\"description\":\"\",\"potentialAction\":[{\"@type\":\"SearchAction\",\"target\":{\"@type\":\"EntryPoint\",\"urlTemplate\":\"https:\/\/www.vocaeditorial.com\/blog\/?s={search_term_string}\"},\"query-input\":{\"@type\":\"PropertyValueSpecification\",\"valueRequired\":true,\"valueName\":\"search_term_string\"}}],\"inLanguage\":\"es\"},{\"@type\":\"Person\",\"@id\":\"https:\/\/www.vocaeditorial.com\/blog\/#\/schema\/person\/72fba3d6c8a26fba0fee3107fda03438\",\"name\":\"VOCA Editorial\",\"image\":{\"@type\":\"ImageObject\",\"inLanguage\":\"es\",\"@id\":\"https:\/\/www.vocaeditorial.com\/blog\/#\/schema\/person\/image\/\",\"url\":\"https:\/\/secure.gravatar.com\/avatar\/137e7a09ea636684fcf1595563ff145c113f07116d7a29acedf3e545ab378ca3?s=96&d=mm&r=g\",\"contentUrl\":\"https:\/\/secure.gravatar.com\/avatar\/137e7a09ea636684fcf1595563ff145c113f07116d7a29acedf3e545ab378ca3?s=96&d=mm&r=g\",\"caption\":\"VOCA Editorial\"},\"url\":\"https:\/\/www.vocaeditorial.com\/blog\/author\/voca-editorial\/\"}]}<\/script>\n<!-- \/ Yoast SEO plugin. -->","yoast_head_json":{"title":"Cuentos de Espa\u00f1a: edici\u00f3n pasapalabra &#8211; Voca Editorial","description":"Los cuentos de Espa\u00f1a muestran la riqueza cultural de nuestro pa\u00eds y la tradici\u00f3n de los pueblos: m\u00fasica, comida, arte, historia...\u00a0","robots":{"index":"index","follow":"follow","max-snippet":"max-snippet:-1","max-image-preview":"max-image-preview:large","max-video-preview":"max-video-preview:-1"},"canonical":"https:\/\/www.vocaeditorial.com\/blog\/cuentos-de-espana\/","og_locale":"es_ES","og_type":"article","og_title":"Cuentos de Espa\u00f1a: edici\u00f3n pasapalabra &#8211; Voca Editorial","og_description":"Los cuentos de Espa\u00f1a muestran la riqueza cultural de nuestro pa\u00eds y la tradici\u00f3n de los pueblos: m\u00fasica, comida, arte, historia...\u00a0","og_url":"https:\/\/www.vocaeditorial.com\/blog\/cuentos-de-espana\/","og_site_name":"Voca Editorial","article_published_time":"2023-07-13T13:00:03+00:00","og_image":[{"width":2048,"height":1437,"url":"https:\/\/www.vocaeditorial.com\/blog\/media\/cuentos-espana-pasapalabra.jpg","type":"image\/jpeg"}],"author":"VOCA Editorial","twitter_card":"summary_large_image","twitter_misc":{"Escrito por":"VOCA Editorial","Tiempo de lectura":"6 minutos"},"schema":{"@context":"https:\/\/schema.org","@graph":[{"@type":"WebPage","@id":"https:\/\/www.vocaeditorial.com\/blog\/cuentos-de-espana\/","url":"https:\/\/www.vocaeditorial.com\/blog\/cuentos-de-espana\/","name":"Cuentos de Espa\u00f1a: edici\u00f3n pasapalabra &#8211; Voca Editorial","isPartOf":{"@id":"https:\/\/www.vocaeditorial.com\/blog\/#website"},"primaryImageOfPage":{"@id":"https:\/\/www.vocaeditorial.com\/blog\/cuentos-de-espana\/#primaryimage"},"image":{"@id":"https:\/\/www.vocaeditorial.com\/blog\/cuentos-de-espana\/#primaryimage"},"thumbnailUrl":"https:\/\/www.vocaeditorial.com\/blog\/media\/cuentos-espana-pasapalabra.jpg","datePublished":"2023-07-13T13:00:03+00:00","author":{"@id":"https:\/\/www.vocaeditorial.com\/blog\/#\/schema\/person\/72fba3d6c8a26fba0fee3107fda03438"},"description":"Los cuentos de Espa\u00f1a muestran la riqueza cultural de nuestro pa\u00eds y la tradici\u00f3n de los pueblos: m\u00fasica, comida, arte, historia...\u00a0","breadcrumb":{"@id":"https:\/\/www.vocaeditorial.com\/blog\/cuentos-de-espana\/#breadcrumb"},"inLanguage":"es","potentialAction":[{"@type":"ReadAction","target":["https:\/\/www.vocaeditorial.com\/blog\/cuentos-de-espana\/"]}]},{"@type":"ImageObject","inLanguage":"es","@id":"https:\/\/www.vocaeditorial.com\/blog\/cuentos-de-espana\/#primaryimage","url":"https:\/\/www.vocaeditorial.com\/blog\/media\/cuentos-espana-pasapalabra.jpg","contentUrl":"https:\/\/www.vocaeditorial.com\/blog\/media\/cuentos-espana-pasapalabra.jpg","width":2048,"height":1437,"caption":"cuentos de espa\u00f1a"},{"@type":"BreadcrumbList","@id":"https:\/\/www.vocaeditorial.com\/blog\/cuentos-de-espana\/#breadcrumb","itemListElement":[{"@type":"ListItem","position":1,"name":"Portada","item":"https:\/\/www.vocaeditorial.com\/blog\/"},{"@type":"ListItem","position":2,"name":"Cuentos de Espa\u00f1a: edici\u00f3n pasapalabra"}]},{"@type":"WebSite","@id":"https:\/\/www.vocaeditorial.com\/blog\/#website","url":"https:\/\/www.vocaeditorial.com\/blog\/","name":"Voca Editorial","description":"","potentialAction":[{"@type":"SearchAction","target":{"@type":"EntryPoint","urlTemplate":"https:\/\/www.vocaeditorial.com\/blog\/?s={search_term_string}"},"query-input":{"@type":"PropertyValueSpecification","valueRequired":true,"valueName":"search_term_string"}}],"inLanguage":"es"},{"@type":"Person","@id":"https:\/\/www.vocaeditorial.com\/blog\/#\/schema\/person\/72fba3d6c8a26fba0fee3107fda03438","name":"VOCA Editorial","image":{"@type":"ImageObject","inLanguage":"es","@id":"https:\/\/www.vocaeditorial.com\/blog\/#\/schema\/person\/image\/","url":"https:\/\/secure.gravatar.com\/avatar\/137e7a09ea636684fcf1595563ff145c113f07116d7a29acedf3e545ab378ca3?s=96&d=mm&r=g","contentUrl":"https:\/\/secure.gravatar.com\/avatar\/137e7a09ea636684fcf1595563ff145c113f07116d7a29acedf3e545ab378ca3?s=96&d=mm&r=g","caption":"VOCA Editorial"},"url":"https:\/\/www.vocaeditorial.com\/blog\/author\/voca-editorial\/"}]}},"jetpack_featured_media_url":"https:\/\/www.vocaeditorial.com\/blog\/media\/cuentos-espana-pasapalabra.jpg","jetpack_sharing_enabled":true,"_links":{"self":[{"href":"https:\/\/www.vocaeditorial.com\/blog\/wp-json\/wp\/v2\/posts\/7936","targetHints":{"allow":["GET"]}}],"collection":[{"href":"https:\/\/www.vocaeditorial.com\/blog\/wp-json\/wp\/v2\/posts"}],"about":[{"href":"https:\/\/www.vocaeditorial.com\/blog\/wp-json\/wp\/v2\/types\/post"}],"author":[{"embeddable":true,"href":"https:\/\/www.vocaeditorial.com\/blog\/wp-json\/wp\/v2\/users\/49"}],"replies":[{"embeddable":true,"href":"https:\/\/www.vocaeditorial.com\/blog\/wp-json\/wp\/v2\/comments?post=7936"}],"version-history":[{"count":0,"href":"https:\/\/www.vocaeditorial.com\/blog\/wp-json\/wp\/v2\/posts\/7936\/revisions"}],"wp:featuredmedia":[{"embeddable":true,"href":"https:\/\/www.vocaeditorial.com\/blog\/wp-json\/wp\/v2\/media\/7864"}],"wp:attachment":[{"href":"https:\/\/www.vocaeditorial.com\/blog\/wp-json\/wp\/v2\/media?parent=7936"}],"wp:term":[{"taxonomy":"post_tag","embeddable":true,"href":"https:\/\/www.vocaeditorial.com\/blog\/wp-json\/wp\/v2\/tags?post=7936"}],"curies":[{"name":"wp","href":"https:\/\/api.w.org\/{rel}","templated":true}]}}