{"id":7883,"date":"2023-06-21T15:00:50","date_gmt":"2023-06-21T13:00:50","guid":{"rendered":"https:\/\/www.vocaeditorial.com\/blog\/?p=7883"},"modified":"2023-06-21T11:58:15","modified_gmt":"2023-06-21T09:58:15","slug":"abrapalabra-y-lomloe","status":"publish","type":"post","link":"https:\/\/www.vocaeditorial.com\/blog\/abrapalabra-y-lomloe\/","title":{"rendered":"Abrapalabra y LOMLOE"},"content":{"rendered":"<p><span style=\"font-weight: 400;\">\u00bfQuieres saber si el programa de comprensi\u00f3n lectora Abrapalabra desarrolla las <strong>competencias de la nueva ley de educaci\u00f3n<\/strong> espa\u00f1ola? Te lo contamos todo sobre Abrapalabra y la LOMLOE.<\/span><\/p>\n\n<p><span style=\"font-weight: 400;\">[CtaModule cta_item=\u00bb6758&#8243;]<\/span><\/p>\n<p>&nbsp;<\/p>\n<h2><span style=\"color: #ffa341;\"><b>Novedades de la LOMLOE<\/b><\/span><\/h2>\n<p><span style=\"font-weight: 400;\">\u00bfT\u00fa tambi\u00e9n te pierdes con las siglas de las leyes de educaci\u00f3n? Es normal\u2026 Tantos cambios en poco tiempo confunden a cualquiera. LOMLOE es el acr\u00f3nimo de <\/span><b>Ley Org\u00e1nica por la que se Modifica la Ley Org\u00e1nica de Educaci\u00f3n<\/b><span style=\"font-weight: 400;\"> (LOE).\u00a0<\/span><\/p>\n<p><span style=\"font-weight: 400;\">Y, en concreto, introdujo algunas <\/span><b>modificaciones significativas<\/b><span style=\"font-weight: 400;\"> respecto a las leyes anteriores. Estas son, quiz\u00e1, las m\u00e1s destacadas en la etapa de primaria:\u00a0<\/span><\/p>\n<ul>\n<li style=\"font-weight: 400;\" aria-level=\"1\"><span style=\"font-weight: 400;\">El curr\u00edculo estar\u00e1 dirigido al <\/span><b>desarrollo de las competencias<\/b><span style=\"font-weight: 400;\">.<\/span><\/li>\n<li style=\"font-weight: 400;\" aria-level=\"1\"><span style=\"font-weight: 400;\">La evaluaci\u00f3n ser\u00e1 continua, formativa, global y tendr\u00e1 en cuenta el desarrollo de las<\/span> <a href=\"https:\/\/www.vocaeditorial.com\/blog\/competencias-educativas\/\" target=\"_blank\" rel=\"noopener\"><span style=\"text-decoration: underline;\"><b>competencias clave<\/b><\/span><\/a><span style=\"font-weight: 400;\">.<\/span><\/li>\n<li style=\"font-weight: 400;\" aria-level=\"1\"><span style=\"font-weight: 400;\">Desaparecen las pruebas finales de Primaria.<\/span><\/li>\n<li style=\"font-weight: 400;\" aria-level=\"1\"><span style=\"font-weight: 400;\">Se establece la limitaci\u00f3n para repetir curso solo una vez por etapa.<\/span><\/li>\n<li style=\"font-weight: 400;\" aria-level=\"1\"><span style=\"font-weight: 400;\">Primaria vuelve a dividirse en <\/span><b>3 ciclos<\/b><span style=\"font-weight: 400;\">.<\/span><\/li>\n<\/ul>\n<p>&nbsp;<\/p>\n<p><span style=\"font-weight: 400;\">As\u00ed, desde 2020 (cuando se aprob\u00f3) y paulatinamente en los a\u00f1os posteriores, los colegios y las editoriales hemos ido <\/span><b>actualizando las materias y los contenidos<\/b><span style=\"font-weight: 400;\"> a los nuevos criterios.\u00a0<\/span><\/p>\n<p><span style=\"font-weight: 400;\">Por eso, vamos a ver c\u00f3mo ha cambiado el <\/span><b>curr\u00edculo de Lengua Castellana y Literatura<\/b><span style=\"font-weight: 400;\">, que es la asignatura en la que se suele impartir Abrapalabra en toda primaria.\u00a0<\/span><\/p>\n<p>&nbsp;<\/p>\n<h2><span style=\"color: #ffa341;\"><b>El curr\u00edculo de Lengua en primaria<\/b><\/span><\/h2>\n<p><span style=\"font-weight: 400;\">\u00bfRecuerdas los bloques de comunicaci\u00f3n oral, escrita, lectura y literatura? Ya son cosa del pasado. Es decir, el nuevo<\/span> <a href=\"https:\/\/educagob.educacionyfp.gob.es\/curriculo\/curriculo-lomloe\/menu-curriculos-basicos\/ed-primaria\/areas\/lengua-castellana.html\" target=\"_blank\" rel=\"noopener\"><span style=\"text-decoration: underline;\"><b>curr\u00edculo de Lengua Castellana y Literatura<\/b><\/span><\/a><b> de la LOMLOE<\/b><span style=\"font-weight: 400;\">, como adelant\u00e1bamos, se centra en la adquisici\u00f3n de competencias.\u00a0<\/span><\/p>\n<p><span style=\"font-weight: 400;\">Primero, organiza los contenidos\u00a0<\/span><\/p>\n<blockquote><p><span style=\"font-weight: 400;\">\u00aben torno a las estrategias relacionadas con <\/span><b>hablar, escuchar, leer y escribir en lengua castellana<\/b><span style=\"font-weight: 400;\">\u00bb.\u00a0<\/span><\/p><\/blockquote>\n<p>&nbsp;<\/p>\n<p><span style=\"font-weight: 400;\">\u00bfPara qu\u00e9? Fundamentalmente, para <\/span><b>que los estudiantes sean<\/b><span style=\"font-weight: 400;\">:\u00a0<\/span><\/p>\n<table>\n<tbody>\n<tr>\n<td><span style=\"font-weight: 400;\">Personas cr\u00edticas\u00a0<\/span><\/td>\n<td><span style=\"font-weight: 400;\">Bien informados<\/span><\/td>\n<td><span style=\"font-weight: 400;\">Creativos<\/span><\/td>\n<td><span style=\"font-weight: 400;\">Emprendedores<\/span><\/td>\n<\/tr>\n<tr>\n<td><span style=\"font-weight: 400;\">Capaces de transformar la informaci\u00f3n en conocimiento<\/span><\/td>\n<td><span style=\"font-weight: 400;\">Aut\u00f3nomos, aprendan por s\u00ed mismos, se informen y trabajen en equipo<\/span><\/td>\n<td><span style=\"font-weight: 400;\">Eficaces y \u00e9ticos en el uso de las palabras<\/span><\/td>\n<td><span style=\"font-weight: 400;\">Respetuosos hacia las diferencias<\/span><\/td>\n<\/tr>\n<\/tbody>\n<\/table>\n<p>&nbsp;<\/p>\n<p><span style=\"font-weight: 400;\">De momento, nada que no busquemos en Abrapalabra. Pero hay algo m\u00e1s espec\u00edfico a\u00fan. Por un lado, este programa de comprensi\u00f3n lectora se centra principalmente en el <\/span><b>desarrollo del gusto por la lectura<\/b><span style=\"font-weight: 400;\">, y la lectura de g\u00e9neros variados.\u00a0<\/span><\/p>\n<p><span style=\"font-weight: 400;\">Adem\u00e1s, Abrapalabra persigue que los alumnos <\/span><b>conozcan el mundo a trav\u00e9s de los textos<\/b><span style=\"font-weight: 400;\"> y generen un esp\u00edritu cr\u00edtico. En definitiva, que se formen una opini\u00f3n sobre lo que les rodea y sepan expresarla.\u00a0<\/span><\/p>\n<p><span style=\"font-weight: 400;\">As\u00ed mismo lo expresa tambi\u00e9n la LOMOLOE cuando habla de un<\/span><b> doble enfoque<\/b><span style=\"font-weight: 400;\">:<\/span><\/p>\n<ol>\n<li style=\"font-weight: 400;\" aria-level=\"1\"><span style=\"font-weight: 400;\">Por una parte, la adquisici\u00f3n del<\/span> <a href=\"https:\/\/www.vocaeditorial.com\/blog\/beneficios-de-la-lectura-en-el-aula\"><b>h\u00e1bito lector<\/b><\/a><b> aut\u00f3nomo<\/b><span style=\"font-weight: 400;\">.\u00a0<\/span><\/li>\n<li style=\"font-weight: 400;\" aria-level=\"1\"><span style=\"font-weight: 400;\">Por otra, el desarrollo de habilidades de acercamiento e<\/span><b> interpretaci\u00f3n de los textos literarios<\/b><span style=\"font-weight: 400;\">.<\/span><\/li>\n<\/ol>\n<p>&nbsp;<\/p>\n<p><span style=\"font-weight: 400;\">Pero veamos en concreto c\u00f3mo se corresponden las competencias de Abrapalabra y la LOMLOE.<\/span><\/p>\n<p>&nbsp;<\/p>\n<p><span style=\"font-weight: 400;\">[CtaModule cta_item=\u00bb6208&#8243;]<\/span><\/p>\n<p>&nbsp;<\/p>\n<h2><span style=\"color: #ffa341;\"><b>Correspondencia entre Abrapalabra y la LOMLOE<\/b><\/span><\/h2>\n<p><span style=\"font-weight: 400;\">Lleg\u00f3 el momento de la verdad: \u00bf<\/span><b>Abrapalabra sigue las competencias de la LOMLOE<\/b><span style=\"font-weight: 400;\">? Mejor que responderte directamente es que t\u00fa mismo veas c\u00f3mo nuestros contenidos encajan con las l\u00edneas de la asignatura de Lengua.<\/span><\/p>\n<p>&nbsp;<\/p>\n<img loading=\"lazy\" decoding=\"async\" class=\"wp-image-7884 aligncenter\" src=\"https:\/\/www.vocaeditorial.com\/blog\/media\/Abrapalabra-LOMLOE.png\" alt=\"\" width=\"434\" height=\"723\" srcset=\"https:\/\/www.vocaeditorial.com\/blog\/media\/Abrapalabra-LOMLOE.png 600w, https:\/\/www.vocaeditorial.com\/blog\/media\/Abrapalabra-LOMLOE-395x658.png 395w, https:\/\/www.vocaeditorial.com\/blog\/media\/Abrapalabra-LOMLOE-475x791.png 475w, https:\/\/www.vocaeditorial.com\/blog\/media\/Abrapalabra-LOMLOE-231x385.png 231w, https:\/\/www.vocaeditorial.com\/blog\/media\/Abrapalabra-LOMLOE-190x317.png 190w\" sizes=\"auto, (max-width: 434px) 100vw, 434px\" \/>\n<p>&nbsp;<\/p>\n<p><span style=\"font-weight: 400;\">En conclusi\u00f3n, <\/span><a href=\"https:\/\/www.vocaeditorial.com\/abrapalabra\/\" target=\"_blank\" rel=\"noopener\"><span style=\"text-decoration: underline;\"><b>Abrapalabra<\/b><\/span><\/a><span style=\"font-weight: 400;\"> y la LOMLOE van de la mano en cuanto al <\/span><b>fomento de la lectura, el pensamiento cr\u00edtico y la expresi\u00f3n escrita<\/b><span style=\"font-weight: 400;\">. \u00bfQu\u00e9 m\u00e1s se puede pedir?<\/span><\/p>\n","protected":false},"excerpt":{"rendered":"<p>Te contamos c\u00f3mo se corresponden las competencias de Abrapalabra y la LOMLOE. Ver\u00e1s que Abrapalabra persigue que desarrollen el gusto por la lectura, conozcan el mundo a trav\u00e9s de los textos y generen un esp\u00edritu cr\u00edtico. Todo lo que busca la LOMLOE.<\/p>\n","protected":false},"author":49,"featured_media":7881,"comment_status":"closed","ping_status":"closed","sticky":false,"template":"","format":"standard","meta":{"content-type":"","inline_featured_image":false,"_jetpack_memberships_contains_paid_content":false,"footnotes":""},"tags":[675,634,651],"class_list":["post-7883","post","type-post","status-publish","format-standard","has-post-thumbnail","hentry","category-comprension-lectora","tag-lomloe","tag-comprension-lectora","tag-competencias-educativas"],"yoast_head":"<!-- This site is optimized with the Yoast SEO plugin v26.6 - https:\/\/yoast.com\/wordpress\/plugins\/seo\/ -->\n<title>Abrapalabra y LOMLOE &#8211; Voca Editorial<\/title>\n<meta name=\"description\" content=\"Conoce con detalle la integraci\u00f3n del programa Abrapalabra y LOMLOE, la \u00faltima ley educativa espa\u00f1ola que se organiza en competencias.\" \/>\n<meta name=\"robots\" content=\"index, follow, max-snippet:-1, max-image-preview:large, max-video-preview:-1\" \/>\n<link rel=\"canonical\" href=\"https:\/\/www.vocaeditorial.com\/blog\/abrapalabra-y-lomloe\/\" \/>\n<meta property=\"og:locale\" content=\"es_ES\" \/>\n<meta property=\"og:type\" content=\"article\" \/>\n<meta property=\"og:title\" content=\"Abrapalabra y LOMLOE &#8211; Voca Editorial\" \/>\n<meta property=\"og:description\" content=\"Conoce con detalle la integraci\u00f3n del programa Abrapalabra y LOMLOE, la \u00faltima ley educativa espa\u00f1ola que se organiza en competencias.\" \/>\n<meta property=\"og:url\" content=\"https:\/\/www.vocaeditorial.com\/blog\/abrapalabra-y-lomloe\/\" \/>\n<meta property=\"og:site_name\" content=\"Voca Editorial\" \/>\n<meta property=\"article:published_time\" content=\"2023-06-21T13:00:50+00:00\" \/>\n<meta property=\"og:image\" content=\"https:\/\/www.vocaeditorial.com\/blog\/media\/Abrapalabra-LOMLOE-post.jpg\" \/>\n\t<meta property=\"og:image:width\" content=\"2048\" \/>\n\t<meta property=\"og:image:height\" content=\"1437\" \/>\n\t<meta property=\"og:image:type\" content=\"image\/jpeg\" \/>\n<meta name=\"author\" content=\"VOCA Editorial\" \/>\n<meta name=\"twitter:card\" content=\"summary_large_image\" \/>\n<meta name=\"twitter:label1\" content=\"Escrito por\" \/>\n\t<meta name=\"twitter:data1\" content=\"VOCA Editorial\" \/>\n\t<meta name=\"twitter:label2\" content=\"Tiempo de lectura\" \/>\n\t<meta name=\"twitter:data2\" content=\"3 minutos\" \/>\n<script type=\"application\/ld+json\" class=\"yoast-schema-graph\">{\"@context\":\"https:\/\/schema.org\",\"@graph\":[{\"@type\":\"WebPage\",\"@id\":\"https:\/\/www.vocaeditorial.com\/blog\/abrapalabra-y-lomloe\/\",\"url\":\"https:\/\/www.vocaeditorial.com\/blog\/abrapalabra-y-lomloe\/\",\"name\":\"Abrapalabra y LOMLOE &#8211; Voca Editorial\",\"isPartOf\":{\"@id\":\"https:\/\/www.vocaeditorial.com\/blog\/#website\"},\"primaryImageOfPage\":{\"@id\":\"https:\/\/www.vocaeditorial.com\/blog\/abrapalabra-y-lomloe\/#primaryimage\"},\"image\":{\"@id\":\"https:\/\/www.vocaeditorial.com\/blog\/abrapalabra-y-lomloe\/#primaryimage\"},\"thumbnailUrl\":\"https:\/\/www.vocaeditorial.com\/blog\/media\/Abrapalabra-LOMLOE-post.jpg\",\"datePublished\":\"2023-06-21T13:00:50+00:00\",\"author\":{\"@id\":\"https:\/\/www.vocaeditorial.com\/blog\/#\/schema\/person\/72fba3d6c8a26fba0fee3107fda03438\"},\"description\":\"Conoce con detalle la integraci\u00f3n del programa Abrapalabra y LOMLOE, la \u00faltima ley educativa espa\u00f1ola que se organiza en competencias.\",\"breadcrumb\":{\"@id\":\"https:\/\/www.vocaeditorial.com\/blog\/abrapalabra-y-lomloe\/#breadcrumb\"},\"inLanguage\":\"es\",\"potentialAction\":[{\"@type\":\"ReadAction\",\"target\":[\"https:\/\/www.vocaeditorial.com\/blog\/abrapalabra-y-lomloe\/\"]}]},{\"@type\":\"ImageObject\",\"inLanguage\":\"es\",\"@id\":\"https:\/\/www.vocaeditorial.com\/blog\/abrapalabra-y-lomloe\/#primaryimage\",\"url\":\"https:\/\/www.vocaeditorial.com\/blog\/media\/Abrapalabra-LOMLOE-post.jpg\",\"contentUrl\":\"https:\/\/www.vocaeditorial.com\/blog\/media\/Abrapalabra-LOMLOE-post.jpg\",\"width\":2048,\"height\":1437,\"caption\":\"abrapalabra-y-lomloe\"},{\"@type\":\"BreadcrumbList\",\"@id\":\"https:\/\/www.vocaeditorial.com\/blog\/abrapalabra-y-lomloe\/#breadcrumb\",\"itemListElement\":[{\"@type\":\"ListItem\",\"position\":1,\"name\":\"Portada\",\"item\":\"https:\/\/www.vocaeditorial.com\/blog\/\"},{\"@type\":\"ListItem\",\"position\":2,\"name\":\"Abrapalabra y LOMLOE\"}]},{\"@type\":\"WebSite\",\"@id\":\"https:\/\/www.vocaeditorial.com\/blog\/#website\",\"url\":\"https:\/\/www.vocaeditorial.com\/blog\/\",\"name\":\"Voca Editorial\",\"description\":\"\",\"potentialAction\":[{\"@type\":\"SearchAction\",\"target\":{\"@type\":\"EntryPoint\",\"urlTemplate\":\"https:\/\/www.vocaeditorial.com\/blog\/?s={search_term_string}\"},\"query-input\":{\"@type\":\"PropertyValueSpecification\",\"valueRequired\":true,\"valueName\":\"search_term_string\"}}],\"inLanguage\":\"es\"},{\"@type\":\"Person\",\"@id\":\"https:\/\/www.vocaeditorial.com\/blog\/#\/schema\/person\/72fba3d6c8a26fba0fee3107fda03438\",\"name\":\"VOCA Editorial\",\"image\":{\"@type\":\"ImageObject\",\"inLanguage\":\"es\",\"@id\":\"https:\/\/www.vocaeditorial.com\/blog\/#\/schema\/person\/image\/\",\"url\":\"https:\/\/secure.gravatar.com\/avatar\/137e7a09ea636684fcf1595563ff145c113f07116d7a29acedf3e545ab378ca3?s=96&d=mm&r=g\",\"contentUrl\":\"https:\/\/secure.gravatar.com\/avatar\/137e7a09ea636684fcf1595563ff145c113f07116d7a29acedf3e545ab378ca3?s=96&d=mm&r=g\",\"caption\":\"VOCA Editorial\"},\"url\":\"https:\/\/www.vocaeditorial.com\/blog\/author\/voca-editorial\/\"}]}<\/script>\n<!-- \/ Yoast SEO plugin. -->","yoast_head_json":{"title":"Abrapalabra y LOMLOE &#8211; Voca Editorial","description":"Conoce con detalle la integraci\u00f3n del programa Abrapalabra y LOMLOE, la \u00faltima ley educativa espa\u00f1ola que se organiza en competencias.","robots":{"index":"index","follow":"follow","max-snippet":"max-snippet:-1","max-image-preview":"max-image-preview:large","max-video-preview":"max-video-preview:-1"},"canonical":"https:\/\/www.vocaeditorial.com\/blog\/abrapalabra-y-lomloe\/","og_locale":"es_ES","og_type":"article","og_title":"Abrapalabra y LOMLOE &#8211; Voca Editorial","og_description":"Conoce con detalle la integraci\u00f3n del programa Abrapalabra y LOMLOE, la \u00faltima ley educativa espa\u00f1ola que se organiza en competencias.","og_url":"https:\/\/www.vocaeditorial.com\/blog\/abrapalabra-y-lomloe\/","og_site_name":"Voca Editorial","article_published_time":"2023-06-21T13:00:50+00:00","og_image":[{"width":2048,"height":1437,"url":"https:\/\/www.vocaeditorial.com\/blog\/media\/Abrapalabra-LOMLOE-post.jpg","type":"image\/jpeg"}],"author":"VOCA Editorial","twitter_card":"summary_large_image","twitter_misc":{"Escrito por":"VOCA Editorial","Tiempo de lectura":"3 minutos"},"schema":{"@context":"https:\/\/schema.org","@graph":[{"@type":"WebPage","@id":"https:\/\/www.vocaeditorial.com\/blog\/abrapalabra-y-lomloe\/","url":"https:\/\/www.vocaeditorial.com\/blog\/abrapalabra-y-lomloe\/","name":"Abrapalabra y LOMLOE &#8211; Voca Editorial","isPartOf":{"@id":"https:\/\/www.vocaeditorial.com\/blog\/#website"},"primaryImageOfPage":{"@id":"https:\/\/www.vocaeditorial.com\/blog\/abrapalabra-y-lomloe\/#primaryimage"},"image":{"@id":"https:\/\/www.vocaeditorial.com\/blog\/abrapalabra-y-lomloe\/#primaryimage"},"thumbnailUrl":"https:\/\/www.vocaeditorial.com\/blog\/media\/Abrapalabra-LOMLOE-post.jpg","datePublished":"2023-06-21T13:00:50+00:00","author":{"@id":"https:\/\/www.vocaeditorial.com\/blog\/#\/schema\/person\/72fba3d6c8a26fba0fee3107fda03438"},"description":"Conoce con detalle la integraci\u00f3n del programa Abrapalabra y LOMLOE, la \u00faltima ley educativa espa\u00f1ola que se organiza en competencias.","breadcrumb":{"@id":"https:\/\/www.vocaeditorial.com\/blog\/abrapalabra-y-lomloe\/#breadcrumb"},"inLanguage":"es","potentialAction":[{"@type":"ReadAction","target":["https:\/\/www.vocaeditorial.com\/blog\/abrapalabra-y-lomloe\/"]}]},{"@type":"ImageObject","inLanguage":"es","@id":"https:\/\/www.vocaeditorial.com\/blog\/abrapalabra-y-lomloe\/#primaryimage","url":"https:\/\/www.vocaeditorial.com\/blog\/media\/Abrapalabra-LOMLOE-post.jpg","contentUrl":"https:\/\/www.vocaeditorial.com\/blog\/media\/Abrapalabra-LOMLOE-post.jpg","width":2048,"height":1437,"caption":"abrapalabra-y-lomloe"},{"@type":"BreadcrumbList","@id":"https:\/\/www.vocaeditorial.com\/blog\/abrapalabra-y-lomloe\/#breadcrumb","itemListElement":[{"@type":"ListItem","position":1,"name":"Portada","item":"https:\/\/www.vocaeditorial.com\/blog\/"},{"@type":"ListItem","position":2,"name":"Abrapalabra y LOMLOE"}]},{"@type":"WebSite","@id":"https:\/\/www.vocaeditorial.com\/blog\/#website","url":"https:\/\/www.vocaeditorial.com\/blog\/","name":"Voca Editorial","description":"","potentialAction":[{"@type":"SearchAction","target":{"@type":"EntryPoint","urlTemplate":"https:\/\/www.vocaeditorial.com\/blog\/?s={search_term_string}"},"query-input":{"@type":"PropertyValueSpecification","valueRequired":true,"valueName":"search_term_string"}}],"inLanguage":"es"},{"@type":"Person","@id":"https:\/\/www.vocaeditorial.com\/blog\/#\/schema\/person\/72fba3d6c8a26fba0fee3107fda03438","name":"VOCA Editorial","image":{"@type":"ImageObject","inLanguage":"es","@id":"https:\/\/www.vocaeditorial.com\/blog\/#\/schema\/person\/image\/","url":"https:\/\/secure.gravatar.com\/avatar\/137e7a09ea636684fcf1595563ff145c113f07116d7a29acedf3e545ab378ca3?s=96&d=mm&r=g","contentUrl":"https:\/\/secure.gravatar.com\/avatar\/137e7a09ea636684fcf1595563ff145c113f07116d7a29acedf3e545ab378ca3?s=96&d=mm&r=g","caption":"VOCA Editorial"},"url":"https:\/\/www.vocaeditorial.com\/blog\/author\/voca-editorial\/"}]}},"jetpack_featured_media_url":"https:\/\/www.vocaeditorial.com\/blog\/media\/Abrapalabra-LOMLOE-post.jpg","jetpack_sharing_enabled":true,"_links":{"self":[{"href":"https:\/\/www.vocaeditorial.com\/blog\/wp-json\/wp\/v2\/posts\/7883","targetHints":{"allow":["GET"]}}],"collection":[{"href":"https:\/\/www.vocaeditorial.com\/blog\/wp-json\/wp\/v2\/posts"}],"about":[{"href":"https:\/\/www.vocaeditorial.com\/blog\/wp-json\/wp\/v2\/types\/post"}],"author":[{"embeddable":true,"href":"https:\/\/www.vocaeditorial.com\/blog\/wp-json\/wp\/v2\/users\/49"}],"replies":[{"embeddable":true,"href":"https:\/\/www.vocaeditorial.com\/blog\/wp-json\/wp\/v2\/comments?post=7883"}],"version-history":[{"count":0,"href":"https:\/\/www.vocaeditorial.com\/blog\/wp-json\/wp\/v2\/posts\/7883\/revisions"}],"wp:featuredmedia":[{"embeddable":true,"href":"https:\/\/www.vocaeditorial.com\/blog\/wp-json\/wp\/v2\/media\/7881"}],"wp:attachment":[{"href":"https:\/\/www.vocaeditorial.com\/blog\/wp-json\/wp\/v2\/media?parent=7883"}],"wp:term":[{"taxonomy":"post_tag","embeddable":true,"href":"https:\/\/www.vocaeditorial.com\/blog\/wp-json\/wp\/v2\/tags?post=7883"}],"curies":[{"name":"wp","href":"https:\/\/api.w.org\/{rel}","templated":true}]}}