{"id":6977,"date":"2022-05-16T15:00:58","date_gmt":"2022-05-16T13:00:58","guid":{"rendered":"https:\/\/www.vocaeditorial.com\/blog\/?p=6977"},"modified":"2023-02-09T12:28:26","modified_gmt":"2023-02-09T11:28:26","slug":"escalera-de-la-metacognicion","status":"publish","type":"post","link":"https:\/\/www.vocaeditorial.com\/blog\/escalera-de-la-metacognicion\/","title":{"rendered":"Escalera de la metacognici\u00f3n y evaluaci\u00f3n"},"content":{"rendered":"<p><span style=\"font-weight: 400;\">\u00bfCu\u00e1l es la mitad de 2 m\u00e1s 2? Escucha tu mon\u00f3logo interior al intentar resolver esta operaci\u00f3n. Eso es un proceso de pensamiento. Tomar conciencia de nuestros patrones de pensamiento es <\/span><b>el primer pelda\u00f1o de la escalera de la metacognici\u00f3n y una destreza clave en el aprendizaje basado en el pensamiento<\/b><span style=\"font-weight: 400;\">. Si quieres conocer el resto de pelda\u00f1os y c\u00f3mo aplicarlos en el aula, \u00a1no te pierdas este <\/span><i><span style=\"font-weight: 400;\">post<\/span><\/i><span style=\"font-weight: 400;\">!<\/span><\/p>\n\n[CtaModule cta_item=\u00bb6766&#8243;]\n<p>&nbsp;<\/p>\n<h2><span style=\"color: #ffa341;\"><b>\u00bfQu\u00e9 es la escalera de la metacognici\u00f3n?<\/b><\/span><\/h2>\n<p><span style=\"font-weight: 400;\">Ense\u00f1ar en el aula la escalera de la metacognici\u00f3n implica dar herramientas concretas para <\/span><b>aprender a pensar de manera estrat\u00e9gica y cr\u00edtica.<\/b><span style=\"font-weight: 400;\"> Seg\u00fan el <\/span><i><span style=\"font-weight: 400;\">Diccionario de Lectura<\/span><\/i><span style=\"font-weight: 400;\"> de Harris y Hodges, la metacognici\u00f3n es<\/span><\/p>\n<blockquote><p><span style=\"font-weight: 400;\">la toma de <\/span><b>conciencia de los propios procesos mentales<\/b><span style=\"font-weight: 400;\"> para controlarlos, regularlos y dirigirlos hacia un fin deseado a trav\u00e9s de procesos de autorreflexi\u00f3n.\u00a0<\/span><\/p><\/blockquote>\n<p>&nbsp;<\/p>\n<p><span style=\"font-weight: 400;\">Para ello, se han de subir los pelda\u00f1os<\/span> <span style=\"font-weight: 400;\">de<\/span><b> la escalera de la metacognici\u00f3n<\/b><span style=\"font-weight: 400;\"> (Swartz, 2008):<\/span><\/p>\n<img loading=\"lazy\" decoding=\"async\" class=\"aligncenter wp-image-6978 size-full\" src=\"https:\/\/www.vocaeditorial.com\/blog\/media\/escalera-de-la-metacognicion-1-1-e1646657739600.png\" alt=\"escalera-de-la-metacognicion\" width=\"780\" height=\"470\" srcset=\"https:\/\/www.vocaeditorial.com\/blog\/media\/escalera-de-la-metacognicion-1-1-e1646657739600.png 780w, https:\/\/www.vocaeditorial.com\/blog\/media\/escalera-de-la-metacognicion-1-1-e1646657739600-775x467.png 775w, https:\/\/www.vocaeditorial.com\/blog\/media\/escalera-de-la-metacognicion-1-1-e1646657739600-639x385.png 639w, https:\/\/www.vocaeditorial.com\/blog\/media\/escalera-de-la-metacognicion-1-1-e1646657739600-375x226.png 375w\" sizes=\"auto, (max-width: 780px) 100vw, 780px\" \/>\n<h2><span style=\"color: #ffa341;\"><b>\u00bfPara qu\u00e9 sirve la escalera de la metacognici\u00f3n?\u00a0<\/b><\/span><\/h2>\n<p><span style=\"font-weight: 400;\">Nuestros pensamientos suceden de una manera concreta, siguiendo un patr\u00f3n determinado. Y, a veces, esos patrones no nos ayudan a pensar y a resolver problemas. Por eso, <\/span><b>educar la metacognici\u00f3n tiene dos fines<\/b><span style=\"font-weight: 400;\">:<\/span><\/p>\n<ol>\n<li style=\"font-weight: 400;\" aria-level=\"1\"><b>Tomar conciencia<\/b><span style=\"font-weight: 400;\"> del propio proceso de pensamiento. Esto implica:<\/span>\n<ul>\n<li style=\"font-weight: 400;\" aria-level=\"2\"><span style=\"font-weight: 400;\">Darse cuenta de nuestro <\/span><b>mon\u00f3logo interior<\/b><span style=\"font-weight: 400;\"> cuando pensamos.\u00a0<\/span><\/li>\n<li style=\"font-weight: 400;\" aria-level=\"2\"><span style=\"font-weight: 400;\">Describir los pasos de nuestros<\/span><b> patr\u00f3n de pensamiento<\/b><span style=\"font-weight: 400;\">.\u00a0<\/span><\/li>\n<li style=\"font-weight: 400;\" aria-level=\"2\"><span style=\"font-weight: 400;\">Educar el <\/span><b>pensamiento cr\u00edtico<\/b><span style=\"font-weight: 400;\">.\u00a0<\/span><\/li>\n<\/ul>\n<\/li>\n<li style=\"font-weight: 400;\" aria-level=\"1\"><strong>Elegir el mejor proceso<\/strong><span style=\"font-weight: 400;\">. Esta es la dimensi\u00f3n pr\u00e1ctica del aprendizaje basado en el pensamiento y supone:<\/span>\n<ul style=\"font-weight: 400;\">\n<li style=\"font-weight: 400;\" aria-level=\"2\"><span style=\"font-weight: 400;\">Aprender <\/span><span style=\"text-decoration: underline;\"><a href=\"https:\/\/www.vocaeditorial.com\/blog\/rutinas-de-pensamiento\"><b>rutinas de pensamiento<\/b><\/a><\/span><span style=\"font-weight: 400;\">, que son patrones de pensamiento que integramos como h\u00e1bitos.\u00a0<\/span><\/li>\n<li style=\"font-weight: 400;\" aria-level=\"2\"><span style=\"font-weight: 400;\">Tener una variedad de <\/span><b>estrategias para afrontar problemas<\/b><span style=\"font-weight: 400;\">.\u00a0<\/span><\/li>\n<li style=\"font-weight: 400;\" aria-level=\"2\"><span style=\"font-weight: 400;\">Mejorar la <\/span><a href=\"https:\/\/www.vocaeditorial.com\/blog\/que-es-comprension-lectora\/\"><b><span style=\"text-decoration: underline;\">comprensi\u00f3n lectora<\/span>.<\/b><\/a><span style=\"font-weight: 400;\">\u00a0<\/span><\/li>\n<\/ul>\n<\/li>\n<\/ol>\n<p>&nbsp;<\/p>\n[CtaModule cta_item=\u00bb5415&#8243;]\n<p>&nbsp;<\/p>\n<h2><span style=\"color: #ffa341;\"><b>\u00bfC\u00f3mo aplicar la metacognici\u00f3n en el aula?\u00a0<\/b><\/span><\/h2>\n<p><span style=\"font-weight: 400;\">Primero, la escalera de la metacognici\u00f3n se puede trabajar en el aula presentando un problema, y, despu\u00e9s, haciendo <\/span><b>preguntas a tus alumnos para despertar la reflexi\u00f3n<\/b><span style=\"font-weight: 400;\"> sobre su pensamiento.\u00a0<\/span><\/p>\n<p><span style=\"font-weight: 400;\">Por tanto, aplicar la escalera de la metacognici\u00f3n implica <\/span><b>resolver problemas por fases<\/b><span style=\"font-weight: 400;\"> como en esta tabla (Swartz, 2008):\u00a0<\/span><\/p>\n<img loading=\"lazy\" decoding=\"async\" class=\"aligncenter wp-image-7317 size-full\" src=\"https:\/\/www.vocaeditorial.com\/blog\/media\/escalera-metacognicion.jpg\" alt=\"escalera de la metacognici\u00f3n\" width=\"714\" height=\"562\" srcset=\"https:\/\/www.vocaeditorial.com\/blog\/media\/escalera-metacognicion.jpg 714w, https:\/\/www.vocaeditorial.com\/blog\/media\/escalera-metacognicion-489x385.jpg 489w, https:\/\/www.vocaeditorial.com\/blog\/media\/escalera-metacognicion-375x295.jpg 375w\" sizes=\"auto, (max-width: 714px) 100vw, 714px\" \/>\n<h2><span style=\"color: #ffa341;\"><b>\u00bfC\u00f3mo aprovechar la escalera de la metacognici\u00f3n?<\/b><\/span><\/h2>\n<p><span style=\"font-weight: 400;\">La escalera de la metacognici\u00f3n es, sencillamente, una herramienta para adquirir el h\u00e1bito de pensar sobre el propio pensamiento y capacitarse para pensar mejor. Por ello, esa mejora del pensamiento implica <\/span><b>integrar nuevos h\u00e1bitos de pensar<\/b><span style=\"font-weight: 400;\">.<\/span><\/p>\n<p><span style=\"font-weight: 400;\">As\u00ed que aqu\u00ed te dejamos dos rutinas de pensamiento para:<\/span><\/p>\n<table>\n<tbody>\n<tr>\n<td><strong>Aprender a\u00a0autoevaluarse<\/strong><\/td>\n<td><strong>Tomar\u00a0decisiones<\/strong><\/td>\n<\/tr>\n<tr>\n<td><img loading=\"lazy\" decoding=\"async\" class=\"aligncenter wp-image-6979 size-full\" src=\"https:\/\/www.vocaeditorial.com\/blog\/media\/escalera-de-la-metacognicion-2-1-e1646658053567.png\" alt=\"\" width=\"729\" height=\"499\" srcset=\"https:\/\/www.vocaeditorial.com\/blog\/media\/escalera-de-la-metacognicion-2-1-e1646658053567.png 729w, https:\/\/www.vocaeditorial.com\/blog\/media\/escalera-de-la-metacognicion-2-1-e1646658053567-562x385.png 562w, https:\/\/www.vocaeditorial.com\/blog\/media\/escalera-de-la-metacognicion-2-1-e1646658053567-375x257.png 375w\" sizes=\"auto, (max-width: 729px) 100vw, 729px\" \/><\/td>\n<td><img loading=\"lazy\" decoding=\"async\" class=\"aligncenter wp-image-6980 size-full\" src=\"https:\/\/www.vocaeditorial.com\/blog\/media\/escalera-de-la-metacognicion-3-e1646658121220.png\" alt=\"\" width=\"888\" height=\"499\" srcset=\"https:\/\/www.vocaeditorial.com\/blog\/media\/escalera-de-la-metacognicion-3-e1646658121220.png 888w, https:\/\/www.vocaeditorial.com\/blog\/media\/escalera-de-la-metacognicion-3-e1646658121220-775x436.png 775w, https:\/\/www.vocaeditorial.com\/blog\/media\/escalera-de-la-metacognicion-3-e1646658121220-685x385.png 685w, https:\/\/www.vocaeditorial.com\/blog\/media\/escalera-de-la-metacognicion-3-e1646658121220-375x211.png 375w\" sizes=\"auto, (max-width: 888px) 100vw, 888px\" \/><\/td>\n<\/tr>\n<\/tbody>\n<\/table>\n<p><span style=\"font-weight: 400;\">Y, as\u00ed, trabajando <\/span><b>la escalera de la metacognici\u00f3n tus alumnos adquirir\u00e1n la competencia aprender a aprender,<\/b><span style=\"font-weight: 400;\"> una de las llamadas <\/span><b>competencias del siglo XXI<\/b><span style=\"font-weight: 400;\">. Aprender\u00e1n a pensar, a hacerse preguntas, a indagar y a relacionar ideas. Y para estimular a\u00fan m\u00e1s su pensamiento, te recomendamos <\/span><b>leer en <span style=\"text-decoration: underline;\"><a href=\"https:\/\/www.vocaeditorial.com\/blog\/talleres-de-lectura\">talleres de lectura<\/a><\/span>.<\/b><span style=\"font-weight: 400;\"> \u00a1Atr\u00e9vete a pensar!\u00a0<\/span><\/p>\n<p>&nbsp;<\/p>\n<h3><span style=\"color: #ffa341;\"><b>Bibliograf\u00eda<\/b><\/span><\/h3>\n<p><span style=\"font-weight: 400;\">Calero, A. (2017).<\/span><i><span style=\"font-weight: 400;\"> Comprensi\u00f3n lectora. Estrategias que desarrollan lectores autorregulados.<\/span><\/i><span style=\"font-weight: 400;\"> Espa\u00f1a. comprensi\u00f3n-lectora.org.\u00a0<\/span><\/p>\n<p><span style=\"font-weight: 400;\">Harris, T.L. &amp; Hodges, R.E. (eds) (1995). <\/span><i><span style=\"font-weight: 400;\">The literacy dictionary: The vocabulary of reading and writing.<\/span><\/i><span style=\"font-weight: 400;\"> Newark, DE. International Reading Association<\/span><\/p>\n<p><span style=\"font-weight: 400;\">Proyecto Cero de la Facultad de Educaci\u00f3n de la Universidad de Harvard (s. f.) <\/span><a href=\"http:\/\/www.pz.harvard.edu\/thinking-routines\"><i><span style=\"font-weight: 400;\">Project Zero&#8217;s Thinking Routine Toolbox<\/span><\/i><\/a><b>.<\/b><span style=\"font-weight: 400;\"> [Consulta: 10 enero 2022].<\/span><\/p>\n<p><span style=\"font-weight: 400;\">Ripoll, J.C. y Aguado, G. (2019). <\/span><i><span style=\"font-weight: 400;\">Ense\u00f1ar a leer. C\u00f3mo hacer lectores competentes<\/span><\/i><span style=\"font-weight: 400;\">. Madrid: Editorial EOS.<\/span><\/p>\n<p><span style=\"font-weight: 400;\">Swartz, R., Costa, A., Beyer, B., Reagan, R., Kallick, B. y Perkins, D. (2015). <\/span><i><span style=\"font-weight: 400;\">El aprendizaje basado en el pensamiento.<\/span><\/i><span style=\"font-weight: 400;\"> Biblioteca innovaci\u00f3n educativa: SM.\u00a0<\/span><\/p>\n<p><span style=\"font-weight: 400;\">Swartz, R. y Perkins, D. (1992) <\/span><a href=\"https:\/\/docplayer.net\/50583379-The-nine-basics-of-teaching-thinking-david-perkins-robert-swartz-reprinted-from-if-minds-matter-a-foreword-to-the-future-volume-two-edited-by.html\"><span style=\"font-weight: 400;\">The Nine Basics of Teaching Thinking<\/span><\/a><span style=\"font-weight: 400;\"> en Costa, A., Bellanca, J. y Fogarty, R. (Eds).<\/span><i><span style=\"font-weight: 400;\"> If Minds Matter: A Foreword to the Future<\/span><\/i><span style=\"font-weight: 400;\">. Illinois: Skylight Publishing.<\/span><\/p>\n","protected":false},"excerpt":{"rendered":"<p>La escalera de la metacognici\u00f3n es, sencillamente, una herramienta para adquirir el h\u00e1bito de pensar sobre el propio pensamiento y capacitarse para pensar mejor. <\/p>\n","protected":false},"author":49,"featured_media":6981,"comment_status":"closed","ping_status":"closed","sticky":false,"template":"","format":"standard","meta":{"content-type":"","inline_featured_image":false,"_jetpack_memberships_contains_paid_content":false,"footnotes":""},"tags":[584,585,595,603],"class_list":["post-6977","post","type-post","status-publish","format-standard","has-post-thumbnail","hentry","category-comprension-lectora","tag-autoevaluacion","tag-aprendizaje-significativo","tag-pensamiento-critico","tag-competencia-lectora"],"yoast_head":"<!-- This site is optimized with the Yoast SEO plugin v26.6 - https:\/\/yoast.com\/wordpress\/plugins\/seo\/ -->\n<title>Escalera de la metacognici\u00f3n y evaluaci\u00f3n &#8211; Voca Editorial<\/title>\n<meta name=\"description\" content=\"La escalera de metacognici\u00f3n es una herramienta para adquirir h\u00e1bito de pensar sobre el propio pensamiento y capacitarse para pensar mejor.\" \/>\n<meta name=\"robots\" content=\"index, follow, max-snippet:-1, max-image-preview:large, max-video-preview:-1\" \/>\n<link rel=\"canonical\" href=\"https:\/\/www.vocaeditorial.com\/blog\/escalera-de-la-metacognicion\/\" \/>\n<meta property=\"og:locale\" content=\"es_ES\" \/>\n<meta property=\"og:type\" content=\"article\" \/>\n<meta property=\"og:title\" content=\"Escalera de la metacognici\u00f3n y evaluaci\u00f3n &#8211; Voca Editorial\" \/>\n<meta property=\"og:description\" content=\"La escalera de metacognici\u00f3n es una herramienta para adquirir h\u00e1bito de pensar sobre el propio pensamiento y capacitarse para pensar mejor.\" \/>\n<meta property=\"og:url\" content=\"https:\/\/www.vocaeditorial.com\/blog\/escalera-de-la-metacognicion\/\" \/>\n<meta property=\"og:site_name\" content=\"Voca Editorial\" \/>\n<meta property=\"article:published_time\" content=\"2022-05-16T13:00:58+00:00\" \/>\n<meta property=\"article:modified_time\" content=\"2023-02-09T11:28:26+00:00\" \/>\n<meta property=\"og:image\" content=\"https:\/\/www.vocaeditorial.com\/blog\/media\/Escalera-de-la-metacognicion.jpeg\" \/>\n\t<meta property=\"og:image:width\" content=\"6122\" \/>\n\t<meta property=\"og:image:height\" content=\"4082\" \/>\n\t<meta property=\"og:image:type\" content=\"image\/jpeg\" \/>\n<meta name=\"author\" content=\"VOCA Editorial\" \/>\n<meta name=\"twitter:card\" content=\"summary_large_image\" \/>\n<meta name=\"twitter:label1\" content=\"Escrito por\" \/>\n\t<meta name=\"twitter:data1\" content=\"VOCA Editorial\" \/>\n\t<meta name=\"twitter:label2\" content=\"Tiempo de lectura\" \/>\n\t<meta name=\"twitter:data2\" content=\"4 minutos\" \/>\n<script type=\"application\/ld+json\" class=\"yoast-schema-graph\">{\"@context\":\"https:\/\/schema.org\",\"@graph\":[{\"@type\":\"WebPage\",\"@id\":\"https:\/\/www.vocaeditorial.com\/blog\/escalera-de-la-metacognicion\/\",\"url\":\"https:\/\/www.vocaeditorial.com\/blog\/escalera-de-la-metacognicion\/\",\"name\":\"Escalera de la metacognici\u00f3n y evaluaci\u00f3n &#8211; Voca Editorial\",\"isPartOf\":{\"@id\":\"https:\/\/www.vocaeditorial.com\/blog\/#website\"},\"primaryImageOfPage\":{\"@id\":\"https:\/\/www.vocaeditorial.com\/blog\/escalera-de-la-metacognicion\/#primaryimage\"},\"image\":{\"@id\":\"https:\/\/www.vocaeditorial.com\/blog\/escalera-de-la-metacognicion\/#primaryimage\"},\"thumbnailUrl\":\"https:\/\/www.vocaeditorial.com\/blog\/media\/Escalera-de-la-metacognicion.jpeg\",\"datePublished\":\"2022-05-16T13:00:58+00:00\",\"dateModified\":\"2023-02-09T11:28:26+00:00\",\"author\":{\"@id\":\"https:\/\/www.vocaeditorial.com\/blog\/#\/schema\/person\/72fba3d6c8a26fba0fee3107fda03438\"},\"description\":\"La escalera de metacognici\u00f3n es una herramienta para adquirir h\u00e1bito de pensar sobre el propio pensamiento y capacitarse para pensar mejor.\",\"breadcrumb\":{\"@id\":\"https:\/\/www.vocaeditorial.com\/blog\/escalera-de-la-metacognicion\/#breadcrumb\"},\"inLanguage\":\"es\",\"potentialAction\":[{\"@type\":\"ReadAction\",\"target\":[\"https:\/\/www.vocaeditorial.com\/blog\/escalera-de-la-metacognicion\/\"]}]},{\"@type\":\"ImageObject\",\"inLanguage\":\"es\",\"@id\":\"https:\/\/www.vocaeditorial.com\/blog\/escalera-de-la-metacognicion\/#primaryimage\",\"url\":\"https:\/\/www.vocaeditorial.com\/blog\/media\/Escalera-de-la-metacognicion.jpeg\",\"contentUrl\":\"https:\/\/www.vocaeditorial.com\/blog\/media\/Escalera-de-la-metacognicion.jpeg\",\"width\":6122,\"height\":4082,\"caption\":\"escalera-de-la-metacognicion\"},{\"@type\":\"BreadcrumbList\",\"@id\":\"https:\/\/www.vocaeditorial.com\/blog\/escalera-de-la-metacognicion\/#breadcrumb\",\"itemListElement\":[{\"@type\":\"ListItem\",\"position\":1,\"name\":\"Portada\",\"item\":\"https:\/\/www.vocaeditorial.com\/blog\/\"},{\"@type\":\"ListItem\",\"position\":2,\"name\":\"Escalera de la metacognici\u00f3n y evaluaci\u00f3n\"}]},{\"@type\":\"WebSite\",\"@id\":\"https:\/\/www.vocaeditorial.com\/blog\/#website\",\"url\":\"https:\/\/www.vocaeditorial.com\/blog\/\",\"name\":\"Voca Editorial\",\"description\":\"\",\"potentialAction\":[{\"@type\":\"SearchAction\",\"target\":{\"@type\":\"EntryPoint\",\"urlTemplate\":\"https:\/\/www.vocaeditorial.com\/blog\/?s={search_term_string}\"},\"query-input\":{\"@type\":\"PropertyValueSpecification\",\"valueRequired\":true,\"valueName\":\"search_term_string\"}}],\"inLanguage\":\"es\"},{\"@type\":\"Person\",\"@id\":\"https:\/\/www.vocaeditorial.com\/blog\/#\/schema\/person\/72fba3d6c8a26fba0fee3107fda03438\",\"name\":\"VOCA Editorial\",\"image\":{\"@type\":\"ImageObject\",\"inLanguage\":\"es\",\"@id\":\"https:\/\/www.vocaeditorial.com\/blog\/#\/schema\/person\/image\/\",\"url\":\"https:\/\/secure.gravatar.com\/avatar\/137e7a09ea636684fcf1595563ff145c113f07116d7a29acedf3e545ab378ca3?s=96&d=mm&r=g\",\"contentUrl\":\"https:\/\/secure.gravatar.com\/avatar\/137e7a09ea636684fcf1595563ff145c113f07116d7a29acedf3e545ab378ca3?s=96&d=mm&r=g\",\"caption\":\"VOCA Editorial\"},\"url\":\"https:\/\/www.vocaeditorial.com\/blog\/author\/voca-editorial\/\"}]}<\/script>\n<!-- \/ Yoast SEO plugin. -->","yoast_head_json":{"title":"Escalera de la metacognici\u00f3n y evaluaci\u00f3n &#8211; Voca Editorial","description":"La escalera de metacognici\u00f3n es una herramienta para adquirir h\u00e1bito de pensar sobre el propio pensamiento y capacitarse para pensar mejor.","robots":{"index":"index","follow":"follow","max-snippet":"max-snippet:-1","max-image-preview":"max-image-preview:large","max-video-preview":"max-video-preview:-1"},"canonical":"https:\/\/www.vocaeditorial.com\/blog\/escalera-de-la-metacognicion\/","og_locale":"es_ES","og_type":"article","og_title":"Escalera de la metacognici\u00f3n y evaluaci\u00f3n &#8211; Voca Editorial","og_description":"La escalera de metacognici\u00f3n es una herramienta para adquirir h\u00e1bito de pensar sobre el propio pensamiento y capacitarse para pensar mejor.","og_url":"https:\/\/www.vocaeditorial.com\/blog\/escalera-de-la-metacognicion\/","og_site_name":"Voca Editorial","article_published_time":"2022-05-16T13:00:58+00:00","article_modified_time":"2023-02-09T11:28:26+00:00","og_image":[{"width":6122,"height":4082,"url":"https:\/\/www.vocaeditorial.com\/blog\/media\/Escalera-de-la-metacognicion.jpeg","type":"image\/jpeg"}],"author":"VOCA Editorial","twitter_card":"summary_large_image","twitter_misc":{"Escrito por":"VOCA Editorial","Tiempo de lectura":"4 minutos"},"schema":{"@context":"https:\/\/schema.org","@graph":[{"@type":"WebPage","@id":"https:\/\/www.vocaeditorial.com\/blog\/escalera-de-la-metacognicion\/","url":"https:\/\/www.vocaeditorial.com\/blog\/escalera-de-la-metacognicion\/","name":"Escalera de la metacognici\u00f3n y evaluaci\u00f3n &#8211; Voca Editorial","isPartOf":{"@id":"https:\/\/www.vocaeditorial.com\/blog\/#website"},"primaryImageOfPage":{"@id":"https:\/\/www.vocaeditorial.com\/blog\/escalera-de-la-metacognicion\/#primaryimage"},"image":{"@id":"https:\/\/www.vocaeditorial.com\/blog\/escalera-de-la-metacognicion\/#primaryimage"},"thumbnailUrl":"https:\/\/www.vocaeditorial.com\/blog\/media\/Escalera-de-la-metacognicion.jpeg","datePublished":"2022-05-16T13:00:58+00:00","dateModified":"2023-02-09T11:28:26+00:00","author":{"@id":"https:\/\/www.vocaeditorial.com\/blog\/#\/schema\/person\/72fba3d6c8a26fba0fee3107fda03438"},"description":"La escalera de metacognici\u00f3n es una herramienta para adquirir h\u00e1bito de pensar sobre el propio pensamiento y capacitarse para pensar mejor.","breadcrumb":{"@id":"https:\/\/www.vocaeditorial.com\/blog\/escalera-de-la-metacognicion\/#breadcrumb"},"inLanguage":"es","potentialAction":[{"@type":"ReadAction","target":["https:\/\/www.vocaeditorial.com\/blog\/escalera-de-la-metacognicion\/"]}]},{"@type":"ImageObject","inLanguage":"es","@id":"https:\/\/www.vocaeditorial.com\/blog\/escalera-de-la-metacognicion\/#primaryimage","url":"https:\/\/www.vocaeditorial.com\/blog\/media\/Escalera-de-la-metacognicion.jpeg","contentUrl":"https:\/\/www.vocaeditorial.com\/blog\/media\/Escalera-de-la-metacognicion.jpeg","width":6122,"height":4082,"caption":"escalera-de-la-metacognicion"},{"@type":"BreadcrumbList","@id":"https:\/\/www.vocaeditorial.com\/blog\/escalera-de-la-metacognicion\/#breadcrumb","itemListElement":[{"@type":"ListItem","position":1,"name":"Portada","item":"https:\/\/www.vocaeditorial.com\/blog\/"},{"@type":"ListItem","position":2,"name":"Escalera de la metacognici\u00f3n y evaluaci\u00f3n"}]},{"@type":"WebSite","@id":"https:\/\/www.vocaeditorial.com\/blog\/#website","url":"https:\/\/www.vocaeditorial.com\/blog\/","name":"Voca Editorial","description":"","potentialAction":[{"@type":"SearchAction","target":{"@type":"EntryPoint","urlTemplate":"https:\/\/www.vocaeditorial.com\/blog\/?s={search_term_string}"},"query-input":{"@type":"PropertyValueSpecification","valueRequired":true,"valueName":"search_term_string"}}],"inLanguage":"es"},{"@type":"Person","@id":"https:\/\/www.vocaeditorial.com\/blog\/#\/schema\/person\/72fba3d6c8a26fba0fee3107fda03438","name":"VOCA Editorial","image":{"@type":"ImageObject","inLanguage":"es","@id":"https:\/\/www.vocaeditorial.com\/blog\/#\/schema\/person\/image\/","url":"https:\/\/secure.gravatar.com\/avatar\/137e7a09ea636684fcf1595563ff145c113f07116d7a29acedf3e545ab378ca3?s=96&d=mm&r=g","contentUrl":"https:\/\/secure.gravatar.com\/avatar\/137e7a09ea636684fcf1595563ff145c113f07116d7a29acedf3e545ab378ca3?s=96&d=mm&r=g","caption":"VOCA Editorial"},"url":"https:\/\/www.vocaeditorial.com\/blog\/author\/voca-editorial\/"}]}},"jetpack_featured_media_url":"https:\/\/www.vocaeditorial.com\/blog\/media\/Escalera-de-la-metacognicion.jpeg","jetpack_sharing_enabled":true,"_links":{"self":[{"href":"https:\/\/www.vocaeditorial.com\/blog\/wp-json\/wp\/v2\/posts\/6977","targetHints":{"allow":["GET"]}}],"collection":[{"href":"https:\/\/www.vocaeditorial.com\/blog\/wp-json\/wp\/v2\/posts"}],"about":[{"href":"https:\/\/www.vocaeditorial.com\/blog\/wp-json\/wp\/v2\/types\/post"}],"author":[{"embeddable":true,"href":"https:\/\/www.vocaeditorial.com\/blog\/wp-json\/wp\/v2\/users\/49"}],"replies":[{"embeddable":true,"href":"https:\/\/www.vocaeditorial.com\/blog\/wp-json\/wp\/v2\/comments?post=6977"}],"version-history":[{"count":0,"href":"https:\/\/www.vocaeditorial.com\/blog\/wp-json\/wp\/v2\/posts\/6977\/revisions"}],"wp:featuredmedia":[{"embeddable":true,"href":"https:\/\/www.vocaeditorial.com\/blog\/wp-json\/wp\/v2\/media\/6981"}],"wp:attachment":[{"href":"https:\/\/www.vocaeditorial.com\/blog\/wp-json\/wp\/v2\/media?parent=6977"}],"wp:term":[{"taxonomy":"post_tag","embeddable":true,"href":"https:\/\/www.vocaeditorial.com\/blog\/wp-json\/wp\/v2\/tags?post=6977"}],"curies":[{"name":"wp","href":"https:\/\/api.w.org\/{rel}","templated":true}]}}