{"id":6844,"date":"2022-06-20T15:00:49","date_gmt":"2022-06-20T13:00:49","guid":{"rendered":"https:\/\/www.vocaeditorial.com\/blog\/?p=6844"},"modified":"2022-06-22T09:24:50","modified_gmt":"2022-06-22T07:24:50","slug":"webinar-de-rafael-bisquerra","status":"publish","type":"post","link":"https:\/\/www.vocaeditorial.com\/blog\/webinar-de-rafael-bisquerra\/","title":{"rendered":"Rafael Bisquerra: \u00abLo que se invierte en educaci\u00f3n emocional se recupera con creces\u00bb"},"content":{"rendered":"<p><span style=\"font-weight: 400;\">Rafael Bisquerra es el fundador de la RIEEB (Red Internacional de Educaci\u00f3n Emocional y Bienestar) y difunde por todo el mundo sus conclusiones tras m\u00e1s de 20 a\u00f1os de investigaci\u00f3n. Sobre la importancia, necesidad y beneficios de educar las emociones habl\u00f3 en <\/span><b>el webinar que imparti\u00f3 el 9 de diciembre de 2021 para VOCA Editorial y Expresso Bibliogr\u00e1fico<\/b><span style=\"font-weight: 400;\">. En este <\/span><i><span style=\"font-weight: 400;\">post<\/span><\/i><span style=\"font-weight: 400;\"> resumimos las claves. Y, si quieres, puedes ver <a href=\"https:\/\/vimeo.com\/656493042\/93d8e7e7c2\"><strong><span style=\"text-decoration: underline;\">el webinar completo<\/span><\/strong><\/a> en vimeo.\u00a0<\/span><\/p>\n\n[CtaModule cta_item=\u00bb6828&#8243;]\n<p>&nbsp;<\/p>\n<h2><span style=\"color: #ffa341;\"><b>\u00bfPor qu\u00e9 es importante la educaci\u00f3n emocional?<\/b><\/span><\/h2>\n<p>En las emociones se expresa<b> lo peor y lo mejor de nuestras vidas.<\/b><span style=\"font-weight: 400;\"> Est\u00e1n el miedo, la angustia y la tristeza. Y tambi\u00e9n la alegr\u00eda, el amor y la felicidad. Por eso, dijo Rafael Bisquerra en el webinar:<\/span><\/p>\n<blockquote><p><span style=\"font-weight: 400;\">\u00abUna puerta\u00a0 lleva al infierno. Y la otra, al cielo en la tierra. La puerta que vamos a abrir en gran medida depende de las <\/span><span style=\"text-decoration: underline;\"><a href=\"https:\/\/www.vocaeditorial.com\/blog\/habilidades-emocionales\"><b>competencias emocionales<\/b><\/a><\/span><span style=\"font-weight: 400;\">\u00bb.\u00a0<\/span><\/p><\/blockquote>\n<p>&nbsp;<\/p>\n<p><span style=\"font-weight: 400;\">El psic\u00f3logo explic\u00f3 cada una de las cinco competencias emocionales y habl\u00f3 de <\/span>la necesidad de educarlas para <b>el bienestar de la sociedad, de los adolescentes y de los profesores.\u00a0<\/b><\/p>\n<p>&nbsp;<\/p>\n<h2><span style=\"color: #ffa341;\"><b>Bienestar de la sociedad<\/b><\/span><\/h2>\n<p><span style=\"font-weight: 400;\">En primer lugar, la educaci\u00f3n emocional es una respuesta a <\/span><b>necesidades sociales que no son atendidas por el curr\u00edculo acad\u00e9mico<\/b><span style=\"font-weight: 400;\">, por ejemplo:<\/span><\/p>\n<ul>\n<li aria-level=\"1\"><b>Ansiedad y estr\u00e9s. <span style=\"font-weight: 400;\">Son emociones generadas a partir del miedo.\u00a0<\/span><\/b><\/li>\n<li aria-level=\"1\"><strong>Depresi\u00f3n y suicidio.<\/strong> <span style=\"font-weight: 400;\">La emoci\u00f3n de la tristeza puede derivar en desesperanza, angustia y en comportamientos de riesgo como los intentos de suicidio.\u00a0<\/span><\/li>\n<li aria-level=\"1\"><a href=\"https:\/\/www.vocaeditorial.com\/blog\/la-educacion-emocional-para-prevenir-la-violencia\/\"><b><span style=\"text-decoration: underline;\">Violencia<\/span>.<\/b><\/a><span style=\"font-weight: 400;\"> Bisquerra defiende que la competencia emocional de la regulaci\u00f3n de la ira para la prevenci\u00f3n de la violencia es uno de los objetivos prioritarios de todo sistema educativo.<\/span><\/li>\n<li aria-level=\"1\"><b>Consumo de drogas.<\/b><span style=\"font-weight: 400;\"> Si se educan las competencias para regular las emociones y llevar un estilo de vida m\u00e1s saludable, se puede disminuir el uso de las drogas para cambiar los estados emocionales negativos.<\/span><\/li>\n<li aria-level=\"1\"><b>Manipulaci\u00f3n pol\u00edtica.<\/b><span style=\"font-weight: 400;\"> El psic\u00f3logo se refiri\u00f3 en este punto al clima emocional de Alemania despu\u00e9s de la Segunda Guerra Mundial.\u00a0<\/span><\/li>\n<\/ul>\n<p>&nbsp;<\/p>\n<h2><span style=\"color: #ffa341;\"><b>El c\u00f3ctel explosivo de la adolescencia\u00a0<\/b><\/span><\/h2>\n<p><span style=\"font-weight: 400;\">En segundo lugar, los <span style=\"text-decoration: underline;\"><a href=\"https:\/\/www.vocaeditorial.com\/blog\/problemas-de-los-adolescentes\"><strong>adolescentes<\/strong><\/a><\/span>. Desarrollar competencias emocionales desde peque\u00f1os les puede dar herramientas para no ser, en palabras textuales, \u00abc\u00f3cteles explosivos de emociones\u00bb. Es decir, la educaci\u00f3n emocional los<\/span><b> prepara para afrontar desaf\u00edos como estos:<\/b><\/p>\n<ul>\n<li style=\"font-weight: 400;\" aria-level=\"1\"><b>Adicci\u00f3n al m\u00f3vil. <\/b><span style=\"font-weight: 400;\">Las competencias de autonom\u00eda, autoconocimiento y autoestima previenen a los adolescentes de la dependencia emocional del <\/span><i><span style=\"font-weight: 400;\">W<\/span><\/i><span style=\"font-weight: 400;\">hatsapp y otras redes sociales.<\/span><\/li>\n<li style=\"font-weight: 400;\" aria-level=\"1\"><b>Problemas de concentraci\u00f3n.<\/b><span style=\"font-weight: 400;\"> Escuchar con atenci\u00f3n y silencio forma parte de las competencias sociales de la educaci\u00f3n emocional.\u00a0<\/span><\/li>\n<li style=\"font-weight: 400;\" aria-level=\"1\"><b>Disfrutar de <\/b><a href=\"https:\/\/www.vocaeditorial.com\/blog\/beneficios-de-la-lectura-en-el-aula\/\"><b><span style=\"text-decoration: underline;\">la lectura<\/span>.<\/b><\/a><span style=\"font-weight: 400;\"> Rafael Bisquerra propone la lectura emocional para ense\u00f1ar a leer con entusiasmo.\u00a0<\/span><\/li>\n<li style=\"font-weight: 400;\" aria-level=\"1\"><b><i>Bullying<\/i><\/b><b>. <\/b>La regulaci\u00f3n de la ira para prevenir la violencia es una habilidad esencial para mejorar el ambiente escolar.<\/li>\n<\/ul>\n<p>&nbsp;<\/p>\n[CtaModule cta_item=\u00bb5415&#8243;]\n<p>&nbsp;<\/p>\n<h2><span style=\"color: #ffa341;\"><b>Los profes primero\u00a0<\/b><\/span><\/h2>\n<p><span style=\"font-weight: 400;\">Rafael Bisquerra se pregunt\u00f3: <\/span><b>\u00ab\u00bfPodemos educar con malestar?\u00bb. La respuesta es no.<\/b><span style=\"font-weight: 400;\"> El bienestar del profesorado es un factor de la calidad de la ense\u00f1anza, porque los profesores son modelos de conducta y crean <\/span><span style=\"text-decoration: underline;\"><a href=\"https:\/\/proyectocepa.com\/clima-y-contagio-emocional\/\"><b>climas emocionales<\/b><\/a><\/span><span style=\"font-weight: 400;\"> favorables o no al aprendizaje y al bienestar.\u00a0<\/span><\/p>\n<p><span style=\"font-weight: 400;\">Adem\u00e1s, para impartir educaci\u00f3n emocional de calidad y eficaz, lo primero es <\/span><b>la formaci\u00f3n del profesorado en competencias emocionales.<\/b><span style=\"font-weight: 400;\">\u00a0<\/span><\/p>\n<p><span style=\"font-weight: 400;\">Durante el webinar, el catedr\u00e1tico inform\u00f3, asimismo, de que <\/span><b>la <\/b><span style=\"text-decoration: underline;\"><a href=\"https:\/\/rieeb.com\/\"><b>RIEEB<\/b><\/a><\/span><b> busca centros educativos en los que implantar un plan de formaci\u00f3n<\/b><span style=\"font-weight: 400;\"> en educaci\u00f3n emocional para investigar los beneficios de la educaci\u00f3n emocional en escuelas.<\/span><\/p>\n<h2><span style=\"color: #ffa341;\"><b>Ideas de Rafael Bisquerra para poner en pr\u00e1ctica la educaci\u00f3n emocional<\/b><\/span><\/h2>\n<p><span style=\"font-weight: 400;\">Estas son <\/span><b>algunas ideas que dio Rafael Bisquerra<\/b><span style=\"font-weight: 400;\"> para poner en pr\u00e1ctica la educaci\u00f3n emocional:<\/span><\/p>\n<ol>\n<li><b>Formaci\u00f3n docente. <span style=\"font-weight: 400;\">Es el paso m\u00e1s importante. No tendr\u00eda sentido que un profesor de ingl\u00e9s no supiese ingl\u00e9s. Pues lo mismo pasa con las competencias emocionales.<\/span><\/b><\/li>\n<li><strong>Legitimaci\u00f3n de las emociones<\/strong>. <span style=\"font-weight: 400;\">Permitir la tristeza, la angustia, la ira, el miedo\u2026 Todas las emociones son necesarias. La educaci\u00f3n emocional no las reprime, sino que las regula.\u00a0<\/span><\/li>\n<li><b>Establecer l\u00edmites.<\/b><span style=\"font-weight: 400;\"> Educar para la vida y el bienestar no es dar \u00abbarra libre\u00bb a las emociones, sino ense\u00f1ar a controlar la impulsividad o tolerar la frustraci\u00f3n.\u00a0<\/span><\/li>\n<li><b>Desarrollar actividades en <\/b><span style=\"text-decoration: underline;\"><a href=\"https:\/\/www.vocaeditorial.com\/blog\/plan-de-accion-tutorial\/\"><b>tutor\u00eda<\/b><\/a><\/span><b>.<\/b><span style=\"font-weight: 400;\"> Puesto que la educaci\u00f3n emocional se presta a din\u00e1micas pr\u00e1cticas como <\/span><i><span style=\"font-weight: 400;\">role-plays<\/span><\/i><span style=\"font-weight: 400;\"> o discusiones en grupo, un buen espacio para llevarlas a cabo es la Tutor\u00eda.\u00a0<\/span><\/li>\n<li><b>Integraci\u00f3n de la educaci\u00f3n emocional dentro del curr\u00edculum. <\/b><span style=\"font-weight: 400;\">Bisquerra dio ideas para ense\u00f1ar vocabulario emocional en Lengua, mostrar la base neuronal de las emociones en Biolog\u00eda o, en Historia, aprender a mirar la Primera Guerra Mundial desde la perspectiva emocional.\u00a0<\/span><\/li>\n<\/ol>\n<p>&nbsp;<\/p>\n<p><span style=\"font-weight: 400;\">En definitiva, la educaci\u00f3n emocional es necesaria y se ha demostrado eficaz porque mejora el rendimiento acad\u00e9mico y el bienestar de la sociedad. Por eso, el fundador del <\/span><span style=\"text-decoration: underline;\"><a href=\"http:\/\/www.ub.edu\/grop\/es\/presentacion-grop\/\"><b>GROP<\/b><\/a><\/span><span style=\"font-weight: 400;\"> afirm\u00f3: <\/span><b>\u00abLo que se invierte en educaci\u00f3n emocional se recupera con creces\u00bb<\/b><span style=\"font-weight: 400;\">.\u00a0<\/span><\/p>\n<p><span style=\"font-weight: 400;\">Si quieres <\/span><b>saber m\u00e1s sobre los beneficios de la educaci\u00f3n emocional, no te pierdas <span style=\"text-decoration: underline;\"><a href=\"https:\/\/vimeo.com\/656493042\/93d8e7e7c2\">el webinar completo<\/a><\/span>.<\/b><span style=\"font-weight: 400;\"> Y si quieres profundizar m\u00e1s, te recomendamos <\/span><span style=\"text-decoration: underline;\"><a href=\"https:\/\/www.vocaeditorial.com\/blog\/claves-educacion-emocional-bisquerra\/\"><b>este <\/b><b><i>post<\/i><\/b><\/a><\/span><span style=\"font-weight: 400;\"> sobre las 10 ideas clave de educaci\u00f3n emocional seg\u00fan Rafael Bisquerra. \u00a1Esperamos que te sirva!<\/span><\/p>\n","protected":false},"excerpt":{"rendered":"<p>Rafael Bisquerra es el fundador de la RIEEB (Red Internacional de Educaci\u00f3n Emocional y Bienestar). En el webinar que imparti\u00f3 para VOCA Editorial subray\u00f3 la importancia de la educaci\u00f3n emocional para 1) la sociedad y la prevenci\u00f3n de la ansiedad y la depresi\u00f3n; 2) los adolescentes y la adicci\u00f3n a las pantallas; y 3) los docentes y la calidad de la ense\u00f1anza.<\/p>\n","protected":false},"author":49,"featured_media":6845,"comment_status":"closed","ping_status":"closed","sticky":false,"template":"","format":"standard","meta":{"content-type":"","inline_featured_image":false,"_jetpack_memberships_contains_paid_content":false,"footnotes":""},"tags":[588,589,600],"class_list":["post-6844","post","type-post","status-publish","format-standard","has-post-thumbnail","hentry","category-educacion-emocional","category-educacion-en-valores","tag-educacion-emocional","tag-inteligencia-emocional","tag-emociones"],"yoast_head":"<!-- This site is optimized with the Yoast SEO plugin v26.6 - https:\/\/yoast.com\/wordpress\/plugins\/seo\/ -->\n<title>Webinar de Rafael Bisquerra sobre educaci\u00f3n emocional &#8211; VOCA Editorial<\/title>\n<meta name=\"description\" content=\"Rafael Bisquerra es un referente en Educaci\u00f3n Emocional. En este webinar dio las claves para ayudar a los adolescentes.\" \/>\n<meta name=\"robots\" content=\"index, follow, max-snippet:-1, max-image-preview:large, max-video-preview:-1\" \/>\n<link rel=\"canonical\" href=\"https:\/\/www.vocaeditorial.com\/blog\/webinar-de-rafael-bisquerra\/\" \/>\n<meta property=\"og:locale\" content=\"es_ES\" \/>\n<meta property=\"og:type\" content=\"article\" \/>\n<meta property=\"og:title\" content=\"Webinar de Rafael Bisquerra sobre educaci\u00f3n emocional &#8211; VOCA Editorial\" \/>\n<meta property=\"og:description\" content=\"Rafael Bisquerra es un referente en Educaci\u00f3n Emocional. En este webinar dio las claves para ayudar a los adolescentes.\" \/>\n<meta property=\"og:url\" content=\"https:\/\/www.vocaeditorial.com\/blog\/webinar-de-rafael-bisquerra\/\" \/>\n<meta property=\"og:site_name\" content=\"Voca Editorial\" \/>\n<meta property=\"article:published_time\" content=\"2022-06-20T13:00:49+00:00\" \/>\n<meta property=\"article:modified_time\" content=\"2022-06-22T07:24:50+00:00\" \/>\n<meta property=\"og:image\" content=\"https:\/\/www.vocaeditorial.com\/blog\/media\/Bisquerra-e1646728373871.jpg\" \/>\n\t<meta property=\"og:image:width\" content=\"852\" \/>\n\t<meta property=\"og:image:height\" content=\"446\" \/>\n\t<meta property=\"og:image:type\" content=\"image\/jpeg\" \/>\n<meta name=\"author\" content=\"VOCA Editorial\" \/>\n<meta name=\"twitter:card\" content=\"summary_large_image\" \/>\n<meta name=\"twitter:label1\" content=\"Escrito por\" \/>\n\t<meta name=\"twitter:data1\" content=\"VOCA Editorial\" \/>\n\t<meta name=\"twitter:label2\" content=\"Tiempo de lectura\" \/>\n\t<meta name=\"twitter:data2\" content=\"4 minutos\" \/>\n<script type=\"application\/ld+json\" class=\"yoast-schema-graph\">{\"@context\":\"https:\/\/schema.org\",\"@graph\":[{\"@type\":\"WebPage\",\"@id\":\"https:\/\/www.vocaeditorial.com\/blog\/webinar-de-rafael-bisquerra\/\",\"url\":\"https:\/\/www.vocaeditorial.com\/blog\/webinar-de-rafael-bisquerra\/\",\"name\":\"Webinar de Rafael Bisquerra sobre educaci\u00f3n emocional &#8211; VOCA Editorial\",\"isPartOf\":{\"@id\":\"https:\/\/www.vocaeditorial.com\/blog\/#website\"},\"primaryImageOfPage\":{\"@id\":\"https:\/\/www.vocaeditorial.com\/blog\/webinar-de-rafael-bisquerra\/#primaryimage\"},\"image\":{\"@id\":\"https:\/\/www.vocaeditorial.com\/blog\/webinar-de-rafael-bisquerra\/#primaryimage\"},\"thumbnailUrl\":\"https:\/\/www.vocaeditorial.com\/blog\/media\/Bisquerra-e1646728373871.jpg\",\"datePublished\":\"2022-06-20T13:00:49+00:00\",\"dateModified\":\"2022-06-22T07:24:50+00:00\",\"author\":{\"@id\":\"https:\/\/www.vocaeditorial.com\/blog\/#\/schema\/person\/72fba3d6c8a26fba0fee3107fda03438\"},\"description\":\"Rafael Bisquerra es un referente en Educaci\u00f3n Emocional. En este webinar dio las claves para ayudar a los adolescentes.\",\"breadcrumb\":{\"@id\":\"https:\/\/www.vocaeditorial.com\/blog\/webinar-de-rafael-bisquerra\/#breadcrumb\"},\"inLanguage\":\"es\",\"potentialAction\":[{\"@type\":\"ReadAction\",\"target\":[\"https:\/\/www.vocaeditorial.com\/blog\/webinar-de-rafael-bisquerra\/\"]}]},{\"@type\":\"ImageObject\",\"inLanguage\":\"es\",\"@id\":\"https:\/\/www.vocaeditorial.com\/blog\/webinar-de-rafael-bisquerra\/#primaryimage\",\"url\":\"https:\/\/www.vocaeditorial.com\/blog\/media\/Bisquerra-e1646728373871.jpg\",\"contentUrl\":\"https:\/\/www.vocaeditorial.com\/blog\/media\/Bisquerra-e1646728373871.jpg\",\"width\":852,\"height\":446,\"caption\":\"webinar-de-rafael-bisquerra\"},{\"@type\":\"BreadcrumbList\",\"@id\":\"https:\/\/www.vocaeditorial.com\/blog\/webinar-de-rafael-bisquerra\/#breadcrumb\",\"itemListElement\":[{\"@type\":\"ListItem\",\"position\":1,\"name\":\"Portada\",\"item\":\"https:\/\/www.vocaeditorial.com\/blog\/\"},{\"@type\":\"ListItem\",\"position\":2,\"name\":\"Rafael Bisquerra: \u00abLo que se invierte en educaci\u00f3n emocional se recupera con creces\u00bb\"}]},{\"@type\":\"WebSite\",\"@id\":\"https:\/\/www.vocaeditorial.com\/blog\/#website\",\"url\":\"https:\/\/www.vocaeditorial.com\/blog\/\",\"name\":\"Voca Editorial\",\"description\":\"\",\"potentialAction\":[{\"@type\":\"SearchAction\",\"target\":{\"@type\":\"EntryPoint\",\"urlTemplate\":\"https:\/\/www.vocaeditorial.com\/blog\/?s={search_term_string}\"},\"query-input\":{\"@type\":\"PropertyValueSpecification\",\"valueRequired\":true,\"valueName\":\"search_term_string\"}}],\"inLanguage\":\"es\"},{\"@type\":\"Person\",\"@id\":\"https:\/\/www.vocaeditorial.com\/blog\/#\/schema\/person\/72fba3d6c8a26fba0fee3107fda03438\",\"name\":\"VOCA Editorial\",\"image\":{\"@type\":\"ImageObject\",\"inLanguage\":\"es\",\"@id\":\"https:\/\/www.vocaeditorial.com\/blog\/#\/schema\/person\/image\/\",\"url\":\"https:\/\/secure.gravatar.com\/avatar\/137e7a09ea636684fcf1595563ff145c113f07116d7a29acedf3e545ab378ca3?s=96&d=mm&r=g\",\"contentUrl\":\"https:\/\/secure.gravatar.com\/avatar\/137e7a09ea636684fcf1595563ff145c113f07116d7a29acedf3e545ab378ca3?s=96&d=mm&r=g\",\"caption\":\"VOCA Editorial\"},\"url\":\"https:\/\/www.vocaeditorial.com\/blog\/author\/voca-editorial\/\"}]}<\/script>\n<!-- \/ Yoast SEO plugin. -->","yoast_head_json":{"title":"Webinar de Rafael Bisquerra sobre educaci\u00f3n emocional &#8211; VOCA Editorial","description":"Rafael Bisquerra es un referente en Educaci\u00f3n Emocional. En este webinar dio las claves para ayudar a los adolescentes.","robots":{"index":"index","follow":"follow","max-snippet":"max-snippet:-1","max-image-preview":"max-image-preview:large","max-video-preview":"max-video-preview:-1"},"canonical":"https:\/\/www.vocaeditorial.com\/blog\/webinar-de-rafael-bisquerra\/","og_locale":"es_ES","og_type":"article","og_title":"Webinar de Rafael Bisquerra sobre educaci\u00f3n emocional &#8211; VOCA Editorial","og_description":"Rafael Bisquerra es un referente en Educaci\u00f3n Emocional. En este webinar dio las claves para ayudar a los adolescentes.","og_url":"https:\/\/www.vocaeditorial.com\/blog\/webinar-de-rafael-bisquerra\/","og_site_name":"Voca Editorial","article_published_time":"2022-06-20T13:00:49+00:00","article_modified_time":"2022-06-22T07:24:50+00:00","og_image":[{"width":852,"height":446,"url":"https:\/\/www.vocaeditorial.com\/blog\/media\/Bisquerra-e1646728373871.jpg","type":"image\/jpeg"}],"author":"VOCA Editorial","twitter_card":"summary_large_image","twitter_misc":{"Escrito por":"VOCA Editorial","Tiempo de lectura":"4 minutos"},"schema":{"@context":"https:\/\/schema.org","@graph":[{"@type":"WebPage","@id":"https:\/\/www.vocaeditorial.com\/blog\/webinar-de-rafael-bisquerra\/","url":"https:\/\/www.vocaeditorial.com\/blog\/webinar-de-rafael-bisquerra\/","name":"Webinar de Rafael Bisquerra sobre educaci\u00f3n emocional &#8211; VOCA Editorial","isPartOf":{"@id":"https:\/\/www.vocaeditorial.com\/blog\/#website"},"primaryImageOfPage":{"@id":"https:\/\/www.vocaeditorial.com\/blog\/webinar-de-rafael-bisquerra\/#primaryimage"},"image":{"@id":"https:\/\/www.vocaeditorial.com\/blog\/webinar-de-rafael-bisquerra\/#primaryimage"},"thumbnailUrl":"https:\/\/www.vocaeditorial.com\/blog\/media\/Bisquerra-e1646728373871.jpg","datePublished":"2022-06-20T13:00:49+00:00","dateModified":"2022-06-22T07:24:50+00:00","author":{"@id":"https:\/\/www.vocaeditorial.com\/blog\/#\/schema\/person\/72fba3d6c8a26fba0fee3107fda03438"},"description":"Rafael Bisquerra es un referente en Educaci\u00f3n Emocional. En este webinar dio las claves para ayudar a los adolescentes.","breadcrumb":{"@id":"https:\/\/www.vocaeditorial.com\/blog\/webinar-de-rafael-bisquerra\/#breadcrumb"},"inLanguage":"es","potentialAction":[{"@type":"ReadAction","target":["https:\/\/www.vocaeditorial.com\/blog\/webinar-de-rafael-bisquerra\/"]}]},{"@type":"ImageObject","inLanguage":"es","@id":"https:\/\/www.vocaeditorial.com\/blog\/webinar-de-rafael-bisquerra\/#primaryimage","url":"https:\/\/www.vocaeditorial.com\/blog\/media\/Bisquerra-e1646728373871.jpg","contentUrl":"https:\/\/www.vocaeditorial.com\/blog\/media\/Bisquerra-e1646728373871.jpg","width":852,"height":446,"caption":"webinar-de-rafael-bisquerra"},{"@type":"BreadcrumbList","@id":"https:\/\/www.vocaeditorial.com\/blog\/webinar-de-rafael-bisquerra\/#breadcrumb","itemListElement":[{"@type":"ListItem","position":1,"name":"Portada","item":"https:\/\/www.vocaeditorial.com\/blog\/"},{"@type":"ListItem","position":2,"name":"Rafael Bisquerra: \u00abLo que se invierte en educaci\u00f3n emocional se recupera con creces\u00bb"}]},{"@type":"WebSite","@id":"https:\/\/www.vocaeditorial.com\/blog\/#website","url":"https:\/\/www.vocaeditorial.com\/blog\/","name":"Voca Editorial","description":"","potentialAction":[{"@type":"SearchAction","target":{"@type":"EntryPoint","urlTemplate":"https:\/\/www.vocaeditorial.com\/blog\/?s={search_term_string}"},"query-input":{"@type":"PropertyValueSpecification","valueRequired":true,"valueName":"search_term_string"}}],"inLanguage":"es"},{"@type":"Person","@id":"https:\/\/www.vocaeditorial.com\/blog\/#\/schema\/person\/72fba3d6c8a26fba0fee3107fda03438","name":"VOCA Editorial","image":{"@type":"ImageObject","inLanguage":"es","@id":"https:\/\/www.vocaeditorial.com\/blog\/#\/schema\/person\/image\/","url":"https:\/\/secure.gravatar.com\/avatar\/137e7a09ea636684fcf1595563ff145c113f07116d7a29acedf3e545ab378ca3?s=96&d=mm&r=g","contentUrl":"https:\/\/secure.gravatar.com\/avatar\/137e7a09ea636684fcf1595563ff145c113f07116d7a29acedf3e545ab378ca3?s=96&d=mm&r=g","caption":"VOCA Editorial"},"url":"https:\/\/www.vocaeditorial.com\/blog\/author\/voca-editorial\/"}]}},"jetpack_featured_media_url":"https:\/\/www.vocaeditorial.com\/blog\/media\/Bisquerra-e1646728373871.jpg","jetpack_sharing_enabled":true,"_links":{"self":[{"href":"https:\/\/www.vocaeditorial.com\/blog\/wp-json\/wp\/v2\/posts\/6844","targetHints":{"allow":["GET"]}}],"collection":[{"href":"https:\/\/www.vocaeditorial.com\/blog\/wp-json\/wp\/v2\/posts"}],"about":[{"href":"https:\/\/www.vocaeditorial.com\/blog\/wp-json\/wp\/v2\/types\/post"}],"author":[{"embeddable":true,"href":"https:\/\/www.vocaeditorial.com\/blog\/wp-json\/wp\/v2\/users\/49"}],"replies":[{"embeddable":true,"href":"https:\/\/www.vocaeditorial.com\/blog\/wp-json\/wp\/v2\/comments?post=6844"}],"version-history":[{"count":0,"href":"https:\/\/www.vocaeditorial.com\/blog\/wp-json\/wp\/v2\/posts\/6844\/revisions"}],"wp:featuredmedia":[{"embeddable":true,"href":"https:\/\/www.vocaeditorial.com\/blog\/wp-json\/wp\/v2\/media\/6845"}],"wp:attachment":[{"href":"https:\/\/www.vocaeditorial.com\/blog\/wp-json\/wp\/v2\/media?parent=6844"}],"wp:term":[{"taxonomy":"post_tag","embeddable":true,"href":"https:\/\/www.vocaeditorial.com\/blog\/wp-json\/wp\/v2\/tags?post=6844"}],"curies":[{"name":"wp","href":"https:\/\/api.w.org\/{rel}","templated":true}]}}