{"id":6561,"date":"2020-12-16T15:00:53","date_gmt":"2020-12-16T14:00:53","guid":{"rendered":"https:\/\/www.vocaeditorial.com\/blog\/?p=6561"},"modified":"2022-04-13T16:38:10","modified_gmt":"2022-04-13T14:38:10","slug":"valoraciones-positivas","status":"publish","type":"post","link":"https:\/\/www.vocaeditorial.com\/blog\/valoraciones-positivas\/","title":{"rendered":"Nuestros clientes nos recomiendan"},"content":{"rendered":"<p>En VOCA Editorial buscamos una educaci\u00f3n que <strong>inspire la mejora en la comunidad educativa<\/strong>, para que responda a los grandes retos y necesidades de la educaci\u00f3n en el mundo. Y, por eso, la satisfacci\u00f3n de nuestros clientes y sus valoraciones positivas son cruciales en nuestra manera de trabajar.<\/p>\n\n[CtaModule cta_item=\u00bb6733&#8243;]\n<p>&nbsp;<\/p>\n<p>Sus opiniones y puntos de vista son muy importantes para <strong>seguir creciendo y esforz\u00e1ndonos<\/strong> para ofrecer los mejores contenidos infantiles.<\/p>\n<blockquote><p>\u00c1lbumes ilustrados, audiocuentos, programas de comprensi\u00f3n lectora, programas de educaci\u00f3n emocional&#8230;<\/p><\/blockquote>\n<p>\u00a1A continuaci\u00f3n podr\u00e1s ver lo que nuestros clientes realmente piensan de nosotros!<\/p>\n<h2><span style=\"color: #ffa341;\">Valoraciones positivas en Amazon y otros lugares de compra<\/span><\/h2>\n<p>No hay nada m\u00e1s gratificante que compartir las valoraciones realizadas por nuestros clientes en los portales en los que est\u00e1n disponibles nuestros libros. Entre estos, se encuentran<strong> Amazon y, tambi\u00e9n, algunas librer\u00edas<\/strong>. Y es que, \u00bfqui\u00e9n mejor que nuestros clientes para explicar su experiencia con nuestros productos?<\/p>\n<h2><span style=\"color: #ffa341;\">\u00c1lbumes ilustrados<\/span><\/h2>\n<p>Un pilar importante para nosotros son las relaciones s\u00f3lidas con nuestros clientes. <strong>Su confianza es esencial<\/strong>, ya que son el motor de nuestra empresa. Por ello, compartimos sus comentarios sobre nuestros \u00e1lbumes ilustrados.<\/p>\n<h3><span style=\"color: #ffa341;\"><em>25 cuentos populares de Per\u00fa para crecer juntos<\/em><\/span><\/h3>\n<img loading=\"lazy\" decoding=\"async\" class=\"wp-image-6563 size-full aligncenter\" src=\"https:\/\/www.vocaeditorial.com\/blog\/media\/valoraciones-positivas-peru-2.jpg\" alt=\"valoraciones-positivas\" width=\"777\" height=\"941\" srcset=\"https:\/\/www.vocaeditorial.com\/blog\/media\/valoraciones-positivas-peru-2.jpg 777w, https:\/\/www.vocaeditorial.com\/blog\/media\/valoraciones-positivas-peru-2-543x658.jpg 543w, https:\/\/www.vocaeditorial.com\/blog\/media\/valoraciones-positivas-peru-2-318x385.jpg 318w, https:\/\/www.vocaeditorial.com\/blog\/media\/valoraciones-positivas-peru-2-653x791.jpg 653w, https:\/\/www.vocaeditorial.com\/blog\/media\/valoraciones-positivas-peru-2-262x317.jpg 262w\" sizes=\"auto, (max-width: 777px) 100vw, 777px\" \/>\n<h3><span style=\"color: #ffa341;\"><em>F\u00e1bulas de Esopo Como Nunca<\/em><\/span><\/h3>\n<img loading=\"lazy\" decoding=\"async\" class=\"aligncenter wp-image-6565 size-medium\" src=\"https:\/\/www.vocaeditorial.com\/blog\/media\/valoraciones-positivas-fabulas-1-723x658.jpg\" alt=\"valoraciones-positivas\" width=\"723\" height=\"658\" srcset=\"https:\/\/www.vocaeditorial.com\/blog\/media\/valoraciones-positivas-fabulas-1-723x658.jpg 723w, https:\/\/www.vocaeditorial.com\/blog\/media\/valoraciones-positivas-fabulas-1-423x385.jpg 423w, https:\/\/www.vocaeditorial.com\/blog\/media\/valoraciones-positivas-fabulas-1-348x317.jpg 348w, https:\/\/www.vocaeditorial.com\/blog\/media\/valoraciones-positivas-fabulas-1.jpg 843w\" sizes=\"auto, (max-width: 723px) 100vw, 723px\" \/>\n<h3><em><span style=\"color: #ffa341;\">25 cuentos populares de<\/span> <a href=\"https:\/\/www.amazon.es\/VOCA-Editorial-cuentos-populares-Colorado\/dp\/8418353309?ref_=ast_sto_dp\">Espa\u00f1a<\/a><span style=\"color: #ffa341;\"> para descubrir su historia<\/span><\/em><\/h3>\n<img loading=\"lazy\" decoding=\"async\" class=\"aligncenter wp-image-6566 size-large\" src=\"https:\/\/www.vocaeditorial.com\/blog\/media\/valoraciones-positivas-espana-fnac-1175x442.jpg\" alt=\"valoraciones-positivas\" width=\"940\" height=\"354\" srcset=\"https:\/\/www.vocaeditorial.com\/blog\/media\/valoraciones-positivas-espana-fnac-1175x442.jpg 1175w, https:\/\/www.vocaeditorial.com\/blog\/media\/valoraciones-positivas-espana-fnac-775x292.jpg 775w, https:\/\/www.vocaeditorial.com\/blog\/media\/valoraciones-positivas-espana-fnac-1023x385.jpg 1023w, https:\/\/www.vocaeditorial.com\/blog\/media\/valoraciones-positivas-espana-fnac-375x141.jpg 375w, https:\/\/www.vocaeditorial.com\/blog\/media\/valoraciones-positivas-espana-fnac.jpg 1873w\" sizes=\"auto, (max-width: 940px) 100vw, 940px\" \/> <img loading=\"lazy\" decoding=\"async\" class=\"aligncenter wp-image-6567 size-full\" src=\"https:\/\/www.vocaeditorial.com\/blog\/media\/valoraciones-positivas-espana.jpg\" alt=\"\" width=\"1079\" height=\"845\" srcset=\"https:\/\/www.vocaeditorial.com\/blog\/media\/valoraciones-positivas-espana.jpg 1079w, https:\/\/www.vocaeditorial.com\/blog\/media\/valoraciones-positivas-espana-775x607.jpg 775w, https:\/\/www.vocaeditorial.com\/blog\/media\/valoraciones-positivas-espana-492x385.jpg 492w, https:\/\/www.vocaeditorial.com\/blog\/media\/valoraciones-positivas-espana-1010x791.jpg 1010w, https:\/\/www.vocaeditorial.com\/blog\/media\/valoraciones-positivas-espana-375x294.jpg 375w\" sizes=\"auto, (max-width: 1079px) 100vw, 1079px\" \/>\n<h3><span style=\"color: #ffa341;\"><em>Cuentos cl\u00e1sicos como nunca I <\/em>y<em> II<\/em><\/span><\/h3>\n<img loading=\"lazy\" decoding=\"async\" class=\"aligncenter wp-image-6568 size-full\" src=\"https:\/\/www.vocaeditorial.com\/blog\/media\/valoraciones-positivas-cuentos1.jpg\" alt=\"\" width=\"749\" height=\"571\" srcset=\"https:\/\/www.vocaeditorial.com\/blog\/media\/valoraciones-positivas-cuentos1.jpg 749w, https:\/\/www.vocaeditorial.com\/blog\/media\/valoraciones-positivas-cuentos1-505x385.jpg 505w, https:\/\/www.vocaeditorial.com\/blog\/media\/valoraciones-positivas-cuentos1-375x286.jpg 375w\" sizes=\"auto, (max-width: 749px) 100vw, 749px\" \/> <img loading=\"lazy\" decoding=\"async\" class=\"aligncenter wp-image-6569 \" src=\"https:\/\/www.vocaeditorial.com\/blog\/media\/valoraciones-positivas-cuentos1-fnac.jpg\" alt=\"\" width=\"998\" height=\"356\" srcset=\"https:\/\/www.vocaeditorial.com\/blog\/media\/valoraciones-positivas-cuentos1-fnac.jpg 1853w, https:\/\/www.vocaeditorial.com\/blog\/media\/valoraciones-positivas-cuentos1-fnac-775x276.jpg 775w, https:\/\/www.vocaeditorial.com\/blog\/media\/valoraciones-positivas-cuentos1-fnac-1079x385.jpg 1079w, https:\/\/www.vocaeditorial.com\/blog\/media\/valoraciones-positivas-cuentos1-fnac-1175x419.jpg 1175w, https:\/\/www.vocaeditorial.com\/blog\/media\/valoraciones-positivas-cuentos1-fnac-375x134.jpg 375w\" sizes=\"auto, (max-width: 998px) 100vw, 998px\" \/> <img loading=\"lazy\" decoding=\"async\" class=\"aligncenter wp-image-6570 size-full\" src=\"https:\/\/www.vocaeditorial.com\/blog\/media\/valoraciones-positivas-cuentos2.jpg\" alt=\"\" width=\"729\" height=\"611\" srcset=\"https:\/\/www.vocaeditorial.com\/blog\/media\/valoraciones-positivas-cuentos2.jpg 729w, https:\/\/www.vocaeditorial.com\/blog\/media\/valoraciones-positivas-cuentos2-459x385.jpg 459w, https:\/\/www.vocaeditorial.com\/blog\/media\/valoraciones-positivas-cuentos2-375x314.jpg 375w\" sizes=\"auto, (max-width: 729px) 100vw, 729px\" \/>\n[CtaModule cta_item=\u00bb6208&#8243;]\n<p>&nbsp;<\/p>\n<h2><span style=\"color: #ffa341;\">Programa de comprensi\u00f3n lectora Abrapalabra<\/span><\/h2>\n<p>Para que pod\u00e1is conocer un poco m\u00e1s nuestra editorial, en este apartado hemos seleccionado algunas de las <strong>valoraciones positivas que han realizado clientes y profesionales del sector<\/strong> sobre nuestro programa de comprensi\u00f3n lectora Abrapalabra.<\/p>\n<p><strong>Abrapalabra 1.\u00ba primaria<\/strong><\/p>\n<table>\n<tbody>\n<tr>\n<td><img loading=\"lazy\" decoding=\"async\" class=\"wp-image-6571 size-min_large aligncenter\" src=\"https:\/\/www.vocaeditorial.com\/blog\/media\/abrapalabra-1-224x317.jpg\" alt=\"\" width=\"224\" height=\"317\" srcset=\"https:\/\/www.vocaeditorial.com\/blog\/media\/abrapalabra-1-224x317.jpg 224w, https:\/\/www.vocaeditorial.com\/blog\/media\/abrapalabra-1-465x658.jpg 465w, https:\/\/www.vocaeditorial.com\/blog\/media\/abrapalabra-1-272x385.jpg 272w, https:\/\/www.vocaeditorial.com\/blog\/media\/abrapalabra-1-559x791.jpg 559w\" sizes=\"auto, (max-width: 224px) 100vw, 224px\" \/><\/td>\n<td><img loading=\"lazy\" decoding=\"async\" class=\"alignnone wp-image-6577 size-full\" src=\"https:\/\/www.vocaeditorial.com\/blog\/media\/valoraciones-positivas-abrapalabra-1.jpg\" alt=\"\" width=\"723\" height=\"373\" srcset=\"https:\/\/www.vocaeditorial.com\/blog\/media\/valoraciones-positivas-abrapalabra-1.jpg 723w, https:\/\/www.vocaeditorial.com\/blog\/media\/valoraciones-positivas-abrapalabra-1-375x193.jpg 375w\" sizes=\"auto, (max-width: 723px) 100vw, 723px\" \/><\/td>\n<\/tr>\n<\/tbody>\n<\/table>\n<p><strong>Abrapalabra 2.\u00ba primaria<\/strong><\/p>\n<table>\n<tbody>\n<tr>\n<td><img loading=\"lazy\" decoding=\"async\" class=\"wp-image-6572 size-min_large aligncenter\" src=\"https:\/\/www.vocaeditorial.com\/blog\/media\/abrapalabra-2-224x317.jpg\" alt=\"\" width=\"224\" height=\"317\" srcset=\"https:\/\/www.vocaeditorial.com\/blog\/media\/abrapalabra-2-224x317.jpg 224w, https:\/\/www.vocaeditorial.com\/blog\/media\/abrapalabra-2-465x658.jpg 465w, https:\/\/www.vocaeditorial.com\/blog\/media\/abrapalabra-2-272x385.jpg 272w, https:\/\/www.vocaeditorial.com\/blog\/media\/abrapalabra-2-559x791.jpg 559w\" sizes=\"auto, (max-width: 224px) 100vw, 224px\" \/><\/td>\n<td><img loading=\"lazy\" decoding=\"async\" class=\"alignnone wp-image-6578 size-full\" src=\"https:\/\/www.vocaeditorial.com\/blog\/media\/valoraciones-positivas-abrapalabra-2.jpg\" alt=\"\" width=\"723\" height=\"645\" srcset=\"https:\/\/www.vocaeditorial.com\/blog\/media\/valoraciones-positivas-abrapalabra-2.jpg 723w, https:\/\/www.vocaeditorial.com\/blog\/media\/valoraciones-positivas-abrapalabra-2-432x385.jpg 432w, https:\/\/www.vocaeditorial.com\/blog\/media\/valoraciones-positivas-abrapalabra-2-355x317.jpg 355w\" sizes=\"auto, (max-width: 723px) 100vw, 723px\" \/><\/td>\n<\/tr>\n<\/tbody>\n<\/table>\n<p><strong>3.\u00ba primaria Abrapalabra\u00a0<\/strong><\/p>\n<table>\n<tbody>\n<tr>\n<td><img loading=\"lazy\" decoding=\"async\" class=\"wp-image-6573 size-min_large aligncenter\" src=\"https:\/\/www.vocaeditorial.com\/blog\/media\/abrapalabra-3-224x317.jpg\" alt=\"\" width=\"224\" height=\"317\" srcset=\"https:\/\/www.vocaeditorial.com\/blog\/media\/abrapalabra-3-224x317.jpg 224w, https:\/\/www.vocaeditorial.com\/blog\/media\/abrapalabra-3-465x658.jpg 465w, https:\/\/www.vocaeditorial.com\/blog\/media\/abrapalabra-3-272x385.jpg 272w, https:\/\/www.vocaeditorial.com\/blog\/media\/abrapalabra-3-559x791.jpg 559w\" sizes=\"auto, (max-width: 224px) 100vw, 224px\" \/><\/td>\n<td><img loading=\"lazy\" decoding=\"async\" width=\"737\" height=\"449\" class=\"alignnone size-full wp-image-6579\" src=\"https:\/\/www.vocaeditorial.com\/blog\/media\/valoraciones-positivas-abrapalabra-3.jpg\" alt=\"\" srcset=\"https:\/\/www.vocaeditorial.com\/blog\/media\/valoraciones-positivas-abrapalabra-3.jpg 737w, https:\/\/www.vocaeditorial.com\/blog\/media\/valoraciones-positivas-abrapalabra-3-632x385.jpg 632w, https:\/\/www.vocaeditorial.com\/blog\/media\/valoraciones-positivas-abrapalabra-3-375x228.jpg 375w\" sizes=\"auto, (max-width: 737px) 100vw, 737px\" \/><\/td>\n<\/tr>\n<\/tbody>\n<\/table>\n<p><strong>Abrapalabra 4.\u00ba primaria<\/strong><\/p>\n<table>\n<tbody>\n<tr>\n<td><img loading=\"lazy\" decoding=\"async\" class=\"wp-image-6574 size-min_large aligncenter\" src=\"https:\/\/www.vocaeditorial.com\/blog\/media\/abrapalabra-4-224x317.jpg\" alt=\"\" width=\"224\" height=\"317\" srcset=\"https:\/\/www.vocaeditorial.com\/blog\/media\/abrapalabra-4-224x317.jpg 224w, https:\/\/www.vocaeditorial.com\/blog\/media\/abrapalabra-4-465x658.jpg 465w, https:\/\/www.vocaeditorial.com\/blog\/media\/abrapalabra-4-272x385.jpg 272w, https:\/\/www.vocaeditorial.com\/blog\/media\/abrapalabra-4-559x791.jpg 559w\" sizes=\"auto, (max-width: 224px) 100vw, 224px\" \/><\/td>\n<td><img loading=\"lazy\" decoding=\"async\" width=\"715\" height=\"195\" class=\"alignnone size-full wp-image-6580\" src=\"https:\/\/www.vocaeditorial.com\/blog\/media\/valoraciones-positivas-abrapalabra-4.jpg\" alt=\"\" srcset=\"https:\/\/www.vocaeditorial.com\/blog\/media\/valoraciones-positivas-abrapalabra-4.jpg 715w, https:\/\/www.vocaeditorial.com\/blog\/media\/valoraciones-positivas-abrapalabra-4-375x102.jpg 375w\" sizes=\"auto, (max-width: 715px) 100vw, 715px\" \/><\/td>\n<\/tr>\n<\/tbody>\n<\/table>\n<p><strong>Comprensi\u00f3n lectora Abrapalabra 5.\u00ba primaria<\/strong><\/p>\n<table>\n<tbody>\n<tr>\n<td><img loading=\"lazy\" decoding=\"async\" class=\"wp-image-6575 size-min_large aligncenter\" src=\"https:\/\/www.vocaeditorial.com\/blog\/media\/abrapalabra-5-224x317.jpg\" alt=\"\" width=\"224\" height=\"317\" srcset=\"https:\/\/www.vocaeditorial.com\/blog\/media\/abrapalabra-5-224x317.jpg 224w, https:\/\/www.vocaeditorial.com\/blog\/media\/abrapalabra-5-465x658.jpg 465w, https:\/\/www.vocaeditorial.com\/blog\/media\/abrapalabra-5-272x385.jpg 272w, https:\/\/www.vocaeditorial.com\/blog\/media\/abrapalabra-5-559x791.jpg 559w\" sizes=\"auto, (max-width: 224px) 100vw, 224px\" \/><\/td>\n<td><img loading=\"lazy\" decoding=\"async\" width=\"687\" height=\"453\" class=\"alignnone size-full wp-image-6581\" src=\"https:\/\/www.vocaeditorial.com\/blog\/media\/valoraciones-positivas-abrapalabra-5.jpg\" alt=\"\" srcset=\"https:\/\/www.vocaeditorial.com\/blog\/media\/valoraciones-positivas-abrapalabra-5.jpg 687w, https:\/\/www.vocaeditorial.com\/blog\/media\/valoraciones-positivas-abrapalabra-5-584x385.jpg 584w, https:\/\/www.vocaeditorial.com\/blog\/media\/valoraciones-positivas-abrapalabra-5-375x247.jpg 375w\" sizes=\"auto, (max-width: 687px) 100vw, 687px\" \/><\/td>\n<\/tr>\n<\/tbody>\n<\/table>\n<p><strong>Abrapalabra 6.\u00ba primaria<\/strong><\/p>\n<table>\n<tbody>\n<tr>\n<td><img loading=\"lazy\" decoding=\"async\" class=\"wp-image-6576 size-min_large aligncenter\" src=\"https:\/\/www.vocaeditorial.com\/blog\/media\/abrapalabra-6-224x317.jpg\" alt=\"\" width=\"224\" height=\"317\" srcset=\"https:\/\/www.vocaeditorial.com\/blog\/media\/abrapalabra-6-224x317.jpg 224w, https:\/\/www.vocaeditorial.com\/blog\/media\/abrapalabra-6-465x658.jpg 465w, https:\/\/www.vocaeditorial.com\/blog\/media\/abrapalabra-6-272x385.jpg 272w, https:\/\/www.vocaeditorial.com\/blog\/media\/abrapalabra-6-559x791.jpg 559w\" sizes=\"auto, (max-width: 224px) 100vw, 224px\" \/><\/td>\n<td><img loading=\"lazy\" decoding=\"async\" width=\"753\" height=\"723\" class=\"alignnone size-full wp-image-6582\" src=\"https:\/\/www.vocaeditorial.com\/blog\/media\/valoraciones-positivas-abrapalabra-6.jpg\" alt=\"\" srcset=\"https:\/\/www.vocaeditorial.com\/blog\/media\/valoraciones-positivas-abrapalabra-6.jpg 753w, https:\/\/www.vocaeditorial.com\/blog\/media\/valoraciones-positivas-abrapalabra-6-685x658.jpg 685w, https:\/\/www.vocaeditorial.com\/blog\/media\/valoraciones-positivas-abrapalabra-6-401x385.jpg 401w, https:\/\/www.vocaeditorial.com\/blog\/media\/valoraciones-positivas-abrapalabra-6-330x317.jpg 330w\" sizes=\"auto, (max-width: 753px) 100vw, 753px\" \/><\/td>\n<\/tr>\n<\/tbody>\n<\/table>\n<p>\u00bfA\u00fan no tienes claro por qu\u00e9 los clientes nos escogieron en lugar de otras opciones? De momento, a pesar de ser una editorial joven, seguiremos trabajando para que la opini\u00f3n de nuestros clientes sea siempre satisfactoria. As\u00ed que <strong>gracias a todos los que nos mand\u00e1is vuestras rese\u00f1as cada d\u00eda<\/strong>. Gracias por hacer que <span style=\"text-decoration: underline;\"><a href=\"https:\/\/www.vocaeditorial.com\/\"><strong>nuestro trabajo<\/strong><\/a><\/span> merezca la pena. \u00a1Tu opini\u00f3n cuenta!<\/p>\n<p>Por \u00faltimo, si quieres estar al d\u00eda con los \u00faltimos <strong>proyectos de VOCA Editorial<\/strong>, no te pierdas el <strong>programa de valores <span style=\"text-decoration: underline;\"><a href=\"https:\/\/www.vocaeditorial.com\/talentum\/\">Talentum<\/a><\/span><\/strong> y el nuevo <strong>programa de comprensi\u00f3n lectora para secundaria <span style=\"text-decoration: underline;\"><a href=\"https:\/\/www.vocaeditorial.com\/entrelineas\/\">Entrel\u00edneas<\/a><\/span><\/strong>. Y, si quieres, subscr\u00edbete a la <strong><em>newsletter<\/em><\/strong> para que lleguen a tu e-mail los nuevos art\u00edculos del blog. \u00a1Gracias por estar ah\u00ed!<\/p>\n","protected":false},"excerpt":{"rendered":"<p>No hay nada m\u00e1s gratificante que compartir las valoraciones realizadas por nuestros clientes en los portales en los que est\u00e1n disponibles nuestros libros. Entre estos, se encuentran Amazon y, tambi\u00e9n, algunas librer\u00edas. Y es que, \u00bfqui\u00e9n mejor que nuestros clientes para explicar su experiencia con nuestros productos?<\/p>\n","protected":false},"author":49,"featured_media":6583,"comment_status":"closed","ping_status":"closed","sticky":false,"template":"","format":"standard","meta":{"content-type":"","inline_featured_image":false,"_jetpack_memberships_contains_paid_content":false,"footnotes":""},"tags":[585,599,603,604],"class_list":["post-6561","post","type-post","status-publish","format-standard","has-post-thumbnail","hentry","category-comprension-lectora","category-cuentos-infantiles","tag-aprendizaje-significativo","tag-competencias","tag-competencia-lectora","tag-lecturas-para-ninos"],"yoast_head":"<!-- This site is optimized with the Yoast SEO plugin v26.6 - https:\/\/yoast.com\/wordpress\/plugins\/seo\/ -->\n<title>Nuestros clientes nos recomiendan &#8211; VOCA Editorial<\/title>\n<meta name=\"description\" content=\"La opini\u00f3n de nuestros clientes nos motiva y ayuda a mejorar nuestros programas. \u00a1Recopilamos sus valoraciones positivas!\" \/>\n<meta name=\"robots\" content=\"index, follow, max-snippet:-1, max-image-preview:large, max-video-preview:-1\" \/>\n<link rel=\"canonical\" href=\"https:\/\/www.vocaeditorial.com\/blog\/valoraciones-positivas\/\" \/>\n<meta property=\"og:locale\" content=\"es_ES\" \/>\n<meta property=\"og:type\" content=\"article\" \/>\n<meta property=\"og:title\" content=\"Nuestros clientes nos recomiendan &#8211; VOCA Editorial\" \/>\n<meta property=\"og:description\" content=\"La opini\u00f3n de nuestros clientes nos motiva y ayuda a mejorar nuestros programas. \u00a1Recopilamos sus valoraciones positivas!\" \/>\n<meta property=\"og:url\" content=\"https:\/\/www.vocaeditorial.com\/blog\/valoraciones-positivas\/\" \/>\n<meta property=\"og:site_name\" content=\"Voca Editorial\" \/>\n<meta property=\"article:published_time\" content=\"2020-12-16T14:00:53+00:00\" \/>\n<meta property=\"article:modified_time\" content=\"2022-04-13T14:38:10+00:00\" \/>\n<meta property=\"og:image\" content=\"https:\/\/www.vocaeditorial.com\/blog\/media\/valoraciones-positivas.jpg\" \/>\n\t<meta property=\"og:image:width\" content=\"1200\" \/>\n\t<meta property=\"og:image:height\" content=\"800\" \/>\n\t<meta property=\"og:image:type\" content=\"image\/jpeg\" \/>\n<meta name=\"author\" content=\"VOCA Editorial\" \/>\n<meta name=\"twitter:card\" content=\"summary_large_image\" \/>\n<meta name=\"twitter:label1\" content=\"Escrito por\" \/>\n\t<meta name=\"twitter:data1\" content=\"VOCA Editorial\" \/>\n\t<meta name=\"twitter:label2\" content=\"Tiempo de lectura\" \/>\n\t<meta name=\"twitter:data2\" content=\"6 minutos\" \/>\n<script type=\"application\/ld+json\" class=\"yoast-schema-graph\">{\"@context\":\"https:\/\/schema.org\",\"@graph\":[{\"@type\":\"WebPage\",\"@id\":\"https:\/\/www.vocaeditorial.com\/blog\/valoraciones-positivas\/\",\"url\":\"https:\/\/www.vocaeditorial.com\/blog\/valoraciones-positivas\/\",\"name\":\"Nuestros clientes nos recomiendan &#8211; VOCA Editorial\",\"isPartOf\":{\"@id\":\"https:\/\/www.vocaeditorial.com\/blog\/#website\"},\"primaryImageOfPage\":{\"@id\":\"https:\/\/www.vocaeditorial.com\/blog\/valoraciones-positivas\/#primaryimage\"},\"image\":{\"@id\":\"https:\/\/www.vocaeditorial.com\/blog\/valoraciones-positivas\/#primaryimage\"},\"thumbnailUrl\":\"https:\/\/www.vocaeditorial.com\/blog\/media\/valoraciones-positivas.jpg\",\"datePublished\":\"2020-12-16T14:00:53+00:00\",\"dateModified\":\"2022-04-13T14:38:10+00:00\",\"author\":{\"@id\":\"https:\/\/www.vocaeditorial.com\/blog\/#\/schema\/person\/72fba3d6c8a26fba0fee3107fda03438\"},\"description\":\"La opini\u00f3n de nuestros clientes nos motiva y ayuda a mejorar nuestros programas. \u00a1Recopilamos sus valoraciones positivas!\",\"breadcrumb\":{\"@id\":\"https:\/\/www.vocaeditorial.com\/blog\/valoraciones-positivas\/#breadcrumb\"},\"inLanguage\":\"es\",\"potentialAction\":[{\"@type\":\"ReadAction\",\"target\":[\"https:\/\/www.vocaeditorial.com\/blog\/valoraciones-positivas\/\"]}]},{\"@type\":\"ImageObject\",\"inLanguage\":\"es\",\"@id\":\"https:\/\/www.vocaeditorial.com\/blog\/valoraciones-positivas\/#primaryimage\",\"url\":\"https:\/\/www.vocaeditorial.com\/blog\/media\/valoraciones-positivas.jpg\",\"contentUrl\":\"https:\/\/www.vocaeditorial.com\/blog\/media\/valoraciones-positivas.jpg\",\"width\":1200,\"height\":800,\"caption\":\"valoraciones-positivas\"},{\"@type\":\"BreadcrumbList\",\"@id\":\"https:\/\/www.vocaeditorial.com\/blog\/valoraciones-positivas\/#breadcrumb\",\"itemListElement\":[{\"@type\":\"ListItem\",\"position\":1,\"name\":\"Portada\",\"item\":\"https:\/\/www.vocaeditorial.com\/blog\/\"},{\"@type\":\"ListItem\",\"position\":2,\"name\":\"Nuestros clientes nos recomiendan\"}]},{\"@type\":\"WebSite\",\"@id\":\"https:\/\/www.vocaeditorial.com\/blog\/#website\",\"url\":\"https:\/\/www.vocaeditorial.com\/blog\/\",\"name\":\"Voca Editorial\",\"description\":\"\",\"potentialAction\":[{\"@type\":\"SearchAction\",\"target\":{\"@type\":\"EntryPoint\",\"urlTemplate\":\"https:\/\/www.vocaeditorial.com\/blog\/?s={search_term_string}\"},\"query-input\":{\"@type\":\"PropertyValueSpecification\",\"valueRequired\":true,\"valueName\":\"search_term_string\"}}],\"inLanguage\":\"es\"},{\"@type\":\"Person\",\"@id\":\"https:\/\/www.vocaeditorial.com\/blog\/#\/schema\/person\/72fba3d6c8a26fba0fee3107fda03438\",\"name\":\"VOCA Editorial\",\"image\":{\"@type\":\"ImageObject\",\"inLanguage\":\"es\",\"@id\":\"https:\/\/www.vocaeditorial.com\/blog\/#\/schema\/person\/image\/\",\"url\":\"https:\/\/secure.gravatar.com\/avatar\/137e7a09ea636684fcf1595563ff145c113f07116d7a29acedf3e545ab378ca3?s=96&d=mm&r=g\",\"contentUrl\":\"https:\/\/secure.gravatar.com\/avatar\/137e7a09ea636684fcf1595563ff145c113f07116d7a29acedf3e545ab378ca3?s=96&d=mm&r=g\",\"caption\":\"VOCA Editorial\"},\"url\":\"https:\/\/www.vocaeditorial.com\/blog\/author\/voca-editorial\/\"}]}<\/script>\n<!-- \/ Yoast SEO plugin. -->","yoast_head_json":{"title":"Nuestros clientes nos recomiendan &#8211; VOCA Editorial","description":"La opini\u00f3n de nuestros clientes nos motiva y ayuda a mejorar nuestros programas. \u00a1Recopilamos sus valoraciones positivas!","robots":{"index":"index","follow":"follow","max-snippet":"max-snippet:-1","max-image-preview":"max-image-preview:large","max-video-preview":"max-video-preview:-1"},"canonical":"https:\/\/www.vocaeditorial.com\/blog\/valoraciones-positivas\/","og_locale":"es_ES","og_type":"article","og_title":"Nuestros clientes nos recomiendan &#8211; VOCA Editorial","og_description":"La opini\u00f3n de nuestros clientes nos motiva y ayuda a mejorar nuestros programas. \u00a1Recopilamos sus valoraciones positivas!","og_url":"https:\/\/www.vocaeditorial.com\/blog\/valoraciones-positivas\/","og_site_name":"Voca Editorial","article_published_time":"2020-12-16T14:00:53+00:00","article_modified_time":"2022-04-13T14:38:10+00:00","og_image":[{"width":1200,"height":800,"url":"https:\/\/www.vocaeditorial.com\/blog\/media\/valoraciones-positivas.jpg","type":"image\/jpeg"}],"author":"VOCA Editorial","twitter_card":"summary_large_image","twitter_misc":{"Escrito por":"VOCA Editorial","Tiempo de lectura":"6 minutos"},"schema":{"@context":"https:\/\/schema.org","@graph":[{"@type":"WebPage","@id":"https:\/\/www.vocaeditorial.com\/blog\/valoraciones-positivas\/","url":"https:\/\/www.vocaeditorial.com\/blog\/valoraciones-positivas\/","name":"Nuestros clientes nos recomiendan &#8211; VOCA Editorial","isPartOf":{"@id":"https:\/\/www.vocaeditorial.com\/blog\/#website"},"primaryImageOfPage":{"@id":"https:\/\/www.vocaeditorial.com\/blog\/valoraciones-positivas\/#primaryimage"},"image":{"@id":"https:\/\/www.vocaeditorial.com\/blog\/valoraciones-positivas\/#primaryimage"},"thumbnailUrl":"https:\/\/www.vocaeditorial.com\/blog\/media\/valoraciones-positivas.jpg","datePublished":"2020-12-16T14:00:53+00:00","dateModified":"2022-04-13T14:38:10+00:00","author":{"@id":"https:\/\/www.vocaeditorial.com\/blog\/#\/schema\/person\/72fba3d6c8a26fba0fee3107fda03438"},"description":"La opini\u00f3n de nuestros clientes nos motiva y ayuda a mejorar nuestros programas. \u00a1Recopilamos sus valoraciones positivas!","breadcrumb":{"@id":"https:\/\/www.vocaeditorial.com\/blog\/valoraciones-positivas\/#breadcrumb"},"inLanguage":"es","potentialAction":[{"@type":"ReadAction","target":["https:\/\/www.vocaeditorial.com\/blog\/valoraciones-positivas\/"]}]},{"@type":"ImageObject","inLanguage":"es","@id":"https:\/\/www.vocaeditorial.com\/blog\/valoraciones-positivas\/#primaryimage","url":"https:\/\/www.vocaeditorial.com\/blog\/media\/valoraciones-positivas.jpg","contentUrl":"https:\/\/www.vocaeditorial.com\/blog\/media\/valoraciones-positivas.jpg","width":1200,"height":800,"caption":"valoraciones-positivas"},{"@type":"BreadcrumbList","@id":"https:\/\/www.vocaeditorial.com\/blog\/valoraciones-positivas\/#breadcrumb","itemListElement":[{"@type":"ListItem","position":1,"name":"Portada","item":"https:\/\/www.vocaeditorial.com\/blog\/"},{"@type":"ListItem","position":2,"name":"Nuestros clientes nos recomiendan"}]},{"@type":"WebSite","@id":"https:\/\/www.vocaeditorial.com\/blog\/#website","url":"https:\/\/www.vocaeditorial.com\/blog\/","name":"Voca Editorial","description":"","potentialAction":[{"@type":"SearchAction","target":{"@type":"EntryPoint","urlTemplate":"https:\/\/www.vocaeditorial.com\/blog\/?s={search_term_string}"},"query-input":{"@type":"PropertyValueSpecification","valueRequired":true,"valueName":"search_term_string"}}],"inLanguage":"es"},{"@type":"Person","@id":"https:\/\/www.vocaeditorial.com\/blog\/#\/schema\/person\/72fba3d6c8a26fba0fee3107fda03438","name":"VOCA Editorial","image":{"@type":"ImageObject","inLanguage":"es","@id":"https:\/\/www.vocaeditorial.com\/blog\/#\/schema\/person\/image\/","url":"https:\/\/secure.gravatar.com\/avatar\/137e7a09ea636684fcf1595563ff145c113f07116d7a29acedf3e545ab378ca3?s=96&d=mm&r=g","contentUrl":"https:\/\/secure.gravatar.com\/avatar\/137e7a09ea636684fcf1595563ff145c113f07116d7a29acedf3e545ab378ca3?s=96&d=mm&r=g","caption":"VOCA Editorial"},"url":"https:\/\/www.vocaeditorial.com\/blog\/author\/voca-editorial\/"}]}},"jetpack_featured_media_url":"https:\/\/www.vocaeditorial.com\/blog\/media\/valoraciones-positivas.jpg","jetpack_sharing_enabled":true,"_links":{"self":[{"href":"https:\/\/www.vocaeditorial.com\/blog\/wp-json\/wp\/v2\/posts\/6561","targetHints":{"allow":["GET"]}}],"collection":[{"href":"https:\/\/www.vocaeditorial.com\/blog\/wp-json\/wp\/v2\/posts"}],"about":[{"href":"https:\/\/www.vocaeditorial.com\/blog\/wp-json\/wp\/v2\/types\/post"}],"author":[{"embeddable":true,"href":"https:\/\/www.vocaeditorial.com\/blog\/wp-json\/wp\/v2\/users\/49"}],"replies":[{"embeddable":true,"href":"https:\/\/www.vocaeditorial.com\/blog\/wp-json\/wp\/v2\/comments?post=6561"}],"version-history":[{"count":0,"href":"https:\/\/www.vocaeditorial.com\/blog\/wp-json\/wp\/v2\/posts\/6561\/revisions"}],"wp:featuredmedia":[{"embeddable":true,"href":"https:\/\/www.vocaeditorial.com\/blog\/wp-json\/wp\/v2\/media\/6583"}],"wp:attachment":[{"href":"https:\/\/www.vocaeditorial.com\/blog\/wp-json\/wp\/v2\/media?parent=6561"}],"wp:term":[{"taxonomy":"post_tag","embeddable":true,"href":"https:\/\/www.vocaeditorial.com\/blog\/wp-json\/wp\/v2\/tags?post=6561"}],"curies":[{"name":"wp","href":"https:\/\/api.w.org\/{rel}","templated":true}]}}