{"id":6546,"date":"2020-12-15T15:00:57","date_gmt":"2020-12-15T14:00:57","guid":{"rendered":"https:\/\/www.vocaeditorial.com\/blog\/?p=6546"},"modified":"2022-05-20T09:50:41","modified_gmt":"2022-05-20T07:50:41","slug":"lecturas-recomendadas-por-profesores","status":"publish","type":"post","link":"https:\/\/www.vocaeditorial.com\/blog\/lecturas-recomendadas-por-profesores\/","title":{"rendered":"Lecturas recomendadas por profesores"},"content":{"rendered":"<p><span style=\"font-weight: 400;\">Cada Navidad los alumnos se hacen con una lista de <strong>lecturas recomendadas por sus profesores favoritos<\/strong>. Una serie de joyas literarias para sus alumnos.\u00a0<\/span><span style=\"font-weight: 400;\">El 2020 no ha sido un a\u00f1o f\u00e1cil, pero, afortunadamente, son muchos los que siguen encontrando peque\u00f1os momentos de paz, ilusi\u00f3n y esperanza a trav\u00e9s de las historias. <\/span><\/p>\n<p><span style=\"font-weight: 400;\">Por ello, en este art\u00edculo ver\u00e1s algunas de las lecturas recomendadas por nuestros profesores favoritos<\/span><span style=\"font-weight: 400;\">\u00a0para a\u00f1adirlas a la carta a los Reyes Magos. Es una <strong>selecci\u00f3n de regalos de Navidad que nos permitir\u00e1 adentrarnos en el universo de las palabras<\/strong>.<\/span><\/p>\n\n[CtaModule cta_item=\u00bb6752&#8243;]\n<p>&nbsp;<\/p>\n<h2><span style=\"color: #ffa341;\"><b>Andreu Barcel\u00f3<\/b><\/span><\/h2>\n<p><span style=\"font-weight: 400;\">Docente que empieza su viaje hacia la did\u00e1ctica de la m\u00fasica en Infantil. Est\u00e1 copilotando como <strong>cotutor el Grupo de \u00abLes Granotes\u00bb<\/strong>. <\/span><span style=\"font-weight: 400;\">Disfruta como un ni\u00f1o m\u00e1s en este trayecto y tiene muchas ganas e ilusi\u00f3n por embarcarse en todo tipo de aventuras educativas.<\/span><\/p>\n<p><span style=\"font-weight: 400;\">Entre las lecturas recomendadas por profesores como Andreu encontramos el siguiente comentario:\u00a0<\/span><\/p>\n<p style=\"padding-left: 40px;\"><span style=\"font-weight: 400;\">\ud83d\udcac <\/span><span style=\"font-weight: 400;\">\u00ab<\/span><span style=\"font-weight: 400;\">A diferencia de otros libros did\u00e1cticos,\u00a0<\/span><strong>el programa de comprensi\u00f3n lectora \u00abAbra<\/strong><strong>palabra\u00bb aporta un contenido cargado de sentido y significado<\/strong>.\u00a0<span style=\"font-weight: 400;\">Las tem\u00e1ticas que se plantean, aparte de seguir un hilo conductor en cada unidad, <strong>mantienen una conexi\u00f3n con la vida real<\/strong>, evitando que el alumnado caiga en la tentaci\u00f3n de preguntarse \u201c\u00bfPor qu\u00e9?<\/span><span style=\"font-weight: 400;\">\u201d,<\/span> <span style=\"font-weight: 400;\">\u201c<\/span><span style=\"font-weight: 400;\">\u00bfDe qu\u00e9 me sirve hacer estos ejercicios?<\/span><span style=\"font-weight: 400;\">\u201d.<\/span><span style=\"font-weight: 400;\"> Encontramos desde recetas de comida hasta espacios donde compartir experiencias propias, ins\u00f3litas y curiosas, como describir la sensaci\u00f3n de quedarse a oscuras de forma inesperada<\/span><span style=\"font-weight: 400;\">\u00bb<\/span><span style=\"font-weight: 400;\">.<\/span><\/p>\n<h2><span style=\"text-decoration: underline;\"><a href=\"https:\/\/www.instagram.com\/maestraespecial\/\"><b>@maestraespecial<\/b><\/a><\/span><\/h2>\n<p><span style=\"font-weight: 400;\"><strong>Maestra de pedagog\u00eda terap\u00e9utica (PT) y psicopedagoga<\/strong>. En su cuenta puedes encontrar recursos educativos variados para ayudar y trabajar con alumnos con dificultades del aprendizaje. Todos ellos son dise\u00f1os hechos con mucho amor.<\/span><\/p>\n<p style=\"padding-left: 40px;\"><span style=\"font-weight: 400;\">\ud83d\udcac <\/span><span style=\"font-weight: 400;\">\u00ab<\/span><span style=\"font-weight: 400;\">\u00bfQui\u00e9n no recuerda los cuentos cl\u00e1sicos de su infancia? Pues desde @vocaeditorial han sacado una novedad que hac\u00eda tiempo esperaba: <\/span><i><span style=\"font-weight: 400;\">Cuentos cl\u00e1sicos como nunca<\/span><\/i> <i><span style=\"font-weight: 400;\">II<\/span><\/i><span style=\"font-weight: 400;\">. S\u00ed, s\u00ed, como le\u00e9is. Es el segundo volumen y \u00a1no me puede gustar m\u00e1s! En este precioso libro ilustrado pod\u00e9is encontrar <\/span>los cuentos de toda la vida explicados con mucho gusto y <strong>acompa\u00f1ados de unas ilustraciones preciosas<\/strong> de la mano de Anna Clariana.<\/p>\n<p style=\"padding-left: 40px;\"><span style=\"font-weight: 400;\">Adem\u00e1s, es muy completo, ya que al final del libro encontrar\u00e9is una serie de <strong>actividades de comprensi\u00f3n de cada uno de los cuentos<\/strong> ideal para aplicar en clase con nuestros alumnos. Y por si esto fuera poco, tambi\u00e9n pod\u00e9is encontrar <strong>el audiolibro en las principales plataformas<\/strong><\/span><span style=\"font-weight: 400;\">\u00bb<\/span><span style=\"font-weight: 400;\">.\u00a0<\/span><\/p>\n<h2><span style=\"text-decoration: underline;\"><a href=\"https:\/\/www.instagram.com\/pizarradecolores\/\"><b>Iris Batall\u00e9 Vallejo<\/b><\/a><\/span><\/h2>\n<p><span style=\"font-weight: 400;\"><strong>Maestra de Infantil y Primaria, y logopeda<\/strong> en una escuela p\u00fablica de Barcelona. Autora del blog de recursos educativos<\/span><span style=\"text-decoration: underline;\"><a href=\"https:\/\/www.pizarradecolores.com\/\"> <b>w<\/b><\/a><a href=\"http:\/\/www.pizarradecolores.com\"><b>ww.pizarradecolores.com<\/b><\/a><\/span><b>\u00a0<\/b><\/p>\n<p style=\"padding-left: 40px;\"><span style=\"font-weight: 400;\">\ud83d\udcac <\/span><span style=\"font-weight: 400;\">\u00ab<\/span><span style=\"font-weight: 400;\">Abrapalabra es un programa de comprensi\u00f3n lectora de la editorial VOCA Editorial. En estos libros podemos encontrar diferentes textos de lecturas, expresiones escritas y pruebas de evaluaci\u00f3n. Tambi\u00e9n podemos encontrar cuentos, trucos de magia, recetas, anuncios, acertijos, biograf\u00edas, cartas, experimentos, f\u00e1bulas, noticias&#8230; un sinf\u00edn de tipolog\u00edas textuales para poder trabajar con nuestros alumnos y alumnas. Siguiendo un mismo proceso: antes, durante y despu\u00e9s de la lectura.<\/span><\/p>\n<ul>\n<li style=\"list-style-type: none;\">\n<ul>\n<li><span style=\"font-weight: 400;\">Gracias a este proceso<strong> obtendr\u00e1n diferentes estrategias para mejorar la comprensi\u00f3n lectora<\/strong>, una gran dificultad que nos encontramos en el aula y que repercute en el aprendizaje de los ni\u00f1os. <\/span><\/li>\n<li><span style=\"font-weight: 400;\">Cada lectura es un reto personal para nuestro alumnado donde podr\u00e1n superarse en cada actividad obteniendo unas <strong>pegatinas de recompensa<\/strong> que viene al final de cada libro. <\/span><\/li>\n<li><span style=\"font-weight: 400;\">Y he de decir que <strong>les encanta el superarse con cada lectura<\/strong>.<\/span><\/li>\n<\/ul>\n<\/li>\n<\/ul>\n<p style=\"padding-left: 40px;\"><span style=\"font-weight: 400;\">He puesto en pr\u00e1ctica algunas de las comprensiones lectoras que podemos encontrar y he de decir que el resultado ha sido positivo. En muchos libros de textos nos encontramos con las t\u00edpicas lecturas como son las narraciones, las recetas, poemas&#8230;Textos que se repiten a\u00f1o tras a\u00f1o para trabajar la comprensi\u00f3n lectora. Pero <strong>con este programa encontramos lecturas interesantes y, sobre todo, <span style=\"text-decoration: underline;\"><a href=\"https:\/\/www.vocaeditorial.com\/blog\/motivacion-de-tus-estudiantes\/\">motivadoras<\/a><\/span><\/strong>. \u00a1Todo un acierto!<\/span><span style=\"font-weight: 400;\">\u00bb.<\/span><\/p>\n<h2><span style=\"text-decoration: underline;\"><a href=\"https:\/\/www.instagram.com\/maestralolabbujis\/\"><b>Lola Bueno<\/b><\/a><\/span><\/h2>\n<p><strong>Maestra de Educaci\u00f3n Infantil y Primaria<\/strong>. Apasionada de la educaci\u00f3n y la literatura infantil.\u00a0Entre las lecturas recomendadas por profesores como Lola encontramos el siguiente comentario:<\/p>\n<p style=\"padding-left: 40px;\">\ud83d\udcac\u00a0\u00ab<span style=\"text-decoration: underline;\"><a href=\"https:\/\/www.vocaeditorial.com\/colorin-colorado\/cuentos-populares-de-espana\/\"><strong><i>25 cuentos populares de Espa\u00f1a para descubrir su histori<\/i><\/strong><\/a><em><a href=\"https:\/\/www.amazon.es\/Cuentos-populares-Espa%C3%B1a-descubrir-historia\/dp\/8418353309?ref_=ast_sto_dp\"><strong>a<\/strong><\/a><\/em><\/span>\u00a0es un precioso \u00e1lbum ilustrado imprescindible para acercar la cultura y costumbres de Espa\u00f1a, desde una perspectiva cercana y divertida, a los m\u00e1s peque\u00f1os. En \u00e9l podremos descubrir\u00a0<strong>veinticinco cuentos cortos cargados de valores<\/strong>. Al final de cada uno de ellos encontramos una peque\u00f1a reflexi\u00f3n que sirve de s\u00edntesis y ense\u00f1anza. Todo esto va acompa\u00f1ado de unas\u00a0<strong>maravillosas ilustraciones y un gran formato<\/strong>\u00a0que invita a sumergirse en la lectura. Ideal para tener en las bibliotecas de los amantes de la literatura infantil\u00bb.<\/p>\n<h2><span style=\"text-decoration: underline;\"><a href=\"https:\/\/www.instagram.com\/colorincorado\/?hl=en\"><b>Color\u00ednCorado<\/b><\/a><\/span><\/h2>\n<p><span style=\"font-weight: 400;\">Detr\u00e1s de ColorinCorado est\u00e1 Laura, <strong>T\u00e9cnico superior en Educaci\u00f3n Infantil, cuentacuentos y madre de tres peque\u00f1os<\/strong>. Le apasiona la literatura infantil, y las historias en papel le han acompa\u00f1ado siempre: son su profesi\u00f3n y su pasi\u00f3n.\u00a0<\/span><\/p>\n<p style=\"padding-left: 40px;\"><span style=\"font-weight: 400;\">\ud83d\udcac <\/span><span style=\"font-weight: 400;\">\u00ab<\/span><i><span style=\"font-weight: 400;\">F\u00e1bulas de Esopo como nunca <\/span><\/i><span style=\"font-weight: 400;\">es una selecci\u00f3n de las 25 mejores f\u00e1bulas de Esopo. Est\u00e1n <strong>presentadas de manera sencilla y emocionante para atraer a peque\u00f1os y mayores<\/strong>. Cada f\u00e1bula termina con una moraleja para aprender leyendo y dar pie a reflexiones interesantes. Las ilustraciones est\u00e1n muy cuidadas y personalizadas. Resaltan las expresiones de los protagonistas y sus impactantes colores que acompa\u00f1an las descripciones llenas de detalles.<\/span><\/p>\n<p style=\"padding-left: 40px;\"><span style=\"font-weight: 400;\">Son las historias que siempre nos han acompa\u00f1ado pero contadas con un toque renovado y especial. Adem\u00e1s, al final del \u00e1lbum encontrar\u00e9is actividades relacionadas con cada f\u00e1bula para trabajar la comprensi\u00f3n lectora, los valores y ejercitar el pensamiento cr\u00edtico conectando con las vivencias de los lectores. Todo esto junto a una edici\u00f3n muy cuidada nos da como resultado <strong>un \u00e1lbum ilustrado que har\u00e1 las delicias de toda la familia<\/strong><\/span><span style=\"font-weight: 400;\">\u00bb<\/span><span style=\"font-weight: 400;\">.<\/span><\/p>\n<h2><span style=\"text-decoration: underline;\"><a href=\"https:\/\/www.instagram.com\/pequeteacher\/\"><b>@pequeteacher<\/b><\/a><\/span><\/h2>\n<p><strong>Maestra de Educaci\u00f3n Primaria y PT<\/strong>.\u00a0 Entre las lecturas recomendadas por profesores como \u00c1ngela encontramos el siguiente comentario:<\/p>\n<p style=\"padding-left: 40px;\">\ud83d\udcac \u00ab<i>Cuentos cl\u00e1sicos como nunca I\u00a0<\/i>es un libro lleno de magia por sus historias y sus ilustraciones. Ideal para que ni\u00f1os y ni\u00f1as viajen por diferentes mundos de fantas\u00eda y desarrollen la imaginaci\u00f3n y creatividad. Es un libro \u00fanico para que las nuevas generaciones conozcan los cuentos de siempre, contados como nunca\u00bb.<\/p>\n<h2><span style=\"color: #ffa341;\"><b>Margaret Mercadal<\/b><\/span><\/h2>\n<p><span style=\"font-weight: 400;\"><strong>Jefe de estudios de un centro de Educaci\u00f3n Infantil y Primaria<\/strong>. Es pedagoga terap\u00e9utica y est\u00e1 especializada en Infantil, Primaria y Pedagog\u00eda Terap\u00e9utica.<\/span><\/p>\n<p style=\"padding-left: 40px;\"><span style=\"font-weight: 400;\">\ud83d\udcac <\/span><span style=\"font-weight: 400;\">\u00ab<\/span><span style=\"font-weight: 400;\">Nos encontramos ante una<strong> joya literaria infantil<\/strong>. Su contenido es muy interesante y adecuado para las primeras edades, especialmente para el ciclo de Educaci\u00f3n Infantil y el primer ciclo de Educaci\u00f3n Primaria. Es una gran herramienta para <strong>dar a conocer tradiciones y costumbres de otros pa\u00edses<\/strong>, y despertar el esp\u00edritu cr\u00edtico de los alumnos e hijos. Cabe destacar que sus ilustraciones est\u00e1n muy cuidadas y personalizadas. Adem\u00e1s, ayudan a fomentar la capacidad de atenci\u00f3n de los ni\u00f1os y ni\u00f1as. Sin duda, <strong>es una muy buena selecci\u00f3n de historias entra\u00f1ables que despiertan inter\u00e9s y motivaci\u00f3n<\/strong>, tanto en el lector como en el oyente. Lo recomiendo para disfrutar y aprender tanto en casa como en la escuela<\/span><span style=\"font-weight: 400;\">\u00bb<\/span><span style=\"font-weight: 400;\">.<\/span><\/p>\n<p>&nbsp;<\/p>\n[CtaModule cta_item=\u00bb5415&#8243;]\n<p>&nbsp;<\/p>\n<h2><span style=\"text-decoration: underline;\"><a href=\"https:\/\/www.instagram.com\/unauladecuento\/\"><b>@unauladecuento<\/b><\/a><\/span><\/h2>\n<p><b>Maestro y maestra de educaci\u00f3n infantil.<\/b><\/p>\n<p style=\"padding-left: 40px;\"><span style=\"font-weight: 400;\">\ud83d\udcac <\/span><span style=\"font-weight: 400;\">\u00ab<\/span><i><span style=\"font-weight: 400;\">25 Cuentos Populares de Espa\u00f1a para descubrir su historia <\/span><\/i><span style=\"font-weight: 400;\">es un fant\u00e1stico libro que recoge, entre preciosas ilustraciones, 25 cuentos populares sobre Espa\u00f1a. Con ellos, <strong>podemos viajar por la cultura, valores y tradiciones de nuestro pa\u00eds<\/strong>, mostr\u00e1ndonos su gran riqueza y aprendiendo con sus preciosas moralejas. <\/span>Este es un libro perfecto para trabajar la comprensi\u00f3n lectora, la reflexi\u00f3n, los valores o el pensamiento cr\u00edtico del lector.<\/p>\n<p style=\"padding-left: 40px;\"><span style=\"font-weight: 400;\">Algo a lo que tambi\u00e9n ayudan las preguntas sobre cada cuento que se recogen al final del libro. Adem\u00e1s, hay que destacar que podemos <strong>disfrutar de estos cuentos en formato audiolibro<\/strong> en diferentes plataformas y en su <\/span><span style=\"text-decoration: underline;\"><a href=\"https:\/\/www.vocaeditorial.com\/colorin-colorado\/\"><b>p\u00e1gina web<\/b><\/a><\/span><span style=\"font-weight: 400;\">. En resumen, este libro nos ofrece unas amplias posibilidades de aprendizaje a diferentes niveles y de forma atractiva para los ni\u00f1os<\/span><span style=\"font-weight: 400;\">\u00bb<\/span><span style=\"font-weight: 400;\">.\u00a0<\/span><\/p>\n<h2><span style=\"text-decoration: underline;\"><a href=\"https:\/\/www.instagram.com\/maestrasconrecursos\/?hl=en\"><strong>Maestras con recursos<\/strong><\/a><\/span><\/h2>\n<p><strong>Dos maestras muy molonas de Pedagog\u00eda Terap\u00e9utica y M\u00fasica<\/strong>\u00a0se han juntado para compartir recursos de diferentes \u00e1reas y niveles hechos con mucho amor.<\/p>\n<p style=\"padding-left: 40px;\">\ud83d\udcac\u00a0\u00abFant\u00e1stico programa de comprensi\u00f3n lectora \u201cAbrapalabra\u201d para introducir en el aula o de manera individual. <strong>Cuenta con multitud de tipos de texto<\/strong>: narraci\u00f3n, c\u00f3mics, poemas, canciones, recetas, entre otros, junto con ilustraciones y tem\u00e1ticas muy atractivas e interesantes para los alumnos. Es muy enriquecedor encontrar <strong>programas que se adapten a los intereses del alumnado y al mismo tiempo sean tan completos<\/strong>. Adem\u00e1s, utiliza un sistema de autoevaluaci\u00f3n muy divertido y motivador, a trav\u00e9s de pegatinas. \u00a1Estamos encantadas!\u00bb.<\/p>\n<h2><span style=\"text-decoration: underline;\"><a href=\"https:\/\/www.instagram.com\/mariposasdevainilla\/\"><b>Lidia Mart\u00ednez<\/b><\/a><\/span><\/h2>\n<p><span style=\"font-weight: 400;\"><strong>Maestra de educaci\u00f3n infantil y mam\u00e1 de un bollito de 4 a\u00f1os<\/strong>. No hay nada que le guste m\u00e1s que compartir aventuras, so\u00f1ar, volar, crear, imaginar\u2026 <\/span><span style=\"font-weight: 400;\">\u00ab<\/span><span style=\"font-weight: 400;\">con la ilusi\u00f3n y la magia, como capitanes de nuestro d\u00eda a d\u00eda<\/span><span style=\"font-weight: 400;\">\u00bb<\/span><span style=\"font-weight: 400;\">. Adem\u00e1s, otra de sus pasiones es la literatura infantil en todas sus formas, y lo que nos hace sentir, sus provocaciones.<\/span><\/p>\n<p style=\"padding-left: 40px;\"><span style=\"font-weight: 400;\">\ud83d\udcac <\/span><span style=\"font-weight: 400;\">\u00ab<\/span><span style=\"font-weight: 400;\">El complemento perfecto para nuestras aventuras es el libro de <\/span><span style=\"text-decoration: underline;\"><a href=\"https:\/\/www.vocaeditorial.com\/colorin-colorado\/fabulas-de-esopo-como-nunca\/\"><strong><i>F\u00e1bulas de Esopo Como Nunca<\/i><\/strong><\/a><\/span><span style=\"font-weight: 400;\"> de VOCA Editorial, porque cada d\u00eda nos permite <strong>sumergirnos en una historia diferente, aprendiendo valiosas leccione<\/strong>s al final de cada uno de los cuentos. Con esta bonita edici\u00f3n, mi bollito se queda embelesado viendo las ilustraciones y a m\u00ed me encanta contarle las f\u00e1bulas; esos momentos juntos valen oro. \u00bfTe animas a disfrutar con estas f\u00e1bulas?<\/span><span style=\"font-weight: 400;\">\u00bb.<\/span><\/p>\n<p><span style=\"font-weight: 400;\"><strong>Regalar libros es sin\u00f3nimo de abrirles las puertas a nuevos mundos, aventuras y conocimientos<\/strong>. As\u00ed que no esperes m\u00e1s y hazles un hueco estas lecturas recomendadas por profesores muy <em>top. <\/em>Ya ves, los profesores que usan nuestros libros <span style=\"text-decoration: underline;\"><a href=\"https:\/\/www.vocaeditorial.com\/blog\/valoraciones-positivas\/\"><strong>est\u00e1n encantados<\/strong><\/a><\/span>. \u00bfQuieres unirte a ellos? Descubre nuestro <strong><span style=\"text-decoration: underline;\"><a href=\"http:\/\/www.vocaeditorial.com\/plan-lector\">plan lector<\/a><\/span> digital, biling\u00fce y sonoro<\/strong>.\u00a0<\/span><\/p>\n","protected":false},"excerpt":{"rendered":"<p>Cada Navidad los alumnos se hacen con una lista de lecturas recomendadas por sus profesores favoritos. Una serie de joyas literarias para sus alumnos. En este art\u00edculo te traemos una selecci\u00f3n de regalos de Navidad que nos permitir\u00e1 adentrarnos en el universo de las palabras con los m\u00e1s peque\u00f1os.<\/p>\n","protected":false},"author":49,"featured_media":7236,"comment_status":"closed","ping_status":"closed","sticky":false,"template":"","format":"standard","meta":{"content-type":"","inline_featured_image":false,"_jetpack_memberships_contains_paid_content":false,"footnotes":""},"tags":[587,588,601,604,605,606],"class_list":["post-6546","post","type-post","status-publish","format-standard","has-post-thumbnail","hentry","category-comprension-lectora","category-cuentos-infantiles","tag-creatividad","tag-educacion-emocional","tag-valores","tag-lecturas-para-ninos","tag-fabulas-de-esopo","tag-audiocuentos"],"yoast_head":"<!-- This site is optimized with the Yoast SEO plugin v26.6 - https:\/\/yoast.com\/wordpress\/plugins\/seo\/ -->\n<title>Lecturas recomendadas por profesores &#8211; VOCA Editorial<\/title>\n<meta name=\"description\" content=\"Te presentamos algunas de las lecturas recomendadas por profesores muy top que buscan ense\u00f1ar a trav\u00e9s de la diversi\u00f3n y el asombro.\" \/>\n<meta name=\"robots\" content=\"index, follow, max-snippet:-1, max-image-preview:large, max-video-preview:-1\" \/>\n<link rel=\"canonical\" href=\"https:\/\/www.vocaeditorial.com\/blog\/lecturas-recomendadas-por-profesores\/\" \/>\n<meta property=\"og:locale\" content=\"es_ES\" \/>\n<meta property=\"og:type\" content=\"article\" \/>\n<meta property=\"og:title\" content=\"Lecturas recomendadas por profesores &#8211; VOCA Editorial\" \/>\n<meta property=\"og:description\" content=\"Te presentamos algunas de las lecturas recomendadas por profesores muy top que buscan ense\u00f1ar a trav\u00e9s de la diversi\u00f3n y el asombro.\" \/>\n<meta property=\"og:url\" content=\"https:\/\/www.vocaeditorial.com\/blog\/lecturas-recomendadas-por-profesores\/\" \/>\n<meta property=\"og:site_name\" content=\"Voca Editorial\" \/>\n<meta property=\"article:published_time\" content=\"2020-12-15T14:00:57+00:00\" \/>\n<meta property=\"article:modified_time\" content=\"2022-05-20T07:50:41+00:00\" \/>\n<meta property=\"og:image\" content=\"https:\/\/www.vocaeditorial.com\/blog\/media\/lecturas-recomendadas-profesores-scaled.jpeg\" \/>\n\t<meta property=\"og:image:width\" content=\"2560\" \/>\n\t<meta property=\"og:image:height\" content=\"1709\" \/>\n\t<meta property=\"og:image:type\" content=\"image\/jpeg\" \/>\n<meta name=\"author\" content=\"VOCA Editorial\" \/>\n<meta name=\"twitter:card\" content=\"summary_large_image\" \/>\n<meta name=\"twitter:label1\" content=\"Escrito por\" \/>\n\t<meta name=\"twitter:data1\" content=\"VOCA Editorial\" \/>\n\t<meta name=\"twitter:label2\" content=\"Tiempo de lectura\" \/>\n\t<meta name=\"twitter:data2\" content=\"8 minutos\" \/>\n<script type=\"application\/ld+json\" class=\"yoast-schema-graph\">{\"@context\":\"https:\/\/schema.org\",\"@graph\":[{\"@type\":\"WebPage\",\"@id\":\"https:\/\/www.vocaeditorial.com\/blog\/lecturas-recomendadas-por-profesores\/\",\"url\":\"https:\/\/www.vocaeditorial.com\/blog\/lecturas-recomendadas-por-profesores\/\",\"name\":\"Lecturas recomendadas por profesores &#8211; VOCA Editorial\",\"isPartOf\":{\"@id\":\"https:\/\/www.vocaeditorial.com\/blog\/#website\"},\"primaryImageOfPage\":{\"@id\":\"https:\/\/www.vocaeditorial.com\/blog\/lecturas-recomendadas-por-profesores\/#primaryimage\"},\"image\":{\"@id\":\"https:\/\/www.vocaeditorial.com\/blog\/lecturas-recomendadas-por-profesores\/#primaryimage\"},\"thumbnailUrl\":\"https:\/\/www.vocaeditorial.com\/blog\/media\/lecturas-recomendadas-profesores-scaled.jpeg\",\"datePublished\":\"2020-12-15T14:00:57+00:00\",\"dateModified\":\"2022-05-20T07:50:41+00:00\",\"author\":{\"@id\":\"https:\/\/www.vocaeditorial.com\/blog\/#\/schema\/person\/72fba3d6c8a26fba0fee3107fda03438\"},\"description\":\"Te presentamos algunas de las lecturas recomendadas por profesores muy top que buscan ense\u00f1ar a trav\u00e9s de la diversi\u00f3n y el asombro.\",\"breadcrumb\":{\"@id\":\"https:\/\/www.vocaeditorial.com\/blog\/lecturas-recomendadas-por-profesores\/#breadcrumb\"},\"inLanguage\":\"es\",\"potentialAction\":[{\"@type\":\"ReadAction\",\"target\":[\"https:\/\/www.vocaeditorial.com\/blog\/lecturas-recomendadas-por-profesores\/\"]}]},{\"@type\":\"ImageObject\",\"inLanguage\":\"es\",\"@id\":\"https:\/\/www.vocaeditorial.com\/blog\/lecturas-recomendadas-por-profesores\/#primaryimage\",\"url\":\"https:\/\/www.vocaeditorial.com\/blog\/media\/lecturas-recomendadas-profesores-scaled.jpeg\",\"contentUrl\":\"https:\/\/www.vocaeditorial.com\/blog\/media\/lecturas-recomendadas-profesores-scaled.jpeg\",\"width\":2560,\"height\":1709},{\"@type\":\"BreadcrumbList\",\"@id\":\"https:\/\/www.vocaeditorial.com\/blog\/lecturas-recomendadas-por-profesores\/#breadcrumb\",\"itemListElement\":[{\"@type\":\"ListItem\",\"position\":1,\"name\":\"Portada\",\"item\":\"https:\/\/www.vocaeditorial.com\/blog\/\"},{\"@type\":\"ListItem\",\"position\":2,\"name\":\"Lecturas recomendadas por profesores\"}]},{\"@type\":\"WebSite\",\"@id\":\"https:\/\/www.vocaeditorial.com\/blog\/#website\",\"url\":\"https:\/\/www.vocaeditorial.com\/blog\/\",\"name\":\"Voca Editorial\",\"description\":\"\",\"potentialAction\":[{\"@type\":\"SearchAction\",\"target\":{\"@type\":\"EntryPoint\",\"urlTemplate\":\"https:\/\/www.vocaeditorial.com\/blog\/?s={search_term_string}\"},\"query-input\":{\"@type\":\"PropertyValueSpecification\",\"valueRequired\":true,\"valueName\":\"search_term_string\"}}],\"inLanguage\":\"es\"},{\"@type\":\"Person\",\"@id\":\"https:\/\/www.vocaeditorial.com\/blog\/#\/schema\/person\/72fba3d6c8a26fba0fee3107fda03438\",\"name\":\"VOCA Editorial\",\"image\":{\"@type\":\"ImageObject\",\"inLanguage\":\"es\",\"@id\":\"https:\/\/www.vocaeditorial.com\/blog\/#\/schema\/person\/image\/\",\"url\":\"https:\/\/secure.gravatar.com\/avatar\/137e7a09ea636684fcf1595563ff145c113f07116d7a29acedf3e545ab378ca3?s=96&d=mm&r=g\",\"contentUrl\":\"https:\/\/secure.gravatar.com\/avatar\/137e7a09ea636684fcf1595563ff145c113f07116d7a29acedf3e545ab378ca3?s=96&d=mm&r=g\",\"caption\":\"VOCA Editorial\"},\"url\":\"https:\/\/www.vocaeditorial.com\/blog\/author\/voca-editorial\/\"}]}<\/script>\n<!-- \/ Yoast SEO plugin. -->","yoast_head_json":{"title":"Lecturas recomendadas por profesores &#8211; VOCA Editorial","description":"Te presentamos algunas de las lecturas recomendadas por profesores muy top que buscan ense\u00f1ar a trav\u00e9s de la diversi\u00f3n y el asombro.","robots":{"index":"index","follow":"follow","max-snippet":"max-snippet:-1","max-image-preview":"max-image-preview:large","max-video-preview":"max-video-preview:-1"},"canonical":"https:\/\/www.vocaeditorial.com\/blog\/lecturas-recomendadas-por-profesores\/","og_locale":"es_ES","og_type":"article","og_title":"Lecturas recomendadas por profesores &#8211; VOCA Editorial","og_description":"Te presentamos algunas de las lecturas recomendadas por profesores muy top que buscan ense\u00f1ar a trav\u00e9s de la diversi\u00f3n y el asombro.","og_url":"https:\/\/www.vocaeditorial.com\/blog\/lecturas-recomendadas-por-profesores\/","og_site_name":"Voca Editorial","article_published_time":"2020-12-15T14:00:57+00:00","article_modified_time":"2022-05-20T07:50:41+00:00","og_image":[{"width":2560,"height":1709,"url":"https:\/\/www.vocaeditorial.com\/blog\/media\/lecturas-recomendadas-profesores-scaled.jpeg","type":"image\/jpeg"}],"author":"VOCA Editorial","twitter_card":"summary_large_image","twitter_misc":{"Escrito por":"VOCA Editorial","Tiempo de lectura":"8 minutos"},"schema":{"@context":"https:\/\/schema.org","@graph":[{"@type":"WebPage","@id":"https:\/\/www.vocaeditorial.com\/blog\/lecturas-recomendadas-por-profesores\/","url":"https:\/\/www.vocaeditorial.com\/blog\/lecturas-recomendadas-por-profesores\/","name":"Lecturas recomendadas por profesores &#8211; VOCA Editorial","isPartOf":{"@id":"https:\/\/www.vocaeditorial.com\/blog\/#website"},"primaryImageOfPage":{"@id":"https:\/\/www.vocaeditorial.com\/blog\/lecturas-recomendadas-por-profesores\/#primaryimage"},"image":{"@id":"https:\/\/www.vocaeditorial.com\/blog\/lecturas-recomendadas-por-profesores\/#primaryimage"},"thumbnailUrl":"https:\/\/www.vocaeditorial.com\/blog\/media\/lecturas-recomendadas-profesores-scaled.jpeg","datePublished":"2020-12-15T14:00:57+00:00","dateModified":"2022-05-20T07:50:41+00:00","author":{"@id":"https:\/\/www.vocaeditorial.com\/blog\/#\/schema\/person\/72fba3d6c8a26fba0fee3107fda03438"},"description":"Te presentamos algunas de las lecturas recomendadas por profesores muy top que buscan ense\u00f1ar a trav\u00e9s de la diversi\u00f3n y el asombro.","breadcrumb":{"@id":"https:\/\/www.vocaeditorial.com\/blog\/lecturas-recomendadas-por-profesores\/#breadcrumb"},"inLanguage":"es","potentialAction":[{"@type":"ReadAction","target":["https:\/\/www.vocaeditorial.com\/blog\/lecturas-recomendadas-por-profesores\/"]}]},{"@type":"ImageObject","inLanguage":"es","@id":"https:\/\/www.vocaeditorial.com\/blog\/lecturas-recomendadas-por-profesores\/#primaryimage","url":"https:\/\/www.vocaeditorial.com\/blog\/media\/lecturas-recomendadas-profesores-scaled.jpeg","contentUrl":"https:\/\/www.vocaeditorial.com\/blog\/media\/lecturas-recomendadas-profesores-scaled.jpeg","width":2560,"height":1709},{"@type":"BreadcrumbList","@id":"https:\/\/www.vocaeditorial.com\/blog\/lecturas-recomendadas-por-profesores\/#breadcrumb","itemListElement":[{"@type":"ListItem","position":1,"name":"Portada","item":"https:\/\/www.vocaeditorial.com\/blog\/"},{"@type":"ListItem","position":2,"name":"Lecturas recomendadas por profesores"}]},{"@type":"WebSite","@id":"https:\/\/www.vocaeditorial.com\/blog\/#website","url":"https:\/\/www.vocaeditorial.com\/blog\/","name":"Voca Editorial","description":"","potentialAction":[{"@type":"SearchAction","target":{"@type":"EntryPoint","urlTemplate":"https:\/\/www.vocaeditorial.com\/blog\/?s={search_term_string}"},"query-input":{"@type":"PropertyValueSpecification","valueRequired":true,"valueName":"search_term_string"}}],"inLanguage":"es"},{"@type":"Person","@id":"https:\/\/www.vocaeditorial.com\/blog\/#\/schema\/person\/72fba3d6c8a26fba0fee3107fda03438","name":"VOCA Editorial","image":{"@type":"ImageObject","inLanguage":"es","@id":"https:\/\/www.vocaeditorial.com\/blog\/#\/schema\/person\/image\/","url":"https:\/\/secure.gravatar.com\/avatar\/137e7a09ea636684fcf1595563ff145c113f07116d7a29acedf3e545ab378ca3?s=96&d=mm&r=g","contentUrl":"https:\/\/secure.gravatar.com\/avatar\/137e7a09ea636684fcf1595563ff145c113f07116d7a29acedf3e545ab378ca3?s=96&d=mm&r=g","caption":"VOCA Editorial"},"url":"https:\/\/www.vocaeditorial.com\/blog\/author\/voca-editorial\/"}]}},"jetpack_featured_media_url":"https:\/\/www.vocaeditorial.com\/blog\/media\/lecturas-recomendadas-profesores-scaled.jpeg","jetpack_sharing_enabled":true,"_links":{"self":[{"href":"https:\/\/www.vocaeditorial.com\/blog\/wp-json\/wp\/v2\/posts\/6546","targetHints":{"allow":["GET"]}}],"collection":[{"href":"https:\/\/www.vocaeditorial.com\/blog\/wp-json\/wp\/v2\/posts"}],"about":[{"href":"https:\/\/www.vocaeditorial.com\/blog\/wp-json\/wp\/v2\/types\/post"}],"author":[{"embeddable":true,"href":"https:\/\/www.vocaeditorial.com\/blog\/wp-json\/wp\/v2\/users\/49"}],"replies":[{"embeddable":true,"href":"https:\/\/www.vocaeditorial.com\/blog\/wp-json\/wp\/v2\/comments?post=6546"}],"version-history":[{"count":0,"href":"https:\/\/www.vocaeditorial.com\/blog\/wp-json\/wp\/v2\/posts\/6546\/revisions"}],"wp:featuredmedia":[{"embeddable":true,"href":"https:\/\/www.vocaeditorial.com\/blog\/wp-json\/wp\/v2\/media\/7236"}],"wp:attachment":[{"href":"https:\/\/www.vocaeditorial.com\/blog\/wp-json\/wp\/v2\/media?parent=6546"}],"wp:term":[{"taxonomy":"post_tag","embeddable":true,"href":"https:\/\/www.vocaeditorial.com\/blog\/wp-json\/wp\/v2\/tags?post=6546"}],"curies":[{"name":"wp","href":"https:\/\/api.w.org\/{rel}","templated":true}]}}