{"id":5598,"date":"2020-02-18T13:07:03","date_gmt":"2020-02-18T12:07:03","guid":{"rendered":"https:\/\/www.vocaeditorial.com\/blog\/?p=5598"},"modified":"2023-02-09T12:58:26","modified_gmt":"2023-02-09T11:58:26","slug":"la-felicidad-dura-poco","status":"publish","type":"post","link":"https:\/\/www.vocaeditorial.com\/blog\/la-felicidad-dura-poco\/","title":{"rendered":"La felicidad dura poco: \u00bfpor qu\u00e9?"},"content":{"rendered":"<section class=\"elementor-element elementor-element-1814356d elementor-section-boxed elementor-section-height-default elementor-section-height-default elementor-section elementor-top-section\" data-id=\"1814356d\" data-element_type=\"section\">\n<div class=\"elementor-container elementor-column-gap-default\">\n<div class=\"elementor-row\">\n<div class=\"elementor-element elementor-element-551fe76 elementor-column elementor-col-100 elementor-top-column\" data-id=\"551fe76\" data-element_type=\"column\">\n<div class=\"elementor-column-wrap elementor-element-populated\">\n<div class=\"elementor-widget-wrap\">\n<div class=\"elementor-element elementor-element-7386885e elementor-widget elementor-widget-text-editor\" data-id=\"7386885e\" data-element_type=\"widget\" data-widget_type=\"text-editor.default\">\n<div class=\"elementor-widget-container\">\n<div class=\"elementor-text-editor elementor-clearfix\">\n<p>\u00bfTe has preguntado alguna vez por qu\u00e9 parece que la felicidad dura poco? La psicolog\u00eda positiva afirma que todos\u00a0<strong>tenemos una tendencia innata hacia el afecto positivo<\/strong>, es decir, a sentirnos bien. De hecho, muchos autores se\u00f1alan que, en realidad, nuestra meta natural es alcanzar placer. Sin embargo, si esto fuera as\u00ed de sencillo, estar\u00edamos destinados a sentirnos afortunados la mayor parte del tiempo. Pero sabemos que no siempre es as\u00ed. Veamos por qu\u00e9.<\/p>\n\n[CtaModule cta_item=\u00bb6820&#8243;]\n<p>&nbsp;<\/p>\n<h2 class=\"elementor-heading-title elementor-size-default\"><span style=\"color: #ffa341;\">\u00bfPor qu\u00e9 la felicidad es ef\u00edmera?<\/span><\/h2>\n<p>Por la <b>\u00ab<\/b>ley<b>\u00bb<\/b> que rige la felicidad, tambi\u00e9n llamada\u00a0<strong><i>ley de la asimetr\u00eda hed\u00f3nica<\/i><\/strong>. En 1988, <strong>el famoso psic\u00f3logo,\u00a0Nico H. Frijda, public\u00f3 un\u00a0<span style=\"text-decoration: underline;\"><a href=\"https:\/\/s3.amazonaws.com\/academia.edu.documents\/31220818\/Laws_of_Emotion.pdf?AWSAccessKeyId=AKIAIWOWYYGZ2Y53UL3A&amp;Expires=1559031737&amp;Signature=af%2F7UpMNLNn9eiDR3pxyLMirZoo%3D&amp;response-content-disposition=inline%3B%20filename%3DThe_laws_of_emotion.pdf\">art\u00edculo<\/a><\/span> titulado\u00a0<b>\u00ab<\/b>Las leyes de la emoci\u00f3n<b>\u00bb<\/b><\/strong>. Entre las nueve leyes universales que hacen referencia a distintos aspectos de la emoci\u00f3n, destaca la denominada\u00a0<strong><i>asimetr\u00eda hed\u00f3nica<\/i><\/strong>.<\/p>\n<p>&nbsp;<\/p>\n<blockquote><p>Esta ley viene a decir que\u00a0<strong>la persona se adapta y habit\u00faa mucho antes a una situaci\u00f3n de bienestar y felicidad que a una situaci\u00f3n dolorosa o de p\u00e9rdida.<\/strong><\/p><\/blockquote>\n<p>&nbsp;<\/p>\n<p>Y, por eso, esto se traduce en que <strong>para experimentar bienestar o cierto grado de felicidad necesitamos buscar constantemente nuevos placeres.<\/strong> Esto es as\u00ed ya que el bienestar se desvanece si contin\u00faa en el tiempo. Terminamos por <b>\u00ab<\/b>acostumbrarnos a lo bueno<b>\u00bb<\/b>.<\/p>\n<p>De manera contraria puede ocurrir con las emociones negativas. El dolor y la p\u00e9rdida perduran m\u00e1s en el tiempo, a pesar de que desaparezcan las situaciones adversas. Otras emociones, como\u00a0<strong>un miedo posible aunque poco probable, nos pueden invadir durante a\u00f1os y a\u00f1os.<\/strong>\u00a0En cambio, <strong>las esperanzas y las peque\u00f1as alegr\u00edas se diluyen m\u00e1s r\u00e1pidamente<\/strong> de lo que nos gustar\u00eda. Lo cual nos lleva al\u00a0<i>quid<\/i>\u00a0de la cuesti\u00f3n.<\/p>\n<\/div>\n<\/div>\n<\/div>\n<\/div>\n<\/div>\n<\/div>\n<\/div>\n<\/div>\n<\/section>\n<section class=\"elementor-element elementor-element-59689de elementor-section-boxed elementor-section-height-default elementor-section-height-default elementor-section elementor-top-section\" data-id=\"59689de\" data-element_type=\"section\">\n<div class=\"elementor-container elementor-column-gap-default\">\n<div class=\"elementor-row\">\n<div class=\"elementor-element elementor-element-f947f33 elementor-column elementor-col-100 elementor-top-column\" data-id=\"f947f33\" data-element_type=\"column\">\n<div class=\"elementor-column-wrap elementor-element-populated\">\n<div class=\"elementor-widget-wrap\">\n<div class=\"elementor-element elementor-element-0aed135 elementor-widget elementor-widget-text-editor\" data-id=\"0aed135\" data-element_type=\"widget\" data-widget_type=\"text-editor.default\">\n<div class=\"elementor-widget-container\">\n<div class=\"elementor-text-editor elementor-clearfix\">\n<p>Es como si nuestro <span style=\"text-decoration: underline;\"><a href=\"https:\/\/www.vocaeditorial.com\/blog\/educando-las-emociones\/\"><strong>cerebro emocional<\/strong><\/a><\/span> estuviera <b>\u00ab<\/b>predispuesto<b>\u00bb<\/b> a sentirse triste. Al menos, parece que tiende a sentir con m\u00e1s intensidad el dolor que la alegr\u00eda. Entonces,\u00a0<strong>\u00bfqu\u00e9 relaci\u00f3n hay entre la persona y su felicidad?<\/strong>\u00a0Frijda reconoce que la ley de la asimetr\u00eda hed\u00f3nica, aunque cierta, no deja de ser amarga y dura, puesto que\u00a0<strong>reconoce que las alegr\u00edas duran menos que las penas.<\/strong><\/p>\n<h2><span style=\"color: #ffa341;\">\u00bfEs posible ser feliz durante m\u00e1s tiempo?<\/span><\/h2>\n<\/div>\n<\/div>\n<\/div>\n<\/div>\n<\/div>\n<\/div>\n<\/div>\n<\/div>\n<\/section>\n<section class=\"elementor-element elementor-element-9ba7c60 elementor-section-boxed elementor-section-height-default elementor-section-height-default elementor-section elementor-top-section\" data-id=\"9ba7c60\" data-element_type=\"section\">\n<div class=\"elementor-container elementor-column-gap-default\">\n<div class=\"elementor-row\">\n<div class=\"elementor-element elementor-element-435908c elementor-column elementor-col-100 elementor-top-column\" data-id=\"435908c\" data-element_type=\"column\">\n<div class=\"elementor-column-wrap elementor-element-populated\">\n<div class=\"elementor-widget-wrap\">\n<div class=\"elementor-element elementor-element-87bfaad elementor-widget elementor-widget-text-editor\" data-id=\"87bfaad\" data-element_type=\"widget\" data-widget_type=\"text-editor.default\">\n<div class=\"elementor-widget-container\">\n<div class=\"elementor-text-editor elementor-clearfix\">\n<p>La buena noticia es que hay esperanza. El mismo Frijda explica en su art\u00edculo que no todo est\u00e1 perdido. Existen personas que en las situaciones m\u00e1s dolorosas encuentran luz y aprenden a ser felices. Lo que concluye el art\u00edculo es que\u00a0<strong>el bienestar personal es posible, aunque mantenerlo en el tiempo requiere esfuerzo y compromiso<\/strong>. En esta l\u00ednea, destaca dos ideas.<\/p>\n<ol>\n<li>Al vivir una situaci\u00f3n de felicidad o bienestar, es recomendable continuarla en el tiempo,\u00a0<strong>record\u00e1ndonos lo afortunados que somos de estar vivi\u00e9ndola<\/strong>.<\/li>\n<li>Imaginar lo desafortunado que hubiera sido vivir otra situaci\u00f3n peor. El famoso <b>\u00ab<\/b><strong>pod\u00eda haber sido peor<b>\u00bb<\/b>.<\/strong><\/li>\n<\/ol>\n<p>En definitiva, se trata de\u00a0<strong>reavivar el impacto vivido mediante el recuerdo y la imaginaci\u00f3n<\/strong>. Es decir, orientar nuestra atenci\u00f3n hacia las cosas positivas de nuestra vida y desarrollar una actitud de agradecimiento.<\/p>\n<p>&nbsp;<\/p>\n[CtaModule cta_item=\u00bb6208&#8243;]\n<p>&nbsp;<\/p>\n<\/div>\n<\/div>\n<\/div>\n<\/div>\n<\/div>\n<\/div>\n<\/div>\n<\/div>\n<\/section>\n<section class=\"elementor-element elementor-element-242ddaa elementor-section-boxed elementor-section-height-default elementor-section-height-default elementor-section elementor-top-section\" data-id=\"242ddaa\" data-element_type=\"section\" data-settings=\"{&quot;background_background&quot;:&quot;classic&quot;}\">\n<div class=\"elementor-container elementor-column-gap-default\">\n<div class=\"elementor-row\">\n<div class=\"elementor-element elementor-element-e7eb586 elementor-column elementor-col-100 elementor-top-column\" data-id=\"e7eb586\" data-element_type=\"column\">\n<div class=\"elementor-column-wrap elementor-element-populated\">\n<div class=\"elementor-widget-wrap\">\n<div class=\"elementor-element elementor-element-2881edd elementor-widget elementor-widget-heading\" data-id=\"2881edd\" data-element_type=\"widget\" data-widget_type=\"heading.default\">\n<div class=\"elementor-widget-container\">\n<h2 class=\"elementor-heading-title elementor-size-default\"><span style=\"color: #ffa341;\">La felicidad y la b\u00fasqueda de sentido<\/span><\/h2>\n<\/div>\n<\/div>\n<div class=\"elementor-element elementor-element-0f09258 elementor-widget elementor-widget-text-editor\" data-id=\"0f09258\" data-element_type=\"widget\" data-widget_type=\"text-editor.default\">\n<div class=\"elementor-widget-container\">\n<div class=\"elementor-text-editor elementor-clearfix\">\n<p>Asimismo,\u00a0las investigaciones se\u00f1alan que\u00a0<strong>el compromiso y el significado<\/strong>\u00a0que se da a la vida\u00a0<strong>tienen un peso m\u00e1s importante que el placer<\/strong>, pues el sentido existencial es un muelle que nos hace esperar un futuro mejor que el presente.<\/p>\n<p>En esta l\u00ednea de superaci\u00f3n del placer en la b\u00fasqueda de la felicidad, numerosos autores han dedicado a\u00f1os a hacer investigaciones al respecto. Sin ir m\u00e1s lejos, <span style=\"text-decoration: underline;\"><a href=\"https:\/\/www.ted.com\/talks\/martin_seligman_the_new_era_of_positive_psychology?language=es\"><strong>Martin Seligman<\/strong><\/a><\/span>\u00a0afirma:<\/p>\n<p>Las emociones positivas, el compromiso y el sentido son realidades valiosas en s\u00ed mismas y ayudan a luchar contra la depresi\u00f3n, producen una vida m\u00e1s satisfactoria y promueven aprendizaje creativo. Desde la perspectiva de la\u00a0<strong>Psicolog\u00eda Positiva, el sentido consiste en conocer tus mayores fortalezas y utilizarlas para pertenecer y servir a aquello que crees que te trasciende a ti mismo<\/strong>.<\/p>\n<ul>\n<li>Tambi\u00e9n el psic\u00f3logo\u00a0<strong>Peterson<\/strong>\u00a0explica que <b>\u00ab<\/b>la b\u00fasqueda de sentido y compromiso son mejores predictores de satisfacci\u00f3n que la b\u00fasqueda de placer<b>\u00bb<\/b>.<\/li>\n<li>Y, en esta misma l\u00ednea,\u00a0<strong>Viktor Frankl<\/strong>\u00a0defiende que \u00ablo que penetra profundamente y en definitiva al hombre no es ni el deseo de poder ni el deseo de placer, sino <strong>el deseo de sentido<\/strong><b>\u00bb<\/b>.<\/li>\n<li>De la misma manera, autores como\u00a0<strong>Sonja Lyubomirsky<\/strong>, psic\u00f3loga investigadora de la Universidad de California, asegura que existen evidencias de que el afecto positivo est\u00e1 muy vinculado con la felicidad.<\/li>\n<\/ul>\n<\/div>\n<\/div>\n<\/div>\n<\/div>\n<\/div>\n<\/div>\n<\/div>\n<\/div>\n<\/section>\n<section class=\"elementor-element elementor-element-90d7df9 elementor-section-boxed elementor-section-height-default elementor-section-height-default elementor-section elementor-top-section\" data-id=\"90d7df9\" data-element_type=\"section\" data-settings=\"{&quot;background_background&quot;:&quot;classic&quot;}\">\n<div class=\"elementor-container elementor-column-gap-default\">\n<div class=\"elementor-row\">\n<div class=\"elementor-element elementor-element-31f56b1 elementor-column elementor-col-100 elementor-top-column\" data-id=\"31f56b1\" data-element_type=\"column\">\n<div class=\"elementor-column-wrap elementor-element-populated\">\n<div class=\"elementor-widget-wrap\">\n<div class=\"elementor-element elementor-element-0c6be95 elementor-widget elementor-widget-heading\" data-id=\"0c6be95\" data-element_type=\"widget\" data-widget_type=\"heading.default\">\n<div class=\"elementor-widget-container\">\n<h2 class=\"elementor-heading-title elementor-size-default\"><span style=\"color: #ffa341;\">Las terapias de tercera generaci\u00f3n y la felicidad<\/span><\/h2>\n<\/div>\n<\/div>\n<div class=\"elementor-element elementor-element-ac86b52 elementor-widget elementor-widget-text-editor\" data-id=\"ac86b52\" data-element_type=\"widget\" data-widget_type=\"text-editor.default\">\n<div class=\"elementor-widget-container\">\n<div class=\"elementor-text-editor elementor-clearfix\">\n<p>Dentro de las psicoterapias de tercera generaci\u00f3n se encuentra la llamada\u00a0<strong><i>Terapia de aceptaci\u00f3n y compromiso<\/i><\/strong>. Se trata de un tipo de psicoterapia con un enfoque novedoso que evoluciona desde las terapias de generaciones anteriores.<\/p>\n<p>Por una parte, las generaciones anteriores enfatizaban las herramientas cognitivas que en algunos casos pod\u00edan producir una hipersensibilidad en los pacientes. <strong>Intentaban erradicar todo lo que produjera malestar.<\/strong> Sin embargo, en algunos casos esto <strong>resultaba contraproducente<\/strong>, pues los pacientes acababan obsesion\u00e1ndose con controlarlo todo o con aquellos pensamientos que de hecho deb\u00edan y deseaban evitar.<\/p>\n<p>&nbsp;<\/p>\n<blockquote><p>En cambio, la terapia de aceptaci\u00f3n y compromiso se centra en la\u00a0<strong>aceptaci\u00f3n de que vamos a encontrar dolor en el camino de la vida<\/strong><strong>.<\/strong><\/p><\/blockquote>\n<p>&nbsp;<\/p>\n<p>Esta terapia afirma que rebelarse y cerrarse al dolor produce m\u00e1s sufrimiento. En cambio, la aceptaci\u00f3n de este como un elemento m\u00e1s de la vida ayuda a superarlo.<\/p>\n<p>Por otra parte, el modo en el que esta terapia afirma que la superaci\u00f3n del dolor se logra consiste fundamentalmente en la\u00a0<strong>orientaci\u00f3n de la vida hacia unos valores<\/strong>. Anima a identificar los valores con los que conectamos personalmente y a comprometernos con ellos. Esto, a la larga, es lo que se ha visto que genera mayor satisfacci\u00f3n y felicidad. Concretamente, <strong>ayuda a sobrellevar con serenidad las situaciones dolorosas<\/strong> y a <strong>llevar una vida que trascienda de sentido y valores.<\/strong><\/p>\n<p>Esperamos que te haya gustado este\u00a0<i>post\u00a0<\/i>sobre la felicidad. En VOCA Editorial creemos en <strong>una educaci\u00f3n que impulse a los alumnos a buscar valores y sentido<\/strong> a sus vidas. Lo hacemos con el <strong>programa de valores <span style=\"text-decoration: underline;\"><a href=\"https:\/\/www.vocaeditorial.com\/talentum\/\">Talentum<\/a><\/span><\/strong>. \u00bfQuieres ser feliz?<\/p>\n<p>&nbsp;<\/p>\n<h3><span style=\"color: #ffa341;\"><strong>Bibliograf\u00eda<\/strong><\/span><\/h3>\n<p>Frankl, V. (1995).\u00a0<i>La psicoterapia al alcance de todos<\/i>. Barcelona: Herder.<\/p>\n<p>Frijda, N. (1988). The laws of emotion.\u00a0<i>American Psychologist<\/i>,\u00a0<i>43<\/i>(5), 349-358.<\/p>\n<p>Peterson, C., Park, N., y Seligman, M.E.P. (2005).\u00a0<i>Orientations to happiness and life satisfaction: the full life versus the empty life<\/i>.\u00a0<i>Journal of Happiness Studies<\/i>, 6, 25\u201341.<\/p>\n<p>Seligman, M., Ernst, R., Gillham, J., Reivich, K., y Linkins, M. (2009).\u00a0<i>Positive education: positive psychology and classroom interventions<\/i>.\u00a0<i>Oxford Review of Education<\/i>, 35(3), 293-311.<\/p>\n<\/div>\n<\/div>\n<\/div>\n<\/div>\n<\/div>\n<\/div>\n<\/div>\n<\/div>\n<\/section>\n","protected":false},"excerpt":{"rendered":"<p>Las alegr\u00edas duran menos que las penas. Lo que har\u00e1 que tu felicidad sea duradera ser\u00e1 que encuentres sentido a tu vida. Este art\u00edculo te da las claves para ello, apoy\u00e1ndose en reconocidos psic\u00f3logos como Viktor Frankl y Martin Seligman. <\/p>\n","protected":false},"author":49,"featured_media":5599,"comment_status":"closed","ping_status":"closed","sticky":false,"template":"","format":"standard","meta":{"content-type":"","inline_featured_image":false,"_jetpack_memberships_contains_paid_content":false,"footnotes":""},"tags":[586,588,596,600,601],"class_list":["post-5598","post","type-post","status-publish","format-standard","has-post-thumbnail","hentry","category-educacion-en-valores","tag-talento","tag-educacion-emocional","tag-mejora-personal","tag-emociones","tag-valores"],"yoast_head":"<!-- This site is optimized with the Yoast SEO plugin v26.6 - https:\/\/yoast.com\/wordpress\/plugins\/seo\/ -->\n<title>La felicidad dura poco: \u00bfpor qu\u00e9? &#8211; VOCA Editorial<\/title>\n<meta name=\"description\" content=\"Las alegr\u00edas duran menos que las penas. Pero tu felicidad ser\u00e1 duradera si, como dice Viktor Frankl, encuentras el sentido de tu vida.\" \/>\n<meta name=\"robots\" content=\"index, follow, max-snippet:-1, max-image-preview:large, max-video-preview:-1\" \/>\n<link rel=\"canonical\" href=\"https:\/\/www.vocaeditorial.com\/blog\/la-felicidad-dura-poco\/\" \/>\n<meta property=\"og:locale\" content=\"es_ES\" \/>\n<meta property=\"og:type\" content=\"article\" \/>\n<meta property=\"og:title\" content=\"La felicidad dura poco: \u00bfpor qu\u00e9? &#8211; VOCA Editorial\" \/>\n<meta property=\"og:description\" content=\"Las alegr\u00edas duran menos que las penas. Pero tu felicidad ser\u00e1 duradera si, como dice Viktor Frankl, encuentras el sentido de tu vida.\" \/>\n<meta property=\"og:url\" content=\"https:\/\/www.vocaeditorial.com\/blog\/la-felicidad-dura-poco\/\" \/>\n<meta property=\"og:site_name\" content=\"Voca Editorial\" \/>\n<meta property=\"article:published_time\" content=\"2020-02-18T12:07:03+00:00\" \/>\n<meta property=\"article:modified_time\" content=\"2023-02-09T11:58:26+00:00\" \/>\n<meta property=\"og:image\" content=\"https:\/\/www.vocaeditorial.com\/blog\/media\/la-felicidad-dura-poco-e1585219860972.jpg\" \/>\n\t<meta property=\"og:image:width\" content=\"1174\" \/>\n\t<meta property=\"og:image:height\" content=\"790\" \/>\n\t<meta property=\"og:image:type\" content=\"image\/jpeg\" \/>\n<meta name=\"author\" content=\"VOCA Editorial\" \/>\n<meta name=\"twitter:card\" content=\"summary_large_image\" \/>\n<meta name=\"twitter:label1\" content=\"Escrito por\" \/>\n\t<meta name=\"twitter:data1\" content=\"VOCA Editorial\" \/>\n\t<meta name=\"twitter:label2\" content=\"Tiempo de lectura\" \/>\n\t<meta name=\"twitter:data2\" content=\"5 minutos\" \/>\n<script type=\"application\/ld+json\" class=\"yoast-schema-graph\">{\"@context\":\"https:\/\/schema.org\",\"@graph\":[{\"@type\":\"WebPage\",\"@id\":\"https:\/\/www.vocaeditorial.com\/blog\/la-felicidad-dura-poco\/\",\"url\":\"https:\/\/www.vocaeditorial.com\/blog\/la-felicidad-dura-poco\/\",\"name\":\"La felicidad dura poco: \u00bfpor qu\u00e9? &#8211; VOCA Editorial\",\"isPartOf\":{\"@id\":\"https:\/\/www.vocaeditorial.com\/blog\/#website\"},\"primaryImageOfPage\":{\"@id\":\"https:\/\/www.vocaeditorial.com\/blog\/la-felicidad-dura-poco\/#primaryimage\"},\"image\":{\"@id\":\"https:\/\/www.vocaeditorial.com\/blog\/la-felicidad-dura-poco\/#primaryimage\"},\"thumbnailUrl\":\"https:\/\/www.vocaeditorial.com\/blog\/media\/la-felicidad-dura-poco-e1585219860972.jpg\",\"datePublished\":\"2020-02-18T12:07:03+00:00\",\"dateModified\":\"2023-02-09T11:58:26+00:00\",\"author\":{\"@id\":\"https:\/\/www.vocaeditorial.com\/blog\/#\/schema\/person\/72fba3d6c8a26fba0fee3107fda03438\"},\"description\":\"Las alegr\u00edas duran menos que las penas. Pero tu felicidad ser\u00e1 duradera si, como dice Viktor Frankl, encuentras el sentido de tu vida.\",\"breadcrumb\":{\"@id\":\"https:\/\/www.vocaeditorial.com\/blog\/la-felicidad-dura-poco\/#breadcrumb\"},\"inLanguage\":\"es\",\"potentialAction\":[{\"@type\":\"ReadAction\",\"target\":[\"https:\/\/www.vocaeditorial.com\/blog\/la-felicidad-dura-poco\/\"]}]},{\"@type\":\"ImageObject\",\"inLanguage\":\"es\",\"@id\":\"https:\/\/www.vocaeditorial.com\/blog\/la-felicidad-dura-poco\/#primaryimage\",\"url\":\"https:\/\/www.vocaeditorial.com\/blog\/media\/la-felicidad-dura-poco-e1585219860972.jpg\",\"contentUrl\":\"https:\/\/www.vocaeditorial.com\/blog\/media\/la-felicidad-dura-poco-e1585219860972.jpg\",\"width\":1174,\"height\":790,\"caption\":\"la-felicidad-dura-poco\"},{\"@type\":\"BreadcrumbList\",\"@id\":\"https:\/\/www.vocaeditorial.com\/blog\/la-felicidad-dura-poco\/#breadcrumb\",\"itemListElement\":[{\"@type\":\"ListItem\",\"position\":1,\"name\":\"Portada\",\"item\":\"https:\/\/www.vocaeditorial.com\/blog\/\"},{\"@type\":\"ListItem\",\"position\":2,\"name\":\"La felicidad dura poco: \u00bfpor qu\u00e9?\"}]},{\"@type\":\"WebSite\",\"@id\":\"https:\/\/www.vocaeditorial.com\/blog\/#website\",\"url\":\"https:\/\/www.vocaeditorial.com\/blog\/\",\"name\":\"Voca Editorial\",\"description\":\"\",\"potentialAction\":[{\"@type\":\"SearchAction\",\"target\":{\"@type\":\"EntryPoint\",\"urlTemplate\":\"https:\/\/www.vocaeditorial.com\/blog\/?s={search_term_string}\"},\"query-input\":{\"@type\":\"PropertyValueSpecification\",\"valueRequired\":true,\"valueName\":\"search_term_string\"}}],\"inLanguage\":\"es\"},{\"@type\":\"Person\",\"@id\":\"https:\/\/www.vocaeditorial.com\/blog\/#\/schema\/person\/72fba3d6c8a26fba0fee3107fda03438\",\"name\":\"VOCA Editorial\",\"image\":{\"@type\":\"ImageObject\",\"inLanguage\":\"es\",\"@id\":\"https:\/\/www.vocaeditorial.com\/blog\/#\/schema\/person\/image\/\",\"url\":\"https:\/\/secure.gravatar.com\/avatar\/137e7a09ea636684fcf1595563ff145c113f07116d7a29acedf3e545ab378ca3?s=96&d=mm&r=g\",\"contentUrl\":\"https:\/\/secure.gravatar.com\/avatar\/137e7a09ea636684fcf1595563ff145c113f07116d7a29acedf3e545ab378ca3?s=96&d=mm&r=g\",\"caption\":\"VOCA Editorial\"},\"url\":\"https:\/\/www.vocaeditorial.com\/blog\/author\/voca-editorial\/\"}]}<\/script>\n<!-- \/ Yoast SEO plugin. -->","yoast_head_json":{"title":"La felicidad dura poco: \u00bfpor qu\u00e9? &#8211; VOCA Editorial","description":"Las alegr\u00edas duran menos que las penas. Pero tu felicidad ser\u00e1 duradera si, como dice Viktor Frankl, encuentras el sentido de tu vida.","robots":{"index":"index","follow":"follow","max-snippet":"max-snippet:-1","max-image-preview":"max-image-preview:large","max-video-preview":"max-video-preview:-1"},"canonical":"https:\/\/www.vocaeditorial.com\/blog\/la-felicidad-dura-poco\/","og_locale":"es_ES","og_type":"article","og_title":"La felicidad dura poco: \u00bfpor qu\u00e9? &#8211; VOCA Editorial","og_description":"Las alegr\u00edas duran menos que las penas. Pero tu felicidad ser\u00e1 duradera si, como dice Viktor Frankl, encuentras el sentido de tu vida.","og_url":"https:\/\/www.vocaeditorial.com\/blog\/la-felicidad-dura-poco\/","og_site_name":"Voca Editorial","article_published_time":"2020-02-18T12:07:03+00:00","article_modified_time":"2023-02-09T11:58:26+00:00","og_image":[{"width":1174,"height":790,"url":"https:\/\/www.vocaeditorial.com\/blog\/media\/la-felicidad-dura-poco-e1585219860972.jpg","type":"image\/jpeg"}],"author":"VOCA Editorial","twitter_card":"summary_large_image","twitter_misc":{"Escrito por":"VOCA Editorial","Tiempo de lectura":"5 minutos"},"schema":{"@context":"https:\/\/schema.org","@graph":[{"@type":"WebPage","@id":"https:\/\/www.vocaeditorial.com\/blog\/la-felicidad-dura-poco\/","url":"https:\/\/www.vocaeditorial.com\/blog\/la-felicidad-dura-poco\/","name":"La felicidad dura poco: \u00bfpor qu\u00e9? &#8211; VOCA Editorial","isPartOf":{"@id":"https:\/\/www.vocaeditorial.com\/blog\/#website"},"primaryImageOfPage":{"@id":"https:\/\/www.vocaeditorial.com\/blog\/la-felicidad-dura-poco\/#primaryimage"},"image":{"@id":"https:\/\/www.vocaeditorial.com\/blog\/la-felicidad-dura-poco\/#primaryimage"},"thumbnailUrl":"https:\/\/www.vocaeditorial.com\/blog\/media\/la-felicidad-dura-poco-e1585219860972.jpg","datePublished":"2020-02-18T12:07:03+00:00","dateModified":"2023-02-09T11:58:26+00:00","author":{"@id":"https:\/\/www.vocaeditorial.com\/blog\/#\/schema\/person\/72fba3d6c8a26fba0fee3107fda03438"},"description":"Las alegr\u00edas duran menos que las penas. Pero tu felicidad ser\u00e1 duradera si, como dice Viktor Frankl, encuentras el sentido de tu vida.","breadcrumb":{"@id":"https:\/\/www.vocaeditorial.com\/blog\/la-felicidad-dura-poco\/#breadcrumb"},"inLanguage":"es","potentialAction":[{"@type":"ReadAction","target":["https:\/\/www.vocaeditorial.com\/blog\/la-felicidad-dura-poco\/"]}]},{"@type":"ImageObject","inLanguage":"es","@id":"https:\/\/www.vocaeditorial.com\/blog\/la-felicidad-dura-poco\/#primaryimage","url":"https:\/\/www.vocaeditorial.com\/blog\/media\/la-felicidad-dura-poco-e1585219860972.jpg","contentUrl":"https:\/\/www.vocaeditorial.com\/blog\/media\/la-felicidad-dura-poco-e1585219860972.jpg","width":1174,"height":790,"caption":"la-felicidad-dura-poco"},{"@type":"BreadcrumbList","@id":"https:\/\/www.vocaeditorial.com\/blog\/la-felicidad-dura-poco\/#breadcrumb","itemListElement":[{"@type":"ListItem","position":1,"name":"Portada","item":"https:\/\/www.vocaeditorial.com\/blog\/"},{"@type":"ListItem","position":2,"name":"La felicidad dura poco: \u00bfpor qu\u00e9?"}]},{"@type":"WebSite","@id":"https:\/\/www.vocaeditorial.com\/blog\/#website","url":"https:\/\/www.vocaeditorial.com\/blog\/","name":"Voca Editorial","description":"","potentialAction":[{"@type":"SearchAction","target":{"@type":"EntryPoint","urlTemplate":"https:\/\/www.vocaeditorial.com\/blog\/?s={search_term_string}"},"query-input":{"@type":"PropertyValueSpecification","valueRequired":true,"valueName":"search_term_string"}}],"inLanguage":"es"},{"@type":"Person","@id":"https:\/\/www.vocaeditorial.com\/blog\/#\/schema\/person\/72fba3d6c8a26fba0fee3107fda03438","name":"VOCA Editorial","image":{"@type":"ImageObject","inLanguage":"es","@id":"https:\/\/www.vocaeditorial.com\/blog\/#\/schema\/person\/image\/","url":"https:\/\/secure.gravatar.com\/avatar\/137e7a09ea636684fcf1595563ff145c113f07116d7a29acedf3e545ab378ca3?s=96&d=mm&r=g","contentUrl":"https:\/\/secure.gravatar.com\/avatar\/137e7a09ea636684fcf1595563ff145c113f07116d7a29acedf3e545ab378ca3?s=96&d=mm&r=g","caption":"VOCA Editorial"},"url":"https:\/\/www.vocaeditorial.com\/blog\/author\/voca-editorial\/"}]}},"jetpack_featured_media_url":"https:\/\/www.vocaeditorial.com\/blog\/media\/la-felicidad-dura-poco-e1585219860972.jpg","jetpack_sharing_enabled":true,"_links":{"self":[{"href":"https:\/\/www.vocaeditorial.com\/blog\/wp-json\/wp\/v2\/posts\/5598","targetHints":{"allow":["GET"]}}],"collection":[{"href":"https:\/\/www.vocaeditorial.com\/blog\/wp-json\/wp\/v2\/posts"}],"about":[{"href":"https:\/\/www.vocaeditorial.com\/blog\/wp-json\/wp\/v2\/types\/post"}],"author":[{"embeddable":true,"href":"https:\/\/www.vocaeditorial.com\/blog\/wp-json\/wp\/v2\/users\/49"}],"replies":[{"embeddable":true,"href":"https:\/\/www.vocaeditorial.com\/blog\/wp-json\/wp\/v2\/comments?post=5598"}],"version-history":[{"count":0,"href":"https:\/\/www.vocaeditorial.com\/blog\/wp-json\/wp\/v2\/posts\/5598\/revisions"}],"wp:featuredmedia":[{"embeddable":true,"href":"https:\/\/www.vocaeditorial.com\/blog\/wp-json\/wp\/v2\/media\/5599"}],"wp:attachment":[{"href":"https:\/\/www.vocaeditorial.com\/blog\/wp-json\/wp\/v2\/media?parent=5598"}],"wp:term":[{"taxonomy":"post_tag","embeddable":true,"href":"https:\/\/www.vocaeditorial.com\/blog\/wp-json\/wp\/v2\/tags?post=5598"}],"curies":[{"name":"wp","href":"https:\/\/api.w.org\/{rel}","templated":true}]}}