{"id":5571,"date":"2020-03-03T13:07:03","date_gmt":"2020-03-03T12:07:03","guid":{"rendered":"https:\/\/www.vocaeditorial.com\/blog\/?p=5571"},"modified":"2022-04-06T17:55:42","modified_gmt":"2022-04-06T15:55:42","slug":"una-cancion-para-hablar-sobre-el-miedo-con-los-ninos","status":"publish","type":"post","link":"https:\/\/www.vocaeditorial.com\/blog\/una-cancion-para-hablar-sobre-el-miedo-con-los-ninos\/","title":{"rendered":"Una canci\u00f3n para hablar sobre el miedo con los ni\u00f1os"},"content":{"rendered":"<section class=\"elementor-element elementor-element-7935dbfc elementor-section-boxed elementor-section-height-default elementor-section-height-default elementor-section elementor-top-section\" data-id=\"7935dbfc\" data-element_type=\"section\">\n<div class=\"elementor-container elementor-column-gap-default\">\n<div class=\"elementor-row\">\n<div class=\"elementor-element elementor-element-6c7ee656 elementor-column elementor-col-100 elementor-top-column\" data-id=\"6c7ee656\" data-element_type=\"column\">\n<div class=\"elementor-column-wrap elementor-element-populated\">\n<div class=\"elementor-widget-wrap\">\n<div class=\"elementor-element elementor-element-a780735 elementor-widget elementor-widget-text-editor\" data-id=\"a780735\" data-element_type=\"widget\" data-widget_type=\"text-editor.default\">\n<div class=\"elementor-widget-container\">\n<div class=\"elementor-text-editor elementor-clearfix\">\n<p><b>Es normal que los ni\u00f1os experimenten miedo,<\/b>\u00a0que lo desconocido les asuste o que teman aquello que creen que les puede hacer da\u00f1o. Y es que\u00a0<strong>e<\/strong><b>l miedo es una de las emociones m\u00e1s fuertes\u00a0<\/b>(especialmente en los ni\u00f1os). De hecho, puede vivirse con tal intensidad que te impida reaccionar o controlar tus respuestas f\u00edsicas y emocionales. Hoy te traemos una canci\u00f3n para hablar sobre el miedo con los ni\u00f1os.<\/p>\n\n<\/div>\n[CtaModule cta_item=\u00bb6797&#8243;]\n<div class=\"elementor-text-editor elementor-clearfix\">\n<p>&nbsp;<\/p>\n<p>Evidentemente todos tenemos miedo a algo. Por ello, el programa de <span style=\"text-decoration: underline;\"><strong><a href=\"https:\/\/www.vocaeditorial.com\/blog\/que-es-educacion-emocional-competencias-emocionales-consejos-para-educar-las-emociones\/\">educaci\u00f3n emocional<\/a><\/strong><\/span><\/p>\n<blockquote><p><b>Be Happy<\/b>\u00a0<b>propone que los ni\u00f1os conozcan e identifiquen sus propias emociones y las de los dem\u00e1s en las situaciones cotidianas de su vida.<\/b><\/p><\/blockquote>\n<p>&nbsp;<\/p>\n<p>Como por ejemplo,<b>\u00a0escuchando una canci\u00f3n.\u00a0<\/b> As\u00ed, podr\u00e1n educar sus emociones y gobernarlas seg\u00fan sus propios deseos. De esta manera, los ni\u00f1os aprender\u00e1n que es natural sentir miedo. Adem\u00e1s ser\u00e1n conscientes de que\u00a0<b>es bueno conocer nuestros propios miedos y saber sobrellevarlos<\/b>\u00a0sin que esta emoci\u00f3n nos paralice por completo.<\/p>\n<\/div>\n<\/div>\n<\/div>\n<\/div>\n<\/div>\n<\/div>\n<\/div>\n<\/div>\n<\/section>\n<section class=\"elementor-element elementor-element-e2f15b8 elementor-section-boxed elementor-section-height-default elementor-section-height-default elementor-section elementor-top-section\" data-id=\"e2f15b8\" data-element_type=\"section\">\n<div class=\"elementor-container elementor-column-gap-default\">\n<div class=\"elementor-row\">\n<div class=\"elementor-element elementor-element-0a1b23f elementor-column elementor-col-100 elementor-top-column\" data-id=\"0a1b23f\" data-element_type=\"column\">\n<div class=\"elementor-column-wrap elementor-element-populated\">\n<div class=\"elementor-widget-wrap\">\n<div class=\"elementor-element elementor-element-054d29f elementor-widget elementor-widget-heading\" data-id=\"054d29f\" data-element_type=\"widget\" data-widget_type=\"heading.default\">\n<div class=\"elementor-widget-container\">\n<h2 class=\"elementor-heading-title elementor-size-default\"><span style=\"color: #ffa341;\">\u00bfC\u00f3mo explicar a los ni\u00f1os qu\u00e9 es el miedo?<\/span><\/h2>\n<\/div>\n<\/div>\n<div class=\"elementor-element elementor-element-b8fec4e elementor-widget elementor-widget-text-editor\" data-id=\"b8fec4e\" data-element_type=\"widget\" data-widget_type=\"text-editor.default\">\n<div class=\"elementor-widget-container\">\n<div class=\"elementor-text-editor elementor-clearfix\">\n<p>La <b><span style=\"text-decoration: underline;\"><a href=\"https:\/\/www.vocaeditorial.com\/blog\/leducacion-emocional-a-traves-de-la-musica\/\">m\u00fasica<\/a><\/span> es un recurso privilegiado para transmitir sentimientos y emociones\u00a0<\/b>tanto a ni\u00f1os como a adultos. Por ello, hemos escogido la canci\u00f3n\u00a0<strong><a href=\"https:\/\/www.youtube.com\/watch?v=XvJhk86PuEY\"><i><span style=\"text-decoration: underline;\">Preparaos<\/span>\u00a0<\/i><\/a><\/strong>de la pel\u00edcula infantil\u00a0<strong><span style=\"text-decoration: underline;\"><a href=\"https:\/\/www.filmaffinity.com\/es\/film419029.html\"><i>El rey le\u00f3n<\/i><\/a><\/span><i>,\u00a0<\/i>de Disney.<\/strong> Y es que creemos que a trav\u00e9s de la canci\u00f3n\u00a0<i>Preparaos<\/i>\u00a0<b>los ni\u00f1os pueden experimentar en cierta medida la emoci\u00f3n del miedo<\/b>\u00a0y, as\u00ed, reconocerla.<\/p>\n<p>&nbsp;<\/p>\n<p>Si lo deseas, puedes seguir estos\u00a0<b>pasos y escuchar\u00a0<\/b>esta canci\u00f3n para hablar sobre el miedo con los ni\u00f1os.<\/p>\n<\/div>\n<\/div>\n<\/div>\n<div class=\"elementor-element elementor-element-d103367 elementor-widget elementor-widget-heading\" data-id=\"d103367\" data-element_type=\"widget\" data-widget_type=\"heading.default\">\n<div class=\"elementor-widget-container\">\n<h2 class=\"elementor-heading-title elementor-size-default\"><span style=\"color: #ffa341;\">Crea la atm\u00f3sfera<\/span><\/h2>\n<\/div>\n<\/div>\n<div class=\"elementor-element elementor-element-7c2764c elementor-widget elementor-widget-text-editor\" data-id=\"7c2764c\" data-element_type=\"widget\" data-widget_type=\"text-editor.default\">\n<div class=\"elementor-widget-container\">\n<div class=\"elementor-text-editor elementor-clearfix\">\n<ol>\n<li><b>Para empezar, sugerimos que se crees un ambiente algo oscuro para escuchar la canci\u00f3n.\u00a0<\/b>A ser posible, que los ni\u00f1os no se vean entre s\u00ed o, al menos, no est\u00e9n muy juntos. Este primer paso es opcional. Y es que hay que tener cuidado con no asustarles demasiado o generar un miedo que no sean capaces de sobrellevar. Si piensas que tus ni\u00f1os se asustan con facilidad, pasa directamente al segundo punto.<\/li>\n<li>A continuaci\u00f3n, antes de escuchar la canci\u00f3n para trabajar el miedo, es conveniente que hagas un\u00a0<b>peque\u00f1o\u00a0<\/b><span style=\"text-decoration: underline;\"><a href=\"https:\/\/es.wikipedia.org\/wiki\/El_rey_le%C3%B3n\"><b>resumen<\/b><\/a><\/span><b>\u00a0de la trama de la pel\u00edcula<\/b>. Concretamente, sit\u00faales en este momento en el que Scar se siente desplazado por su hermano Mufasa, el rey de la selva. De hecho, planea destronarle para \u00a0quedarse \u00e9l con el poder.<\/li>\n<li><b>Despu\u00e9s, divide a los ni\u00f1os en dos grupos y reproduce la\u00a0<\/b><span style=\"text-decoration: underline;\"><a href=\"https:\/\/www.youtube.com\/watch?v=XvJhk86PuEY\"><b>canci\u00f3n<\/b><\/a><\/span><b>.<\/b>\n<ul>\n<li>Por una parte, un grupo tendr\u00e1 que <strong>ponerse en la piel de las hienas<\/strong>. Y el otro, deber\u00e1 ponerse en la de Mufasa y Simba. A continuaci\u00f3n, los ni\u00f1os deber\u00e1n pensar en la emoci\u00f3n que despierta en ellos esta canci\u00f3n.<\/li>\n<li>Por otra parte, los ni\u00f1os que <strong>se pongan en la piel de Mufasa y Simba<\/strong> deber\u00e1n hacer un ejercicio de\u00a0<b>empat\u00eda,\u00a0<\/b>y pensar qu\u00e9 sentir\u00edan ante la amenaza de Scar, que quiere acabar con ellos. As\u00ed, descubrir\u00e1n el miedo en ellos y\u00a0<b>se acostumbrar\u00e1n poco a poco a identificar el miedo no solo en ellos mismos, sino tambi\u00e9n en los dem\u00e1s<\/b>.<\/li>\n<\/ul>\n<\/li>\n<\/ol>\n<p>&nbsp;<\/p>\n[CtaModule cta_item=\u00bb6208&#8243;]\n<p>&nbsp;<\/p>\n<\/div>\n<\/div>\n<\/div>\n<\/div>\n<\/div>\n<\/div>\n<\/div>\n<\/div>\n<\/section>\n<section class=\"elementor-element elementor-element-e65b9b7 elementor-section-boxed elementor-section-height-default elementor-section-height-default elementor-section elementor-top-section\" data-id=\"e65b9b7\" data-element_type=\"section\">\n<div class=\"elementor-container elementor-column-gap-default\">\n<div class=\"elementor-row\">\n<div class=\"elementor-element elementor-element-6a747ab elementor-column elementor-col-100 elementor-top-column\" data-id=\"6a747ab\" data-element_type=\"column\">\n<div class=\"elementor-column-wrap elementor-element-populated\">\n<div class=\"elementor-widget-wrap\">\n<div class=\"elementor-element elementor-element-6dd45f1 elementor-widget elementor-widget-heading\" data-id=\"6dd45f1\" data-element_type=\"widget\" data-widget_type=\"heading.default\">\n<div class=\"elementor-widget-container\">\n<h2 class=\"elementor-heading-title elementor-size-default\"><span style=\"color: #ffa341;\">Preguntas sobre el miedo en la canci\u00f3n<\/span><\/h2>\n<\/div>\n<\/div>\n<div class=\"elementor-element elementor-element-bb55bc0 elementor-widget elementor-widget-text-editor\" data-id=\"bb55bc0\" data-element_type=\"widget\" data-widget_type=\"text-editor.default\">\n<div class=\"elementor-widget-container\">\n<div class=\"elementor-text-editor elementor-clearfix\">\n<p>Cuando hay\u00e1is escuchado la canci\u00f3n, <b>pregunta a los ni\u00f1os que se han puesto en la piel de Simba y Mufasa.<\/b><\/p>\n<ul>\n<li>\u00bfC\u00f3mo te sientes al escuchar la canci\u00f3n?<\/li>\n<li>\u00bf<b>Qu\u00e9 emoci\u00f3n sentir\u00edas si fueras el rey<\/b>\u00a0y tu hermano quisiera matarte, como en esta canci\u00f3n?<\/li>\n<\/ul>\n<p>Despu\u00e9s de poner en com\u00fan sus impresiones, puedes hablarles del estilo de la canci\u00f3n y de los\u00a0<strong>elementos que generan una atm\u00f3sfera de miedo<\/strong>, como, por ejemplo, el\u00a0<strong>lenguaje negativo<\/strong>.<\/p>\n<table>\n<tbody>\n<tr>\n<td style=\"text-align: center;\"><em>Ya s\u00e9 que es odioso<\/em><\/td>\n<td style=\"text-align: center;\"><em>Carro\u00f1a<\/em><\/td>\n<td style=\"text-align: center;\"><em>Rey condenado<\/em><\/td>\n<td style=\"text-align: center;\"><em>Muerte<\/em><\/td>\n<\/tr>\n<tr>\n<td style=\"text-align: center;\"><em>Mataremos<\/em><\/td>\n<td style=\"text-align: center;\"><em>Golpe de estado<\/em><\/td>\n<td style=\"text-align: center;\"><em>Venganza<\/em><\/td>\n<td style=\"text-align: center;\"><em>Temido y audaz<\/em><\/td>\n<\/tr>\n<\/tbody>\n<\/table>\n<p>As\u00ed, puedes explicar a los ni\u00f1os que esta canci\u00f3n est\u00e1 pensada para\u00a0<b>generar una emoci\u00f3n negativa.\u00a0<\/b>Concretamente,<b>\u00a0de profundo miedo hacia Scar,\u00a0<\/b>pues quiere acabar con su hermano. As\u00ed, el ni\u00f1o que escucha la canci\u00f3n sentir\u00e1 miedo y\u00a0<b>rechazo hacia este comportamiento ego\u00edsta<\/b>\u00a0que solo busca el poder.<\/p>\n<p>Para terminar,\u00a0<b>pregunta a los ni\u00f1os que se han puesto en el lugar de las hienas.<\/b><\/p>\n<ul>\n<li>\u00bfTe gusta c\u00f3mo te trata Scar?<\/li>\n<li>\u00bfCrees que te quiere o que te utiliza?<\/li>\n<li>\u00bfC\u00f3mo te hace sentirte Scar?<\/li>\n<\/ul>\n<p>El\u00a0<b>lengu<\/b><b>aje de Scar<\/b>, adem\u00e1s de intimidatorio, es\u00a0<b>despectivo hacia las hienas<\/b>. Y es que Scar no cree que ellas puedan pensar ni hacer nada m\u00e1s que lo que les manda.<\/p>\n<ul>\n<li><i>Si fall\u00e1is, ser\u00e1 vuestro final.<\/i><\/li>\n<li><i>Un rey que provoca temor.<\/i><\/li>\n<li>Sed fieles o ser\u00e1 peor.<\/li>\n<li>No dar\u00e9is un bocado sin m\u00ed.<\/li>\n<\/ul>\n<p>Ciertamente, las hienas no son tan astutas como Scar. Pero tampoco buscan el bien de los dem\u00e1s. Por eso, no les importa hacer da\u00f1o a Mufasa. De hecho, <strong>muestran una actitud de obediencia sumisa porque tienen miedo de Scar<\/strong>. Por ello, prefieren no pensar si lo que hacen est\u00e1 bien o mal.<\/p>\n<\/div>\n<\/div>\n<\/div>\n<\/div>\n<\/div>\n<\/div>\n<\/div>\n<\/div>\n<\/section>\n<section class=\"elementor-element elementor-element-7204198 elementor-section-boxed elementor-section-height-default elementor-section-height-default elementor-section elementor-top-section\" data-id=\"7204198\" data-element_type=\"section\">\n<div class=\"elementor-container elementor-column-gap-default\">\n<div class=\"elementor-row\">\n<div class=\"elementor-element elementor-element-43ddbee elementor-column elementor-col-100 elementor-top-column\" data-id=\"43ddbee\" data-element_type=\"column\">\n<div class=\"elementor-column-wrap elementor-element-populated\">\n<div class=\"elementor-widget-wrap\">\n<div class=\"elementor-element elementor-element-b20ceb5 elementor-widget elementor-widget-image\" data-id=\"b20ceb5\" data-element_type=\"widget\" data-widget_type=\"image.default\">\n<div class=\"elementor-widget-container\">\n<div class=\"elementor-image\"><\/div>\n<\/div>\n<\/div>\n<div class=\"elementor-element elementor-element-da516cd elementor-widget elementor-widget-heading\" data-id=\"da516cd\" data-element_type=\"widget\" data-widget_type=\"heading.default\">\n<div class=\"elementor-widget-container\">\n<h2 class=\"elementor-heading-title elementor-size-default\"><span style=\"color: #ffa341;\">Concluye: no tener miedo al miedo<\/span><\/h2>\n<\/div>\n<\/div>\n<div class=\"elementor-element elementor-element-732d60e elementor-widget elementor-widget-text-editor\" data-id=\"732d60e\" data-element_type=\"widget\" data-widget_type=\"text-editor.default\">\n<div class=\"elementor-widget-container\">\n<div class=\"elementor-text-editor elementor-clearfix\">\n<p>A diferencia de lo que les ocurre a las hienas, con esta canci\u00f3n los ni\u00f1os pueden aprender que el miedo es una\u00a0<b>emoci\u00f3n que les prepara para afrontar lo desconocido\u00a0<\/b>y para\u00a0<b>poder huir de las cosas peligrosas<\/b>.<\/p>\n<p>En realidad, lo importante es que los ni\u00f1os aprendan, a trav\u00e9s del coloquio sobre esta canci\u00f3n, que<\/p>\n<blockquote><p><b>el miedo no es una emoci\u00f3n mala ni negativa<\/b>.<\/p><\/blockquote>\n<p>Y es que <strong>sentir miedo es signo de que estamos vivos<\/strong> y de que nos aferramos a nuestra vida. Sin embargo, este miedo no puede paralizarnos. Por ello, debemos buscar siempre una\u00a0<b>forma personal y creativa de luchar<\/b>\u00a0contra aquello que nos produce miedo. Para\u00a0<b>seguir adelante con nuestra vida en nuestro camino hacia la felicidad<\/b>.<\/p>\n<\/div>\n<p data-id=\"a054a7e\" data-element_type=\"widget\" data-widget_type=\"heading.default\">Por \u00faltimo, debido a la importancia de la educaci\u00f3n emocional,\u00a0te ofrecemos m\u00e1s recursos:<\/p>\n<ul>\n<li data-id=\"a054a7e\" data-element_type=\"widget\" data-widget_type=\"heading.default\"><strong>Juegos para trabajar la <span style=\"text-decoration: underline;\"><a href=\"https:\/\/www.vocaeditorial.com\/blog\/actividades-para-trabajar-la-empatia-en-primaria\">empat\u00eda<\/a><\/span>.<\/strong><\/li>\n<li data-id=\"a054a7e\" data-element_type=\"widget\" data-widget_type=\"heading.default\">C\u00f3mo <strong>explicar la <span style=\"text-decoration: underline;\"><a href=\"https:\/\/www.vocaeditorial.com\/blog\/definicion-de-alegria-para-ninos\/\">alegr\u00eda<\/a><\/span><\/strong> a los ni\u00f1os.<\/li>\n<li data-id=\"a054a7e\" data-element_type=\"widget\" data-widget_type=\"heading.default\"><span style=\"text-decoration: underline;\"><a href=\"https:\/\/www.vocaeditorial.com\/blog\/peliculas-para-trabajar-la-inteligencia-emocional\/\"><strong>Pel\u00edculas<\/strong><\/a><\/span> sobre emociones.<\/li>\n<li data-id=\"a054a7e\" data-element_type=\"widget\" data-widget_type=\"heading.default\"><span style=\"text-decoration: underline;\"><a href=\"https:\/\/www.vocaeditorial.com\/blog\/libros-con-cuentos-de-emociones\/\"><strong>Cuentos<\/strong><\/a><\/span> sobre emociones.<\/li>\n<li data-id=\"a054a7e\" data-element_type=\"widget\" data-widget_type=\"heading.default\"><span style=\"text-decoration: underline;\"><strong><a href=\"https:\/\/www.vocaeditorial.com\/blog\/manualidades-para-trabajar-las-emociones\/\">Manualidades.<\/a><\/strong><\/span><\/li>\n<\/ul>\n<div class=\"elementor-text-editor elementor-clearfix\">\n<p>Si te ha resultado \u00fatil este <em>post<\/em> sobre c\u00f3mo explicar la emoci\u00f3n del miedo a los ni\u00f1os, en la<strong> ficha descargable tienes 10 actividades<\/strong> de educaci\u00f3n emocional para ni\u00f1os y pautadas. \u00a1Esperamos que te sea \u00fatil!<\/p>\n<\/div>\n<\/div>\n<\/div>\n<\/div>\n<\/div>\n<\/div>\n<\/div>\n<\/div>\n<\/section>\n","protected":false},"excerpt":{"rendered":"<p>Para que los m\u00e1s peque\u00f1os conozcan la emoci\u00f3n del miedo, sepan para qu\u00e9 sirve y aprendan a superarla, te traemos este art\u00edculo. Contiene una actividad guiada con una canci\u00f3n de El Rey Le\u00f3n para hablar sobre el miedo con los ni\u00f1os. \u00bfTe interesa? \u00a1No tengas miedo! <\/p>\n","protected":false},"author":49,"featured_media":5572,"comment_status":"closed","ping_status":"closed","sticky":false,"template":"","format":"standard","meta":{"content-type":"","inline_featured_image":false,"_jetpack_memberships_contains_paid_content":false,"footnotes":""},"tags":[588,589,600,601],"class_list":["post-5571","post","type-post","status-publish","format-standard","has-post-thumbnail","hentry","category-educacion-emocional","tag-educacion-emocional","tag-inteligencia-emocional","tag-emociones","tag-valores"],"yoast_head":"<!-- This site is optimized with the Yoast SEO plugin v26.6 - https:\/\/yoast.com\/wordpress\/plugins\/seo\/ -->\n<title>Una canci\u00f3n para hablar sobre el miedo con los ni\u00f1os &#8211; VOCA Editorial<\/title>\n<meta name=\"description\" content=\"Una canci\u00f3n de Scar de El Rey Le\u00f3n para conocer qu\u00e9 es el miedo y actividades para reflexionar. No tengas miedo y haz click.\" \/>\n<meta name=\"robots\" content=\"index, follow, max-snippet:-1, max-image-preview:large, max-video-preview:-1\" \/>\n<link rel=\"canonical\" href=\"https:\/\/www.vocaeditorial.com\/blog\/una-cancion-para-hablar-sobre-el-miedo-con-los-ninos\/\" \/>\n<meta property=\"og:locale\" content=\"es_ES\" \/>\n<meta property=\"og:type\" content=\"article\" \/>\n<meta property=\"og:title\" content=\"Una canci\u00f3n para hablar sobre el miedo con los ni\u00f1os &#8211; VOCA Editorial\" \/>\n<meta property=\"og:description\" content=\"Una canci\u00f3n de Scar de El Rey Le\u00f3n para conocer qu\u00e9 es el miedo y actividades para reflexionar. No tengas miedo y haz click.\" \/>\n<meta property=\"og:url\" content=\"https:\/\/www.vocaeditorial.com\/blog\/una-cancion-para-hablar-sobre-el-miedo-con-los-ninos\/\" \/>\n<meta property=\"og:site_name\" content=\"Voca Editorial\" \/>\n<meta property=\"article:published_time\" content=\"2020-03-03T12:07:03+00:00\" \/>\n<meta property=\"article:modified_time\" content=\"2022-04-06T15:55:42+00:00\" \/>\n<meta property=\"og:image\" content=\"https:\/\/www.vocaeditorial.com\/blog\/media\/cancion-hablar-del-miedo-con-los-ninos.jpg\" \/>\n\t<meta property=\"og:image:width\" content=\"1174\" \/>\n\t<meta property=\"og:image:height\" content=\"790\" \/>\n\t<meta property=\"og:image:type\" content=\"image\/jpeg\" \/>\n<meta name=\"author\" content=\"VOCA Editorial\" \/>\n<meta name=\"twitter:card\" content=\"summary_large_image\" \/>\n<meta name=\"twitter:label1\" content=\"Escrito por\" \/>\n\t<meta name=\"twitter:data1\" content=\"VOCA Editorial\" \/>\n\t<meta name=\"twitter:label2\" content=\"Tiempo de lectura\" \/>\n\t<meta name=\"twitter:data2\" content=\"5 minutos\" \/>\n<script type=\"application\/ld+json\" class=\"yoast-schema-graph\">{\"@context\":\"https:\/\/schema.org\",\"@graph\":[{\"@type\":\"WebPage\",\"@id\":\"https:\/\/www.vocaeditorial.com\/blog\/una-cancion-para-hablar-sobre-el-miedo-con-los-ninos\/\",\"url\":\"https:\/\/www.vocaeditorial.com\/blog\/una-cancion-para-hablar-sobre-el-miedo-con-los-ninos\/\",\"name\":\"Una canci\u00f3n para hablar sobre el miedo con los ni\u00f1os &#8211; VOCA Editorial\",\"isPartOf\":{\"@id\":\"https:\/\/www.vocaeditorial.com\/blog\/#website\"},\"primaryImageOfPage\":{\"@id\":\"https:\/\/www.vocaeditorial.com\/blog\/una-cancion-para-hablar-sobre-el-miedo-con-los-ninos\/#primaryimage\"},\"image\":{\"@id\":\"https:\/\/www.vocaeditorial.com\/blog\/una-cancion-para-hablar-sobre-el-miedo-con-los-ninos\/#primaryimage\"},\"thumbnailUrl\":\"https:\/\/www.vocaeditorial.com\/blog\/media\/cancion-hablar-del-miedo-con-los-ninos.jpg\",\"datePublished\":\"2020-03-03T12:07:03+00:00\",\"dateModified\":\"2022-04-06T15:55:42+00:00\",\"author\":{\"@id\":\"https:\/\/www.vocaeditorial.com\/blog\/#\/schema\/person\/72fba3d6c8a26fba0fee3107fda03438\"},\"description\":\"Una canci\u00f3n de Scar de El Rey Le\u00f3n para conocer qu\u00e9 es el miedo y actividades para reflexionar. No tengas miedo y haz click.\",\"breadcrumb\":{\"@id\":\"https:\/\/www.vocaeditorial.com\/blog\/una-cancion-para-hablar-sobre-el-miedo-con-los-ninos\/#breadcrumb\"},\"inLanguage\":\"es\",\"potentialAction\":[{\"@type\":\"ReadAction\",\"target\":[\"https:\/\/www.vocaeditorial.com\/blog\/una-cancion-para-hablar-sobre-el-miedo-con-los-ninos\/\"]}]},{\"@type\":\"ImageObject\",\"inLanguage\":\"es\",\"@id\":\"https:\/\/www.vocaeditorial.com\/blog\/una-cancion-para-hablar-sobre-el-miedo-con-los-ninos\/#primaryimage\",\"url\":\"https:\/\/www.vocaeditorial.com\/blog\/media\/cancion-hablar-del-miedo-con-los-ninos.jpg\",\"contentUrl\":\"https:\/\/www.vocaeditorial.com\/blog\/media\/cancion-hablar-del-miedo-con-los-ninos.jpg\",\"width\":1174,\"height\":790,\"caption\":\"cancion-hablar-del-miedo-con-los-ninos\"},{\"@type\":\"BreadcrumbList\",\"@id\":\"https:\/\/www.vocaeditorial.com\/blog\/una-cancion-para-hablar-sobre-el-miedo-con-los-ninos\/#breadcrumb\",\"itemListElement\":[{\"@type\":\"ListItem\",\"position\":1,\"name\":\"Portada\",\"item\":\"https:\/\/www.vocaeditorial.com\/blog\/\"},{\"@type\":\"ListItem\",\"position\":2,\"name\":\"Una canci\u00f3n para hablar sobre el miedo con los ni\u00f1os\"}]},{\"@type\":\"WebSite\",\"@id\":\"https:\/\/www.vocaeditorial.com\/blog\/#website\",\"url\":\"https:\/\/www.vocaeditorial.com\/blog\/\",\"name\":\"Voca Editorial\",\"description\":\"\",\"potentialAction\":[{\"@type\":\"SearchAction\",\"target\":{\"@type\":\"EntryPoint\",\"urlTemplate\":\"https:\/\/www.vocaeditorial.com\/blog\/?s={search_term_string}\"},\"query-input\":{\"@type\":\"PropertyValueSpecification\",\"valueRequired\":true,\"valueName\":\"search_term_string\"}}],\"inLanguage\":\"es\"},{\"@type\":\"Person\",\"@id\":\"https:\/\/www.vocaeditorial.com\/blog\/#\/schema\/person\/72fba3d6c8a26fba0fee3107fda03438\",\"name\":\"VOCA Editorial\",\"image\":{\"@type\":\"ImageObject\",\"inLanguage\":\"es\",\"@id\":\"https:\/\/www.vocaeditorial.com\/blog\/#\/schema\/person\/image\/\",\"url\":\"https:\/\/secure.gravatar.com\/avatar\/137e7a09ea636684fcf1595563ff145c113f07116d7a29acedf3e545ab378ca3?s=96&d=mm&r=g\",\"contentUrl\":\"https:\/\/secure.gravatar.com\/avatar\/137e7a09ea636684fcf1595563ff145c113f07116d7a29acedf3e545ab378ca3?s=96&d=mm&r=g\",\"caption\":\"VOCA Editorial\"},\"url\":\"https:\/\/www.vocaeditorial.com\/blog\/author\/voca-editorial\/\"}]}<\/script>\n<!-- \/ Yoast SEO plugin. -->","yoast_head_json":{"title":"Una canci\u00f3n para hablar sobre el miedo con los ni\u00f1os &#8211; VOCA Editorial","description":"Una canci\u00f3n de Scar de El Rey Le\u00f3n para conocer qu\u00e9 es el miedo y actividades para reflexionar. No tengas miedo y haz click.","robots":{"index":"index","follow":"follow","max-snippet":"max-snippet:-1","max-image-preview":"max-image-preview:large","max-video-preview":"max-video-preview:-1"},"canonical":"https:\/\/www.vocaeditorial.com\/blog\/una-cancion-para-hablar-sobre-el-miedo-con-los-ninos\/","og_locale":"es_ES","og_type":"article","og_title":"Una canci\u00f3n para hablar sobre el miedo con los ni\u00f1os &#8211; VOCA Editorial","og_description":"Una canci\u00f3n de Scar de El Rey Le\u00f3n para conocer qu\u00e9 es el miedo y actividades para reflexionar. No tengas miedo y haz click.","og_url":"https:\/\/www.vocaeditorial.com\/blog\/una-cancion-para-hablar-sobre-el-miedo-con-los-ninos\/","og_site_name":"Voca Editorial","article_published_time":"2020-03-03T12:07:03+00:00","article_modified_time":"2022-04-06T15:55:42+00:00","og_image":[{"width":1174,"height":790,"url":"https:\/\/www.vocaeditorial.com\/blog\/media\/cancion-hablar-del-miedo-con-los-ninos.jpg","type":"image\/jpeg"}],"author":"VOCA Editorial","twitter_card":"summary_large_image","twitter_misc":{"Escrito por":"VOCA Editorial","Tiempo de lectura":"5 minutos"},"schema":{"@context":"https:\/\/schema.org","@graph":[{"@type":"WebPage","@id":"https:\/\/www.vocaeditorial.com\/blog\/una-cancion-para-hablar-sobre-el-miedo-con-los-ninos\/","url":"https:\/\/www.vocaeditorial.com\/blog\/una-cancion-para-hablar-sobre-el-miedo-con-los-ninos\/","name":"Una canci\u00f3n para hablar sobre el miedo con los ni\u00f1os &#8211; VOCA Editorial","isPartOf":{"@id":"https:\/\/www.vocaeditorial.com\/blog\/#website"},"primaryImageOfPage":{"@id":"https:\/\/www.vocaeditorial.com\/blog\/una-cancion-para-hablar-sobre-el-miedo-con-los-ninos\/#primaryimage"},"image":{"@id":"https:\/\/www.vocaeditorial.com\/blog\/una-cancion-para-hablar-sobre-el-miedo-con-los-ninos\/#primaryimage"},"thumbnailUrl":"https:\/\/www.vocaeditorial.com\/blog\/media\/cancion-hablar-del-miedo-con-los-ninos.jpg","datePublished":"2020-03-03T12:07:03+00:00","dateModified":"2022-04-06T15:55:42+00:00","author":{"@id":"https:\/\/www.vocaeditorial.com\/blog\/#\/schema\/person\/72fba3d6c8a26fba0fee3107fda03438"},"description":"Una canci\u00f3n de Scar de El Rey Le\u00f3n para conocer qu\u00e9 es el miedo y actividades para reflexionar. No tengas miedo y haz click.","breadcrumb":{"@id":"https:\/\/www.vocaeditorial.com\/blog\/una-cancion-para-hablar-sobre-el-miedo-con-los-ninos\/#breadcrumb"},"inLanguage":"es","potentialAction":[{"@type":"ReadAction","target":["https:\/\/www.vocaeditorial.com\/blog\/una-cancion-para-hablar-sobre-el-miedo-con-los-ninos\/"]}]},{"@type":"ImageObject","inLanguage":"es","@id":"https:\/\/www.vocaeditorial.com\/blog\/una-cancion-para-hablar-sobre-el-miedo-con-los-ninos\/#primaryimage","url":"https:\/\/www.vocaeditorial.com\/blog\/media\/cancion-hablar-del-miedo-con-los-ninos.jpg","contentUrl":"https:\/\/www.vocaeditorial.com\/blog\/media\/cancion-hablar-del-miedo-con-los-ninos.jpg","width":1174,"height":790,"caption":"cancion-hablar-del-miedo-con-los-ninos"},{"@type":"BreadcrumbList","@id":"https:\/\/www.vocaeditorial.com\/blog\/una-cancion-para-hablar-sobre-el-miedo-con-los-ninos\/#breadcrumb","itemListElement":[{"@type":"ListItem","position":1,"name":"Portada","item":"https:\/\/www.vocaeditorial.com\/blog\/"},{"@type":"ListItem","position":2,"name":"Una canci\u00f3n para hablar sobre el miedo con los ni\u00f1os"}]},{"@type":"WebSite","@id":"https:\/\/www.vocaeditorial.com\/blog\/#website","url":"https:\/\/www.vocaeditorial.com\/blog\/","name":"Voca Editorial","description":"","potentialAction":[{"@type":"SearchAction","target":{"@type":"EntryPoint","urlTemplate":"https:\/\/www.vocaeditorial.com\/blog\/?s={search_term_string}"},"query-input":{"@type":"PropertyValueSpecification","valueRequired":true,"valueName":"search_term_string"}}],"inLanguage":"es"},{"@type":"Person","@id":"https:\/\/www.vocaeditorial.com\/blog\/#\/schema\/person\/72fba3d6c8a26fba0fee3107fda03438","name":"VOCA Editorial","image":{"@type":"ImageObject","inLanguage":"es","@id":"https:\/\/www.vocaeditorial.com\/blog\/#\/schema\/person\/image\/","url":"https:\/\/secure.gravatar.com\/avatar\/137e7a09ea636684fcf1595563ff145c113f07116d7a29acedf3e545ab378ca3?s=96&d=mm&r=g","contentUrl":"https:\/\/secure.gravatar.com\/avatar\/137e7a09ea636684fcf1595563ff145c113f07116d7a29acedf3e545ab378ca3?s=96&d=mm&r=g","caption":"VOCA Editorial"},"url":"https:\/\/www.vocaeditorial.com\/blog\/author\/voca-editorial\/"}]}},"jetpack_featured_media_url":"https:\/\/www.vocaeditorial.com\/blog\/media\/cancion-hablar-del-miedo-con-los-ninos.jpg","jetpack_sharing_enabled":true,"_links":{"self":[{"href":"https:\/\/www.vocaeditorial.com\/blog\/wp-json\/wp\/v2\/posts\/5571","targetHints":{"allow":["GET"]}}],"collection":[{"href":"https:\/\/www.vocaeditorial.com\/blog\/wp-json\/wp\/v2\/posts"}],"about":[{"href":"https:\/\/www.vocaeditorial.com\/blog\/wp-json\/wp\/v2\/types\/post"}],"author":[{"embeddable":true,"href":"https:\/\/www.vocaeditorial.com\/blog\/wp-json\/wp\/v2\/users\/49"}],"replies":[{"embeddable":true,"href":"https:\/\/www.vocaeditorial.com\/blog\/wp-json\/wp\/v2\/comments?post=5571"}],"version-history":[{"count":0,"href":"https:\/\/www.vocaeditorial.com\/blog\/wp-json\/wp\/v2\/posts\/5571\/revisions"}],"wp:featuredmedia":[{"embeddable":true,"href":"https:\/\/www.vocaeditorial.com\/blog\/wp-json\/wp\/v2\/media\/5572"}],"wp:attachment":[{"href":"https:\/\/www.vocaeditorial.com\/blog\/wp-json\/wp\/v2\/media?parent=5571"}],"wp:term":[{"taxonomy":"post_tag","embeddable":true,"href":"https:\/\/www.vocaeditorial.com\/blog\/wp-json\/wp\/v2\/tags?post=5571"}],"curies":[{"name":"wp","href":"https:\/\/api.w.org\/{rel}","templated":true}]}}