{"id":5567,"date":"2020-03-26T13:07:04","date_gmt":"2020-03-26T12:07:04","guid":{"rendered":"https:\/\/www.vocaeditorial.com\/blog\/?p=5567"},"modified":"2022-04-08T09:54:39","modified_gmt":"2022-04-08T07:54:39","slug":"emociones-arte-y-emocionarte","status":"publish","type":"post","link":"https:\/\/www.vocaeditorial.com\/blog\/emociones-arte-y-emocionarte\/","title":{"rendered":"Emociones, arte y EmocionARTE"},"content":{"rendered":"<section class=\"elementor-element elementor-element-5bdd7a46 elementor-section-boxed elementor-section-height-default elementor-section-height-default elementor-section elementor-top-section\" data-id=\"5bdd7a46\" data-element_type=\"section\">\n<div class=\"elementor-container elementor-column-gap-default\">\n<div class=\"elementor-row\">\n<div class=\"elementor-element elementor-element-46325a13 elementor-column elementor-col-100 elementor-top-column\" data-id=\"46325a13\" data-element_type=\"column\">\n<div class=\"elementor-column-wrap elementor-element-populated\">\n<div class=\"elementor-widget-wrap\">\n<section class=\"elementor-element elementor-element-a99aefe elementor-section-boxed elementor-section-height-default elementor-section-height-default elementor-section elementor-inner-section\" data-id=\"a99aefe\" data-element_type=\"section\">\n<div class=\"elementor-container elementor-column-gap-default\">\n<div class=\"elementor-row\">\n<div class=\"elementor-element elementor-element-aa46eb1 elementor-column elementor-col-100 elementor-inner-column\" data-id=\"aa46eb1\" data-element_type=\"column\">\n<div class=\"elementor-column-wrap elementor-element-populated\">\n<div class=\"elementor-widget-wrap\">\n<div class=\"elementor-element elementor-element-a1a3e44 elementor-widget elementor-widget-heading\" data-id=\"a1a3e44\" data-element_type=\"widget\" data-widget_type=\"heading.default\">\n<div class=\"elementor-widget-container\">\n<p>El arte facilita <strong>identificar las emociones que experimentamos en las situaciones de la propia vida<\/strong>. Son muchos los expertos que aseguran que en el proceso de aprendizaje y desarrollo personal\u00a0<b>es tan importante educar las emociones como el conocimiento acad\u00e9mico. Y el sentido est\u00e9tico. <\/b>Por eso, esperamos que este art\u00edculo te sea muy \u00fatil.<\/p>\n\n<p>&nbsp;<\/p>\n[CtaModule cta_item=\u00bb6752&#8243;]\n<\/div>\n<p>&nbsp;<\/p>\n<div class=\"elementor-widget-container\">\n<h2 class=\"elementor-heading-title elementor-size-default\"><span style=\"color: #ffa341;\">\u00bfEs posible conjugar emociones y arte?<\/span><\/h2>\n<\/div>\n<\/div>\n<\/div>\n<\/div>\n<\/div>\n<\/div>\n<\/div>\n<\/section>\n<div class=\"elementor-element elementor-element-7502d826 elementor-widget elementor-widget-text-editor\" data-id=\"7502d826\" data-element_type=\"widget\" data-widget_type=\"text-editor.default\">\n<div class=\"elementor-widget-container\">\n<div class=\"elementor-text-editor elementor-clearfix\">\n<p>EmocionARTE\u00a0es la\u00a0<b>fusi\u00f3n perfecta entre emociones, arte y ni\u00f1os.\u00a0<\/b>Y es que forma parte del\u00a0<b>Programa de <span style=\"text-decoration: underline;\"><a href=\"https:\/\/www.vocaeditorial.com\/blog\/que-es-educacion-emocional-competencias-emocionales-consejos-para-educar-las-emociones\/\">Educaci\u00f3n Emocional<\/a><\/span> Be Happy<\/b>.<\/p>\n<p>Este proyecto llamado EmocionARTE nos ayuda a\u00a0<b>educar las emociones de los ni\u00f1os a trav\u00e9s del arte<\/b>. Aprovechando el deleite que produce el arte, recorre toda la etapa de educaci\u00f3n primaria. Durante toda la etapa invita a los ni\u00f1os a experimentar en primera persona las emociones que transmite cada obra.<\/p>\n<blockquote><p>Los alumnos que trabajan las actividades de EmocionARTE aprenden a\u00a0<b>identificar las emociones representadas en las diferentes obras de arte. <\/b><\/p><\/blockquote>\n<p>&nbsp;<\/p>\n<p>De hecho, el conocido psic\u00f3logo<strong>\u00a0<span style=\"text-decoration: underline;\"><a href=\"http:\/\/www.rafaelbisquerra.com\/es\/educacion-emocional.html\">Rafael Bisquerra<\/a><\/span>\u00a0<\/strong>defiende la educaci\u00f3n de las competencias emocionales est\u00e9ticas. Adem\u00e1s, sus trabajos se suman a una larga lista de propuestas,\u00a0<b>actividades y programas de educaci\u00f3n emocional para ni\u00f1os<\/b>.<\/p>\n<\/div>\n<\/div>\n<\/div>\n<\/div>\n<\/div>\n<\/div>\n<\/div>\n<\/div>\n<\/section>\n<section class=\"elementor-element elementor-element-2f84ba4 elementor-section-boxed elementor-section-height-default elementor-section-height-default elementor-section elementor-top-section\" data-id=\"2f84ba4\" data-element_type=\"section\">\n<div class=\"elementor-container elementor-column-gap-default\">\n<div class=\"elementor-row\">\n<div class=\"elementor-element elementor-element-021d71e elementor-column elementor-col-100 elementor-top-column\" data-id=\"021d71e\" data-element_type=\"column\">\n<div class=\"elementor-column-wrap elementor-element-populated\">\n<div class=\"elementor-widget-wrap\">\n<section class=\"elementor-element elementor-element-5f626b0 elementor-section-boxed elementor-section-height-default elementor-section-height-default elementor-section elementor-inner-section\" data-id=\"5f626b0\" data-element_type=\"section\">\n<div class=\"elementor-container elementor-column-gap-default\">\n<div class=\"elementor-row\">\n<div class=\"elementor-element elementor-element-7650360 elementor-column elementor-col-100 elementor-inner-column\" data-id=\"7650360\" data-element_type=\"column\">\n<div class=\"elementor-column-wrap elementor-element-populated\">\n<div class=\"elementor-widget-wrap\">\n<div class=\"elementor-element elementor-element-7755bf9 elementor-widget elementor-widget-heading\" data-id=\"7755bf9\" data-element_type=\"widget\" data-widget_type=\"heading.default\">\n<div class=\"elementor-widget-container\">\n<h2 class=\"elementor-heading-title elementor-size-default\"><span style=\"color: #ffa341;\">Relaci\u00f3n entre el arte y las emociones<\/span><\/h2>\n<\/div>\n<\/div>\n<div class=\"elementor-element elementor-element-7b99de8 elementor-widget elementor-widget-text-editor\" data-id=\"7b99de8\" data-element_type=\"widget\" data-widget_type=\"text-editor.default\">\n<div class=\"elementor-widget-container\">\n<div class=\"elementor-text-editor elementor-clearfix\">\n<p>El t\u00e9rmino latino del que proviene la palabra <span style=\"font-weight: 400;\">\u00ab<\/span>emoci\u00f3n<span style=\"font-weight: 400;\">\u00bb<\/span> es\u00a0<i>movere.\u00a0<\/i>Por eso, <span style=\"font-weight: 400;\">\u00ab<\/span>e-moci\u00f3n<span style=\"font-weight: 400;\">\u00bb<\/span> literalmente quiere decir\u00a0\u2018mover hacia\u2019. Esto es,\u00a0<b>acercar, experimentar, vivir.<\/b> En este contexto, el arte se emplea como punto de partida de la experiencia, identificaci\u00f3n y educaci\u00f3n de las distintas emociones. El arte es una forma de <span style=\"text-decoration: underline;\"><a href=\"https:\/\/www.vocaeditorial.com\/blog\/expresar-las-emociones-a-traves-del-arte\/\"><strong>expresi\u00f3n de las emociones<\/strong><\/a><\/span>.<\/p>\n<p>EmocionARTE aprovecha\u00a0<b>la belleza de las grandes obras<\/b>\u00a0<b>de arte<\/b>\u00a0para ense\u00f1ar a los ni\u00f1os a identificar y comprender las emociones. Se trata de una forma est\u00e9tica y divertida de educar las emociones. Adem\u00e1s,\u00a0<b>el arte tiene un poder especial de evocaci\u00f3n.\u00a0<\/b>Y es que es\u00a0capaz de educar y mover las emociones de una forma que no siempre se consigue con otros m\u00e9todos.<\/p>\n<p>De hecho, las\u00a0<b>obras de arte funcionan como escaparate de las emociones.\u00a0<\/b>Por ello, el que contempla un cuadro puede emocionarse y sentir la nostalgia, la alegr\u00eda o la tristeza de quien lo pint\u00f3. Inevitablemente,\u00a0<b>se despiertan emociones<\/b>\u00a0en el ni\u00f1o que ayudan a iniciar un coloquio al respecto sobre c\u00f3mo educarlas.<\/p>\n<p>&nbsp;<\/p>\n<\/div>\n<\/div>\n<\/div>\n<div class=\"elementor-element elementor-element-279cc77 elementor-widget elementor-widget-image\" data-id=\"279cc77\" data-element_type=\"widget\" data-widget_type=\"image.default\">\n<div class=\"elementor-widget-container\">\n<div class=\"elementor-image\"><img loading=\"lazy\" decoding=\"async\" class=\"attachment-large ls-is-cached lazyloaded aligncenter\" src=\"https:\/\/www.educacionemocionalbehappy.com\/wp-content\/uploads\/2019\/02\/1.1-Pintura-724x1024.jpg\" sizes=\"auto, (max-width: 640px) 100vw, 640px\" srcset=\"https:\/\/www.educacionemocionalbehappy.com\/wp-content\/uploads\/2019\/02\/1.1-Pintura-724x1024.jpg 724w, https:\/\/www.educacionemocionalbehappy.com\/wp-content\/uploads\/2019\/02\/1.1-Pintura-212x300.jpg 212w, https:\/\/www.educacionemocionalbehappy.com\/wp-content\/uploads\/2019\/02\/1.1-Pintura-768x1086.jpg 768w\" alt=\"emociones arte emocionarte be happy educaci\u00f3n emocional\" width=\"538\" height=\"761\" data-src=\"https:\/\/www.educacionemocionalbehappy.com\/wp-content\/uploads\/2019\/02\/1.1-Pintura-724x1024.jpg\" data-srcset=\"https:\/\/www.educacionemocionalbehappy.com\/wp-content\/uploads\/2019\/02\/1.1-Pintura-724x1024.jpg 724w, https:\/\/www.educacionemocionalbehappy.com\/wp-content\/uploads\/2019\/02\/1.1-Pintura-212x300.jpg 212w, https:\/\/www.educacionemocionalbehappy.com\/wp-content\/uploads\/2019\/02\/1.1-Pintura-768x1086.jpg 768w\" data-sizes=\"(max-width: 640px) 100vw, 640px\" \/><\/div>\n<\/div>\n<\/div>\n<div class=\"elementor-element elementor-element-049bc6b elementor-widget elementor-widget-text-editor\" data-id=\"049bc6b\" data-element_type=\"widget\" data-widget_type=\"text-editor.default\">\n<div class=\"elementor-widget-container\">\n<div class=\"elementor-text-editor elementor-clearfix\">\n<p>&nbsp;<\/p>\n<p>Y as\u00ed surge EmocionARTE. De esta idea de que la\u00a0<b>vivencia personal de las emociones<\/b>\u00a0experimentadas a trav\u00e9s del arte potencia y facilita su aprendizaje para los ni\u00f1os. Resulta m\u00e1s provechoso que ellos mismos experimenten las emociones a trav\u00e9s del arte. Mucho m\u00e1s que recibir \u00fanicamente la teor\u00eda acerca de estas. <strong>Trabajar con obras de arte, a su vez, potencia la creatividad en los m\u00e1s peque\u00f1os<\/strong>. En definitiva, les ayuda a educar su mundo emocional.<\/p>\n<\/div>\n<p>&nbsp;<\/p>\n<\/div>\n<\/div>\n<\/div>\n<\/div>\n<\/div>\n<\/div>\n<\/div>\n<\/section>\n<\/div>\n<\/div>\n<\/div>\n<\/div>\n<\/div>\n<\/section>\n<section class=\"elementor-element elementor-element-1df6626 elementor-section-boxed elementor-section-height-default elementor-section-height-default elementor-section elementor-top-section\" data-id=\"1df6626\" data-element_type=\"section\">\n<div class=\"elementor-container elementor-column-gap-default\">\n<div class=\"elementor-row\">\n<div class=\"elementor-element elementor-element-e81e4b5 elementor-column elementor-col-100 elementor-top-column\" data-id=\"e81e4b5\" data-element_type=\"column\">\n<div class=\"elementor-column-wrap elementor-element-populated\">\n<div class=\"elementor-widget-wrap\">\n<section class=\"elementor-element elementor-element-6aa5a73 elementor-section-boxed elementor-section-height-default elementor-section-height-default elementor-section elementor-inner-section\" data-id=\"6aa5a73\" data-element_type=\"section\">\n<div class=\"elementor-container elementor-column-gap-default\">\n<div class=\"elementor-row\">\n<div class=\"elementor-element elementor-element-55bb8ba elementor-column elementor-col-100 elementor-inner-column\" data-id=\"55bb8ba\" data-element_type=\"column\">\n<div class=\"elementor-column-wrap elementor-element-populated\">\n<div class=\"elementor-widget-wrap\">\n<div class=\"elementor-element elementor-element-7e33d28 elementor-widget elementor-widget-heading\" data-id=\"7e33d28\" data-element_type=\"widget\" data-widget_type=\"heading.default\">\n<div class=\"elementor-widget-container\">\n[CtaModule cta_item=\u00bb6208&#8243;]\n<h2><\/h2>\n<h2 class=\"elementor-heading-title elementor-size-default\"><span style=\"color: #ffa341;\">El proyecto EmocionARTE<\/span><\/h2>\n<\/div>\n<\/div>\n<div class=\"elementor-element elementor-element-061c0c5 elementor-widget elementor-widget-text-editor\" data-id=\"061c0c5\" data-element_type=\"widget\" data-widget_type=\"text-editor.default\">\n<div class=\"elementor-widget-container\">\n<div class=\"elementor-text-editor elementor-clearfix\">\n<p>En el proyecto EmocionARTE se han seleccionado\u00a0<b>cuadros, poemas, esculturas, canciones y fragmentos de pel\u00edculas<\/b>\u00a0de artistas reconocidos. Tambi\u00e9n se han adecuado a las distintas edades del ciclo de primaria.<\/p>\n<p>As\u00ed, cada curso cuenta con\u00a0<b>cinco fichas para analizar cinco obras de arte.\u00a0<\/b>Concretamente una de pintura, otra de escultura, otra pieza musical, un poema y un fragmento de pel\u00edcula.<\/p>\n<p>&nbsp;<\/p>\n<p>\u00bfQuieres conocer algunas de las obras y emociones que se trabajan en EmocionARTE? Hemos preparado un\u00a0<b>breve\u00a0<\/b><a href=\"https:\/\/www.playbuzz.com\/item\/b06c2700-057d-4e62-b354-1d08d25c3b69\"><b>test<\/b><\/a>\u00a0para que lo veas mejor.<\/p>\n<p><b>El profesor<\/b>\u00a0que adquiere el proyecto EmocionARTE cuenta con lo siguiente.<\/p>\n<ul>\n<li>Cinco\u00a0<b>fichas por curso con las respuestas y sugerencias de an\u00e1lisis.\u00a0<\/b>Tambi\u00e9n tiene\u00a0informaci\u00f3n adicional sobre las obras de arte, el contexto en que se crearon, curiosidades de sus autores\u2026, etc.<\/li>\n<li>Cinco\u00a0<b>presentaciones para proyectar en clase<\/b>, con preguntas de an\u00e1lisis que los alumnos deber\u00e1n responder sobre cada obra de arte.<\/li>\n<\/ul>\n<p>&nbsp;<\/p>\n<p>Estas preguntas de an\u00e1lisis las hemos dividido en cuatro fases.<\/p>\n<\/div>\n<\/div>\n<\/div>\n<\/div>\n<\/div>\n<\/div>\n<\/div>\n<\/div>\n<\/section>\n<\/div>\n<\/div>\n<\/div>\n<\/div>\n<\/div>\n<\/section>\n<section class=\"elementor-element elementor-element-047c705 elementor-section-boxed elementor-section-height-default elementor-section-height-default elementor-section elementor-top-section\" data-id=\"047c705\" data-element_type=\"section\">\n<div class=\"elementor-container elementor-column-gap-default\">\n<div class=\"elementor-row\">\n<div class=\"elementor-element elementor-element-6f973b4 elementor-column elementor-col-100 elementor-top-column\" data-id=\"6f973b4\" data-element_type=\"column\">\n<div class=\"elementor-column-wrap elementor-element-populated\">\n<div class=\"elementor-widget-wrap\">\n<section class=\"elementor-element elementor-element-3d0ea2a elementor-section-boxed elementor-section-height-default elementor-section-height-default elementor-section elementor-inner-section\" data-id=\"3d0ea2a\" data-element_type=\"section\">\n<div class=\"elementor-container elementor-column-gap-default\">\n<div class=\"elementor-row\">\n<div class=\"elementor-element elementor-element-95a3098 elementor-column elementor-col-100 elementor-inner-column\" data-id=\"95a3098\" data-element_type=\"column\">\n<div class=\"elementor-column-wrap elementor-element-populated\">\n<div class=\"elementor-widget-wrap\">\n<div class=\"elementor-element elementor-element-253d2f1 elementor-widget elementor-widget-heading\" data-id=\"253d2f1\" data-element_type=\"widget\" data-widget_type=\"heading.default\">\n<div class=\"elementor-widget-container\">\n<h3 class=\"elementor-heading-title elementor-size-default\"><span style=\"color: #ffa341;\">1. \u00bfC\u00f3mo es la obra de arte? (VEO)<\/span><\/h3>\n<\/div>\n<\/div>\n<div class=\"elementor-element elementor-element-b6c0ae2 elementor-widget elementor-widget-text-editor\" data-id=\"b6c0ae2\" data-element_type=\"widget\" data-widget_type=\"text-editor.default\">\n<div class=\"elementor-widget-container\">\n<div class=\"elementor-text-editor elementor-clearfix\">\n<p>En esta primera fase de EmocionARTE,\u00a0<b>se escucha, lee u observa<\/b>\u00a0la pieza art\u00edstica concreta. Se trata de que los ni\u00f1os den su primera impresi\u00f3n de la obra y dialoguen con los dem\u00e1s. El alumno aprende a prestar atenci\u00f3n a los sonidos y al ritmo de la m\u00fasica. En otros casos a leer con atenci\u00f3n o mirar con detenimiento una escultura o un cuadro. En el caso del cine aprenden a entender las reacciones de los personajes y a educar sus propias emociones.<\/p>\n<\/div>\n<\/div>\n<\/div>\n<\/div>\n<\/div>\n<\/div>\n<\/div>\n<\/div>\n<\/section>\n<\/div>\n<\/div>\n<\/div>\n<\/div>\n<\/div>\n<\/section>\n<section class=\"elementor-element elementor-element-f27b59f elementor-section-boxed elementor-section-height-default elementor-section-height-default elementor-section elementor-top-section\" data-id=\"f27b59f\" data-element_type=\"section\">\n<div class=\"elementor-container elementor-column-gap-default\">\n<div class=\"elementor-row\">\n<div class=\"elementor-element elementor-element-be3965e elementor-column elementor-col-100 elementor-top-column\" data-id=\"be3965e\" data-element_type=\"column\">\n<div class=\"elementor-column-wrap elementor-element-populated\">\n<div class=\"elementor-widget-wrap\">\n<section class=\"elementor-element elementor-element-368398f elementor-section-boxed elementor-section-height-default elementor-section-height-default elementor-section elementor-inner-section\" data-id=\"368398f\" data-element_type=\"section\">\n<div class=\"elementor-container elementor-column-gap-default\">\n<div class=\"elementor-row\">\n<div class=\"elementor-element elementor-element-d76ac2b elementor-column elementor-col-100 elementor-inner-column\" data-id=\"d76ac2b\" data-element_type=\"column\">\n<div class=\"elementor-column-wrap elementor-element-populated\">\n<div class=\"elementor-widget-wrap\">\n<div class=\"elementor-element elementor-element-6eb2291 elementor-widget elementor-widget-heading\" data-id=\"6eb2291\" data-element_type=\"widget\" data-widget_type=\"heading.default\">\n<div class=\"elementor-widget-container\">\n<h3 class=\"elementor-heading-title elementor-size-default\"><span style=\"color: #ffa341;\">2. \u00bfQu\u00e9 piensas? (PIENSO)<\/span><\/h3>\n<\/div>\n<\/div>\n<div class=\"elementor-element elementor-element-6c7a1fa elementor-widget elementor-widget-text-editor\" data-id=\"6c7a1fa\" data-element_type=\"widget\" data-widget_type=\"text-editor.default\">\n<div class=\"elementor-widget-container\">\n<div class=\"elementor-text-editor elementor-clearfix\">\n<p>A continuaci\u00f3n, el alumno debe responder a\u00a0<b>varias preguntas sobre la t\u00e9cnica de cada obra de arte.\u00a0\u00a0<\/b>En concreto sobre los\u00a0colores, texturas, sonidos, ritmos o escenas. Tambi\u00e9n\u00a0<b>reflexiona sobre el porqu\u00e9 de esa elecci\u00f3n del artista.\u00a0<\/b>Ya conoce la obra de arte y ahora tendr\u00e1 que identificar sus partes y rasgos. Por ejemplo:<\/p>\n<ul>\n<li>qu\u00e9 aparece en la pintura,<\/li>\n<li>c\u00f3mo es la pieza,<\/li>\n<li>de qu\u00e9 trata la pel\u00edcula, etc.<\/li>\n<\/ul>\n<p>De esta manera, <strong>podr\u00e1 ir identificando las emociones detr\u00e1s de cada color, plano o gesto<\/strong>. Y, en definitiva, ir\u00e1 as\u00ed poco a poco educando su mundo emocional.<\/p>\n<\/div>\n<\/div>\n<\/div>\n<\/div>\n<\/div>\n<\/div>\n<\/div>\n<\/div>\n<\/section>\n<\/div>\n<\/div>\n<\/div>\n<\/div>\n<\/div>\n<\/section>\n<section class=\"elementor-element elementor-element-21ebf77 elementor-section-boxed elementor-section-height-default elementor-section-height-default elementor-section elementor-top-section\" data-id=\"21ebf77\" data-element_type=\"section\">\n<div class=\"elementor-container elementor-column-gap-default\">\n<div class=\"elementor-row\">\n<div class=\"elementor-element elementor-element-90243a8 elementor-column elementor-col-100 elementor-top-column\" data-id=\"90243a8\" data-element_type=\"column\">\n<div class=\"elementor-column-wrap elementor-element-populated\">\n<div class=\"elementor-widget-wrap\">\n<section class=\"elementor-element elementor-element-06665f6 elementor-section-boxed elementor-section-height-default elementor-section-height-default elementor-section elementor-inner-section\" data-id=\"06665f6\" data-element_type=\"section\">\n<div class=\"elementor-container elementor-column-gap-default\">\n<div class=\"elementor-row\">\n<div class=\"elementor-element elementor-element-d489948 elementor-column elementor-col-100 elementor-inner-column\" data-id=\"d489948\" data-element_type=\"column\">\n<div class=\"elementor-column-wrap elementor-element-populated\">\n<div class=\"elementor-widget-wrap\">\n<div class=\"elementor-element elementor-element-c1550a2 elementor-widget elementor-widget-heading\" data-id=\"c1550a2\" data-element_type=\"widget\" data-widget_type=\"heading.default\">\n<div class=\"elementor-widget-container\">\n<h3 class=\"elementor-heading-title elementor-size-default\"><span style=\"color: #ffa341;\">3. \u00bfQu\u00e9 te hace sentir? (SIENTO)<\/span><\/h3>\n<\/div>\n<\/div>\n<div class=\"elementor-element elementor-element-72cb38c elementor-widget elementor-widget-text-editor\" data-id=\"72cb38c\" data-element_type=\"widget\" data-widget_type=\"text-editor.default\">\n<div class=\"elementor-widget-container\">\n<div class=\"elementor-text-editor elementor-clearfix\">\n<p>La tercera fase de EmocionARTE es la de SIENTO.<\/p>\n<ul>\n<li>Tras analizar la obra de arte, hay que preguntarse por la\u00a0<b>emoci\u00f3n que transmite.\u00a0<\/b>Es decir, ponerse en la piel de su autor y descifrar las emociones que yacen detr\u00e1s de la obra de arte.<\/li>\n<li>Una parte sustancial de la tarea de educar las emociones es precisamente lograr emocionar. Es decir,\u00a0<b>que el ni\u00f1o experimente en primera persona la emoci\u00f3n<\/b>\u00a0en cuesti\u00f3n y tenga las herramientas necesarias para saber identificarla.<\/li>\n<\/ul>\n<p>Si las obras logran emocionarle, ser\u00e1 m\u00e1s sencillo recordar los matices de dicha emoci\u00f3n. Por ejemplo, c\u00f3mo le hicieron sentir determinadas actitudes o situaciones. Por todo ello, le resultar\u00e1 m\u00e1s sencillo reconocerlas en su d\u00eda a d\u00eda. Es una forma experimental de educar sus emociones.<\/p>\n<\/div>\n<\/div>\n<\/div>\n<\/div>\n<\/div>\n<\/div>\n<\/div>\n<\/div>\n<\/section>\n<\/div>\n<\/div>\n<\/div>\n<\/div>\n<\/div>\n<\/section>\n<section class=\"elementor-element elementor-element-4cb4f5b elementor-section-boxed elementor-section-height-default elementor-section-height-default elementor-section elementor-top-section\" data-id=\"4cb4f5b\" data-element_type=\"section\">\n<div class=\"elementor-container elementor-column-gap-default\">\n<div class=\"elementor-row\">\n<div class=\"elementor-element elementor-element-934c2e7 elementor-column elementor-col-100 elementor-top-column\" data-id=\"934c2e7\" data-element_type=\"column\">\n<div class=\"elementor-column-wrap elementor-element-populated\">\n<div class=\"elementor-widget-wrap\">\n<section class=\"elementor-element elementor-element-90dabe9 elementor-section-boxed elementor-section-height-default elementor-section-height-default elementor-section elementor-inner-section\" data-id=\"90dabe9\" data-element_type=\"section\">\n<div class=\"elementor-container elementor-column-gap-default\">\n<div class=\"elementor-row\">\n<div class=\"elementor-element elementor-element-6035c4c elementor-column elementor-col-100 elementor-inner-column\" data-id=\"6035c4c\" data-element_type=\"column\">\n<div class=\"elementor-column-wrap elementor-element-populated\">\n<div class=\"elementor-widget-wrap\">\n<div class=\"elementor-element elementor-element-d750e84 elementor-widget elementor-widget-heading\" data-id=\"d750e84\" data-element_type=\"widget\" data-widget_type=\"heading.default\">\n<div class=\"elementor-widget-container\">\n<h3 class=\"elementor-heading-title elementor-size-default\"><span style=\"color: #ffa341;\">4. \u00bfCu\u00e1ndo has vivido algo parecido? (VIVO)<\/span><\/h3>\n<\/div>\n<\/div>\n<div class=\"elementor-element elementor-element-81aed66 elementor-widget elementor-widget-text-editor\" data-id=\"81aed66\" data-element_type=\"widget\" data-widget_type=\"text-editor.default\">\n<div class=\"elementor-widget-container\">\n<div class=\"elementor-text-editor elementor-clearfix\">\n<p>Finalmente, las fichas de EmocionARTE concluyen animando al alumno a que piense en un momento de su vida en el que sinti\u00f3 como en la obra de arte. Es decir, tiene que recordar<b>\u00a0experiencias en las que ha sentido algo similar<\/b>. Y es que no solo lograr\u00e1 conocerse mejor y experimentar sus emociones. Tambi\u00e9n su relaci\u00f3n con los dem\u00e1s se ver\u00e1 enriquecida. Y es que ser\u00e1 m\u00e1s capaz de reconocer las emociones ajenas y empatizar con los dem\u00e1s. Es una\u00a0<b>forma vivencial de educar las emociones<\/b>.<\/p>\n<p>Este proceso de\u00a0<b>VEO, PIENSO, SIENTO y VIVO<\/b>\u00a0de EmocionARTE se completa con un peque\u00f1o apartado con informaci\u00f3n adicional. Se trata de la secci\u00f3n <span style=\"font-weight: 400;\">\u00ab<\/span><b>\u00bfSab\u00edas que?<span style=\"font-weight: 400;\">\u00bb<\/span><\/b>. Esta\u00a0ofrece datos curiosos sobre la obra o la compara con otras similares.<\/p>\n<p>Con EmocionARTE,\u00a0<b>la educaci\u00f3n emocional abraza la cultura\u00a0<\/b>y el conocimiento del arte de los alumnos. A su vez les ayuda a conocer, comprender y educar sus emociones. Si quieres conocer este programa de primera mano, pide una prueba gratuita\u00a0<span style=\"text-decoration: underline;\"><strong><a href=\"https:\/\/www.vocaeditorial.com\/be-happy\/\">aqu\u00ed<\/a><\/strong><\/span>. Finalmente puedes realizar este divertido\u00a0<strong><span style=\"text-decoration: underline;\"><a href=\"https:\/\/www.playbuzz.com\/item\/941ff107-131a-4143-8352-8253415455ac\">test<\/a><\/span>\u00a0<\/strong>para poner a prueba tu identificaci\u00f3n de emociones a trav\u00e9s del arte.\u00a0<strong>\u00bfSuperar\u00e1s el reto?<\/strong><\/p>\n<\/div>\n<\/div>\n<\/div>\n<\/div>\n<\/div>\n<\/div>\n<\/div>\n<\/div>\n<\/section>\n<\/div>\n<\/div>\n<\/div>\n<\/div>\n<\/div>\n<\/section>\n","protected":false},"excerpt":{"rendered":"<p>Este proyecto llamado EmocionARTE nos ayuda a\u00a0educar las emociones de los ni\u00f1os a trav\u00e9s del arte. Aprovechando el deleite que produce el arte, recorre toda la etapa de educaci\u00f3n primaria.<\/p>\n","protected":false},"author":49,"featured_media":7161,"comment_status":"closed","ping_status":"closed","sticky":false,"template":"","format":"standard","meta":{"content-type":"","inline_featured_image":false,"_jetpack_memberships_contains_paid_content":false,"footnotes":""},"tags":[586,587,588,600],"class_list":["post-5567","post","type-post","status-publish","format-standard","has-post-thumbnail","hentry","category-educacion-emocional","tag-talento","tag-creatividad","tag-educacion-emocional","tag-emociones"],"yoast_head":"<!-- This site is optimized with the Yoast SEO plugin v26.6 - https:\/\/yoast.com\/wordpress\/plugins\/seo\/ -->\n<title>Emociones, arte y EmocionARTE &#8211; VOCA Editorial<\/title>\n<meta name=\"description\" content=\"El proyecto EmocionARTE nos ayuda a\u00a0educar las emociones de los ni\u00f1os a trav\u00e9s del arte. Adem\u00e1s, potencia la creatividad en los m\u00e1s peque\u00f1os.\" \/>\n<meta name=\"robots\" content=\"index, follow, max-snippet:-1, max-image-preview:large, max-video-preview:-1\" \/>\n<link rel=\"canonical\" href=\"https:\/\/www.vocaeditorial.com\/blog\/emociones-arte-y-emocionarte\/\" \/>\n<meta property=\"og:locale\" content=\"es_ES\" \/>\n<meta property=\"og:type\" content=\"article\" \/>\n<meta property=\"og:title\" content=\"Emociones, arte y EmocionARTE &#8211; VOCA Editorial\" \/>\n<meta property=\"og:description\" content=\"El proyecto EmocionARTE nos ayuda a\u00a0educar las emociones de los ni\u00f1os a trav\u00e9s del arte. Adem\u00e1s, potencia la creatividad en los m\u00e1s peque\u00f1os.\" \/>\n<meta property=\"og:url\" content=\"https:\/\/www.vocaeditorial.com\/blog\/emociones-arte-y-emocionarte\/\" \/>\n<meta property=\"og:site_name\" content=\"Voca Editorial\" \/>\n<meta property=\"article:published_time\" content=\"2020-03-26T12:07:04+00:00\" \/>\n<meta property=\"article:modified_time\" content=\"2022-04-08T07:54:39+00:00\" \/>\n<meta property=\"og:image\" content=\"https:\/\/www.vocaeditorial.com\/blog\/media\/emociones-arte-y-emocionarte-scaled.jpeg\" \/>\n\t<meta property=\"og:image:width\" content=\"2560\" \/>\n\t<meta property=\"og:image:height\" content=\"1707\" \/>\n\t<meta property=\"og:image:type\" content=\"image\/jpeg\" \/>\n<meta name=\"author\" content=\"VOCA Editorial\" \/>\n<meta name=\"twitter:card\" content=\"summary_large_image\" \/>\n<meta name=\"twitter:label1\" content=\"Escrito por\" \/>\n\t<meta name=\"twitter:data1\" content=\"VOCA Editorial\" \/>\n\t<meta name=\"twitter:label2\" content=\"Tiempo de lectura\" \/>\n\t<meta name=\"twitter:data2\" content=\"6 minutos\" \/>\n<script type=\"application\/ld+json\" class=\"yoast-schema-graph\">{\"@context\":\"https:\/\/schema.org\",\"@graph\":[{\"@type\":\"WebPage\",\"@id\":\"https:\/\/www.vocaeditorial.com\/blog\/emociones-arte-y-emocionarte\/\",\"url\":\"https:\/\/www.vocaeditorial.com\/blog\/emociones-arte-y-emocionarte\/\",\"name\":\"Emociones, arte y EmocionARTE &#8211; VOCA Editorial\",\"isPartOf\":{\"@id\":\"https:\/\/www.vocaeditorial.com\/blog\/#website\"},\"primaryImageOfPage\":{\"@id\":\"https:\/\/www.vocaeditorial.com\/blog\/emociones-arte-y-emocionarte\/#primaryimage\"},\"image\":{\"@id\":\"https:\/\/www.vocaeditorial.com\/blog\/emociones-arte-y-emocionarte\/#primaryimage\"},\"thumbnailUrl\":\"https:\/\/www.vocaeditorial.com\/blog\/media\/emociones-arte-y-emocionarte-scaled.jpeg\",\"datePublished\":\"2020-03-26T12:07:04+00:00\",\"dateModified\":\"2022-04-08T07:54:39+00:00\",\"author\":{\"@id\":\"https:\/\/www.vocaeditorial.com\/blog\/#\/schema\/person\/72fba3d6c8a26fba0fee3107fda03438\"},\"description\":\"El proyecto EmocionARTE nos ayuda a\u00a0educar las emociones de los ni\u00f1os a trav\u00e9s del arte. Adem\u00e1s, potencia la creatividad en los m\u00e1s peque\u00f1os.\",\"breadcrumb\":{\"@id\":\"https:\/\/www.vocaeditorial.com\/blog\/emociones-arte-y-emocionarte\/#breadcrumb\"},\"inLanguage\":\"es\",\"potentialAction\":[{\"@type\":\"ReadAction\",\"target\":[\"https:\/\/www.vocaeditorial.com\/blog\/emociones-arte-y-emocionarte\/\"]}]},{\"@type\":\"ImageObject\",\"inLanguage\":\"es\",\"@id\":\"https:\/\/www.vocaeditorial.com\/blog\/emociones-arte-y-emocionarte\/#primaryimage\",\"url\":\"https:\/\/www.vocaeditorial.com\/blog\/media\/emociones-arte-y-emocionarte-scaled.jpeg\",\"contentUrl\":\"https:\/\/www.vocaeditorial.com\/blog\/media\/emociones-arte-y-emocionarte-scaled.jpeg\",\"width\":2560,\"height\":1707},{\"@type\":\"BreadcrumbList\",\"@id\":\"https:\/\/www.vocaeditorial.com\/blog\/emociones-arte-y-emocionarte\/#breadcrumb\",\"itemListElement\":[{\"@type\":\"ListItem\",\"position\":1,\"name\":\"Portada\",\"item\":\"https:\/\/www.vocaeditorial.com\/blog\/\"},{\"@type\":\"ListItem\",\"position\":2,\"name\":\"Emociones, arte y EmocionARTE\"}]},{\"@type\":\"WebSite\",\"@id\":\"https:\/\/www.vocaeditorial.com\/blog\/#website\",\"url\":\"https:\/\/www.vocaeditorial.com\/blog\/\",\"name\":\"Voca Editorial\",\"description\":\"\",\"potentialAction\":[{\"@type\":\"SearchAction\",\"target\":{\"@type\":\"EntryPoint\",\"urlTemplate\":\"https:\/\/www.vocaeditorial.com\/blog\/?s={search_term_string}\"},\"query-input\":{\"@type\":\"PropertyValueSpecification\",\"valueRequired\":true,\"valueName\":\"search_term_string\"}}],\"inLanguage\":\"es\"},{\"@type\":\"Person\",\"@id\":\"https:\/\/www.vocaeditorial.com\/blog\/#\/schema\/person\/72fba3d6c8a26fba0fee3107fda03438\",\"name\":\"VOCA Editorial\",\"image\":{\"@type\":\"ImageObject\",\"inLanguage\":\"es\",\"@id\":\"https:\/\/www.vocaeditorial.com\/blog\/#\/schema\/person\/image\/\",\"url\":\"https:\/\/secure.gravatar.com\/avatar\/137e7a09ea636684fcf1595563ff145c113f07116d7a29acedf3e545ab378ca3?s=96&d=mm&r=g\",\"contentUrl\":\"https:\/\/secure.gravatar.com\/avatar\/137e7a09ea636684fcf1595563ff145c113f07116d7a29acedf3e545ab378ca3?s=96&d=mm&r=g\",\"caption\":\"VOCA Editorial\"},\"url\":\"https:\/\/www.vocaeditorial.com\/blog\/author\/voca-editorial\/\"}]}<\/script>\n<!-- \/ Yoast SEO plugin. -->","yoast_head_json":{"title":"Emociones, arte y EmocionARTE &#8211; VOCA Editorial","description":"El proyecto EmocionARTE nos ayuda a\u00a0educar las emociones de los ni\u00f1os a trav\u00e9s del arte. Adem\u00e1s, potencia la creatividad en los m\u00e1s peque\u00f1os.","robots":{"index":"index","follow":"follow","max-snippet":"max-snippet:-1","max-image-preview":"max-image-preview:large","max-video-preview":"max-video-preview:-1"},"canonical":"https:\/\/www.vocaeditorial.com\/blog\/emociones-arte-y-emocionarte\/","og_locale":"es_ES","og_type":"article","og_title":"Emociones, arte y EmocionARTE &#8211; VOCA Editorial","og_description":"El proyecto EmocionARTE nos ayuda a\u00a0educar las emociones de los ni\u00f1os a trav\u00e9s del arte. Adem\u00e1s, potencia la creatividad en los m\u00e1s peque\u00f1os.","og_url":"https:\/\/www.vocaeditorial.com\/blog\/emociones-arte-y-emocionarte\/","og_site_name":"Voca Editorial","article_published_time":"2020-03-26T12:07:04+00:00","article_modified_time":"2022-04-08T07:54:39+00:00","og_image":[{"width":2560,"height":1707,"url":"https:\/\/www.vocaeditorial.com\/blog\/media\/emociones-arte-y-emocionarte-scaled.jpeg","type":"image\/jpeg"}],"author":"VOCA Editorial","twitter_card":"summary_large_image","twitter_misc":{"Escrito por":"VOCA Editorial","Tiempo de lectura":"6 minutos"},"schema":{"@context":"https:\/\/schema.org","@graph":[{"@type":"WebPage","@id":"https:\/\/www.vocaeditorial.com\/blog\/emociones-arte-y-emocionarte\/","url":"https:\/\/www.vocaeditorial.com\/blog\/emociones-arte-y-emocionarte\/","name":"Emociones, arte y EmocionARTE &#8211; VOCA Editorial","isPartOf":{"@id":"https:\/\/www.vocaeditorial.com\/blog\/#website"},"primaryImageOfPage":{"@id":"https:\/\/www.vocaeditorial.com\/blog\/emociones-arte-y-emocionarte\/#primaryimage"},"image":{"@id":"https:\/\/www.vocaeditorial.com\/blog\/emociones-arte-y-emocionarte\/#primaryimage"},"thumbnailUrl":"https:\/\/www.vocaeditorial.com\/blog\/media\/emociones-arte-y-emocionarte-scaled.jpeg","datePublished":"2020-03-26T12:07:04+00:00","dateModified":"2022-04-08T07:54:39+00:00","author":{"@id":"https:\/\/www.vocaeditorial.com\/blog\/#\/schema\/person\/72fba3d6c8a26fba0fee3107fda03438"},"description":"El proyecto EmocionARTE nos ayuda a\u00a0educar las emociones de los ni\u00f1os a trav\u00e9s del arte. Adem\u00e1s, potencia la creatividad en los m\u00e1s peque\u00f1os.","breadcrumb":{"@id":"https:\/\/www.vocaeditorial.com\/blog\/emociones-arte-y-emocionarte\/#breadcrumb"},"inLanguage":"es","potentialAction":[{"@type":"ReadAction","target":["https:\/\/www.vocaeditorial.com\/blog\/emociones-arte-y-emocionarte\/"]}]},{"@type":"ImageObject","inLanguage":"es","@id":"https:\/\/www.vocaeditorial.com\/blog\/emociones-arte-y-emocionarte\/#primaryimage","url":"https:\/\/www.vocaeditorial.com\/blog\/media\/emociones-arte-y-emocionarte-scaled.jpeg","contentUrl":"https:\/\/www.vocaeditorial.com\/blog\/media\/emociones-arte-y-emocionarte-scaled.jpeg","width":2560,"height":1707},{"@type":"BreadcrumbList","@id":"https:\/\/www.vocaeditorial.com\/blog\/emociones-arte-y-emocionarte\/#breadcrumb","itemListElement":[{"@type":"ListItem","position":1,"name":"Portada","item":"https:\/\/www.vocaeditorial.com\/blog\/"},{"@type":"ListItem","position":2,"name":"Emociones, arte y EmocionARTE"}]},{"@type":"WebSite","@id":"https:\/\/www.vocaeditorial.com\/blog\/#website","url":"https:\/\/www.vocaeditorial.com\/blog\/","name":"Voca Editorial","description":"","potentialAction":[{"@type":"SearchAction","target":{"@type":"EntryPoint","urlTemplate":"https:\/\/www.vocaeditorial.com\/blog\/?s={search_term_string}"},"query-input":{"@type":"PropertyValueSpecification","valueRequired":true,"valueName":"search_term_string"}}],"inLanguage":"es"},{"@type":"Person","@id":"https:\/\/www.vocaeditorial.com\/blog\/#\/schema\/person\/72fba3d6c8a26fba0fee3107fda03438","name":"VOCA Editorial","image":{"@type":"ImageObject","inLanguage":"es","@id":"https:\/\/www.vocaeditorial.com\/blog\/#\/schema\/person\/image\/","url":"https:\/\/secure.gravatar.com\/avatar\/137e7a09ea636684fcf1595563ff145c113f07116d7a29acedf3e545ab378ca3?s=96&d=mm&r=g","contentUrl":"https:\/\/secure.gravatar.com\/avatar\/137e7a09ea636684fcf1595563ff145c113f07116d7a29acedf3e545ab378ca3?s=96&d=mm&r=g","caption":"VOCA Editorial"},"url":"https:\/\/www.vocaeditorial.com\/blog\/author\/voca-editorial\/"}]}},"jetpack_featured_media_url":"https:\/\/www.vocaeditorial.com\/blog\/media\/emociones-arte-y-emocionarte-scaled.jpeg","jetpack_sharing_enabled":true,"_links":{"self":[{"href":"https:\/\/www.vocaeditorial.com\/blog\/wp-json\/wp\/v2\/posts\/5567","targetHints":{"allow":["GET"]}}],"collection":[{"href":"https:\/\/www.vocaeditorial.com\/blog\/wp-json\/wp\/v2\/posts"}],"about":[{"href":"https:\/\/www.vocaeditorial.com\/blog\/wp-json\/wp\/v2\/types\/post"}],"author":[{"embeddable":true,"href":"https:\/\/www.vocaeditorial.com\/blog\/wp-json\/wp\/v2\/users\/49"}],"replies":[{"embeddable":true,"href":"https:\/\/www.vocaeditorial.com\/blog\/wp-json\/wp\/v2\/comments?post=5567"}],"version-history":[{"count":0,"href":"https:\/\/www.vocaeditorial.com\/blog\/wp-json\/wp\/v2\/posts\/5567\/revisions"}],"wp:featuredmedia":[{"embeddable":true,"href":"https:\/\/www.vocaeditorial.com\/blog\/wp-json\/wp\/v2\/media\/7161"}],"wp:attachment":[{"href":"https:\/\/www.vocaeditorial.com\/blog\/wp-json\/wp\/v2\/media?parent=5567"}],"wp:term":[{"taxonomy":"post_tag","embeddable":true,"href":"https:\/\/www.vocaeditorial.com\/blog\/wp-json\/wp\/v2\/tags?post=5567"}],"curies":[{"name":"wp","href":"https:\/\/api.w.org\/{rel}","templated":true}]}}